{"id":1643,"date":"2005-08-16T08:22:53","date_gmt":"2005-08-16T06:22:53","guid":{"rendered":"https:\/\/naturvernforbundet.no\/moreogromsdal\/naturvernforbundet-vil-ha-boikott-av-gasskraftutbyggarar\/"},"modified":"2005-08-16T08:22:53","modified_gmt":"2005-08-16T06:22:53","slug":"naturvernforbundet-vil-ha-boikott-av-gasskraftutbyggarar","status":"publish","type":"post","link":"https:\/\/naturvernforbundet.no\/moreogromsdal\/naturvernforbundet-vil-ha-boikott-av-gasskraftutbyggarar\/","title":{"rendered":"Naturvernforbundet vil ha boikott av gasskraftutbyggarar"},"content":{"rendered":"\t<div class=\"template-post alignfull wp-block-naturvern-hero\">\n\t\t<div class=\"hero__inner\">\n\t\t\t<div class=\"hero__inner_blocks\">\n\t\t\t\t\t\t\t\t\n\t\t\t\t\t<h1 class=\"wp-block-post-title\">Naturvernforbundet vil ha boikott av gasskraftutbyggarar<\/h1>\n\n\t\t\t\t\t<div class=\"wp-block-post-excerpt\"><p class=\"wp-block-post-excerpt__excerpt\">&#8211; Dette er mangel p\u00e5 samfunnsansvar fr\u00e5 kraftselskapa si side, seier \u00d8ystein Folden, leiar i Naturvernforbundet i M\u00f8re og Romsdal, i ein kommentar til at Tafjord Kraft og Istad Kraft vurderer \u00e5 byggje gasskraftverk i Romsdal. <\/p><\/div>\n\n\t\t\t\t\t\n\n\t\t\t\t\t<div class=\"wp-block-naturvern-byline\">\n\t\t\t<div class=\"authors\">By <span class=\"t2-byline__author-link\">Artikkelimport\u00f8r<\/span><\/div>\n\t\t\t<small class=\"entry-date\">16.08.2005 08:22<\/small>\n\t\t<\/div>\n\t\t\t\t\t\t\t\t<\/div>\n\t\t\t\t\t<\/div>\n\t\t\t<\/div>\n\t\n<p>&#8211; Eit gasskraftverk i Romsdal vil auke b\u00e5de dei norske og globale klimagassutsleppa. Det er dessutan heilt un\u00f8dvendig; det vil ikkje bli nokon forsyningskrise i Romsdal, seier Folden, som oppmodar kundane til \u00e5 finne andre kraftleverand\u00f8rar dersom Tafjord og Istad g\u00e5r vidare med planane om gasskraftverk.<br><br>Fakta er at Noreg i gjennomsnitt eksporterer meir kraft enn vi kj\u00f8per fr\u00e5 utlandet. Uansett om vi reknar snittet for dei siste 5 \u00e5ra, dei siste 10 \u00e5ra eller dei siste 15 \u00e5ra, viser tala det same: Noreg eksporterer meir kraft enn vi kj\u00f8per fr\u00e5 utlandet. <br><br>Den viktigaste grunnen til at vi ikkje skal byggje gasskraftverk i Noreg er likevel at gasskraftverka slepp ut store mengder klimagassar. N\u00e5r vi veit at dei menneskeskapte klimaendringane kan truge livsgrunnlaget til millionar av menneske, m\u00e5 vi alle sj\u00e5 at det \u00e5 redusere klimagassutsleppa er eit av dei viktigaste politiske m\u00e5la i verda.<br><br>Enkelte har p\u00e5st\u00e5tt at det vil spare atmosf\u00e6ren for ein million tonn av klimagassen CO2 i \u00e5ret \u00e5 byggje gasskraftverk i M\u00f8re og Romsdal. Matematikkfaget m\u00e5 styrkast! Norsk gasskraft kjem ikkje i staden for kolkraftverk andre stadar i Europa. I Statoil si konsekvensutgreiing for gasskraftverk p\u00e5 Tjeldbergodden viser selskapet sj\u00f8lv at eit kraftverk vil gi h\u00f8gare utslepp enn det import av tilsvarande mengder kraft vil gi.<br><br>Kraft som blir bygd ut i Noreg blir f\u00f8rt inn p\u00e5 ein europeisk kraftmarknad der det er ei utveksling med kraft fr\u00e5 andre land. Krafta som Noreg importerer har ulike kjelder. Vinteren 2002 &#8211; 2003 hadde til d\u00f8mes alle europeiske land som vi utvekslar kraft med stort sett balanse i sin import og eksport. Det tyder at dei ikkje produserte meir enn det dei sj\u00f8lve brukte gjennom \u00e5ret og at kolkraftproduksjonen dermed ikkje var h\u00f8gare enn den elles ville ha vore. Dei einaste landa som hadde netto eksport var Austerrike og Sveits, og dei eksporterte vannkraft! <br><br>Dersom vi skal nytte fossilgass i framtida, m\u00e5 det vere med CO2-handtering. Bruken av CO2 i produksjonen til Hustadmarmor kan ikkje reknast som CO2-handtering, klimagassane vil lekke ut etter kort tid. Teknologi for ordentleg CO2-handtering finst, det er ingen grunn til \u00e5 vente med \u00e5 ta han i bruk.<br><br>&#8211; Istad og Tafjord har lenge vore bremseklossar n\u00e5r det gjeld satsing p\u00e5 energisparing, bioenergi og andre fornybare energikjelder i M\u00f8re og Romsdal. Det einaste desse selskapa satsar p\u00e5 er fossilgass utan tilfredsstillande CO2-handtering. Som straumkundar m\u00e5 vi finne selskap som har framtida foran seg, ikkje bak seg, seier Folden.<br><br>Den svenske Naturskyddsf\u00f6reningen har utarbeidd eit system for milj\u00f8merking av el, Bra milj\u00f6val. I M\u00f8re og Romsdal er det Rauma energi som er med p\u00e5 denne ordninga. &#8211; Dette kan vere eit alternativ for alle som er oppteke av milj\u00f8omsyn, meiner Folden.<br><br>\u00d8ystein Folden kan kontaktast p\u00e5 telefon 91 81 25 42.<\/p>\n\n\n\n<p><a href=\"\/imakerdata\/f\/0\/69\/80\/2_2401_0\/ISTAD-NETT_-_sprsml.pdf\">Sp\u00f8rsm\u00e5l til Istad Nett 23. august 2005<\/a><\/p>\n","protected":false},"excerpt":{"rendered":"<p>&#8211; Dette er mangel p\u00e5 samfunnsansvar fr\u00e5 kraftselskapa si side, seier \u00d8ystein Folden, leiar i Naturvernforbundet i M\u00f8re og Romsdal, i ein kommentar til at Tafjord Kraft og Istad Kraft vurderer \u00e5 byggje gasskraftverk i Romsdal.<\/p>\n","protected":false},"author":38,"featured_media":0,"comment_status":"closed","ping_status":"closed","sticky":false,"template":"","format":"standard","meta":{"_relevanssi_hide_post":"","_relevanssi_hide_content":"","_relevanssi_pin_for_all":"","_relevanssi_pin_keywords":"","_relevanssi_unpin_keywords":"","_relevanssi_related_keywords":"","_relevanssi_related_include_ids":"","_relevanssi_related_exclude_ids":"","_relevanssi_related_no_append":"","_relevanssi_related_not_related":"","_relevanssi_related_posts":"","_relevanssi_noindex_reason":"","hide_logo":false,"footnotes":""},"categories":[19],"tags":[],"local":[],"class_list":["post-1643","post","type-post","status-publish","format-standard","hentry","category-klima"],"acf":[],"yoast_head":"<!-- This site is optimized with the Yoast SEO plugin v24.9 - https:\/\/yoast.com\/wordpress\/plugins\/seo\/ -->\n<title>Naturvernforbundet vil ha boikott av gasskraftutbyggarar - M\u00f8re og Romsdal<\/title>\n<meta name=\"robots\" content=\"index, follow, max-snippet:-1, max-image-preview:large, max-video-preview:-1\" \/>\n<link rel=\"canonical\" href=\"https:\/\/naturvernforbundet.no\/moreogromsdal\/naturvernforbundet-vil-ha-boikott-av-gasskraftutbyggarar\/\" \/>\n<meta property=\"og:locale\" content=\"nb_NO\" \/>\n<meta property=\"og:type\" content=\"article\" \/>\n<meta property=\"og:title\" content=\"Naturvernforbundet vil ha boikott av gasskraftutbyggarar - M\u00f8re og Romsdal\" \/>\n<meta property=\"og:description\" content=\"- Dette er mangel p\u00e5 samfunnsansvar fr\u00e5 kraftselskapa si side, seier \u00d8ystein Folden, leiar i Naturvernforbundet i M\u00f8re og Romsdal, i ein kommentar til at Tafjord Kraft og Istad Kraft vurderer \u00e5 byggje gasskraftverk i Romsdal.\" \/>\n<meta property=\"og:url\" content=\"https:\/\/naturvernforbundet.no\/moreogromsdal\/naturvernforbundet-vil-ha-boikott-av-gasskraftutbyggarar\/\" \/>\n<meta property=\"og:site_name\" content=\"M\u00f8re og Romsdal\" \/>\n<meta property=\"article:published_time\" content=\"2005-08-16T06:22:53+00:00\" \/>\n<meta name=\"author\" content=\"Artikkelimport\u00f8r\" \/>\n<meta name=\"twitter:card\" content=\"summary_large_image\" \/>\n<meta name=\"twitter:label1\" content=\"Skrevet av\" \/>\n\t<meta name=\"twitter:data1\" content=\"Artikkelimport\u00f8r\" \/>\n\t<meta name=\"twitter:label2\" content=\"Ansl. lesetid\" \/>\n\t<meta name=\"twitter:data2\" content=\"2 minutter\" \/>\n<script type=\"application\/ld+json\" class=\"yoast-schema-graph\">{\"@context\":\"https:\/\/schema.org\",\"@graph\":[{\"@type\":\"WebPage\",\"@id\":\"https:\/\/naturvernforbundet.no\/moreogromsdal\/naturvernforbundet-vil-ha-boikott-av-gasskraftutbyggarar\/\",\"url\":\"https:\/\/naturvernforbundet.no\/moreogromsdal\/naturvernforbundet-vil-ha-boikott-av-gasskraftutbyggarar\/\",\"name\":\"Naturvernforbundet vil ha boikott av gasskraftutbyggarar - M\u00f8re og Romsdal\",\"isPartOf\":{\"@id\":\"https:\/\/naturvernforbundet.no\/moreogromsdal\/#website\"},\"datePublished\":\"2005-08-16T06:22:53+00:00\",\"author\":{\"@id\":\"https:\/\/naturvernforbundet.no\/moreogromsdal\/#\/schema\/person\/c72f198205979084bf071deedb6205f4\"},\"breadcrumb\":{\"@id\":\"https:\/\/naturvernforbundet.no\/moreogromsdal\/naturvernforbundet-vil-ha-boikott-av-gasskraftutbyggarar\/#breadcrumb\"},\"inLanguage\":\"nb-NO\",\"potentialAction\":[{\"@type\":\"ReadAction\",\"target\":[\"https:\/\/naturvernforbundet.no\/moreogromsdal\/naturvernforbundet-vil-ha-boikott-av-gasskraftutbyggarar\/\"]}]},{\"@type\":\"BreadcrumbList\",\"@id\":\"https:\/\/naturvernforbundet.no\/moreogromsdal\/naturvernforbundet-vil-ha-boikott-av-gasskraftutbyggarar\/#breadcrumb\",\"itemListElement\":[{\"@type\":\"ListItem\",\"position\":1,\"name\":\"Till naturvernforbundet.no\",\"item\":\"https:\/\/naturvernforbundet.no\/\"},{\"@type\":\"ListItem\",\"position\":2,\"name\":\"M\u00f8re og Romsdal\",\"item\":\"https:\/\/naturvernforbundet.no\/moreogromsdal\/\"},{\"@type\":\"ListItem\",\"position\":3,\"name\":\"Naturvernforbundet vil ha boikott av gasskraftutbyggarar\"}]},{\"@type\":\"WebSite\",\"@id\":\"https:\/\/naturvernforbundet.no\/moreogromsdal\/#website\",\"url\":\"https:\/\/naturvernforbundet.no\/moreogromsdal\/\",\"name\":\"M\u00f8re og Romsdal\",\"description\":\"Bare enda et Naturvernforbundet Sites-nettsted\",\"potentialAction\":[{\"@type\":\"SearchAction\",\"target\":{\"@type\":\"EntryPoint\",\"urlTemplate\":\"https:\/\/naturvernforbundet.no\/moreogromsdal\/?s={search_term_string}\"},\"query-input\":{\"@type\":\"PropertyValueSpecification\",\"valueRequired\":true,\"valueName\":\"search_term_string\"}}],\"inLanguage\":\"nb-NO\"},{\"@type\":\"Person\",\"@id\":\"https:\/\/naturvernforbundet.no\/moreogromsdal\/#\/schema\/person\/c72f198205979084bf071deedb6205f4\",\"name\":\"Artikkelimport\u00f8r\",\"image\":{\"@type\":\"ImageObject\",\"inLanguage\":\"nb-NO\",\"@id\":\"https:\/\/naturvernforbundet.no\/moreogromsdal\/#\/schema\/person\/image\/\",\"url\":\"https:\/\/secure.gravatar.com\/avatar\/015fa491b9ed1c823ef16a5c930294d1?s=96&d=mm&r=g\",\"contentUrl\":\"https:\/\/secure.gravatar.com\/avatar\/015fa491b9ed1c823ef16a5c930294d1?s=96&d=mm&r=g\",\"caption\":\"Artikkelimport\u00f8r\"},\"url\":\"https:\/\/naturvernforbundet.no\/moreogromsdal\/author\/artikkelimportor\/\"}]}<\/script>\n<!-- \/ Yoast SEO plugin. -->","yoast_head_json":{"title":"Naturvernforbundet vil ha boikott av gasskraftutbyggarar - M\u00f8re og Romsdal","robots":{"index":"index","follow":"follow","max-snippet":"max-snippet:-1","max-image-preview":"max-image-preview:large","max-video-preview":"max-video-preview:-1"},"canonical":"https:\/\/naturvernforbundet.no\/moreogromsdal\/naturvernforbundet-vil-ha-boikott-av-gasskraftutbyggarar\/","og_locale":"nb_NO","og_type":"article","og_title":"Naturvernforbundet vil ha boikott av gasskraftutbyggarar - M\u00f8re og Romsdal","og_description":"- Dette er mangel p\u00e5 samfunnsansvar fr\u00e5 kraftselskapa si side, seier \u00d8ystein Folden, leiar i Naturvernforbundet i M\u00f8re og Romsdal, i ein kommentar til at Tafjord Kraft og Istad Kraft vurderer \u00e5 byggje gasskraftverk i Romsdal.","og_url":"https:\/\/naturvernforbundet.no\/moreogromsdal\/naturvernforbundet-vil-ha-boikott-av-gasskraftutbyggarar\/","og_site_name":"M\u00f8re og Romsdal","article_published_time":"2005-08-16T06:22:53+00:00","author":"Artikkelimport\u00f8r","twitter_card":"summary_large_image","twitter_misc":{"Skrevet av":"Artikkelimport\u00f8r","Ansl. lesetid":"2 minutter"},"schema":{"@context":"https:\/\/schema.org","@graph":[{"@type":"WebPage","@id":"https:\/\/naturvernforbundet.no\/moreogromsdal\/naturvernforbundet-vil-ha-boikott-av-gasskraftutbyggarar\/","url":"https:\/\/naturvernforbundet.no\/moreogromsdal\/naturvernforbundet-vil-ha-boikott-av-gasskraftutbyggarar\/","name":"Naturvernforbundet vil ha boikott av gasskraftutbyggarar - M\u00f8re og Romsdal","isPartOf":{"@id":"https:\/\/naturvernforbundet.no\/moreogromsdal\/#website"},"datePublished":"2005-08-16T06:22:53+00:00","author":{"@id":"https:\/\/naturvernforbundet.no\/moreogromsdal\/#\/schema\/person\/c72f198205979084bf071deedb6205f4"},"breadcrumb":{"@id":"https:\/\/naturvernforbundet.no\/moreogromsdal\/naturvernforbundet-vil-ha-boikott-av-gasskraftutbyggarar\/#breadcrumb"},"inLanguage":"nb-NO","potentialAction":[{"@type":"ReadAction","target":["https:\/\/naturvernforbundet.no\/moreogromsdal\/naturvernforbundet-vil-ha-boikott-av-gasskraftutbyggarar\/"]}]},{"@type":"BreadcrumbList","@id":"https:\/\/naturvernforbundet.no\/moreogromsdal\/naturvernforbundet-vil-ha-boikott-av-gasskraftutbyggarar\/#breadcrumb","itemListElement":[{"@type":"ListItem","position":1,"name":"Till naturvernforbundet.no","item":"https:\/\/naturvernforbundet.no\/"},{"@type":"ListItem","position":2,"name":"M\u00f8re og Romsdal","item":"https:\/\/naturvernforbundet.no\/moreogromsdal\/"},{"@type":"ListItem","position":3,"name":"Naturvernforbundet vil ha boikott av gasskraftutbyggarar"}]},{"@type":"WebSite","@id":"https:\/\/naturvernforbundet.no\/moreogromsdal\/#website","url":"https:\/\/naturvernforbundet.no\/moreogromsdal\/","name":"M\u00f8re og Romsdal","description":"Bare enda et Naturvernforbundet Sites-nettsted","potentialAction":[{"@type":"SearchAction","target":{"@type":"EntryPoint","urlTemplate":"https:\/\/naturvernforbundet.no\/moreogromsdal\/?s={search_term_string}"},"query-input":{"@type":"PropertyValueSpecification","valueRequired":true,"valueName":"search_term_string"}}],"inLanguage":"nb-NO"},{"@type":"Person","@id":"https:\/\/naturvernforbundet.no\/moreogromsdal\/#\/schema\/person\/c72f198205979084bf071deedb6205f4","name":"Artikkelimport\u00f8r","image":{"@type":"ImageObject","inLanguage":"nb-NO","@id":"https:\/\/naturvernforbundet.no\/moreogromsdal\/#\/schema\/person\/image\/","url":"https:\/\/secure.gravatar.com\/avatar\/015fa491b9ed1c823ef16a5c930294d1?s=96&d=mm&r=g","contentUrl":"https:\/\/secure.gravatar.com\/avatar\/015fa491b9ed1c823ef16a5c930294d1?s=96&d=mm&r=g","caption":"Artikkelimport\u00f8r"},"url":"https:\/\/naturvernforbundet.no\/moreogromsdal\/author\/artikkelimportor\/"}]}},"_links":{"self":[{"href":"https:\/\/naturvernforbundet.no\/moreogromsdal\/wp-json\/wp\/v2\/posts\/1643","targetHints":{"allow":["GET"]}}],"collection":[{"href":"https:\/\/naturvernforbundet.no\/moreogromsdal\/wp-json\/wp\/v2\/posts"}],"about":[{"href":"https:\/\/naturvernforbundet.no\/moreogromsdal\/wp-json\/wp\/v2\/types\/post"}],"author":[{"embeddable":true,"href":"https:\/\/naturvernforbundet.no\/moreogromsdal\/wp-json\/wp\/v2\/users\/38"}],"replies":[{"embeddable":true,"href":"https:\/\/naturvernforbundet.no\/moreogromsdal\/wp-json\/wp\/v2\/comments?post=1643"}],"version-history":[{"count":0,"href":"https:\/\/naturvernforbundet.no\/moreogromsdal\/wp-json\/wp\/v2\/posts\/1643\/revisions"}],"wp:attachment":[{"href":"https:\/\/naturvernforbundet.no\/moreogromsdal\/wp-json\/wp\/v2\/media?parent=1643"}],"wp:term":[{"taxonomy":"category","embeddable":true,"href":"https:\/\/naturvernforbundet.no\/moreogromsdal\/wp-json\/wp\/v2\/categories?post=1643"},{"taxonomy":"post_tag","embeddable":true,"href":"https:\/\/naturvernforbundet.no\/moreogromsdal\/wp-json\/wp\/v2\/tags?post=1643"},{"taxonomy":"local","embeddable":true,"href":"https:\/\/naturvernforbundet.no\/moreogromsdal\/wp-json\/wp\/v2\/local?post=1643"}],"curies":[{"name":"wp","href":"https:\/\/api.w.org\/{rel}","templated":true}]}}