{"id":1685,"date":"2006-06-28T23:01:00","date_gmt":"2006-06-28T21:01:00","guid":{"rendered":"https:\/\/naturvernforbundet.no\/moreogromsdal\/mokkavedtak\/"},"modified":"2006-06-28T23:01:00","modified_gmt":"2006-06-28T21:01:00","slug":"mokkavedtak","status":"publish","type":"post","link":"https:\/\/naturvernforbundet.no\/moreogromsdal\/mokkavedtak\/","title":{"rendered":"M\u00f8kkavedtak"},"content":{"rendered":"\t<div class=\"template-post alignfull wp-block-naturvern-hero\">\n\t\t<div class=\"hero__inner\">\n\t\t\t<div class=\"hero__inner_blocks\">\n\t\t\t\t\t\t\t\t\n\t\t\t\t\t<h1 class=\"wp-block-post-title\">M\u00f8kkavedtak<\/h1>\n\n\t\t\t\t\t<div class=\"wp-block-post-excerpt\"><p class=\"wp-block-post-excerpt__excerpt\">\u00d8kokommunen Tingvoll har ein del politikarar som har gl\u00f8ymt biologikunnskapane og &laquo;f\u00f8re var&raquo;-prinsippet. Vedtaket av lokal f\u00f8resegn om gj\u00f8dselspreiing var eit retteleg m\u00f8kkavedtak. Naturvernforbundet set sin lit til at b\u00f8ndene sj\u00f8lve kan praktisere dette ut fr\u00e5 biologiske omsyn, slik at ikkje naturgrunnlaget i kommunen tar ytterlegare skade. <\/p><\/div>\n\n\t\t\t\t\t\n\n\t\t\t\t\t<div class=\"wp-block-naturvern-byline\">\n\t\t\t<div class=\"authors\">By <span class=\"t2-byline__author-link\">Artikkelimport\u00f8r<\/span><\/div>\n\t\t\t<small class=\"entry-date\">28.06.2006 23:01<\/small>\n\t\t<\/div>\n\t\t\t\t\t\t\t\t<\/div>\n\t\t\t\t\t<\/div>\n\t\t\t<\/div>\n\t\n<p>Utgangspunktet er at husdyrgj\u00f8dsel skal ut p\u00e5 jordene f\u00f8r 1. september, slik at graset kan nyttiggjere seg gj\u00f8dsla og gjerne haustast av innan frosten kjem. P\u00e5 den m\u00e5ten sikrar ein at s\u00e6rleg nitrogen og fosfor ikkje renn ut i vassdrag og fjord. For nitrogen er det behov for minst 4 veker vekstsesong etter gj\u00f8dslingstidspunkt, for fosfor enda litt lengre. Lova gjev h\u00f8ve for kommunane til \u00e5 forlenge fristen generelt til 1. oktober, og til \u00e5 gje dispensasjonar. Dette sidan landet v\u00e5rt har store variasjonar. \n<\/p>\n\n\n\n<p>Administrasjonen hadde lagt opp til siste dato 20. september, 10 dagar seinare enn Planteforsk si tilr\u00e5ding, men kommunestyret vedtok 1. oktober. Den datoen h\u00f8ver vel i den delen av landet der dei set potet i slutten av februar, og det er i alle fall ikkje her. \n<\/p>\n\n\n\n<p>Tingvoll kommune har fleire vassdrag der overgj\u00f8dsling er eit problem. Bergemsvatnet er mykje omtala, men Hanemsvatnet og vassdrag i Straumsnes ber og preg av problemstillinga. Lova og f\u00f8resegnene legg opp til at det kan vere strengare reglar for slike omr\u00e5de. N\u00e5r administrasjonen seier at b\u00f8ndene har praktisert slik strengare frist mellom anna kring Bergemsvatnet og at det difor ikkje var trong for s\u00e6rskilt frist for slike omr\u00e5de, stemmer ikkje dette heilt med Naturvernforbundet si oppfatning. Seinast hausten 2005 blei det gj\u00f8dsla og haustpl\u00f8gd i slutten av september ein stad slik at avrenning kunne bli eit problem ved mykje nedb\u00f8r. \n<\/p>\n\n\n\n<p>Med den seine generelle fristen b\u00f8r kommunestyret ta opp att denne delen av f\u00f8resegna. Sj\u00f8lv om ikkje b\u00f8ndene skal ha skulda for alle problema i nemnte vassdrag, er det vel god grunn til \u00e5 tru at det praktiserte bondevettet fram til no har f\u00f8rt til vel mykje avrenning av n\u00e6ringsemne. B\u00f8ndene b\u00f8r difor skjerpe seg, og vise at dei er tilliten verdig. \n<\/p>\n\n\n\n<p>Hausten har vara lengre dei seinare \u00e5ra. Viss vi har garanti for at dette skjer kvart \u00e5r, kan vi ha ein seinare frist enn elles. Men slik garanti er det ingen som gjev 6 veker p\u00e5 f\u00f8rehand. Difor m\u00e5 normalordninga legge opp til ein tidsfrist som g\u00e5r bra i alle \u00e5r. D\u00e5 vil det vere marginar, og desse er gode \u00e5 ha i dei \u00e5ra d\u00e5 mykje g\u00e5r gale, med v\u00e5t haust eller tidleg vinter. \n<\/p>\n\n\n\n<p>Ved stortingsvalet sist kom SV og Venstre godt ut p\u00e5 Naturvernforbundet sin test. Naturvernforbundet har merka seg at SV gl\u00f8ymte at dei er milj\u00f8parti. Partiet for personleg fridom, H\u00f8gre, viste derimot til Naturvernforbundet sine synspunkt. Det skal vere val neste \u00e5r, s\u00e5 det er ikkje berre b\u00f8ndene som skal vise noko i tida som kjem. \n<\/p>\n\n\n\n<p>\u00d8ystein Folden \n<\/p>\n\n\n\n<p>Leiar, Naturvernforbundet i Tingvoll \n<a>Ja, dette er viktig. Eg vil bli medlem i Naturvernforbundet<\/a><br><\/p>\n\n\n\n\n\n<p><strong><br><\/strong><a>Eg vil gjerne st\u00f8tte arbeidet til Naturvernforbundet<\/a><\/p>\n\n\n","protected":false},"excerpt":{"rendered":"<p>\u00d8kokommunen Tingvoll har ein del politikarar som har gl\u00f8ymt biologikunnskapane og &laquo;f\u00f8re var&raquo;-prinsippet. Vedtaket av lokal f\u00f8resegn om gj\u00f8dselspreiing var eit retteleg m\u00f8kkavedtak. Naturvernforbundet set sin lit til at b\u00f8ndene sj\u00f8lve kan praktisere dette ut fr\u00e5 biologiske omsyn, slik at ikkje naturgrunnlaget i kommunen tar ytterlegare skade.<\/p>\n","protected":false},"author":38,"featured_media":0,"comment_status":"closed","ping_status":"closed","sticky":false,"template":"","format":"standard","meta":{"_relevanssi_hide_post":"","_relevanssi_hide_content":"","_relevanssi_pin_for_all":"","_relevanssi_pin_keywords":"","_relevanssi_unpin_keywords":"","_relevanssi_related_keywords":"","_relevanssi_related_include_ids":"","_relevanssi_related_exclude_ids":"","_relevanssi_related_no_append":"","_relevanssi_related_not_related":"","_relevanssi_related_posts":"","_relevanssi_noindex_reason":"","hide_logo":false,"footnotes":""},"categories":[13],"tags":[],"local":[],"class_list":["post-1685","post","type-post","status-publish","format-standard","hentry","category-vasskraft"],"acf":[],"yoast_head":"<!-- This site is optimized with the Yoast SEO plugin v24.9 - https:\/\/yoast.com\/wordpress\/plugins\/seo\/ -->\n<title>M\u00f8kkavedtak - M\u00f8re og Romsdal<\/title>\n<meta name=\"robots\" content=\"index, follow, max-snippet:-1, max-image-preview:large, max-video-preview:-1\" \/>\n<link rel=\"canonical\" href=\"https:\/\/naturvernforbundet.no\/moreogromsdal\/mokkavedtak\/\" \/>\n<meta property=\"og:locale\" content=\"nb_NO\" \/>\n<meta property=\"og:type\" content=\"article\" \/>\n<meta property=\"og:title\" content=\"M\u00f8kkavedtak - M\u00f8re og Romsdal\" \/>\n<meta property=\"og:description\" content=\"\u00d8kokommunen Tingvoll har ein del politikarar som har gl\u00f8ymt biologikunnskapane og &quot;f\u00f8re var&quot;-prinsippet. Vedtaket av lokal f\u00f8resegn om gj\u00f8dselspreiing var eit retteleg m\u00f8kkavedtak. Naturvernforbundet set sin lit til at b\u00f8ndene sj\u00f8lve kan praktisere dette ut fr\u00e5 biologiske omsyn, slik at ikkje naturgrunnlaget i kommunen tar ytterlegare skade.\" \/>\n<meta property=\"og:url\" content=\"https:\/\/naturvernforbundet.no\/moreogromsdal\/mokkavedtak\/\" \/>\n<meta property=\"og:site_name\" content=\"M\u00f8re og Romsdal\" \/>\n<meta property=\"article:published_time\" content=\"2006-06-28T21:01:00+00:00\" \/>\n<meta name=\"author\" content=\"Artikkelimport\u00f8r\" \/>\n<meta name=\"twitter:card\" content=\"summary_large_image\" \/>\n<meta name=\"twitter:label1\" content=\"Skrevet av\" \/>\n\t<meta name=\"twitter:data1\" content=\"Artikkelimport\u00f8r\" \/>\n\t<meta name=\"twitter:label2\" content=\"Ansl. lesetid\" \/>\n\t<meta name=\"twitter:data2\" content=\"2 minutter\" \/>\n<script type=\"application\/ld+json\" class=\"yoast-schema-graph\">{\"@context\":\"https:\/\/schema.org\",\"@graph\":[{\"@type\":\"WebPage\",\"@id\":\"https:\/\/naturvernforbundet.no\/moreogromsdal\/mokkavedtak\/\",\"url\":\"https:\/\/naturvernforbundet.no\/moreogromsdal\/mokkavedtak\/\",\"name\":\"M\u00f8kkavedtak - M\u00f8re og Romsdal\",\"isPartOf\":{\"@id\":\"https:\/\/naturvernforbundet.no\/moreogromsdal\/#website\"},\"datePublished\":\"2006-06-28T21:01:00+00:00\",\"author\":{\"@id\":\"https:\/\/naturvernforbundet.no\/moreogromsdal\/#\/schema\/person\/c72f198205979084bf071deedb6205f4\"},\"breadcrumb\":{\"@id\":\"https:\/\/naturvernforbundet.no\/moreogromsdal\/mokkavedtak\/#breadcrumb\"},\"inLanguage\":\"nb-NO\",\"potentialAction\":[{\"@type\":\"ReadAction\",\"target\":[\"https:\/\/naturvernforbundet.no\/moreogromsdal\/mokkavedtak\/\"]}]},{\"@type\":\"BreadcrumbList\",\"@id\":\"https:\/\/naturvernforbundet.no\/moreogromsdal\/mokkavedtak\/#breadcrumb\",\"itemListElement\":[{\"@type\":\"ListItem\",\"position\":1,\"name\":\"Till naturvernforbundet.no\",\"item\":\"https:\/\/naturvernforbundet.no\/\"},{\"@type\":\"ListItem\",\"position\":2,\"name\":\"M\u00f8re og Romsdal\",\"item\":\"https:\/\/naturvernforbundet.no\/moreogromsdal\/\"},{\"@type\":\"ListItem\",\"position\":3,\"name\":\"M\u00f8kkavedtak\"}]},{\"@type\":\"WebSite\",\"@id\":\"https:\/\/naturvernforbundet.no\/moreogromsdal\/#website\",\"url\":\"https:\/\/naturvernforbundet.no\/moreogromsdal\/\",\"name\":\"M\u00f8re og Romsdal\",\"description\":\"Bare enda et Naturvernforbundet Sites-nettsted\",\"potentialAction\":[{\"@type\":\"SearchAction\",\"target\":{\"@type\":\"EntryPoint\",\"urlTemplate\":\"https:\/\/naturvernforbundet.no\/moreogromsdal\/?s={search_term_string}\"},\"query-input\":{\"@type\":\"PropertyValueSpecification\",\"valueRequired\":true,\"valueName\":\"search_term_string\"}}],\"inLanguage\":\"nb-NO\"},{\"@type\":\"Person\",\"@id\":\"https:\/\/naturvernforbundet.no\/moreogromsdal\/#\/schema\/person\/c72f198205979084bf071deedb6205f4\",\"name\":\"Artikkelimport\u00f8r\",\"image\":{\"@type\":\"ImageObject\",\"inLanguage\":\"nb-NO\",\"@id\":\"https:\/\/naturvernforbundet.no\/moreogromsdal\/#\/schema\/person\/image\/\",\"url\":\"https:\/\/secure.gravatar.com\/avatar\/015fa491b9ed1c823ef16a5c930294d1?s=96&d=mm&r=g\",\"contentUrl\":\"https:\/\/secure.gravatar.com\/avatar\/015fa491b9ed1c823ef16a5c930294d1?s=96&d=mm&r=g\",\"caption\":\"Artikkelimport\u00f8r\"},\"url\":\"https:\/\/naturvernforbundet.no\/moreogromsdal\/author\/artikkelimportor\/\"}]}<\/script>\n<!-- \/ Yoast SEO plugin. -->","yoast_head_json":{"title":"M\u00f8kkavedtak - M\u00f8re og Romsdal","robots":{"index":"index","follow":"follow","max-snippet":"max-snippet:-1","max-image-preview":"max-image-preview:large","max-video-preview":"max-video-preview:-1"},"canonical":"https:\/\/naturvernforbundet.no\/moreogromsdal\/mokkavedtak\/","og_locale":"nb_NO","og_type":"article","og_title":"M\u00f8kkavedtak - M\u00f8re og Romsdal","og_description":"\u00d8kokommunen Tingvoll har ein del politikarar som har gl\u00f8ymt biologikunnskapane og \"f\u00f8re var\"-prinsippet. Vedtaket av lokal f\u00f8resegn om gj\u00f8dselspreiing var eit retteleg m\u00f8kkavedtak. Naturvernforbundet set sin lit til at b\u00f8ndene sj\u00f8lve kan praktisere dette ut fr\u00e5 biologiske omsyn, slik at ikkje naturgrunnlaget i kommunen tar ytterlegare skade.","og_url":"https:\/\/naturvernforbundet.no\/moreogromsdal\/mokkavedtak\/","og_site_name":"M\u00f8re og Romsdal","article_published_time":"2006-06-28T21:01:00+00:00","author":"Artikkelimport\u00f8r","twitter_card":"summary_large_image","twitter_misc":{"Skrevet av":"Artikkelimport\u00f8r","Ansl. lesetid":"2 minutter"},"schema":{"@context":"https:\/\/schema.org","@graph":[{"@type":"WebPage","@id":"https:\/\/naturvernforbundet.no\/moreogromsdal\/mokkavedtak\/","url":"https:\/\/naturvernforbundet.no\/moreogromsdal\/mokkavedtak\/","name":"M\u00f8kkavedtak - M\u00f8re og Romsdal","isPartOf":{"@id":"https:\/\/naturvernforbundet.no\/moreogromsdal\/#website"},"datePublished":"2006-06-28T21:01:00+00:00","author":{"@id":"https:\/\/naturvernforbundet.no\/moreogromsdal\/#\/schema\/person\/c72f198205979084bf071deedb6205f4"},"breadcrumb":{"@id":"https:\/\/naturvernforbundet.no\/moreogromsdal\/mokkavedtak\/#breadcrumb"},"inLanguage":"nb-NO","potentialAction":[{"@type":"ReadAction","target":["https:\/\/naturvernforbundet.no\/moreogromsdal\/mokkavedtak\/"]}]},{"@type":"BreadcrumbList","@id":"https:\/\/naturvernforbundet.no\/moreogromsdal\/mokkavedtak\/#breadcrumb","itemListElement":[{"@type":"ListItem","position":1,"name":"Till naturvernforbundet.no","item":"https:\/\/naturvernforbundet.no\/"},{"@type":"ListItem","position":2,"name":"M\u00f8re og Romsdal","item":"https:\/\/naturvernforbundet.no\/moreogromsdal\/"},{"@type":"ListItem","position":3,"name":"M\u00f8kkavedtak"}]},{"@type":"WebSite","@id":"https:\/\/naturvernforbundet.no\/moreogromsdal\/#website","url":"https:\/\/naturvernforbundet.no\/moreogromsdal\/","name":"M\u00f8re og Romsdal","description":"Bare enda et Naturvernforbundet Sites-nettsted","potentialAction":[{"@type":"SearchAction","target":{"@type":"EntryPoint","urlTemplate":"https:\/\/naturvernforbundet.no\/moreogromsdal\/?s={search_term_string}"},"query-input":{"@type":"PropertyValueSpecification","valueRequired":true,"valueName":"search_term_string"}}],"inLanguage":"nb-NO"},{"@type":"Person","@id":"https:\/\/naturvernforbundet.no\/moreogromsdal\/#\/schema\/person\/c72f198205979084bf071deedb6205f4","name":"Artikkelimport\u00f8r","image":{"@type":"ImageObject","inLanguage":"nb-NO","@id":"https:\/\/naturvernforbundet.no\/moreogromsdal\/#\/schema\/person\/image\/","url":"https:\/\/secure.gravatar.com\/avatar\/015fa491b9ed1c823ef16a5c930294d1?s=96&d=mm&r=g","contentUrl":"https:\/\/secure.gravatar.com\/avatar\/015fa491b9ed1c823ef16a5c930294d1?s=96&d=mm&r=g","caption":"Artikkelimport\u00f8r"},"url":"https:\/\/naturvernforbundet.no\/moreogromsdal\/author\/artikkelimportor\/"}]}},"_links":{"self":[{"href":"https:\/\/naturvernforbundet.no\/moreogromsdal\/wp-json\/wp\/v2\/posts\/1685","targetHints":{"allow":["GET"]}}],"collection":[{"href":"https:\/\/naturvernforbundet.no\/moreogromsdal\/wp-json\/wp\/v2\/posts"}],"about":[{"href":"https:\/\/naturvernforbundet.no\/moreogromsdal\/wp-json\/wp\/v2\/types\/post"}],"author":[{"embeddable":true,"href":"https:\/\/naturvernforbundet.no\/moreogromsdal\/wp-json\/wp\/v2\/users\/38"}],"replies":[{"embeddable":true,"href":"https:\/\/naturvernforbundet.no\/moreogromsdal\/wp-json\/wp\/v2\/comments?post=1685"}],"version-history":[{"count":0,"href":"https:\/\/naturvernforbundet.no\/moreogromsdal\/wp-json\/wp\/v2\/posts\/1685\/revisions"}],"wp:attachment":[{"href":"https:\/\/naturvernforbundet.no\/moreogromsdal\/wp-json\/wp\/v2\/media?parent=1685"}],"wp:term":[{"taxonomy":"category","embeddable":true,"href":"https:\/\/naturvernforbundet.no\/moreogromsdal\/wp-json\/wp\/v2\/categories?post=1685"},{"taxonomy":"post_tag","embeddable":true,"href":"https:\/\/naturvernforbundet.no\/moreogromsdal\/wp-json\/wp\/v2\/tags?post=1685"},{"taxonomy":"local","embeddable":true,"href":"https:\/\/naturvernforbundet.no\/moreogromsdal\/wp-json\/wp\/v2\/local?post=1685"}],"curies":[{"name":"wp","href":"https:\/\/api.w.org\/{rel}","templated":true}]}}