{"id":1719,"date":"2006-06-06T20:34:00","date_gmt":"2006-06-06T18:34:00","guid":{"rendered":"https:\/\/naturvernforbundet.no\/moreogromsdal\/ris-og-ros-til-vassdragsplan-i-rauma\/"},"modified":"2006-06-06T20:34:00","modified_gmt":"2006-06-06T18:34:00","slug":"ris-og-ros-til-vassdragsplan-i-rauma","status":"publish","type":"post","link":"https:\/\/naturvernforbundet.no\/moreogromsdal\/ris-og-ros-til-vassdragsplan-i-rauma\/","title":{"rendered":"Ris og ros til vassdragsplan i Rauma"},"content":{"rendered":"\t<div class=\"template-post alignfull wp-block-naturvern-hero\">\n\t\t<div class=\"hero__inner\">\n\t\t\t<div class=\"hero__inner_blocks\">\n\t\t\t\t\t\t\t\t\n\t\t\t\t\t<h1 class=\"wp-block-post-title\">Ris og ros til vassdragsplan i Rauma<\/h1>\n\n\t\t\t\t\t<div class=\"wp-block-post-excerpt\"><p class=\"wp-block-post-excerpt__excerpt\">Rauma kommune har som ein av alt for f\u00e5 kommunar i landet laga ein kommunal plan for vassdrag. Planen er no ute p\u00e5 andre h\u00f8yring, og Naturvernforbundet i Rauma og Naturvernforbundet i M\u00f8re og Romsdal har b\u00e5de skryt og kritiske kommentarar. <\/p><\/div>\n\n\t\t\t\t\t\n\n\t\t\t\t\t<div class=\"wp-block-naturvern-byline\">\n\t\t\t<div class=\"authors\">By <span class=\"t2-byline__author-link\">Artikkelimport\u00f8r<\/span><\/div>\n\t\t\t<small class=\"entry-date\">06.06.2006 20:34<\/small>\n\t\t<\/div>\n\t\t\t\t\t\t\t\t<\/div>\n\t\t\t\t\t<\/div>\n\t\t\t<\/div>\n\t\n<p>Til tross for mange gode ord om at Rauma faktisk har utarbeidd ein samla plan for vassdraga sine, finn Naturvernforbundet det meir enn underleg n\u00e5r kommunen ved f\u00f8rste h\u00f8ve legg opp til at end\u00e5 meir av den mest verdifulle naturen skal leggast i r\u00f8yr.\n<\/p>\n\n\n\n<p>Naturvernforbundet nyttar elles h\u00f8vet til igjen \u00e5 ta opp verneverdiane i Kvanndalen.\n<\/p>\n\n\n\n<p><em>Gunn Nordheim Morst\u00f8l har telefon 93 26 43 41<\/em> \n<\/p>\n\n\n\n<p><em>\u00d8ystein Folden kan kontaktast p\u00e5 telefon 91 81 25 42. <\/em> \n<a>Ja, dette er viktig. Eg vil bli medlem i Naturvernforbundet<\/a><br><\/p>\n\n\n\n\n\n<p><strong><br><\/strong><a>Eg vil gjerne st\u00f8tte arbeidet til Naturvernforbundet<\/a><\/p>\n\n\n\n\n\n<p><a href=\"\/imakerdata\/f\/0\/85\/97\/0_2401_0\/Uttale_-_Rauma_-_vassdragsplan_nr_2.pdf\">Les uttalen fr\u00e5 Naturvernforbundet<\/a><\/p>\n\n\n\n<p><a href=\"\/imakerdata\/f\/0\/85\/97\/1_2401_0\/Kommunal.pdf\">H\u00f8yringsutkastet fr\u00e5 Rauma kommune<\/a><\/p>\n\n\n\n<p><a href=\"\/imakerdata\/f\/0\/85\/97\/2_2401_0\/Kart.pdf\">Kart over vassdrag i Rauma<\/a><\/p>\n\n\n\n<p><a href=\"\/imakerdata\/f\/0\/88\/68\/8_2401_0\/Vassdragplan270606-regler_2_.pdf\">Vedtatt regelverk for vassdraga i Rauma<\/a><\/p>\n\n\n\n<p><a href=\"\/imakerdata\/f\/0\/88\/68\/9_2401_0\/Vassdragplan270606_2_.pdf\">Kartet i vedtaket<\/a><\/p>\n","protected":false},"excerpt":{"rendered":"<p>Rauma kommune har som ein av alt for f\u00e5 kommunar i landet laga ein kommunal plan for vassdrag. Planen er no ute p\u00e5 andre h\u00f8yring, og Naturvernforbundet i Rauma og Naturvernforbundet i M\u00f8re og Romsdal har b\u00e5de skryt og kritiske kommentarar.<\/p>\n","protected":false},"author":38,"featured_media":0,"comment_status":"closed","ping_status":"closed","sticky":false,"template":"","format":"standard","meta":{"_relevanssi_hide_post":"","_relevanssi_hide_content":"","_relevanssi_pin_for_all":"","_relevanssi_pin_keywords":"","_relevanssi_unpin_keywords":"","_relevanssi_related_keywords":"","_relevanssi_related_include_ids":"","_relevanssi_related_exclude_ids":"","_relevanssi_related_no_append":"","_relevanssi_related_not_related":"","_relevanssi_related_posts":"","_relevanssi_noindex_reason":"","hide_logo":false,"footnotes":""},"categories":[13],"tags":[],"local":[],"class_list":["post-1719","post","type-post","status-publish","format-standard","hentry","category-vasskraft"],"acf":[],"yoast_head":"<!-- This site is optimized with the Yoast SEO plugin v24.9 - https:\/\/yoast.com\/wordpress\/plugins\/seo\/ -->\n<title>Ris og ros til vassdragsplan i Rauma - M\u00f8re og Romsdal<\/title>\n<meta name=\"robots\" content=\"index, follow, max-snippet:-1, max-image-preview:large, max-video-preview:-1\" \/>\n<link rel=\"canonical\" href=\"https:\/\/naturvernforbundet.no\/moreogromsdal\/ris-og-ros-til-vassdragsplan-i-rauma\/\" \/>\n<meta property=\"og:locale\" content=\"nb_NO\" \/>\n<meta property=\"og:type\" content=\"article\" \/>\n<meta property=\"og:title\" content=\"Ris og ros til vassdragsplan i Rauma - M\u00f8re og Romsdal\" \/>\n<meta property=\"og:description\" content=\"Rauma kommune har som ein av alt for f\u00e5 kommunar i landet laga ein kommunal plan for vassdrag. Planen er no ute p\u00e5 andre h\u00f8yring, og Naturvernforbundet i Rauma og Naturvernforbundet i M\u00f8re og Romsdal har b\u00e5de skryt og kritiske kommentarar.\" \/>\n<meta property=\"og:url\" content=\"https:\/\/naturvernforbundet.no\/moreogromsdal\/ris-og-ros-til-vassdragsplan-i-rauma\/\" \/>\n<meta property=\"og:site_name\" content=\"M\u00f8re og Romsdal\" \/>\n<meta property=\"article:published_time\" content=\"2006-06-06T18:34:00+00:00\" \/>\n<meta name=\"author\" content=\"Artikkelimport\u00f8r\" \/>\n<meta name=\"twitter:card\" content=\"summary_large_image\" \/>\n<meta name=\"twitter:label1\" content=\"Skrevet av\" \/>\n\t<meta name=\"twitter:data1\" content=\"Artikkelimport\u00f8r\" \/>\n\t<meta name=\"twitter:label2\" content=\"Ansl. lesetid\" \/>\n\t<meta name=\"twitter:data2\" content=\"1 minutt\" \/>\n<script type=\"application\/ld+json\" class=\"yoast-schema-graph\">{\"@context\":\"https:\/\/schema.org\",\"@graph\":[{\"@type\":\"WebPage\",\"@id\":\"https:\/\/naturvernforbundet.no\/moreogromsdal\/ris-og-ros-til-vassdragsplan-i-rauma\/\",\"url\":\"https:\/\/naturvernforbundet.no\/moreogromsdal\/ris-og-ros-til-vassdragsplan-i-rauma\/\",\"name\":\"Ris og ros til vassdragsplan i Rauma - M\u00f8re og Romsdal\",\"isPartOf\":{\"@id\":\"https:\/\/naturvernforbundet.no\/moreogromsdal\/#website\"},\"datePublished\":\"2006-06-06T18:34:00+00:00\",\"author\":{\"@id\":\"https:\/\/naturvernforbundet.no\/moreogromsdal\/#\/schema\/person\/c72f198205979084bf071deedb6205f4\"},\"breadcrumb\":{\"@id\":\"https:\/\/naturvernforbundet.no\/moreogromsdal\/ris-og-ros-til-vassdragsplan-i-rauma\/#breadcrumb\"},\"inLanguage\":\"nb-NO\",\"potentialAction\":[{\"@type\":\"ReadAction\",\"target\":[\"https:\/\/naturvernforbundet.no\/moreogromsdal\/ris-og-ros-til-vassdragsplan-i-rauma\/\"]}]},{\"@type\":\"BreadcrumbList\",\"@id\":\"https:\/\/naturvernforbundet.no\/moreogromsdal\/ris-og-ros-til-vassdragsplan-i-rauma\/#breadcrumb\",\"itemListElement\":[{\"@type\":\"ListItem\",\"position\":1,\"name\":\"Till naturvernforbundet.no\",\"item\":\"https:\/\/naturvernforbundet.no\/\"},{\"@type\":\"ListItem\",\"position\":2,\"name\":\"M\u00f8re og Romsdal\",\"item\":\"https:\/\/naturvernforbundet.no\/moreogromsdal\/\"},{\"@type\":\"ListItem\",\"position\":3,\"name\":\"Ris og ros til vassdragsplan i Rauma\"}]},{\"@type\":\"WebSite\",\"@id\":\"https:\/\/naturvernforbundet.no\/moreogromsdal\/#website\",\"url\":\"https:\/\/naturvernforbundet.no\/moreogromsdal\/\",\"name\":\"M\u00f8re og Romsdal\",\"description\":\"Bare enda et Naturvernforbundet Sites-nettsted\",\"potentialAction\":[{\"@type\":\"SearchAction\",\"target\":{\"@type\":\"EntryPoint\",\"urlTemplate\":\"https:\/\/naturvernforbundet.no\/moreogromsdal\/?s={search_term_string}\"},\"query-input\":{\"@type\":\"PropertyValueSpecification\",\"valueRequired\":true,\"valueName\":\"search_term_string\"}}],\"inLanguage\":\"nb-NO\"},{\"@type\":\"Person\",\"@id\":\"https:\/\/naturvernforbundet.no\/moreogromsdal\/#\/schema\/person\/c72f198205979084bf071deedb6205f4\",\"name\":\"Artikkelimport\u00f8r\",\"image\":{\"@type\":\"ImageObject\",\"inLanguage\":\"nb-NO\",\"@id\":\"https:\/\/naturvernforbundet.no\/moreogromsdal\/#\/schema\/person\/image\/\",\"url\":\"https:\/\/secure.gravatar.com\/avatar\/015fa491b9ed1c823ef16a5c930294d1?s=96&d=mm&r=g\",\"contentUrl\":\"https:\/\/secure.gravatar.com\/avatar\/015fa491b9ed1c823ef16a5c930294d1?s=96&d=mm&r=g\",\"caption\":\"Artikkelimport\u00f8r\"},\"url\":\"https:\/\/naturvernforbundet.no\/moreogromsdal\/author\/artikkelimportor\/\"}]}<\/script>\n<!-- \/ Yoast SEO plugin. -->","yoast_head_json":{"title":"Ris og ros til vassdragsplan i Rauma - M\u00f8re og Romsdal","robots":{"index":"index","follow":"follow","max-snippet":"max-snippet:-1","max-image-preview":"max-image-preview:large","max-video-preview":"max-video-preview:-1"},"canonical":"https:\/\/naturvernforbundet.no\/moreogromsdal\/ris-og-ros-til-vassdragsplan-i-rauma\/","og_locale":"nb_NO","og_type":"article","og_title":"Ris og ros til vassdragsplan i Rauma - M\u00f8re og Romsdal","og_description":"Rauma kommune har som ein av alt for f\u00e5 kommunar i landet laga ein kommunal plan for vassdrag. Planen er no ute p\u00e5 andre h\u00f8yring, og Naturvernforbundet i Rauma og Naturvernforbundet i M\u00f8re og Romsdal har b\u00e5de skryt og kritiske kommentarar.","og_url":"https:\/\/naturvernforbundet.no\/moreogromsdal\/ris-og-ros-til-vassdragsplan-i-rauma\/","og_site_name":"M\u00f8re og Romsdal","article_published_time":"2006-06-06T18:34:00+00:00","author":"Artikkelimport\u00f8r","twitter_card":"summary_large_image","twitter_misc":{"Skrevet av":"Artikkelimport\u00f8r","Ansl. lesetid":"1 minutt"},"schema":{"@context":"https:\/\/schema.org","@graph":[{"@type":"WebPage","@id":"https:\/\/naturvernforbundet.no\/moreogromsdal\/ris-og-ros-til-vassdragsplan-i-rauma\/","url":"https:\/\/naturvernforbundet.no\/moreogromsdal\/ris-og-ros-til-vassdragsplan-i-rauma\/","name":"Ris og ros til vassdragsplan i Rauma - M\u00f8re og Romsdal","isPartOf":{"@id":"https:\/\/naturvernforbundet.no\/moreogromsdal\/#website"},"datePublished":"2006-06-06T18:34:00+00:00","author":{"@id":"https:\/\/naturvernforbundet.no\/moreogromsdal\/#\/schema\/person\/c72f198205979084bf071deedb6205f4"},"breadcrumb":{"@id":"https:\/\/naturvernforbundet.no\/moreogromsdal\/ris-og-ros-til-vassdragsplan-i-rauma\/#breadcrumb"},"inLanguage":"nb-NO","potentialAction":[{"@type":"ReadAction","target":["https:\/\/naturvernforbundet.no\/moreogromsdal\/ris-og-ros-til-vassdragsplan-i-rauma\/"]}]},{"@type":"BreadcrumbList","@id":"https:\/\/naturvernforbundet.no\/moreogromsdal\/ris-og-ros-til-vassdragsplan-i-rauma\/#breadcrumb","itemListElement":[{"@type":"ListItem","position":1,"name":"Till naturvernforbundet.no","item":"https:\/\/naturvernforbundet.no\/"},{"@type":"ListItem","position":2,"name":"M\u00f8re og Romsdal","item":"https:\/\/naturvernforbundet.no\/moreogromsdal\/"},{"@type":"ListItem","position":3,"name":"Ris og ros til vassdragsplan i Rauma"}]},{"@type":"WebSite","@id":"https:\/\/naturvernforbundet.no\/moreogromsdal\/#website","url":"https:\/\/naturvernforbundet.no\/moreogromsdal\/","name":"M\u00f8re og Romsdal","description":"Bare enda et Naturvernforbundet Sites-nettsted","potentialAction":[{"@type":"SearchAction","target":{"@type":"EntryPoint","urlTemplate":"https:\/\/naturvernforbundet.no\/moreogromsdal\/?s={search_term_string}"},"query-input":{"@type":"PropertyValueSpecification","valueRequired":true,"valueName":"search_term_string"}}],"inLanguage":"nb-NO"},{"@type":"Person","@id":"https:\/\/naturvernforbundet.no\/moreogromsdal\/#\/schema\/person\/c72f198205979084bf071deedb6205f4","name":"Artikkelimport\u00f8r","image":{"@type":"ImageObject","inLanguage":"nb-NO","@id":"https:\/\/naturvernforbundet.no\/moreogromsdal\/#\/schema\/person\/image\/","url":"https:\/\/secure.gravatar.com\/avatar\/015fa491b9ed1c823ef16a5c930294d1?s=96&d=mm&r=g","contentUrl":"https:\/\/secure.gravatar.com\/avatar\/015fa491b9ed1c823ef16a5c930294d1?s=96&d=mm&r=g","caption":"Artikkelimport\u00f8r"},"url":"https:\/\/naturvernforbundet.no\/moreogromsdal\/author\/artikkelimportor\/"}]}},"_links":{"self":[{"href":"https:\/\/naturvernforbundet.no\/moreogromsdal\/wp-json\/wp\/v2\/posts\/1719","targetHints":{"allow":["GET"]}}],"collection":[{"href":"https:\/\/naturvernforbundet.no\/moreogromsdal\/wp-json\/wp\/v2\/posts"}],"about":[{"href":"https:\/\/naturvernforbundet.no\/moreogromsdal\/wp-json\/wp\/v2\/types\/post"}],"author":[{"embeddable":true,"href":"https:\/\/naturvernforbundet.no\/moreogromsdal\/wp-json\/wp\/v2\/users\/38"}],"replies":[{"embeddable":true,"href":"https:\/\/naturvernforbundet.no\/moreogromsdal\/wp-json\/wp\/v2\/comments?post=1719"}],"version-history":[{"count":0,"href":"https:\/\/naturvernforbundet.no\/moreogromsdal\/wp-json\/wp\/v2\/posts\/1719\/revisions"}],"wp:attachment":[{"href":"https:\/\/naturvernforbundet.no\/moreogromsdal\/wp-json\/wp\/v2\/media?parent=1719"}],"wp:term":[{"taxonomy":"category","embeddable":true,"href":"https:\/\/naturvernforbundet.no\/moreogromsdal\/wp-json\/wp\/v2\/categories?post=1719"},{"taxonomy":"post_tag","embeddable":true,"href":"https:\/\/naturvernforbundet.no\/moreogromsdal\/wp-json\/wp\/v2\/tags?post=1719"},{"taxonomy":"local","embeddable":true,"href":"https:\/\/naturvernforbundet.no\/moreogromsdal\/wp-json\/wp\/v2\/local?post=1719"}],"curies":[{"name":"wp","href":"https:\/\/api.w.org\/{rel}","templated":true}]}}