{"id":1734,"date":"2006-05-01T15:03:00","date_gmt":"2006-05-01T13:03:00","guid":{"rendered":"https:\/\/naturvernforbundet.no\/moreogromsdal\/naturvernforbundet-til-fylket-si-handsaming-av-verneplan-for-sjofugl-knefall\/"},"modified":"2006-05-01T15:03:00","modified_gmt":"2006-05-01T13:03:00","slug":"naturvernforbundet-til-fylket-si-handsaming-av-verneplan-for-sjofugl-knefall","status":"publish","type":"post","link":"https:\/\/naturvernforbundet.no\/moreogromsdal\/naturvernforbundet-til-fylket-si-handsaming-av-verneplan-for-sjofugl-knefall\/","title":{"rendered":"Naturvernforbundet til fylket si handsaming av verneplan for sj\u00f8fugl: Knefall"},"content":{"rendered":"\t<div class=\"template-post alignfull wp-block-naturvern-hero\">\n\t\t<div class=\"hero__inner\">\n\t\t\t<div class=\"hero__inner_blocks\">\n\t\t\t\t\t\t\t\t\n\t\t\t\t\t<h1 class=\"wp-block-post-title\">Naturvernforbundet til fylket si handsaming av verneplan for sj\u00f8fugl: Knefall<\/h1>\n\n\t\t\t\t\t<div class=\"wp-block-post-excerpt\"><p class=\"wp-block-post-excerpt__excerpt\">Fylkesutvalet skal gjere vedtak i saka om verneplan for sj\u00f8fugl 2. mai 2006. N\u00e6rings- og milj\u00f8utvalet har ei merkeleg tilr\u00e5ding til vedtak. <\/p><\/div>\n\n\t\t\t\t\t\n\n\t\t\t\t\t<div class=\"wp-block-naturvern-byline\">\n\t\t\t<div class=\"authors\">By <span class=\"t2-byline__author-link\">Artikkelimport\u00f8r<\/span><\/div>\n\t\t\t<small class=\"entry-date\">01.05.2006 15:03<\/small>\n\t\t<\/div>\n\t\t\t\t\t\t\t\t<\/div>\n\t\t\t\t\t<\/div>\n\t\t\t<\/div>\n\t\n<p>Olav Bratland (H), Oskar Grimstad (Frp) og Randi W. Frisvoll (KrF) la i N\u00e6rings- og milj\u00f8utvalet fram f\u00f8lgjande forslag til vedtak som blei vedtatt som tilr\u00e5ding for fylkesutvalet: \n<\/p>\n\n\n\n<p>1. N\u00e6rings- og milj\u00f8utvalet viser til verneplanframlegget for hekkande sj\u00f8fugl i M\u00f8re og Romsdal, og vil r\u00e5 til at verneplanframlegget i st\u00f8rst mogleg grad blir utforma i tr\u00e5d med synspunkta fr\u00e5 formannskap\/kommunestyre i dei ber\u00f8rte kommunane. \n<\/p>\n\n\n\n<p>2. N\u00e6rings- og milj\u00f8utvalet vil difor r\u00e5 til at verneplanframlegget blir endra i samsvar med dette, og at endeleg behandling blir gjort etter at merknader til verneplanen f\u00f8religg.\n<\/p>\n\n\n\n<p>Tilr\u00e5dinga fr\u00e5 administrasjonen var f\u00f8lgjande:\n<\/p>\n\n\n\n<p>N\u00e6rings- og milj\u00f8utvalet tar verneplanframlegget til vitande og oversender det til fylkesutvalet utan vidare merknader.\n<\/p>\n\n\n\n<p>Naturvernforbundet i M\u00f8re og Romsdal meiner:\n<\/p>\n\n\n\n<p>Fylket har her eit ansvar for at sj\u00f8fugl f\u00e5r det vern som er n\u00f8dvendig. Slikt vern er avhengig av kva behov fuglane har, ikkje kva dei einskilde kommunane meiner om saka. Det er fylket si oppg\u00e5ve \u00e5 seie klart fr\u00e5 i ei slik sak, s\u00e5 kommunane f\u00e5r overordna materiale \u00e5 rette seg etter i forvaltninga av denne typen naturressursar. \n<\/p>\n\n\n\n<p>Ein del av desse fuglane flytter seg ikkje om ein kommune finn ut at dei skal bruke fuglefjellet til noko anna, men dei sluttar \u00e5 legge egg, eller mislukkast i \u00e5 f\u00e5 fram ungane. D\u00e5 g\u00e5r det mot slutten. Difor er det n\u00f8dvendig \u00e5 ta utgangspunkt i fuglane sine behov.\n<\/p>\n\n\n\n<p>Det er ikkje dermed sagt at fylket ikkje skal ha \u00f8yra opne for kva kommunane vil seie, men noko n\u00e6r fullstendig knefall er noko heilt anna. Det er heilt misforst\u00e5tt.\n<\/p>\n\n\n\n<p>Viss det vi her ser er lina til fylket, d\u00e5 har vi ikkje lenger bruk for fylket i forvaltninga av naturressursar.\n<\/p>\n\n\n\n<p>Eg er \u00e5 treffe p\u00e5 fasttelefon i kveld og mellom 07.20 og 08.00 i morgon.\n<\/p>\n\n\n\n<p>Helsing\n<\/p>\n\n\n\n<p>\u00d8ystein Folden\n<\/p>\n\n\n\n<p>leiar, Naturvernforbundet i M\u00f8re og Romsdal\n<\/p>\n\n\n\n<p>6630 Tingvoll\n<\/p>\n\n\n\n<p>tlf 918 12 542 \/ 71 53 33 31\n<strong><a>Ja, dette er viktig. Eg vil bli medlem i Naturvernforbundet<\/a><br><\/strong><\/p>\n\n\n\n\n\n<p><strong><br>\n<a>Eg vil gjerne st\u00f8tte Naturvernforbundets arbeid<\/a><\/strong><\/p>\n\n\n\n\n\n<a>&#8211; Sj\u00f8fuglvern m\u00e5 omfatte omr\u00e5der i sj\u00f8en<\/a>\n\n\n\n<br>\n\n\n\n<p><\/p>\n\n\n","protected":false},"excerpt":{"rendered":"<p>Fylkesutvalet skal gjere vedtak i saka om verneplan for sj\u00f8fugl 2. mai 2006. N\u00e6rings- og milj\u00f8utvalet har ei merkeleg tilr\u00e5ding til vedtak.<\/p>\n","protected":false},"author":38,"featured_media":0,"comment_status":"closed","ping_status":"closed","sticky":false,"template":"","format":"standard","meta":{"_relevanssi_hide_post":"","_relevanssi_hide_content":"","_relevanssi_pin_for_all":"","_relevanssi_pin_keywords":"","_relevanssi_unpin_keywords":"","_relevanssi_related_keywords":"","_relevanssi_related_include_ids":"","_relevanssi_related_exclude_ids":"","_relevanssi_related_no_append":"","_relevanssi_related_not_related":"","_relevanssi_related_posts":"","_relevanssi_noindex_reason":"","hide_logo":false,"footnotes":""},"categories":[16],"tags":[],"local":[],"class_list":["post-1734","post","type-post","status-publish","format-standard","hentry","category-naturmangfold"],"acf":[],"yoast_head":"<!-- This site is optimized with the Yoast SEO plugin v24.9 - https:\/\/yoast.com\/wordpress\/plugins\/seo\/ -->\n<title>Naturvernforbundet til fylket si handsaming av verneplan for sj\u00f8fugl: Knefall - M\u00f8re og Romsdal<\/title>\n<meta name=\"robots\" content=\"index, follow, max-snippet:-1, max-image-preview:large, max-video-preview:-1\" \/>\n<link rel=\"canonical\" href=\"https:\/\/naturvernforbundet.no\/moreogromsdal\/naturvernforbundet-til-fylket-si-handsaming-av-verneplan-for-sjofugl-knefall\/\" \/>\n<meta property=\"og:locale\" content=\"nb_NO\" \/>\n<meta property=\"og:type\" content=\"article\" \/>\n<meta property=\"og:title\" content=\"Naturvernforbundet til fylket si handsaming av verneplan for sj\u00f8fugl: Knefall - M\u00f8re og Romsdal\" \/>\n<meta property=\"og:description\" content=\"Fylkesutvalet skal gjere vedtak i saka om verneplan for sj\u00f8fugl 2. mai 2006. N\u00e6rings- og milj\u00f8utvalet har ei merkeleg tilr\u00e5ding til vedtak.\" \/>\n<meta property=\"og:url\" content=\"https:\/\/naturvernforbundet.no\/moreogromsdal\/naturvernforbundet-til-fylket-si-handsaming-av-verneplan-for-sjofugl-knefall\/\" \/>\n<meta property=\"og:site_name\" content=\"M\u00f8re og Romsdal\" \/>\n<meta property=\"article:published_time\" content=\"2006-05-01T13:03:00+00:00\" \/>\n<meta name=\"author\" content=\"Artikkelimport\u00f8r\" \/>\n<meta name=\"twitter:card\" content=\"summary_large_image\" \/>\n<meta name=\"twitter:label1\" content=\"Skrevet av\" \/>\n\t<meta name=\"twitter:data1\" content=\"Artikkelimport\u00f8r\" \/>\n\t<meta name=\"twitter:label2\" content=\"Ansl. lesetid\" \/>\n\t<meta name=\"twitter:data2\" content=\"2 minutter\" \/>\n<script type=\"application\/ld+json\" class=\"yoast-schema-graph\">{\"@context\":\"https:\/\/schema.org\",\"@graph\":[{\"@type\":\"WebPage\",\"@id\":\"https:\/\/naturvernforbundet.no\/moreogromsdal\/naturvernforbundet-til-fylket-si-handsaming-av-verneplan-for-sjofugl-knefall\/\",\"url\":\"https:\/\/naturvernforbundet.no\/moreogromsdal\/naturvernforbundet-til-fylket-si-handsaming-av-verneplan-for-sjofugl-knefall\/\",\"name\":\"Naturvernforbundet til fylket si handsaming av verneplan for sj\u00f8fugl: Knefall - M\u00f8re og Romsdal\",\"isPartOf\":{\"@id\":\"https:\/\/naturvernforbundet.no\/moreogromsdal\/#website\"},\"datePublished\":\"2006-05-01T13:03:00+00:00\",\"author\":{\"@id\":\"https:\/\/naturvernforbundet.no\/moreogromsdal\/#\/schema\/person\/c72f198205979084bf071deedb6205f4\"},\"breadcrumb\":{\"@id\":\"https:\/\/naturvernforbundet.no\/moreogromsdal\/naturvernforbundet-til-fylket-si-handsaming-av-verneplan-for-sjofugl-knefall\/#breadcrumb\"},\"inLanguage\":\"nb-NO\",\"potentialAction\":[{\"@type\":\"ReadAction\",\"target\":[\"https:\/\/naturvernforbundet.no\/moreogromsdal\/naturvernforbundet-til-fylket-si-handsaming-av-verneplan-for-sjofugl-knefall\/\"]}]},{\"@type\":\"BreadcrumbList\",\"@id\":\"https:\/\/naturvernforbundet.no\/moreogromsdal\/naturvernforbundet-til-fylket-si-handsaming-av-verneplan-for-sjofugl-knefall\/#breadcrumb\",\"itemListElement\":[{\"@type\":\"ListItem\",\"position\":1,\"name\":\"Till naturvernforbundet.no\",\"item\":\"https:\/\/naturvernforbundet.no\/\"},{\"@type\":\"ListItem\",\"position\":2,\"name\":\"M\u00f8re og Romsdal\",\"item\":\"https:\/\/naturvernforbundet.no\/moreogromsdal\/\"},{\"@type\":\"ListItem\",\"position\":3,\"name\":\"Naturvernforbundet til fylket si handsaming av verneplan for sj\u00f8fugl: Knefall\"}]},{\"@type\":\"WebSite\",\"@id\":\"https:\/\/naturvernforbundet.no\/moreogromsdal\/#website\",\"url\":\"https:\/\/naturvernforbundet.no\/moreogromsdal\/\",\"name\":\"M\u00f8re og Romsdal\",\"description\":\"Bare enda et Naturvernforbundet Sites-nettsted\",\"potentialAction\":[{\"@type\":\"SearchAction\",\"target\":{\"@type\":\"EntryPoint\",\"urlTemplate\":\"https:\/\/naturvernforbundet.no\/moreogromsdal\/?s={search_term_string}\"},\"query-input\":{\"@type\":\"PropertyValueSpecification\",\"valueRequired\":true,\"valueName\":\"search_term_string\"}}],\"inLanguage\":\"nb-NO\"},{\"@type\":\"Person\",\"@id\":\"https:\/\/naturvernforbundet.no\/moreogromsdal\/#\/schema\/person\/c72f198205979084bf071deedb6205f4\",\"name\":\"Artikkelimport\u00f8r\",\"image\":{\"@type\":\"ImageObject\",\"inLanguage\":\"nb-NO\",\"@id\":\"https:\/\/naturvernforbundet.no\/moreogromsdal\/#\/schema\/person\/image\/\",\"url\":\"https:\/\/secure.gravatar.com\/avatar\/015fa491b9ed1c823ef16a5c930294d1?s=96&d=mm&r=g\",\"contentUrl\":\"https:\/\/secure.gravatar.com\/avatar\/015fa491b9ed1c823ef16a5c930294d1?s=96&d=mm&r=g\",\"caption\":\"Artikkelimport\u00f8r\"},\"url\":\"https:\/\/naturvernforbundet.no\/moreogromsdal\/author\/artikkelimportor\/\"}]}<\/script>\n<!-- \/ Yoast SEO plugin. -->","yoast_head_json":{"title":"Naturvernforbundet til fylket si handsaming av verneplan for sj\u00f8fugl: Knefall - M\u00f8re og Romsdal","robots":{"index":"index","follow":"follow","max-snippet":"max-snippet:-1","max-image-preview":"max-image-preview:large","max-video-preview":"max-video-preview:-1"},"canonical":"https:\/\/naturvernforbundet.no\/moreogromsdal\/naturvernforbundet-til-fylket-si-handsaming-av-verneplan-for-sjofugl-knefall\/","og_locale":"nb_NO","og_type":"article","og_title":"Naturvernforbundet til fylket si handsaming av verneplan for sj\u00f8fugl: Knefall - M\u00f8re og Romsdal","og_description":"Fylkesutvalet skal gjere vedtak i saka om verneplan for sj\u00f8fugl 2. mai 2006. N\u00e6rings- og milj\u00f8utvalet har ei merkeleg tilr\u00e5ding til vedtak.","og_url":"https:\/\/naturvernforbundet.no\/moreogromsdal\/naturvernforbundet-til-fylket-si-handsaming-av-verneplan-for-sjofugl-knefall\/","og_site_name":"M\u00f8re og Romsdal","article_published_time":"2006-05-01T13:03:00+00:00","author":"Artikkelimport\u00f8r","twitter_card":"summary_large_image","twitter_misc":{"Skrevet av":"Artikkelimport\u00f8r","Ansl. lesetid":"2 minutter"},"schema":{"@context":"https:\/\/schema.org","@graph":[{"@type":"WebPage","@id":"https:\/\/naturvernforbundet.no\/moreogromsdal\/naturvernforbundet-til-fylket-si-handsaming-av-verneplan-for-sjofugl-knefall\/","url":"https:\/\/naturvernforbundet.no\/moreogromsdal\/naturvernforbundet-til-fylket-si-handsaming-av-verneplan-for-sjofugl-knefall\/","name":"Naturvernforbundet til fylket si handsaming av verneplan for sj\u00f8fugl: Knefall - M\u00f8re og Romsdal","isPartOf":{"@id":"https:\/\/naturvernforbundet.no\/moreogromsdal\/#website"},"datePublished":"2006-05-01T13:03:00+00:00","author":{"@id":"https:\/\/naturvernforbundet.no\/moreogromsdal\/#\/schema\/person\/c72f198205979084bf071deedb6205f4"},"breadcrumb":{"@id":"https:\/\/naturvernforbundet.no\/moreogromsdal\/naturvernforbundet-til-fylket-si-handsaming-av-verneplan-for-sjofugl-knefall\/#breadcrumb"},"inLanguage":"nb-NO","potentialAction":[{"@type":"ReadAction","target":["https:\/\/naturvernforbundet.no\/moreogromsdal\/naturvernforbundet-til-fylket-si-handsaming-av-verneplan-for-sjofugl-knefall\/"]}]},{"@type":"BreadcrumbList","@id":"https:\/\/naturvernforbundet.no\/moreogromsdal\/naturvernforbundet-til-fylket-si-handsaming-av-verneplan-for-sjofugl-knefall\/#breadcrumb","itemListElement":[{"@type":"ListItem","position":1,"name":"Till naturvernforbundet.no","item":"https:\/\/naturvernforbundet.no\/"},{"@type":"ListItem","position":2,"name":"M\u00f8re og Romsdal","item":"https:\/\/naturvernforbundet.no\/moreogromsdal\/"},{"@type":"ListItem","position":3,"name":"Naturvernforbundet til fylket si handsaming av verneplan for sj\u00f8fugl: Knefall"}]},{"@type":"WebSite","@id":"https:\/\/naturvernforbundet.no\/moreogromsdal\/#website","url":"https:\/\/naturvernforbundet.no\/moreogromsdal\/","name":"M\u00f8re og Romsdal","description":"Bare enda et Naturvernforbundet Sites-nettsted","potentialAction":[{"@type":"SearchAction","target":{"@type":"EntryPoint","urlTemplate":"https:\/\/naturvernforbundet.no\/moreogromsdal\/?s={search_term_string}"},"query-input":{"@type":"PropertyValueSpecification","valueRequired":true,"valueName":"search_term_string"}}],"inLanguage":"nb-NO"},{"@type":"Person","@id":"https:\/\/naturvernforbundet.no\/moreogromsdal\/#\/schema\/person\/c72f198205979084bf071deedb6205f4","name":"Artikkelimport\u00f8r","image":{"@type":"ImageObject","inLanguage":"nb-NO","@id":"https:\/\/naturvernforbundet.no\/moreogromsdal\/#\/schema\/person\/image\/","url":"https:\/\/secure.gravatar.com\/avatar\/015fa491b9ed1c823ef16a5c930294d1?s=96&d=mm&r=g","contentUrl":"https:\/\/secure.gravatar.com\/avatar\/015fa491b9ed1c823ef16a5c930294d1?s=96&d=mm&r=g","caption":"Artikkelimport\u00f8r"},"url":"https:\/\/naturvernforbundet.no\/moreogromsdal\/author\/artikkelimportor\/"}]}},"_links":{"self":[{"href":"https:\/\/naturvernforbundet.no\/moreogromsdal\/wp-json\/wp\/v2\/posts\/1734","targetHints":{"allow":["GET"]}}],"collection":[{"href":"https:\/\/naturvernforbundet.no\/moreogromsdal\/wp-json\/wp\/v2\/posts"}],"about":[{"href":"https:\/\/naturvernforbundet.no\/moreogromsdal\/wp-json\/wp\/v2\/types\/post"}],"author":[{"embeddable":true,"href":"https:\/\/naturvernforbundet.no\/moreogromsdal\/wp-json\/wp\/v2\/users\/38"}],"replies":[{"embeddable":true,"href":"https:\/\/naturvernforbundet.no\/moreogromsdal\/wp-json\/wp\/v2\/comments?post=1734"}],"version-history":[{"count":0,"href":"https:\/\/naturvernforbundet.no\/moreogromsdal\/wp-json\/wp\/v2\/posts\/1734\/revisions"}],"wp:attachment":[{"href":"https:\/\/naturvernforbundet.no\/moreogromsdal\/wp-json\/wp\/v2\/media?parent=1734"}],"wp:term":[{"taxonomy":"category","embeddable":true,"href":"https:\/\/naturvernforbundet.no\/moreogromsdal\/wp-json\/wp\/v2\/categories?post=1734"},{"taxonomy":"post_tag","embeddable":true,"href":"https:\/\/naturvernforbundet.no\/moreogromsdal\/wp-json\/wp\/v2\/tags?post=1734"},{"taxonomy":"local","embeddable":true,"href":"https:\/\/naturvernforbundet.no\/moreogromsdal\/wp-json\/wp\/v2\/local?post=1734"}],"curies":[{"name":"wp","href":"https:\/\/api.w.org\/{rel}","templated":true}]}}