{"id":1747,"date":"2006-10-23T19:49:00","date_gmt":"2006-10-23T17:49:00","guid":{"rendered":"https:\/\/naturvernforbundet.no\/moreogromsdal\/naturvernforbundet-utfordrar-kommune-og-fylkespartia-foran-valet-neste-ar\/"},"modified":"2006-10-23T19:49:00","modified_gmt":"2006-10-23T17:49:00","slug":"naturvernforbundet-utfordrar-kommune-og-fylkespartia-foran-valet-neste-ar","status":"publish","type":"post","link":"https:\/\/naturvernforbundet.no\/moreogromsdal\/naturvernforbundet-utfordrar-kommune-og-fylkespartia-foran-valet-neste-ar\/","title":{"rendered":"Naturvernforbundet utfordrar kommune- og fylkespartia foran valet neste \u00e5r"},"content":{"rendered":"\t<div class=\"template-post alignfull wp-block-naturvern-hero\">\n\t\t<div class=\"hero__inner\">\n\t\t\t<div class=\"hero__inner_blocks\">\n\t\t\t\t\t\t\t\t\n\t\t\t\t\t<h1 class=\"wp-block-post-title\">Naturvernforbundet utfordrar kommune- og fylkespartia foran valet neste \u00e5r<\/h1>\n\n\t\t\t\t\t<div class=\"wp-block-post-excerpt\"><p class=\"wp-block-post-excerpt__excerpt\">Naturvernforbundet arbeider for \u00e5 f\u00e5 til auka merksemd om viktige natur- og milj\u00f8sp\u00f8rsm\u00e5l i M\u00f8re og Romsdal i samband med kommune- og fylkestingsvalet hausten 2007. Difor utfordrar Naturvernforbundet kommune- og fylkespartia til \u00e5 innarbeide milj\u00f8omsyn i valprogramma sine. <\/p><\/div>\n\n\t\t\t\t\t\n\n\t\t\t\t\t<div class=\"wp-block-naturvern-byline\">\n\t\t\t<div class=\"authors\">By <span class=\"t2-byline__author-link\">Artikkelimport\u00f8r<\/span><\/div>\n\t\t\t<small class=\"entry-date\">23.10.2006 19:49<\/small>\n\t\t<\/div>\n\t\t\t\t\t\t\t\t<\/div>\n\t\t\t\t\t<\/div>\n\t\t\t<\/div>\n\t\n<p>Naturvernforbundet i M\u00f8re og Romsdal gjennomf\u00f8rte ei unders\u00f8king i forkant av Stortingsvalet 2005. No startar programarbeidet fram mot kommune- og fylkestingsvalet i 2007. Naturvernforbundet ser det som viktig \u00e5 vere p\u00e5 banen med gode innspill om natur og milj\u00f8 no. \n<\/p>\n\n\n\n<p>Naturvernforbundet i M\u00f8re og Romsdal vil difor fors\u00f8ke \u00e5 utarbeide eit utfordringsdokument med dei viktigaste natur- og milj\u00f8utfordringene og forslag til konkrete tiltak for fylket og kommunane. \n<\/p>\n\n\n\n<p>Naturvernforbundet \u00f8nskjer ogs\u00e5 \u00e5 f\u00e5 m\u00f8te med programnemnder, fylkesstyre o.l. i dei politiske partia for \u00e5 f\u00e5 i gang diskusjonar om natur og milj\u00f8. \n<\/p>\n\n\n\n<p>Naturvernforbundet \u00f8nskjer at partia tek kontakt om dei har \u00f8nskje om m\u00f8ter eller skriftlege innspel. Naturvernforbundet har ogs\u00e5 g\u00e5tt ut med konkrete oppmodingar om m\u00f8te til fylkespartia. \n<\/p>\n\n\n\n<p>Foredrag og anna materiell vil bli tilgjengeleg p\u00e5 denne sida etterkvart. \n<\/p>\n\n\n\n<p><em>Interesserte kan kontakte fylkesleiar \u00d8ystein Folden p\u00e5 telefon 91 81 25 42 eller p\u00e5 epost moreromsdal(a)naturvern.no.<\/em><\/p>\n\n\n\n<p><a href=\"\/imakerdata\/f\/0\/94\/76\/0_2401_0\/KrF_20061023_val.pdf\">Foredrag for Molde KrF 23. oktober 2006<\/a><\/p>\n","protected":false},"excerpt":{"rendered":"<p>Naturvernforbundet arbeider for \u00e5 f\u00e5 til auka merksemd om viktige natur- og milj\u00f8sp\u00f8rsm\u00e5l i M\u00f8re og Romsdal i samband med kommune- og fylkestingsvalet hausten 2007. Difor utfordrar Naturvernforbundet kommune- og fylkespartia til \u00e5 innarbeide milj\u00f8omsyn i valprogramma sine.<\/p>\n","protected":false},"author":38,"featured_media":0,"comment_status":"closed","ping_status":"closed","sticky":false,"template":"","format":"standard","meta":{"_relevanssi_hide_post":"","_relevanssi_hide_content":"","_relevanssi_pin_for_all":"","_relevanssi_pin_keywords":"","_relevanssi_unpin_keywords":"","_relevanssi_related_keywords":"","_relevanssi_related_include_ids":"","_relevanssi_related_exclude_ids":"","_relevanssi_related_no_append":"","_relevanssi_related_not_related":"","_relevanssi_related_posts":"","_relevanssi_noindex_reason":"","hide_logo":false,"footnotes":""},"categories":[20],"tags":[],"local":[],"class_list":["post-1747","post","type-post","status-publish","format-standard","hentry","category-miljopolitikk"],"acf":[],"yoast_head":"<!-- This site is optimized with the Yoast SEO plugin v24.9 - https:\/\/yoast.com\/wordpress\/plugins\/seo\/ -->\n<title>Naturvernforbundet utfordrar kommune- og fylkespartia foran valet neste \u00e5r - M\u00f8re og Romsdal<\/title>\n<meta name=\"robots\" content=\"index, follow, max-snippet:-1, max-image-preview:large, max-video-preview:-1\" \/>\n<link rel=\"canonical\" href=\"https:\/\/naturvernforbundet.no\/moreogromsdal\/naturvernforbundet-utfordrar-kommune-og-fylkespartia-foran-valet-neste-ar\/\" \/>\n<meta property=\"og:locale\" content=\"nb_NO\" \/>\n<meta property=\"og:type\" content=\"article\" \/>\n<meta property=\"og:title\" content=\"Naturvernforbundet utfordrar kommune- og fylkespartia foran valet neste \u00e5r - M\u00f8re og Romsdal\" \/>\n<meta property=\"og:description\" content=\"Naturvernforbundet arbeider for \u00e5 f\u00e5 til auka merksemd om viktige natur- og milj\u00f8sp\u00f8rsm\u00e5l i M\u00f8re og Romsdal i samband med kommune- og fylkestingsvalet hausten 2007. Difor utfordrar Naturvernforbundet kommune- og fylkespartia til \u00e5 innarbeide milj\u00f8omsyn i valprogramma sine.\" \/>\n<meta property=\"og:url\" content=\"https:\/\/naturvernforbundet.no\/moreogromsdal\/naturvernforbundet-utfordrar-kommune-og-fylkespartia-foran-valet-neste-ar\/\" \/>\n<meta property=\"og:site_name\" content=\"M\u00f8re og Romsdal\" \/>\n<meta property=\"article:published_time\" content=\"2006-10-23T17:49:00+00:00\" \/>\n<meta name=\"author\" content=\"Artikkelimport\u00f8r\" \/>\n<meta name=\"twitter:card\" content=\"summary_large_image\" \/>\n<meta name=\"twitter:label1\" content=\"Skrevet av\" \/>\n\t<meta name=\"twitter:data1\" content=\"Artikkelimport\u00f8r\" \/>\n\t<meta name=\"twitter:label2\" content=\"Ansl. lesetid\" \/>\n\t<meta name=\"twitter:data2\" content=\"1 minutt\" \/>\n<script type=\"application\/ld+json\" class=\"yoast-schema-graph\">{\"@context\":\"https:\/\/schema.org\",\"@graph\":[{\"@type\":\"WebPage\",\"@id\":\"https:\/\/naturvernforbundet.no\/moreogromsdal\/naturvernforbundet-utfordrar-kommune-og-fylkespartia-foran-valet-neste-ar\/\",\"url\":\"https:\/\/naturvernforbundet.no\/moreogromsdal\/naturvernforbundet-utfordrar-kommune-og-fylkespartia-foran-valet-neste-ar\/\",\"name\":\"Naturvernforbundet utfordrar kommune- og fylkespartia foran valet neste \u00e5r - M\u00f8re og Romsdal\",\"isPartOf\":{\"@id\":\"https:\/\/naturvernforbundet.no\/moreogromsdal\/#website\"},\"datePublished\":\"2006-10-23T17:49:00+00:00\",\"author\":{\"@id\":\"https:\/\/naturvernforbundet.no\/moreogromsdal\/#\/schema\/person\/c72f198205979084bf071deedb6205f4\"},\"breadcrumb\":{\"@id\":\"https:\/\/naturvernforbundet.no\/moreogromsdal\/naturvernforbundet-utfordrar-kommune-og-fylkespartia-foran-valet-neste-ar\/#breadcrumb\"},\"inLanguage\":\"nb-NO\",\"potentialAction\":[{\"@type\":\"ReadAction\",\"target\":[\"https:\/\/naturvernforbundet.no\/moreogromsdal\/naturvernforbundet-utfordrar-kommune-og-fylkespartia-foran-valet-neste-ar\/\"]}]},{\"@type\":\"BreadcrumbList\",\"@id\":\"https:\/\/naturvernforbundet.no\/moreogromsdal\/naturvernforbundet-utfordrar-kommune-og-fylkespartia-foran-valet-neste-ar\/#breadcrumb\",\"itemListElement\":[{\"@type\":\"ListItem\",\"position\":1,\"name\":\"Till naturvernforbundet.no\",\"item\":\"https:\/\/naturvernforbundet.no\/\"},{\"@type\":\"ListItem\",\"position\":2,\"name\":\"M\u00f8re og Romsdal\",\"item\":\"https:\/\/naturvernforbundet.no\/moreogromsdal\/\"},{\"@type\":\"ListItem\",\"position\":3,\"name\":\"Naturvernforbundet utfordrar kommune- og fylkespartia foran valet neste \u00e5r\"}]},{\"@type\":\"WebSite\",\"@id\":\"https:\/\/naturvernforbundet.no\/moreogromsdal\/#website\",\"url\":\"https:\/\/naturvernforbundet.no\/moreogromsdal\/\",\"name\":\"M\u00f8re og Romsdal\",\"description\":\"Bare enda et Naturvernforbundet Sites-nettsted\",\"potentialAction\":[{\"@type\":\"SearchAction\",\"target\":{\"@type\":\"EntryPoint\",\"urlTemplate\":\"https:\/\/naturvernforbundet.no\/moreogromsdal\/?s={search_term_string}\"},\"query-input\":{\"@type\":\"PropertyValueSpecification\",\"valueRequired\":true,\"valueName\":\"search_term_string\"}}],\"inLanguage\":\"nb-NO\"},{\"@type\":\"Person\",\"@id\":\"https:\/\/naturvernforbundet.no\/moreogromsdal\/#\/schema\/person\/c72f198205979084bf071deedb6205f4\",\"name\":\"Artikkelimport\u00f8r\",\"image\":{\"@type\":\"ImageObject\",\"inLanguage\":\"nb-NO\",\"@id\":\"https:\/\/naturvernforbundet.no\/moreogromsdal\/#\/schema\/person\/image\/\",\"url\":\"https:\/\/secure.gravatar.com\/avatar\/015fa491b9ed1c823ef16a5c930294d1?s=96&d=mm&r=g\",\"contentUrl\":\"https:\/\/secure.gravatar.com\/avatar\/015fa491b9ed1c823ef16a5c930294d1?s=96&d=mm&r=g\",\"caption\":\"Artikkelimport\u00f8r\"},\"url\":\"https:\/\/naturvernforbundet.no\/moreogromsdal\/author\/artikkelimportor\/\"}]}<\/script>\n<!-- \/ Yoast SEO plugin. -->","yoast_head_json":{"title":"Naturvernforbundet utfordrar kommune- og fylkespartia foran valet neste \u00e5r - M\u00f8re og Romsdal","robots":{"index":"index","follow":"follow","max-snippet":"max-snippet:-1","max-image-preview":"max-image-preview:large","max-video-preview":"max-video-preview:-1"},"canonical":"https:\/\/naturvernforbundet.no\/moreogromsdal\/naturvernforbundet-utfordrar-kommune-og-fylkespartia-foran-valet-neste-ar\/","og_locale":"nb_NO","og_type":"article","og_title":"Naturvernforbundet utfordrar kommune- og fylkespartia foran valet neste \u00e5r - M\u00f8re og Romsdal","og_description":"Naturvernforbundet arbeider for \u00e5 f\u00e5 til auka merksemd om viktige natur- og milj\u00f8sp\u00f8rsm\u00e5l i M\u00f8re og Romsdal i samband med kommune- og fylkestingsvalet hausten 2007. Difor utfordrar Naturvernforbundet kommune- og fylkespartia til \u00e5 innarbeide milj\u00f8omsyn i valprogramma sine.","og_url":"https:\/\/naturvernforbundet.no\/moreogromsdal\/naturvernforbundet-utfordrar-kommune-og-fylkespartia-foran-valet-neste-ar\/","og_site_name":"M\u00f8re og Romsdal","article_published_time":"2006-10-23T17:49:00+00:00","author":"Artikkelimport\u00f8r","twitter_card":"summary_large_image","twitter_misc":{"Skrevet av":"Artikkelimport\u00f8r","Ansl. lesetid":"1 minutt"},"schema":{"@context":"https:\/\/schema.org","@graph":[{"@type":"WebPage","@id":"https:\/\/naturvernforbundet.no\/moreogromsdal\/naturvernforbundet-utfordrar-kommune-og-fylkespartia-foran-valet-neste-ar\/","url":"https:\/\/naturvernforbundet.no\/moreogromsdal\/naturvernforbundet-utfordrar-kommune-og-fylkespartia-foran-valet-neste-ar\/","name":"Naturvernforbundet utfordrar kommune- og fylkespartia foran valet neste \u00e5r - M\u00f8re og Romsdal","isPartOf":{"@id":"https:\/\/naturvernforbundet.no\/moreogromsdal\/#website"},"datePublished":"2006-10-23T17:49:00+00:00","author":{"@id":"https:\/\/naturvernforbundet.no\/moreogromsdal\/#\/schema\/person\/c72f198205979084bf071deedb6205f4"},"breadcrumb":{"@id":"https:\/\/naturvernforbundet.no\/moreogromsdal\/naturvernforbundet-utfordrar-kommune-og-fylkespartia-foran-valet-neste-ar\/#breadcrumb"},"inLanguage":"nb-NO","potentialAction":[{"@type":"ReadAction","target":["https:\/\/naturvernforbundet.no\/moreogromsdal\/naturvernforbundet-utfordrar-kommune-og-fylkespartia-foran-valet-neste-ar\/"]}]},{"@type":"BreadcrumbList","@id":"https:\/\/naturvernforbundet.no\/moreogromsdal\/naturvernforbundet-utfordrar-kommune-og-fylkespartia-foran-valet-neste-ar\/#breadcrumb","itemListElement":[{"@type":"ListItem","position":1,"name":"Till naturvernforbundet.no","item":"https:\/\/naturvernforbundet.no\/"},{"@type":"ListItem","position":2,"name":"M\u00f8re og Romsdal","item":"https:\/\/naturvernforbundet.no\/moreogromsdal\/"},{"@type":"ListItem","position":3,"name":"Naturvernforbundet utfordrar kommune- og fylkespartia foran valet neste \u00e5r"}]},{"@type":"WebSite","@id":"https:\/\/naturvernforbundet.no\/moreogromsdal\/#website","url":"https:\/\/naturvernforbundet.no\/moreogromsdal\/","name":"M\u00f8re og Romsdal","description":"Bare enda et Naturvernforbundet Sites-nettsted","potentialAction":[{"@type":"SearchAction","target":{"@type":"EntryPoint","urlTemplate":"https:\/\/naturvernforbundet.no\/moreogromsdal\/?s={search_term_string}"},"query-input":{"@type":"PropertyValueSpecification","valueRequired":true,"valueName":"search_term_string"}}],"inLanguage":"nb-NO"},{"@type":"Person","@id":"https:\/\/naturvernforbundet.no\/moreogromsdal\/#\/schema\/person\/c72f198205979084bf071deedb6205f4","name":"Artikkelimport\u00f8r","image":{"@type":"ImageObject","inLanguage":"nb-NO","@id":"https:\/\/naturvernforbundet.no\/moreogromsdal\/#\/schema\/person\/image\/","url":"https:\/\/secure.gravatar.com\/avatar\/015fa491b9ed1c823ef16a5c930294d1?s=96&d=mm&r=g","contentUrl":"https:\/\/secure.gravatar.com\/avatar\/015fa491b9ed1c823ef16a5c930294d1?s=96&d=mm&r=g","caption":"Artikkelimport\u00f8r"},"url":"https:\/\/naturvernforbundet.no\/moreogromsdal\/author\/artikkelimportor\/"}]}},"_links":{"self":[{"href":"https:\/\/naturvernforbundet.no\/moreogromsdal\/wp-json\/wp\/v2\/posts\/1747","targetHints":{"allow":["GET"]}}],"collection":[{"href":"https:\/\/naturvernforbundet.no\/moreogromsdal\/wp-json\/wp\/v2\/posts"}],"about":[{"href":"https:\/\/naturvernforbundet.no\/moreogromsdal\/wp-json\/wp\/v2\/types\/post"}],"author":[{"embeddable":true,"href":"https:\/\/naturvernforbundet.no\/moreogromsdal\/wp-json\/wp\/v2\/users\/38"}],"replies":[{"embeddable":true,"href":"https:\/\/naturvernforbundet.no\/moreogromsdal\/wp-json\/wp\/v2\/comments?post=1747"}],"version-history":[{"count":0,"href":"https:\/\/naturvernforbundet.no\/moreogromsdal\/wp-json\/wp\/v2\/posts\/1747\/revisions"}],"wp:attachment":[{"href":"https:\/\/naturvernforbundet.no\/moreogromsdal\/wp-json\/wp\/v2\/media?parent=1747"}],"wp:term":[{"taxonomy":"category","embeddable":true,"href":"https:\/\/naturvernforbundet.no\/moreogromsdal\/wp-json\/wp\/v2\/categories?post=1747"},{"taxonomy":"post_tag","embeddable":true,"href":"https:\/\/naturvernforbundet.no\/moreogromsdal\/wp-json\/wp\/v2\/tags?post=1747"},{"taxonomy":"local","embeddable":true,"href":"https:\/\/naturvernforbundet.no\/moreogromsdal\/wp-json\/wp\/v2\/local?post=1747"}],"curies":[{"name":"wp","href":"https:\/\/api.w.org\/{rel}","templated":true}]}}