{"id":1754,"date":"2006-11-15T21:52:00","date_gmt":"2006-11-15T20:52:00","guid":{"rendered":"https:\/\/naturvernforbundet.no\/moreogromsdal\/folg-opp-festtalene-hjemme-bjornoy\/"},"modified":"2006-11-15T21:52:00","modified_gmt":"2006-11-15T20:52:00","slug":"folg-opp-festtalene-hjemme-bjornoy","status":"publish","type":"post","link":"https:\/\/naturvernforbundet.no\/moreogromsdal\/folg-opp-festtalene-hjemme-bjornoy\/","title":{"rendered":"F\u00f8lg opp festtalene hjemme, Bj\u00f8rn\u00f8y!"},"content":{"rendered":"\t<div class=\"template-post alignfull wp-block-naturvern-hero\">\n\t\t<div class=\"hero__inner\">\n\t\t\t<div class=\"hero__inner_blocks\">\n\t\t\t\t\t\t\t\t\n\t\t\t\t\t<h1 class=\"wp-block-post-title\">F\u00f8lg opp festtalene hjemme, Bj\u00f8rn\u00f8y!<\/h1>\n\n\t\t\t\t\t<div class=\"wp-block-post-excerpt\"><p class=\"wp-block-post-excerpt__excerpt\">Leserinnlegg fra M\u00f8re og Romsdal Natur og Ungdom. <\/p><\/div>\n\n\t\t\t\t\t\n\n\t\t\t\t\t<div class=\"wp-block-naturvern-byline\">\n\t\t\t<div class=\"authors\">By <span class=\"t2-byline__author-link\">Artikkelimport\u00f8r<\/span><\/div>\n\t\t\t<small class=\"entry-date\">15.11.2006 21:52<\/small>\n\t\t<\/div>\n\t\t\t\t\t\t\t\t<\/div>\n\t\t\t\t\t<\/div>\n\t\t\t<\/div>\n\t\n<p>Onsdag 15. november holdt milj\u00f8vernminister Helen Bj\u00f8rn\u00f8y Norges hovedinnlegg p\u00e5 de internasjonale klimaforhandlingene i Nairobi, Kenya. N\u00e5 er det p\u00e5 tide at Bj\u00f8rn\u00f8ys internasjonale festtaler gj\u00f8res om til konkrete kutt i Norges stadig voksende klimaforurensning. \n<\/p>\n\n\n\n<p>I sitt innlegg til forsamlingen av milj\u00f8vernministere fra hele verden pekte Helen Bj\u00f8rn\u00f8y p\u00e5 at verdens samlede klimagassutslipp m\u00e5 kuttes med rundt 50 % innen midten av dette \u00e5rhundret dersom dramatiske klimaendringer skal unng\u00e5s. Hun sa at de rike landene har hovedansvaret for \u00e5 redusere utslippene, og understreket at det ogs\u00e5 m\u00e5 gjelde land som USA, som s\u00e5 langt ikke har villet kutte egne utslipp. Det er bra at milj\u00f8vernministeren understreker hvor kraftig klimaforurensningen m\u00e5 kuttes, men samtidig m\u00e5 jeg etterlyse konkret handling i Norge for \u00e5 gj\u00f8re de langsiktige m\u00e5lene om til handling. \n<\/p>\n\n\n\n<p>Det hjelper lite at Helen Bj\u00f8rn\u00f8y holder festtaler om hvor viktig det er at globale utslipp m\u00e5 kuttes, n\u00e5r utslippene i Norge \u00f8ker for hvert \u00e5r som g\u00e5r. Det er bra at Bj\u00f8rn\u00f8y krever handling av det internasjonale forurensingstriangelet USA, Australia og Canada, men det viktigste Bj\u00f8rn\u00f8y kan gj\u00f8re, er \u00e5 f\u00e5 kontroll p\u00e5 Regjeringens eget forurensingstriangel Jens Stoltenberg, Odd Roger Enoksen og Liv Signe Navarsete, som gj\u00f8r alt de kan for \u00e5 \u00f8ke norske klimagassutslipp.<br>\n<\/p>\n\n\n\n<p>N\u00e5r det eneste Helen Bj\u00f8rn\u00f8y kan skryte av \u00e5 ha prestert det siste \u00e5ret, er \u00e5 tillate byggingen av et forurensende gasskraftverk p\u00e5 Mongstad, viser det med all tydelighet hvor lite Regjeringen har gjort for \u00e5 kutte norske klimagassutslipp. Vi i Natur og Ungdom forventer at Regjeringen n\u00e5 lover en halvering av norske klimagassutslipp innen 2020, og f\u00f8lger opp m\u00e5let med konkrete planer for utslippskutt i biltrafikken og oljeindustrien, som i dag er klimaverstingene i Norge.- Ane Marte Rognskog, leder i M\u00f8re og Romsdal Natur og Ungdom.<\/p>\n","protected":false},"excerpt":{"rendered":"<p>Leserinnlegg fra M\u00f8re og Romsdal Natur og Ungdom.<\/p>\n","protected":false},"author":38,"featured_media":0,"comment_status":"closed","ping_status":"closed","sticky":false,"template":"","format":"standard","meta":{"_relevanssi_hide_post":"","_relevanssi_hide_content":"","_relevanssi_pin_for_all":"","_relevanssi_pin_keywords":"","_relevanssi_unpin_keywords":"","_relevanssi_related_keywords":"","_relevanssi_related_include_ids":"","_relevanssi_related_exclude_ids":"","_relevanssi_related_no_append":"","_relevanssi_related_not_related":"","_relevanssi_related_posts":"","_relevanssi_noindex_reason":"","hide_logo":false,"footnotes":""},"categories":[19],"tags":[],"local":[],"class_list":["post-1754","post","type-post","status-publish","format-standard","hentry","category-klima"],"acf":[],"yoast_head":"<!-- This site is optimized with the Yoast SEO plugin v24.9 - https:\/\/yoast.com\/wordpress\/plugins\/seo\/ -->\n<title>F\u00f8lg opp festtalene hjemme, Bj\u00f8rn\u00f8y! - M\u00f8re og Romsdal<\/title>\n<meta name=\"robots\" content=\"index, follow, max-snippet:-1, max-image-preview:large, max-video-preview:-1\" \/>\n<link rel=\"canonical\" href=\"https:\/\/naturvernforbundet.no\/moreogromsdal\/folg-opp-festtalene-hjemme-bjornoy\/\" \/>\n<meta property=\"og:locale\" content=\"nb_NO\" \/>\n<meta property=\"og:type\" content=\"article\" \/>\n<meta property=\"og:title\" content=\"F\u00f8lg opp festtalene hjemme, Bj\u00f8rn\u00f8y! - M\u00f8re og Romsdal\" \/>\n<meta property=\"og:description\" content=\"Leserinnlegg fra M\u00f8re og Romsdal Natur og Ungdom.\" \/>\n<meta property=\"og:url\" content=\"https:\/\/naturvernforbundet.no\/moreogromsdal\/folg-opp-festtalene-hjemme-bjornoy\/\" \/>\n<meta property=\"og:site_name\" content=\"M\u00f8re og Romsdal\" \/>\n<meta property=\"article:published_time\" content=\"2006-11-15T20:52:00+00:00\" \/>\n<meta name=\"author\" content=\"Artikkelimport\u00f8r\" \/>\n<meta name=\"twitter:card\" content=\"summary_large_image\" \/>\n<meta name=\"twitter:label1\" content=\"Skrevet av\" \/>\n\t<meta name=\"twitter:data1\" content=\"Artikkelimport\u00f8r\" \/>\n\t<meta name=\"twitter:label2\" content=\"Ansl. lesetid\" \/>\n\t<meta name=\"twitter:data2\" content=\"2 minutter\" \/>\n<script type=\"application\/ld+json\" class=\"yoast-schema-graph\">{\"@context\":\"https:\/\/schema.org\",\"@graph\":[{\"@type\":\"WebPage\",\"@id\":\"https:\/\/naturvernforbundet.no\/moreogromsdal\/folg-opp-festtalene-hjemme-bjornoy\/\",\"url\":\"https:\/\/naturvernforbundet.no\/moreogromsdal\/folg-opp-festtalene-hjemme-bjornoy\/\",\"name\":\"F\u00f8lg opp festtalene hjemme, Bj\u00f8rn\u00f8y! - M\u00f8re og Romsdal\",\"isPartOf\":{\"@id\":\"https:\/\/naturvernforbundet.no\/moreogromsdal\/#website\"},\"datePublished\":\"2006-11-15T20:52:00+00:00\",\"author\":{\"@id\":\"https:\/\/naturvernforbundet.no\/moreogromsdal\/#\/schema\/person\/c72f198205979084bf071deedb6205f4\"},\"breadcrumb\":{\"@id\":\"https:\/\/naturvernforbundet.no\/moreogromsdal\/folg-opp-festtalene-hjemme-bjornoy\/#breadcrumb\"},\"inLanguage\":\"nb-NO\",\"potentialAction\":[{\"@type\":\"ReadAction\",\"target\":[\"https:\/\/naturvernforbundet.no\/moreogromsdal\/folg-opp-festtalene-hjemme-bjornoy\/\"]}]},{\"@type\":\"BreadcrumbList\",\"@id\":\"https:\/\/naturvernforbundet.no\/moreogromsdal\/folg-opp-festtalene-hjemme-bjornoy\/#breadcrumb\",\"itemListElement\":[{\"@type\":\"ListItem\",\"position\":1,\"name\":\"Till naturvernforbundet.no\",\"item\":\"https:\/\/naturvernforbundet.no\/\"},{\"@type\":\"ListItem\",\"position\":2,\"name\":\"M\u00f8re og Romsdal\",\"item\":\"https:\/\/naturvernforbundet.no\/moreogromsdal\/\"},{\"@type\":\"ListItem\",\"position\":3,\"name\":\"F\u00f8lg opp festtalene hjemme, Bj\u00f8rn\u00f8y!\"}]},{\"@type\":\"WebSite\",\"@id\":\"https:\/\/naturvernforbundet.no\/moreogromsdal\/#website\",\"url\":\"https:\/\/naturvernforbundet.no\/moreogromsdal\/\",\"name\":\"M\u00f8re og Romsdal\",\"description\":\"Bare enda et Naturvernforbundet Sites-nettsted\",\"potentialAction\":[{\"@type\":\"SearchAction\",\"target\":{\"@type\":\"EntryPoint\",\"urlTemplate\":\"https:\/\/naturvernforbundet.no\/moreogromsdal\/?s={search_term_string}\"},\"query-input\":{\"@type\":\"PropertyValueSpecification\",\"valueRequired\":true,\"valueName\":\"search_term_string\"}}],\"inLanguage\":\"nb-NO\"},{\"@type\":\"Person\",\"@id\":\"https:\/\/naturvernforbundet.no\/moreogromsdal\/#\/schema\/person\/c72f198205979084bf071deedb6205f4\",\"name\":\"Artikkelimport\u00f8r\",\"image\":{\"@type\":\"ImageObject\",\"inLanguage\":\"nb-NO\",\"@id\":\"https:\/\/naturvernforbundet.no\/moreogromsdal\/#\/schema\/person\/image\/\",\"url\":\"https:\/\/secure.gravatar.com\/avatar\/015fa491b9ed1c823ef16a5c930294d1?s=96&d=mm&r=g\",\"contentUrl\":\"https:\/\/secure.gravatar.com\/avatar\/015fa491b9ed1c823ef16a5c930294d1?s=96&d=mm&r=g\",\"caption\":\"Artikkelimport\u00f8r\"},\"url\":\"https:\/\/naturvernforbundet.no\/moreogromsdal\/author\/artikkelimportor\/\"}]}<\/script>\n<!-- \/ Yoast SEO plugin. -->","yoast_head_json":{"title":"F\u00f8lg opp festtalene hjemme, Bj\u00f8rn\u00f8y! - M\u00f8re og Romsdal","robots":{"index":"index","follow":"follow","max-snippet":"max-snippet:-1","max-image-preview":"max-image-preview:large","max-video-preview":"max-video-preview:-1"},"canonical":"https:\/\/naturvernforbundet.no\/moreogromsdal\/folg-opp-festtalene-hjemme-bjornoy\/","og_locale":"nb_NO","og_type":"article","og_title":"F\u00f8lg opp festtalene hjemme, Bj\u00f8rn\u00f8y! - M\u00f8re og Romsdal","og_description":"Leserinnlegg fra M\u00f8re og Romsdal Natur og Ungdom.","og_url":"https:\/\/naturvernforbundet.no\/moreogromsdal\/folg-opp-festtalene-hjemme-bjornoy\/","og_site_name":"M\u00f8re og Romsdal","article_published_time":"2006-11-15T20:52:00+00:00","author":"Artikkelimport\u00f8r","twitter_card":"summary_large_image","twitter_misc":{"Skrevet av":"Artikkelimport\u00f8r","Ansl. lesetid":"2 minutter"},"schema":{"@context":"https:\/\/schema.org","@graph":[{"@type":"WebPage","@id":"https:\/\/naturvernforbundet.no\/moreogromsdal\/folg-opp-festtalene-hjemme-bjornoy\/","url":"https:\/\/naturvernforbundet.no\/moreogromsdal\/folg-opp-festtalene-hjemme-bjornoy\/","name":"F\u00f8lg opp festtalene hjemme, Bj\u00f8rn\u00f8y! - M\u00f8re og Romsdal","isPartOf":{"@id":"https:\/\/naturvernforbundet.no\/moreogromsdal\/#website"},"datePublished":"2006-11-15T20:52:00+00:00","author":{"@id":"https:\/\/naturvernforbundet.no\/moreogromsdal\/#\/schema\/person\/c72f198205979084bf071deedb6205f4"},"breadcrumb":{"@id":"https:\/\/naturvernforbundet.no\/moreogromsdal\/folg-opp-festtalene-hjemme-bjornoy\/#breadcrumb"},"inLanguage":"nb-NO","potentialAction":[{"@type":"ReadAction","target":["https:\/\/naturvernforbundet.no\/moreogromsdal\/folg-opp-festtalene-hjemme-bjornoy\/"]}]},{"@type":"BreadcrumbList","@id":"https:\/\/naturvernforbundet.no\/moreogromsdal\/folg-opp-festtalene-hjemme-bjornoy\/#breadcrumb","itemListElement":[{"@type":"ListItem","position":1,"name":"Till naturvernforbundet.no","item":"https:\/\/naturvernforbundet.no\/"},{"@type":"ListItem","position":2,"name":"M\u00f8re og Romsdal","item":"https:\/\/naturvernforbundet.no\/moreogromsdal\/"},{"@type":"ListItem","position":3,"name":"F\u00f8lg opp festtalene hjemme, Bj\u00f8rn\u00f8y!"}]},{"@type":"WebSite","@id":"https:\/\/naturvernforbundet.no\/moreogromsdal\/#website","url":"https:\/\/naturvernforbundet.no\/moreogromsdal\/","name":"M\u00f8re og Romsdal","description":"Bare enda et Naturvernforbundet Sites-nettsted","potentialAction":[{"@type":"SearchAction","target":{"@type":"EntryPoint","urlTemplate":"https:\/\/naturvernforbundet.no\/moreogromsdal\/?s={search_term_string}"},"query-input":{"@type":"PropertyValueSpecification","valueRequired":true,"valueName":"search_term_string"}}],"inLanguage":"nb-NO"},{"@type":"Person","@id":"https:\/\/naturvernforbundet.no\/moreogromsdal\/#\/schema\/person\/c72f198205979084bf071deedb6205f4","name":"Artikkelimport\u00f8r","image":{"@type":"ImageObject","inLanguage":"nb-NO","@id":"https:\/\/naturvernforbundet.no\/moreogromsdal\/#\/schema\/person\/image\/","url":"https:\/\/secure.gravatar.com\/avatar\/015fa491b9ed1c823ef16a5c930294d1?s=96&d=mm&r=g","contentUrl":"https:\/\/secure.gravatar.com\/avatar\/015fa491b9ed1c823ef16a5c930294d1?s=96&d=mm&r=g","caption":"Artikkelimport\u00f8r"},"url":"https:\/\/naturvernforbundet.no\/moreogromsdal\/author\/artikkelimportor\/"}]}},"_links":{"self":[{"href":"https:\/\/naturvernforbundet.no\/moreogromsdal\/wp-json\/wp\/v2\/posts\/1754","targetHints":{"allow":["GET"]}}],"collection":[{"href":"https:\/\/naturvernforbundet.no\/moreogromsdal\/wp-json\/wp\/v2\/posts"}],"about":[{"href":"https:\/\/naturvernforbundet.no\/moreogromsdal\/wp-json\/wp\/v2\/types\/post"}],"author":[{"embeddable":true,"href":"https:\/\/naturvernforbundet.no\/moreogromsdal\/wp-json\/wp\/v2\/users\/38"}],"replies":[{"embeddable":true,"href":"https:\/\/naturvernforbundet.no\/moreogromsdal\/wp-json\/wp\/v2\/comments?post=1754"}],"version-history":[{"count":0,"href":"https:\/\/naturvernforbundet.no\/moreogromsdal\/wp-json\/wp\/v2\/posts\/1754\/revisions"}],"wp:attachment":[{"href":"https:\/\/naturvernforbundet.no\/moreogromsdal\/wp-json\/wp\/v2\/media?parent=1754"}],"wp:term":[{"taxonomy":"category","embeddable":true,"href":"https:\/\/naturvernforbundet.no\/moreogromsdal\/wp-json\/wp\/v2\/categories?post=1754"},{"taxonomy":"post_tag","embeddable":true,"href":"https:\/\/naturvernforbundet.no\/moreogromsdal\/wp-json\/wp\/v2\/tags?post=1754"},{"taxonomy":"local","embeddable":true,"href":"https:\/\/naturvernforbundet.no\/moreogromsdal\/wp-json\/wp\/v2\/local?post=1754"}],"curies":[{"name":"wp","href":"https:\/\/api.w.org\/{rel}","templated":true}]}}