{"id":1769,"date":"2005-12-05T11:53:00","date_gmt":"2005-12-05T10:53:00","guid":{"rendered":"https:\/\/naturvernforbundet.no\/moreogromsdal\/naturvernforbundet-framleis-mot-utbygging-av-aurstadelva\/"},"modified":"2005-12-05T11:53:00","modified_gmt":"2005-12-05T10:53:00","slug":"naturvernforbundet-framleis-mot-utbygging-av-aurstadelva","status":"publish","type":"post","link":"https:\/\/naturvernforbundet.no\/moreogromsdal\/naturvernforbundet-framleis-mot-utbygging-av-aurstadelva\/","title":{"rendered":"Naturvernforbundet framleis mot utbygging av Aurstadelva"},"content":{"rendered":"\t<div class=\"template-post alignfull wp-block-naturvern-hero\">\n\t\t<div class=\"hero__inner\">\n\t\t\t<div class=\"hero__inner_blocks\">\n\t\t\t\t\t\t\t\t\n\t\t\t\t\t<h1 class=\"wp-block-post-title\">Naturvernforbundet framleis mot utbygging av Aurstadelva<\/h1>\n\n\t\t\t\t\t<div class=\"wp-block-post-excerpt\"><p class=\"wp-block-post-excerpt__excerpt\">Naturvernforbundet g\u00e5r framleis sterkt imot prosjektet. &#8211; Vi ser endringane som kosmetiske, seier Johan Hustadnes og Knut Fest\u00f8 i Naturvernforbundet i ein uttale til det nye framlegget til utbygging av Aurstadelva. <\/p><\/div>\n\n\t\t\t\t\t\n\n\t\t\t\t\t<div class=\"wp-block-naturvern-byline\">\n\t\t\t<div class=\"authors\">By <span class=\"t2-byline__author-link\">Artikkelimport\u00f8r<\/span><\/div>\n\t\t\t<small class=\"entry-date\">05.12.2005 11:53<\/small>\n\t\t<\/div>\n\t\t\t\t\t\t\t\t<\/div>\n\t\t\t\t\t<\/div>\n\t\t\t<\/div>\n\t\n<p>Naturvernforbundet i Volda og \u00d8rsta g\u00e5r sterkt imot nedbygging av Aurstadelva. Elva har store estetiske verdiar som er viktige for folk si daglege naturoppleving og for satsinga p\u00e5 naturbasert turisme. Fossane m\u00e5 ikkje fjernast, men heller gjerast lettare tilgjengeleg. Rasteplassen ved riksvegen er eit godt utgangspunkt for det.<br><br>Naturvernforbundet er ogs\u00e5 glade for det store engasjementet mot prosjektet. Det er vanskeleg \u00e5 g\u00e5 imot kjentfolk si satsing, s\u00e5 det er tydeleg at folk set stor pris p\u00e5 elva som ho er. Handsaminga av saka s\u00e5 langt tener b\u00e5de bygdefolket og Volda kommune til \u00e6re, meiner Hustadnes og Fest\u00f8.\n<\/p>\n\n\n\n<p><a href=\"\/imakerdata\/f\/0\/75\/07\/0_2401_0\/Sunnmorsposten_10._januar_2006.pdf\">Sunnm\u00f8rsposten 10. januar 2006<\/a><\/p>\n\n\n\n<p><a href=\"\/imakerdata\/f\/0\/75\/17\/6_2401_0\/Avisinnlegg_Aurstadelva_09_01_06.pdf\">Lesarinnlegg 9. januar 2006<\/a><\/p>\n\n\n\n<p><a href=\"\/imakerdata\/f\/0\/75\/17\/7_2401_0\/Aurstadelva_Uttale_Planendringssoknad.pdf\">Uttale fr\u00e5 Olav H\u00e5vik<\/a><\/p>\n\n\n\n<p><a href=\"\/imakerdata\/f\/0\/73\/97\/6_2401_0\/Aurstadelva_Planendringssoknad_-Uttale_NVE_Naturvernforbundet_i_Volda_og_Orsta.pd\">Les heile uttalen fr\u00e5 Naturvernforbundet til NVE<\/a><\/p>\n\n\n\n<p><a href=\"\/imakerdata\/f\/1\/12\/11\/6_2401_0\/oversendingsbrev_til_NVE_dltmp1190.pdf\">Oversendelse av klage p\u00e5 avslag &#8211; august 2007<\/a><\/p>\n\n\n\n<p><a href=\"\/imakerdata\/f\/1\/12\/11\/7_2401_0\/klagetillegg_28-08-2007_dltmp1191.pdf\">Sj\u00f8lve klagen p\u00e5 avslag i Aurstadelva &#8211; august 2007<\/a><\/p>\n\n\n\n<p><a href=\"\/imakerdata\/f\/1\/12\/11\/8_2401_0\/dltmp1192.PDF\">NVE sitt syn p\u00e5 klaga &#8211; Aurstadelva &#8211; desember 2007<\/a><\/p>\n\n\n\n<figure class=\"wp-block-image\"><img decoding=\"async\" src=\"\/imakerdata\/b\/0\/73\/97\/8_2701_0.jpg\" alt=\"\"\/><\/figure>\n\n\n\n<p>Aurstadelva\n\nFoto: Naturvernforbundet<\/p>\n\n\n\n<figure class=\"wp-block-image\"><img decoding=\"async\" src=\"\/imakerdata\/b\/0\/73\/97\/7_2701_0.jpg\" alt=\"\"\/><\/figure>\n\n\n\n<p>Heidaelv &#8211; Aurstadelva\n\nFoto: Naturvernforbundet<\/p>\n\n\n\n<figure class=\"wp-block-image\"><img decoding=\"async\" src=\"\/imakerdata\/b\/0\/73\/97\/9_2701_0.jpg\" alt=\"\"\/><\/figure>\n\n\n\n<p>Aurstadelva i Austefjorden i Volda\n\nFoto: Naturvernforbundet<\/p>\n\n\n\n<figure class=\"wp-block-image\"><img decoding=\"async\" src=\"\/imakerdata\/b\/0\/73\/98\/0_2701_0.jpg\" alt=\"\"\/><\/figure>\n\n\n\n<p>Aurstadfossen i Austefjorden i Volda\n\nFoto: Naturvernforbundet<\/p>\n","protected":false},"excerpt":{"rendered":"<p>Naturvernforbundet g\u00e5r framleis sterkt imot prosjektet. &#8211; Vi ser endringane som kosmetiske, seier Johan Hustadnes og Knut Fest\u00f8 i Naturvernforbundet i ein uttale til det nye framlegget til utbygging av Aurstadelva.<\/p>\n","protected":false},"author":38,"featured_media":0,"comment_status":"closed","ping_status":"closed","sticky":false,"template":"","format":"standard","meta":{"_relevanssi_hide_post":"","_relevanssi_hide_content":"","_relevanssi_pin_for_all":"","_relevanssi_pin_keywords":"","_relevanssi_unpin_keywords":"","_relevanssi_related_keywords":"","_relevanssi_related_include_ids":"","_relevanssi_related_exclude_ids":"","_relevanssi_related_no_append":"","_relevanssi_related_not_related":"","_relevanssi_related_posts":"","_relevanssi_noindex_reason":"","hide_logo":false,"footnotes":""},"categories":[13],"tags":[],"local":[],"class_list":["post-1769","post","type-post","status-publish","format-standard","hentry","category-vasskraft"],"acf":[],"yoast_head":"<!-- This site is optimized with the Yoast SEO plugin v24.9 - https:\/\/yoast.com\/wordpress\/plugins\/seo\/ -->\n<title>Naturvernforbundet framleis mot utbygging av Aurstadelva - M\u00f8re og Romsdal<\/title>\n<meta name=\"robots\" content=\"index, follow, max-snippet:-1, max-image-preview:large, max-video-preview:-1\" \/>\n<link rel=\"canonical\" href=\"https:\/\/naturvernforbundet.no\/moreogromsdal\/naturvernforbundet-framleis-mot-utbygging-av-aurstadelva\/\" \/>\n<meta property=\"og:locale\" content=\"nb_NO\" \/>\n<meta property=\"og:type\" content=\"article\" \/>\n<meta property=\"og:title\" content=\"Naturvernforbundet framleis mot utbygging av Aurstadelva - M\u00f8re og Romsdal\" \/>\n<meta property=\"og:description\" content=\"Naturvernforbundet g\u00e5r framleis sterkt imot prosjektet. - Vi ser endringane som kosmetiske, seier Johan Hustadnes og Knut Fest\u00f8 i Naturvernforbundet i ein uttale til det nye framlegget til utbygging av Aurstadelva.\" \/>\n<meta property=\"og:url\" content=\"https:\/\/naturvernforbundet.no\/moreogromsdal\/naturvernforbundet-framleis-mot-utbygging-av-aurstadelva\/\" \/>\n<meta property=\"og:site_name\" content=\"M\u00f8re og Romsdal\" \/>\n<meta property=\"article:published_time\" content=\"2005-12-05T10:53:00+00:00\" \/>\n<meta name=\"author\" content=\"Artikkelimport\u00f8r\" \/>\n<meta name=\"twitter:card\" content=\"summary_large_image\" \/>\n<meta name=\"twitter:label1\" content=\"Skrevet av\" \/>\n\t<meta name=\"twitter:data1\" content=\"Artikkelimport\u00f8r\" \/>\n\t<meta name=\"twitter:label2\" content=\"Ansl. lesetid\" \/>\n\t<meta name=\"twitter:data2\" content=\"1 minutt\" \/>\n<script type=\"application\/ld+json\" class=\"yoast-schema-graph\">{\"@context\":\"https:\/\/schema.org\",\"@graph\":[{\"@type\":\"WebPage\",\"@id\":\"https:\/\/naturvernforbundet.no\/moreogromsdal\/naturvernforbundet-framleis-mot-utbygging-av-aurstadelva\/\",\"url\":\"https:\/\/naturvernforbundet.no\/moreogromsdal\/naturvernforbundet-framleis-mot-utbygging-av-aurstadelva\/\",\"name\":\"Naturvernforbundet framleis mot utbygging av Aurstadelva - M\u00f8re og Romsdal\",\"isPartOf\":{\"@id\":\"https:\/\/naturvernforbundet.no\/moreogromsdal\/#website\"},\"datePublished\":\"2005-12-05T10:53:00+00:00\",\"author\":{\"@id\":\"https:\/\/naturvernforbundet.no\/moreogromsdal\/#\/schema\/person\/c72f198205979084bf071deedb6205f4\"},\"breadcrumb\":{\"@id\":\"https:\/\/naturvernforbundet.no\/moreogromsdal\/naturvernforbundet-framleis-mot-utbygging-av-aurstadelva\/#breadcrumb\"},\"inLanguage\":\"nb-NO\",\"potentialAction\":[{\"@type\":\"ReadAction\",\"target\":[\"https:\/\/naturvernforbundet.no\/moreogromsdal\/naturvernforbundet-framleis-mot-utbygging-av-aurstadelva\/\"]}]},{\"@type\":\"BreadcrumbList\",\"@id\":\"https:\/\/naturvernforbundet.no\/moreogromsdal\/naturvernforbundet-framleis-mot-utbygging-av-aurstadelva\/#breadcrumb\",\"itemListElement\":[{\"@type\":\"ListItem\",\"position\":1,\"name\":\"Till naturvernforbundet.no\",\"item\":\"https:\/\/naturvernforbundet.no\/\"},{\"@type\":\"ListItem\",\"position\":2,\"name\":\"M\u00f8re og Romsdal\",\"item\":\"https:\/\/naturvernforbundet.no\/moreogromsdal\/\"},{\"@type\":\"ListItem\",\"position\":3,\"name\":\"Naturvernforbundet framleis mot utbygging av Aurstadelva\"}]},{\"@type\":\"WebSite\",\"@id\":\"https:\/\/naturvernforbundet.no\/moreogromsdal\/#website\",\"url\":\"https:\/\/naturvernforbundet.no\/moreogromsdal\/\",\"name\":\"M\u00f8re og Romsdal\",\"description\":\"Bare enda et Naturvernforbundet Sites-nettsted\",\"potentialAction\":[{\"@type\":\"SearchAction\",\"target\":{\"@type\":\"EntryPoint\",\"urlTemplate\":\"https:\/\/naturvernforbundet.no\/moreogromsdal\/?s={search_term_string}\"},\"query-input\":{\"@type\":\"PropertyValueSpecification\",\"valueRequired\":true,\"valueName\":\"search_term_string\"}}],\"inLanguage\":\"nb-NO\"},{\"@type\":\"Person\",\"@id\":\"https:\/\/naturvernforbundet.no\/moreogromsdal\/#\/schema\/person\/c72f198205979084bf071deedb6205f4\",\"name\":\"Artikkelimport\u00f8r\",\"image\":{\"@type\":\"ImageObject\",\"inLanguage\":\"nb-NO\",\"@id\":\"https:\/\/naturvernforbundet.no\/moreogromsdal\/#\/schema\/person\/image\/\",\"url\":\"https:\/\/secure.gravatar.com\/avatar\/015fa491b9ed1c823ef16a5c930294d1?s=96&d=mm&r=g\",\"contentUrl\":\"https:\/\/secure.gravatar.com\/avatar\/015fa491b9ed1c823ef16a5c930294d1?s=96&d=mm&r=g\",\"caption\":\"Artikkelimport\u00f8r\"},\"url\":\"https:\/\/naturvernforbundet.no\/moreogromsdal\/author\/artikkelimportor\/\"}]}<\/script>\n<!-- \/ Yoast SEO plugin. -->","yoast_head_json":{"title":"Naturvernforbundet framleis mot utbygging av Aurstadelva - M\u00f8re og Romsdal","robots":{"index":"index","follow":"follow","max-snippet":"max-snippet:-1","max-image-preview":"max-image-preview:large","max-video-preview":"max-video-preview:-1"},"canonical":"https:\/\/naturvernforbundet.no\/moreogromsdal\/naturvernforbundet-framleis-mot-utbygging-av-aurstadelva\/","og_locale":"nb_NO","og_type":"article","og_title":"Naturvernforbundet framleis mot utbygging av Aurstadelva - M\u00f8re og Romsdal","og_description":"Naturvernforbundet g\u00e5r framleis sterkt imot prosjektet. - Vi ser endringane som kosmetiske, seier Johan Hustadnes og Knut Fest\u00f8 i Naturvernforbundet i ein uttale til det nye framlegget til utbygging av Aurstadelva.","og_url":"https:\/\/naturvernforbundet.no\/moreogromsdal\/naturvernforbundet-framleis-mot-utbygging-av-aurstadelva\/","og_site_name":"M\u00f8re og Romsdal","article_published_time":"2005-12-05T10:53:00+00:00","author":"Artikkelimport\u00f8r","twitter_card":"summary_large_image","twitter_misc":{"Skrevet av":"Artikkelimport\u00f8r","Ansl. lesetid":"1 minutt"},"schema":{"@context":"https:\/\/schema.org","@graph":[{"@type":"WebPage","@id":"https:\/\/naturvernforbundet.no\/moreogromsdal\/naturvernforbundet-framleis-mot-utbygging-av-aurstadelva\/","url":"https:\/\/naturvernforbundet.no\/moreogromsdal\/naturvernforbundet-framleis-mot-utbygging-av-aurstadelva\/","name":"Naturvernforbundet framleis mot utbygging av Aurstadelva - M\u00f8re og Romsdal","isPartOf":{"@id":"https:\/\/naturvernforbundet.no\/moreogromsdal\/#website"},"datePublished":"2005-12-05T10:53:00+00:00","author":{"@id":"https:\/\/naturvernforbundet.no\/moreogromsdal\/#\/schema\/person\/c72f198205979084bf071deedb6205f4"},"breadcrumb":{"@id":"https:\/\/naturvernforbundet.no\/moreogromsdal\/naturvernforbundet-framleis-mot-utbygging-av-aurstadelva\/#breadcrumb"},"inLanguage":"nb-NO","potentialAction":[{"@type":"ReadAction","target":["https:\/\/naturvernforbundet.no\/moreogromsdal\/naturvernforbundet-framleis-mot-utbygging-av-aurstadelva\/"]}]},{"@type":"BreadcrumbList","@id":"https:\/\/naturvernforbundet.no\/moreogromsdal\/naturvernforbundet-framleis-mot-utbygging-av-aurstadelva\/#breadcrumb","itemListElement":[{"@type":"ListItem","position":1,"name":"Till naturvernforbundet.no","item":"https:\/\/naturvernforbundet.no\/"},{"@type":"ListItem","position":2,"name":"M\u00f8re og Romsdal","item":"https:\/\/naturvernforbundet.no\/moreogromsdal\/"},{"@type":"ListItem","position":3,"name":"Naturvernforbundet framleis mot utbygging av Aurstadelva"}]},{"@type":"WebSite","@id":"https:\/\/naturvernforbundet.no\/moreogromsdal\/#website","url":"https:\/\/naturvernforbundet.no\/moreogromsdal\/","name":"M\u00f8re og Romsdal","description":"Bare enda et Naturvernforbundet Sites-nettsted","potentialAction":[{"@type":"SearchAction","target":{"@type":"EntryPoint","urlTemplate":"https:\/\/naturvernforbundet.no\/moreogromsdal\/?s={search_term_string}"},"query-input":{"@type":"PropertyValueSpecification","valueRequired":true,"valueName":"search_term_string"}}],"inLanguage":"nb-NO"},{"@type":"Person","@id":"https:\/\/naturvernforbundet.no\/moreogromsdal\/#\/schema\/person\/c72f198205979084bf071deedb6205f4","name":"Artikkelimport\u00f8r","image":{"@type":"ImageObject","inLanguage":"nb-NO","@id":"https:\/\/naturvernforbundet.no\/moreogromsdal\/#\/schema\/person\/image\/","url":"https:\/\/secure.gravatar.com\/avatar\/015fa491b9ed1c823ef16a5c930294d1?s=96&d=mm&r=g","contentUrl":"https:\/\/secure.gravatar.com\/avatar\/015fa491b9ed1c823ef16a5c930294d1?s=96&d=mm&r=g","caption":"Artikkelimport\u00f8r"},"url":"https:\/\/naturvernforbundet.no\/moreogromsdal\/author\/artikkelimportor\/"}]}},"_links":{"self":[{"href":"https:\/\/naturvernforbundet.no\/moreogromsdal\/wp-json\/wp\/v2\/posts\/1769","targetHints":{"allow":["GET"]}}],"collection":[{"href":"https:\/\/naturvernforbundet.no\/moreogromsdal\/wp-json\/wp\/v2\/posts"}],"about":[{"href":"https:\/\/naturvernforbundet.no\/moreogromsdal\/wp-json\/wp\/v2\/types\/post"}],"author":[{"embeddable":true,"href":"https:\/\/naturvernforbundet.no\/moreogromsdal\/wp-json\/wp\/v2\/users\/38"}],"replies":[{"embeddable":true,"href":"https:\/\/naturvernforbundet.no\/moreogromsdal\/wp-json\/wp\/v2\/comments?post=1769"}],"version-history":[{"count":0,"href":"https:\/\/naturvernforbundet.no\/moreogromsdal\/wp-json\/wp\/v2\/posts\/1769\/revisions"}],"wp:attachment":[{"href":"https:\/\/naturvernforbundet.no\/moreogromsdal\/wp-json\/wp\/v2\/media?parent=1769"}],"wp:term":[{"taxonomy":"category","embeddable":true,"href":"https:\/\/naturvernforbundet.no\/moreogromsdal\/wp-json\/wp\/v2\/categories?post=1769"},{"taxonomy":"post_tag","embeddable":true,"href":"https:\/\/naturvernforbundet.no\/moreogromsdal\/wp-json\/wp\/v2\/tags?post=1769"},{"taxonomy":"local","embeddable":true,"href":"https:\/\/naturvernforbundet.no\/moreogromsdal\/wp-json\/wp\/v2\/local?post=1769"}],"curies":[{"name":"wp","href":"https:\/\/api.w.org\/{rel}","templated":true}]}}