{"id":1778,"date":"2005-02-26T16:07:14","date_gmt":"2005-02-26T15:07:14","guid":{"rendered":"https:\/\/naturvernforbundet.no\/moreogromsdal\/jazzgass-og-miljo\/"},"modified":"2005-02-26T16:07:14","modified_gmt":"2005-02-26T15:07:14","slug":"jazzgass-og-miljo","status":"publish","type":"post","link":"https:\/\/naturvernforbundet.no\/moreogromsdal\/jazzgass-og-miljo\/","title":{"rendered":"Jazzgass og milj\u00f8"},"content":{"rendered":"\t<div class=\"template-post alignfull wp-block-naturvern-hero\">\n\t\t<div class=\"hero__inner\">\n\t\t\t<div class=\"hero__inner_blocks\">\n\t\t\t\t\t\t\t\t\n\t\t\t\t\t<h1 class=\"wp-block-post-title\">Jazzgass og milj\u00f8<\/h1>\n\n\t\t\t\t\t<div class=\"wp-block-post-excerpt\"><p class=\"wp-block-post-excerpt__excerpt\">Naturvernforbundet i M\u00f8re og Romsdal meiner programmet for Jazzgass, eit samarbeid mellom Moldejazz og M\u00f8re og Romsdal fylkeskommune, har f\u00e5tt noko politisk &laquo;slagside&raquo;. To oljeselskap er inviterte. I eit brev til arrang\u00f8rane seier leiar \u00d8ystein Folden at det er naturleg og \u00e5 ha eit innlegg som seier noko om kva rammer milj\u00f8et og \u00f8nskja om&hellip; <\/p><\/div>\n\n\t\t\t\t\t\n\n\t\t\t\t\t<div class=\"wp-block-naturvern-byline\">\n\t\t\t<div class=\"authors\">By <span class=\"t2-byline__author-link\">Artikkelimport\u00f8r<\/span><\/div>\n\t\t\t<small class=\"entry-date\">26.02.2005 16:07<\/small>\n\t\t<\/div>\n\t\t\t\t\t\t\t\t<\/div>\n\t\t\t\t\t<\/div>\n\t\t\t<\/div>\n\t\n<p><em>Les brevet:<br><\/em><\/p>\n\n\n\n<p>Naturvernforbundet i M\u00f8re og Romsdal\n<\/p>\n\n\n\n<p>Storgata 50\n<\/p>\n\n\n\n<p>6413 MOLDE\n<\/p>\n\n\n\n<p>29. april 2004\n<\/p>\n\n\n\n<p>Jon Aasen\n<\/p>\n\n\n\n<p>M\u00f8re og Romsdal fylke\n<\/p>\n\n\n\n<p>Fylkeshuset\n<\/p>\n\n\n\n<p>6404 MOLDE\n<\/p>\n\n\n\n<h1 class=\"wp-block-heading\">JAZZGASS OG MILJ\u00d8<\/h1>\n\n\n\n<p>Naturvernforbundet i M\u00f8re og Romsdal har sett at M\u00f8re og Romsdal fylke og Moldejazz inviterer til Jazzgass i \u00e5r ogs\u00e5. Det er bra at fylket og festivalen nyttar h\u00f8vet til \u00e5 samarbeide. Naturvernforbundet synest likevel at programmet til Jazzgass slik det ser ut no har f\u00e5tt noko politisk ?slagside?. Vi trur ikkje fylket og Moldejazz er tent med denne manglande objektiviteten.\n<\/p>\n\n\n\n<p>Milj\u00f8et set kl\u00e5re rammer for kva n\u00e6ringsutvikling som er framtidsretta. Usleppa fr\u00e5 bruk av fossilgass er viktige bidrag til menneskeskapte klimaendringar. Det ville difor vere heilt naturleg at det p\u00e5 Jazzgass var eit innlegg som sa noko om kva rammer milj\u00f8et og \u00f8nskja om berekraftig utvikling set n\u00e5r det gjeld bruk av gass i Noreg. Dette manglar no! Derimot er to oljeselskap inviterte.\n<\/p>\n\n\n\n<p>Vi vil difor foresl\u00e5 at Lars Haltbrekken, nestleiar i Norges Naturvernforbund, ogs\u00e5 blir invitert til \u00e5 halde innlegg p\u00e5 Jazzgass. Haltbrekken har dei siste ti \u00e5ra vore den mest sentrale milj\u00f8vernaren i Noreg n\u00e5r det gjeld arbeid med gass. Lars Haltbrekken har epost <a href=\"mailto:lars.haltbrekken@online.no\">lars.haltbrekken@online.no<\/a> og telefon 91 61 21 91.\n<\/p>\n\n\n\n<p>Med helsing\n<\/p>\n\n\n\n<p>\u00d8ystein Folden \n<\/p>\n\n\n\n<p>l<\/p>\n","protected":false},"excerpt":{"rendered":"<p>Naturvernforbundet i M\u00f8re og Romsdal meiner programmet for Jazzgass, eit samarbeid mellom Moldejazz og M\u00f8re og Romsdal fylkeskommune, har f\u00e5tt noko politisk &laquo;slagside&raquo;. To oljeselskap er inviterte. I eit brev til arrang\u00f8rane seier leiar \u00d8ystein Folden at det er naturleg og \u00e5 ha eit innlegg som seier noko om kva rammer milj\u00f8et og \u00f8nskja om berekraftig utvikling set n\u00e5r det gjeld bruk av gass i Noreg.<\/p>\n","protected":false},"author":38,"featured_media":0,"comment_status":"closed","ping_status":"closed","sticky":false,"template":"","format":"standard","meta":{"_relevanssi_hide_post":"","_relevanssi_hide_content":"","_relevanssi_pin_for_all":"","_relevanssi_pin_keywords":"","_relevanssi_unpin_keywords":"","_relevanssi_related_keywords":"","_relevanssi_related_include_ids":"","_relevanssi_related_exclude_ids":"","_relevanssi_related_no_append":"","_relevanssi_related_not_related":"","_relevanssi_related_posts":"","_relevanssi_noindex_reason":"","hide_logo":false,"footnotes":""},"categories":[19],"tags":[],"local":[],"class_list":["post-1778","post","type-post","status-publish","format-standard","hentry","category-klima"],"acf":[],"yoast_head":"<!-- This site is optimized with the Yoast SEO plugin v24.9 - https:\/\/yoast.com\/wordpress\/plugins\/seo\/ -->\n<title>Jazzgass og milj\u00f8 - M\u00f8re og Romsdal<\/title>\n<meta name=\"robots\" content=\"index, follow, max-snippet:-1, max-image-preview:large, max-video-preview:-1\" \/>\n<link rel=\"canonical\" href=\"https:\/\/naturvernforbundet.no\/moreogromsdal\/jazzgass-og-miljo\/\" \/>\n<meta property=\"og:locale\" content=\"nb_NO\" \/>\n<meta property=\"og:type\" content=\"article\" \/>\n<meta property=\"og:title\" content=\"Jazzgass og milj\u00f8 - M\u00f8re og Romsdal\" \/>\n<meta property=\"og:description\" content=\"Naturvernforbundet i M\u00f8re og Romsdal meiner programmet for Jazzgass, eit samarbeid mellom Moldejazz og M\u00f8re og Romsdal fylkeskommune, har f\u00e5tt noko politisk &quot;slagside&quot;. To oljeselskap er inviterte. I eit brev til arrang\u00f8rane seier leiar \u00d8ystein Folden at det er naturleg og \u00e5 ha eit innlegg som seier noko om kva rammer milj\u00f8et og \u00f8nskja om berekraftig utvikling set n\u00e5r det gjeld bruk av gass i Noreg.\" \/>\n<meta property=\"og:url\" content=\"https:\/\/naturvernforbundet.no\/moreogromsdal\/jazzgass-og-miljo\/\" \/>\n<meta property=\"og:site_name\" content=\"M\u00f8re og Romsdal\" \/>\n<meta property=\"article:published_time\" content=\"2005-02-26T15:07:14+00:00\" \/>\n<meta name=\"author\" content=\"Artikkelimport\u00f8r\" \/>\n<meta name=\"twitter:card\" content=\"summary_large_image\" \/>\n<meta name=\"twitter:label1\" content=\"Skrevet av\" \/>\n\t<meta name=\"twitter:data1\" content=\"Artikkelimport\u00f8r\" \/>\n\t<meta name=\"twitter:label2\" content=\"Ansl. lesetid\" \/>\n\t<meta name=\"twitter:data2\" content=\"1 minutt\" \/>\n<script type=\"application\/ld+json\" class=\"yoast-schema-graph\">{\"@context\":\"https:\/\/schema.org\",\"@graph\":[{\"@type\":\"WebPage\",\"@id\":\"https:\/\/naturvernforbundet.no\/moreogromsdal\/jazzgass-og-miljo\/\",\"url\":\"https:\/\/naturvernforbundet.no\/moreogromsdal\/jazzgass-og-miljo\/\",\"name\":\"Jazzgass og milj\u00f8 - M\u00f8re og Romsdal\",\"isPartOf\":{\"@id\":\"https:\/\/naturvernforbundet.no\/moreogromsdal\/#website\"},\"datePublished\":\"2005-02-26T15:07:14+00:00\",\"author\":{\"@id\":\"https:\/\/naturvernforbundet.no\/moreogromsdal\/#\/schema\/person\/c72f198205979084bf071deedb6205f4\"},\"breadcrumb\":{\"@id\":\"https:\/\/naturvernforbundet.no\/moreogromsdal\/jazzgass-og-miljo\/#breadcrumb\"},\"inLanguage\":\"nb-NO\",\"potentialAction\":[{\"@type\":\"ReadAction\",\"target\":[\"https:\/\/naturvernforbundet.no\/moreogromsdal\/jazzgass-og-miljo\/\"]}]},{\"@type\":\"BreadcrumbList\",\"@id\":\"https:\/\/naturvernforbundet.no\/moreogromsdal\/jazzgass-og-miljo\/#breadcrumb\",\"itemListElement\":[{\"@type\":\"ListItem\",\"position\":1,\"name\":\"Till naturvernforbundet.no\",\"item\":\"https:\/\/naturvernforbundet.no\/\"},{\"@type\":\"ListItem\",\"position\":2,\"name\":\"M\u00f8re og Romsdal\",\"item\":\"https:\/\/naturvernforbundet.no\/moreogromsdal\/\"},{\"@type\":\"ListItem\",\"position\":3,\"name\":\"Jazzgass og milj\u00f8\"}]},{\"@type\":\"WebSite\",\"@id\":\"https:\/\/naturvernforbundet.no\/moreogromsdal\/#website\",\"url\":\"https:\/\/naturvernforbundet.no\/moreogromsdal\/\",\"name\":\"M\u00f8re og Romsdal\",\"description\":\"Bare enda et Naturvernforbundet Sites-nettsted\",\"potentialAction\":[{\"@type\":\"SearchAction\",\"target\":{\"@type\":\"EntryPoint\",\"urlTemplate\":\"https:\/\/naturvernforbundet.no\/moreogromsdal\/?s={search_term_string}\"},\"query-input\":{\"@type\":\"PropertyValueSpecification\",\"valueRequired\":true,\"valueName\":\"search_term_string\"}}],\"inLanguage\":\"nb-NO\"},{\"@type\":\"Person\",\"@id\":\"https:\/\/naturvernforbundet.no\/moreogromsdal\/#\/schema\/person\/c72f198205979084bf071deedb6205f4\",\"name\":\"Artikkelimport\u00f8r\",\"image\":{\"@type\":\"ImageObject\",\"inLanguage\":\"nb-NO\",\"@id\":\"https:\/\/naturvernforbundet.no\/moreogromsdal\/#\/schema\/person\/image\/\",\"url\":\"https:\/\/secure.gravatar.com\/avatar\/015fa491b9ed1c823ef16a5c930294d1?s=96&d=mm&r=g\",\"contentUrl\":\"https:\/\/secure.gravatar.com\/avatar\/015fa491b9ed1c823ef16a5c930294d1?s=96&d=mm&r=g\",\"caption\":\"Artikkelimport\u00f8r\"},\"url\":\"https:\/\/naturvernforbundet.no\/moreogromsdal\/author\/artikkelimportor\/\"}]}<\/script>\n<!-- \/ Yoast SEO plugin. -->","yoast_head_json":{"title":"Jazzgass og milj\u00f8 - M\u00f8re og Romsdal","robots":{"index":"index","follow":"follow","max-snippet":"max-snippet:-1","max-image-preview":"max-image-preview:large","max-video-preview":"max-video-preview:-1"},"canonical":"https:\/\/naturvernforbundet.no\/moreogromsdal\/jazzgass-og-miljo\/","og_locale":"nb_NO","og_type":"article","og_title":"Jazzgass og milj\u00f8 - M\u00f8re og Romsdal","og_description":"Naturvernforbundet i M\u00f8re og Romsdal meiner programmet for Jazzgass, eit samarbeid mellom Moldejazz og M\u00f8re og Romsdal fylkeskommune, har f\u00e5tt noko politisk \"slagside\". To oljeselskap er inviterte. I eit brev til arrang\u00f8rane seier leiar \u00d8ystein Folden at det er naturleg og \u00e5 ha eit innlegg som seier noko om kva rammer milj\u00f8et og \u00f8nskja om berekraftig utvikling set n\u00e5r det gjeld bruk av gass i Noreg.","og_url":"https:\/\/naturvernforbundet.no\/moreogromsdal\/jazzgass-og-miljo\/","og_site_name":"M\u00f8re og Romsdal","article_published_time":"2005-02-26T15:07:14+00:00","author":"Artikkelimport\u00f8r","twitter_card":"summary_large_image","twitter_misc":{"Skrevet av":"Artikkelimport\u00f8r","Ansl. lesetid":"1 minutt"},"schema":{"@context":"https:\/\/schema.org","@graph":[{"@type":"WebPage","@id":"https:\/\/naturvernforbundet.no\/moreogromsdal\/jazzgass-og-miljo\/","url":"https:\/\/naturvernforbundet.no\/moreogromsdal\/jazzgass-og-miljo\/","name":"Jazzgass og milj\u00f8 - M\u00f8re og Romsdal","isPartOf":{"@id":"https:\/\/naturvernforbundet.no\/moreogromsdal\/#website"},"datePublished":"2005-02-26T15:07:14+00:00","author":{"@id":"https:\/\/naturvernforbundet.no\/moreogromsdal\/#\/schema\/person\/c72f198205979084bf071deedb6205f4"},"breadcrumb":{"@id":"https:\/\/naturvernforbundet.no\/moreogromsdal\/jazzgass-og-miljo\/#breadcrumb"},"inLanguage":"nb-NO","potentialAction":[{"@type":"ReadAction","target":["https:\/\/naturvernforbundet.no\/moreogromsdal\/jazzgass-og-miljo\/"]}]},{"@type":"BreadcrumbList","@id":"https:\/\/naturvernforbundet.no\/moreogromsdal\/jazzgass-og-miljo\/#breadcrumb","itemListElement":[{"@type":"ListItem","position":1,"name":"Till naturvernforbundet.no","item":"https:\/\/naturvernforbundet.no\/"},{"@type":"ListItem","position":2,"name":"M\u00f8re og Romsdal","item":"https:\/\/naturvernforbundet.no\/moreogromsdal\/"},{"@type":"ListItem","position":3,"name":"Jazzgass og milj\u00f8"}]},{"@type":"WebSite","@id":"https:\/\/naturvernforbundet.no\/moreogromsdal\/#website","url":"https:\/\/naturvernforbundet.no\/moreogromsdal\/","name":"M\u00f8re og Romsdal","description":"Bare enda et Naturvernforbundet Sites-nettsted","potentialAction":[{"@type":"SearchAction","target":{"@type":"EntryPoint","urlTemplate":"https:\/\/naturvernforbundet.no\/moreogromsdal\/?s={search_term_string}"},"query-input":{"@type":"PropertyValueSpecification","valueRequired":true,"valueName":"search_term_string"}}],"inLanguage":"nb-NO"},{"@type":"Person","@id":"https:\/\/naturvernforbundet.no\/moreogromsdal\/#\/schema\/person\/c72f198205979084bf071deedb6205f4","name":"Artikkelimport\u00f8r","image":{"@type":"ImageObject","inLanguage":"nb-NO","@id":"https:\/\/naturvernforbundet.no\/moreogromsdal\/#\/schema\/person\/image\/","url":"https:\/\/secure.gravatar.com\/avatar\/015fa491b9ed1c823ef16a5c930294d1?s=96&d=mm&r=g","contentUrl":"https:\/\/secure.gravatar.com\/avatar\/015fa491b9ed1c823ef16a5c930294d1?s=96&d=mm&r=g","caption":"Artikkelimport\u00f8r"},"url":"https:\/\/naturvernforbundet.no\/moreogromsdal\/author\/artikkelimportor\/"}]}},"_links":{"self":[{"href":"https:\/\/naturvernforbundet.no\/moreogromsdal\/wp-json\/wp\/v2\/posts\/1778","targetHints":{"allow":["GET"]}}],"collection":[{"href":"https:\/\/naturvernforbundet.no\/moreogromsdal\/wp-json\/wp\/v2\/posts"}],"about":[{"href":"https:\/\/naturvernforbundet.no\/moreogromsdal\/wp-json\/wp\/v2\/types\/post"}],"author":[{"embeddable":true,"href":"https:\/\/naturvernforbundet.no\/moreogromsdal\/wp-json\/wp\/v2\/users\/38"}],"replies":[{"embeddable":true,"href":"https:\/\/naturvernforbundet.no\/moreogromsdal\/wp-json\/wp\/v2\/comments?post=1778"}],"version-history":[{"count":0,"href":"https:\/\/naturvernforbundet.no\/moreogromsdal\/wp-json\/wp\/v2\/posts\/1778\/revisions"}],"wp:attachment":[{"href":"https:\/\/naturvernforbundet.no\/moreogromsdal\/wp-json\/wp\/v2\/media?parent=1778"}],"wp:term":[{"taxonomy":"category","embeddable":true,"href":"https:\/\/naturvernforbundet.no\/moreogromsdal\/wp-json\/wp\/v2\/categories?post=1778"},{"taxonomy":"post_tag","embeddable":true,"href":"https:\/\/naturvernforbundet.no\/moreogromsdal\/wp-json\/wp\/v2\/tags?post=1778"},{"taxonomy":"local","embeddable":true,"href":"https:\/\/naturvernforbundet.no\/moreogromsdal\/wp-json\/wp\/v2\/local?post=1778"}],"curies":[{"name":"wp","href":"https:\/\/api.w.org\/{rel}","templated":true}]}}