{"id":1783,"date":"2006-02-17T07:47:00","date_gmt":"2006-02-17T06:47:00","guid":{"rendered":"https:\/\/naturvernforbundet.no\/moreogromsdal\/straumen-og-steinsvoll\/"},"modified":"2006-02-17T07:47:00","modified_gmt":"2006-02-17T06:47:00","slug":"straumen-og-steinsvoll","status":"publish","type":"post","link":"https:\/\/naturvernforbundet.no\/moreogromsdal\/straumen-og-steinsvoll\/","title":{"rendered":"Straumen og Steinsvoll"},"content":{"rendered":"\t<div class=\"template-post alignfull wp-block-naturvern-hero\">\n\t\t<div class=\"hero__inner\">\n\t\t\t<div class=\"hero__inner_blocks\">\n\t\t\t\t\t\t\t\t\n\t\t\t\t\t<h1 class=\"wp-block-post-title\">Straumen og Steinsvoll<\/h1>\n\n\t\t\t\t\t<div class=\"wp-block-post-excerpt\"><p class=\"wp-block-post-excerpt__excerpt\">Mellvin Steinsvoll, distriktssekret\u00e6ren i LO, meiner kraftsituasjonen er merksemd verdt. Det meiner Naturvernforbundet ogs\u00e5. Denne situasjonen ser litt forskjellig ut avhengig av kva st\u00e5stad ein har. <\/p><\/div>\n\n\t\t\t\t\t\n\n\t\t\t\t\t<div class=\"wp-block-naturvern-byline\">\n\t\t\t<div class=\"authors\">By <span class=\"t2-byline__author-link\">Artikkelimport\u00f8r<\/span><\/div>\n\t\t\t<small class=\"entry-date\">17.02.2006 07:47<\/small>\n\t\t<\/div>\n\t\t\t\t\t\t\t\t<\/div>\n\t\t\t\t\t<\/div>\n\t\t\t<\/div>\n\t\n<p>Steinsvoll kallar energisituasjonen i M\u00f8re og Romsdal krise. Dei 200 millionane i Bangladesh som bur mindre enn 2 m over havet ligg an til ei krise n\u00e5r havet stig ein meter og flaumane og syklonane kjem tettare. LO er tufta p\u00e5 solidaritet. Ein solidarisk tanke er \u00e5 tenkje p\u00e5 dei som har d\u00e5rlegare utgangspunkt enn oss.\n<\/p>\n\n\n\n<p>Steinsvoll sine teoriar om CO2-utslepp er ikkje heilt vanlege, slik Naturvernforbundet ser det. Han har heilt rett i at CO2 fr\u00e5 fossil energi og fr\u00e5 bioenergi har lik verknad som utslepp. Det er ein annan skilnad som er det vesentlege. N\u00e5r tre blir brent, skal det normalt kome opp nye tre. N\u00e5r nye tre veks, bruker dei CO2 for \u00e5 vekse og dei bind difor CO2, like mykje som dei gamle slapp ut d\u00e5 dei blei brende. N\u00e5r olje og gass blir tatt opp fr\u00e5 Nordsj\u00f8en, blir det ikkje putta CO2 ned i hola igjen. D\u00e5 stig det CO2 rett til himmels. Det er problemet og skilnaden. Difor blir det t\u00f8vete n\u00e5r Steinsvoll seier at utsleppa fr\u00e5 gassfyrte kraftverk er mindre enn fr\u00e5 biomassefyrte kraftverk eller vedomnar.\n<\/p>\n\n\n\n<p>Kva gjer vi s\u00e5 med den straumen vi ikkje har? F\u00f8rst av alt b\u00f8r vi kanskje sj\u00e5 litt skikkeleg p\u00e5 kva som er problemet. Det er mange akt\u00f8rar p\u00e5 banen, og dei har ulike interesser. Kraftprodusentar som vil bygge ut vindkraft og gasskraft kan t.d. ha interesse av \u00e5 seie at det blir m\u00f8rkt og kaldt om nokre \u00e5r om det ikkje blir bygd ut. Kan vi stole p\u00e5 at dei seier heile sanninga? Andre kraftprodusentar kan ha interesse av \u00e5 f\u00e5 eit h\u00f8gare prisniv\u00e5 p\u00e5 kraft, for f\u00f8rst d\u00e5 kan dei f\u00e5 l\u00f8nsemd. Sj\u00f8lv om vi manglar kraft i fylket, kjem ikkje desse kraftprodusentane til \u00e5 bygge noko som helst f\u00f8r dei veit at det l\u00f8ner seg. \n<\/p>\n\n\n\n<p>Politikarane v\u00e5re b\u00f8r vel skj\u00f8ne slike bakgrunnsteppe betre enn andre, men det er f\u00e5 av dei som har oversikt over situasjonen og moglege l\u00f8ysingar. Det ber ein del utspel preg av. Er det rart at folk flest blir forvirra?\n<\/p>\n\n\n\n<p>Steinsvoll meiner vi blir avhengige av straum fr\u00e5 atomkraft og kolkraftverk. Kvifor er det slik? Forklaringa ligg i dagen: S\u00e5 lenge vi aukar straumforbruket v\u00e5rt, og s\u00e5 lenge vi ikkje satsar p\u00e5 \u00e5 gjere oss mindre avhengig av straum, s\u00e5 kan vi om nokre \u00e5r kome i ein slik situasjon at vi m\u00e5 importere straum. D\u00e5 m\u00e5 vi ta det som er \u00e5 f\u00e5 kj\u00f8pt.\n<\/p>\n\n\n\n<p>Hovudproblemet er og blir at vi aukar straumforbruket v\u00e5rt. S\u00e5 lenge vi gjer det, vil l\u00f8ysingane bere preg av kompromiss som g\u00e5r ut over v\u00e5r felles klode og alle dei som bur der. Den dagen vi sluttar \u00e5 auke forbruket, finst det mange l\u00f8ysingar.\n<\/p>\n\n\n\n<p>Til hovudproblemet er l\u00f8yst f\u00e5r vi pr\u00f8ve \u00e5 finne dei gode l\u00f8ysingane vi kan. For Naturvernforbundet diskuterar gjerne slike tiltak med LO. Vi trur det finst tiltak i M\u00f8re og Romsdal som b\u00e5de gir reinare energi og fleire arbeidsplassar enn gasskraftverk, og vi saknar LO i den diskusjonen.\n<\/p>\n\n\n\n<p>\u00d8ystein Folden\n<\/p>\n\n\n\n<p>Leiar, Naturvernforbundet i M\u00f8re og Romsdal\n<a>Ja, dette er viktig. Eg vil bli medlem i Naturvernforbundet<\/a><br><\/p>\n\n\n\n\n\n<p><a>Eg vil gjerne st\u00f8tte arbeidet Naturvernforbundets gj\u00f8r for \u00e5 redusere energibruk og klimaendringar<\/a><\/p>\n\n\n\n\n\n<p><a href=\"\/imakerdata\/f\/0\/80\/14\/2_2401_0\/Aura_-_Mellvin_Steinsvoll_001.jpg\">Innlegget til Steinsvoll<\/a><\/p>\n","protected":false},"excerpt":{"rendered":"<p>Mellvin Steinsvoll, distriktssekret\u00e6ren i LO, meiner kraftsituasjonen er merksemd verdt. Det meiner Naturvernforbundet ogs\u00e5. Denne situasjonen ser litt forskjellig ut avhengig av kva st\u00e5stad ein har.<\/p>\n","protected":false},"author":38,"featured_media":0,"comment_status":"closed","ping_status":"closed","sticky":false,"template":"","format":"standard","meta":{"_relevanssi_hide_post":"","_relevanssi_hide_content":"","_relevanssi_pin_for_all":"","_relevanssi_pin_keywords":"","_relevanssi_unpin_keywords":"","_relevanssi_related_keywords":"","_relevanssi_related_include_ids":"","_relevanssi_related_exclude_ids":"","_relevanssi_related_no_append":"","_relevanssi_related_not_related":"","_relevanssi_related_posts":"","_relevanssi_noindex_reason":"","hide_logo":false,"footnotes":""},"categories":[19],"tags":[],"local":[],"class_list":["post-1783","post","type-post","status-publish","format-standard","hentry","category-klima"],"acf":[],"yoast_head":"<!-- This site is optimized with the Yoast SEO plugin v24.9 - https:\/\/yoast.com\/wordpress\/plugins\/seo\/ -->\n<title>Straumen og Steinsvoll - M\u00f8re og Romsdal<\/title>\n<meta name=\"robots\" content=\"index, follow, max-snippet:-1, max-image-preview:large, max-video-preview:-1\" \/>\n<link rel=\"canonical\" href=\"https:\/\/naturvernforbundet.no\/moreogromsdal\/straumen-og-steinsvoll\/\" \/>\n<meta property=\"og:locale\" content=\"nb_NO\" \/>\n<meta property=\"og:type\" content=\"article\" \/>\n<meta property=\"og:title\" content=\"Straumen og Steinsvoll - M\u00f8re og Romsdal\" \/>\n<meta property=\"og:description\" content=\"Mellvin Steinsvoll, distriktssekret\u00e6ren i LO, meiner kraftsituasjonen er merksemd verdt. Det meiner Naturvernforbundet ogs\u00e5. Denne situasjonen ser litt forskjellig ut avhengig av kva st\u00e5stad ein har.\" \/>\n<meta property=\"og:url\" content=\"https:\/\/naturvernforbundet.no\/moreogromsdal\/straumen-og-steinsvoll\/\" \/>\n<meta property=\"og:site_name\" content=\"M\u00f8re og Romsdal\" \/>\n<meta property=\"article:published_time\" content=\"2006-02-17T06:47:00+00:00\" \/>\n<meta name=\"author\" content=\"Artikkelimport\u00f8r\" \/>\n<meta name=\"twitter:card\" content=\"summary_large_image\" \/>\n<meta name=\"twitter:label1\" content=\"Skrevet av\" \/>\n\t<meta name=\"twitter:data1\" content=\"Artikkelimport\u00f8r\" \/>\n\t<meta name=\"twitter:label2\" content=\"Ansl. lesetid\" \/>\n\t<meta name=\"twitter:data2\" content=\"3 minutter\" \/>\n<script type=\"application\/ld+json\" class=\"yoast-schema-graph\">{\"@context\":\"https:\/\/schema.org\",\"@graph\":[{\"@type\":\"WebPage\",\"@id\":\"https:\/\/naturvernforbundet.no\/moreogromsdal\/straumen-og-steinsvoll\/\",\"url\":\"https:\/\/naturvernforbundet.no\/moreogromsdal\/straumen-og-steinsvoll\/\",\"name\":\"Straumen og Steinsvoll - M\u00f8re og Romsdal\",\"isPartOf\":{\"@id\":\"https:\/\/naturvernforbundet.no\/moreogromsdal\/#website\"},\"datePublished\":\"2006-02-17T06:47:00+00:00\",\"author\":{\"@id\":\"https:\/\/naturvernforbundet.no\/moreogromsdal\/#\/schema\/person\/c72f198205979084bf071deedb6205f4\"},\"breadcrumb\":{\"@id\":\"https:\/\/naturvernforbundet.no\/moreogromsdal\/straumen-og-steinsvoll\/#breadcrumb\"},\"inLanguage\":\"nb-NO\",\"potentialAction\":[{\"@type\":\"ReadAction\",\"target\":[\"https:\/\/naturvernforbundet.no\/moreogromsdal\/straumen-og-steinsvoll\/\"]}]},{\"@type\":\"BreadcrumbList\",\"@id\":\"https:\/\/naturvernforbundet.no\/moreogromsdal\/straumen-og-steinsvoll\/#breadcrumb\",\"itemListElement\":[{\"@type\":\"ListItem\",\"position\":1,\"name\":\"Till naturvernforbundet.no\",\"item\":\"https:\/\/naturvernforbundet.no\/\"},{\"@type\":\"ListItem\",\"position\":2,\"name\":\"M\u00f8re og Romsdal\",\"item\":\"https:\/\/naturvernforbundet.no\/moreogromsdal\/\"},{\"@type\":\"ListItem\",\"position\":3,\"name\":\"Straumen og Steinsvoll\"}]},{\"@type\":\"WebSite\",\"@id\":\"https:\/\/naturvernforbundet.no\/moreogromsdal\/#website\",\"url\":\"https:\/\/naturvernforbundet.no\/moreogromsdal\/\",\"name\":\"M\u00f8re og Romsdal\",\"description\":\"Bare enda et Naturvernforbundet Sites-nettsted\",\"potentialAction\":[{\"@type\":\"SearchAction\",\"target\":{\"@type\":\"EntryPoint\",\"urlTemplate\":\"https:\/\/naturvernforbundet.no\/moreogromsdal\/?s={search_term_string}\"},\"query-input\":{\"@type\":\"PropertyValueSpecification\",\"valueRequired\":true,\"valueName\":\"search_term_string\"}}],\"inLanguage\":\"nb-NO\"},{\"@type\":\"Person\",\"@id\":\"https:\/\/naturvernforbundet.no\/moreogromsdal\/#\/schema\/person\/c72f198205979084bf071deedb6205f4\",\"name\":\"Artikkelimport\u00f8r\",\"image\":{\"@type\":\"ImageObject\",\"inLanguage\":\"nb-NO\",\"@id\":\"https:\/\/naturvernforbundet.no\/moreogromsdal\/#\/schema\/person\/image\/\",\"url\":\"https:\/\/secure.gravatar.com\/avatar\/015fa491b9ed1c823ef16a5c930294d1?s=96&d=mm&r=g\",\"contentUrl\":\"https:\/\/secure.gravatar.com\/avatar\/015fa491b9ed1c823ef16a5c930294d1?s=96&d=mm&r=g\",\"caption\":\"Artikkelimport\u00f8r\"},\"url\":\"https:\/\/naturvernforbundet.no\/moreogromsdal\/author\/artikkelimportor\/\"}]}<\/script>\n<!-- \/ Yoast SEO plugin. -->","yoast_head_json":{"title":"Straumen og Steinsvoll - M\u00f8re og Romsdal","robots":{"index":"index","follow":"follow","max-snippet":"max-snippet:-1","max-image-preview":"max-image-preview:large","max-video-preview":"max-video-preview:-1"},"canonical":"https:\/\/naturvernforbundet.no\/moreogromsdal\/straumen-og-steinsvoll\/","og_locale":"nb_NO","og_type":"article","og_title":"Straumen og Steinsvoll - M\u00f8re og Romsdal","og_description":"Mellvin Steinsvoll, distriktssekret\u00e6ren i LO, meiner kraftsituasjonen er merksemd verdt. Det meiner Naturvernforbundet ogs\u00e5. Denne situasjonen ser litt forskjellig ut avhengig av kva st\u00e5stad ein har.","og_url":"https:\/\/naturvernforbundet.no\/moreogromsdal\/straumen-og-steinsvoll\/","og_site_name":"M\u00f8re og Romsdal","article_published_time":"2006-02-17T06:47:00+00:00","author":"Artikkelimport\u00f8r","twitter_card":"summary_large_image","twitter_misc":{"Skrevet av":"Artikkelimport\u00f8r","Ansl. lesetid":"3 minutter"},"schema":{"@context":"https:\/\/schema.org","@graph":[{"@type":"WebPage","@id":"https:\/\/naturvernforbundet.no\/moreogromsdal\/straumen-og-steinsvoll\/","url":"https:\/\/naturvernforbundet.no\/moreogromsdal\/straumen-og-steinsvoll\/","name":"Straumen og Steinsvoll - M\u00f8re og Romsdal","isPartOf":{"@id":"https:\/\/naturvernforbundet.no\/moreogromsdal\/#website"},"datePublished":"2006-02-17T06:47:00+00:00","author":{"@id":"https:\/\/naturvernforbundet.no\/moreogromsdal\/#\/schema\/person\/c72f198205979084bf071deedb6205f4"},"breadcrumb":{"@id":"https:\/\/naturvernforbundet.no\/moreogromsdal\/straumen-og-steinsvoll\/#breadcrumb"},"inLanguage":"nb-NO","potentialAction":[{"@type":"ReadAction","target":["https:\/\/naturvernforbundet.no\/moreogromsdal\/straumen-og-steinsvoll\/"]}]},{"@type":"BreadcrumbList","@id":"https:\/\/naturvernforbundet.no\/moreogromsdal\/straumen-og-steinsvoll\/#breadcrumb","itemListElement":[{"@type":"ListItem","position":1,"name":"Till naturvernforbundet.no","item":"https:\/\/naturvernforbundet.no\/"},{"@type":"ListItem","position":2,"name":"M\u00f8re og Romsdal","item":"https:\/\/naturvernforbundet.no\/moreogromsdal\/"},{"@type":"ListItem","position":3,"name":"Straumen og Steinsvoll"}]},{"@type":"WebSite","@id":"https:\/\/naturvernforbundet.no\/moreogromsdal\/#website","url":"https:\/\/naturvernforbundet.no\/moreogromsdal\/","name":"M\u00f8re og Romsdal","description":"Bare enda et Naturvernforbundet Sites-nettsted","potentialAction":[{"@type":"SearchAction","target":{"@type":"EntryPoint","urlTemplate":"https:\/\/naturvernforbundet.no\/moreogromsdal\/?s={search_term_string}"},"query-input":{"@type":"PropertyValueSpecification","valueRequired":true,"valueName":"search_term_string"}}],"inLanguage":"nb-NO"},{"@type":"Person","@id":"https:\/\/naturvernforbundet.no\/moreogromsdal\/#\/schema\/person\/c72f198205979084bf071deedb6205f4","name":"Artikkelimport\u00f8r","image":{"@type":"ImageObject","inLanguage":"nb-NO","@id":"https:\/\/naturvernforbundet.no\/moreogromsdal\/#\/schema\/person\/image\/","url":"https:\/\/secure.gravatar.com\/avatar\/015fa491b9ed1c823ef16a5c930294d1?s=96&d=mm&r=g","contentUrl":"https:\/\/secure.gravatar.com\/avatar\/015fa491b9ed1c823ef16a5c930294d1?s=96&d=mm&r=g","caption":"Artikkelimport\u00f8r"},"url":"https:\/\/naturvernforbundet.no\/moreogromsdal\/author\/artikkelimportor\/"}]}},"_links":{"self":[{"href":"https:\/\/naturvernforbundet.no\/moreogromsdal\/wp-json\/wp\/v2\/posts\/1783","targetHints":{"allow":["GET"]}}],"collection":[{"href":"https:\/\/naturvernforbundet.no\/moreogromsdal\/wp-json\/wp\/v2\/posts"}],"about":[{"href":"https:\/\/naturvernforbundet.no\/moreogromsdal\/wp-json\/wp\/v2\/types\/post"}],"author":[{"embeddable":true,"href":"https:\/\/naturvernforbundet.no\/moreogromsdal\/wp-json\/wp\/v2\/users\/38"}],"replies":[{"embeddable":true,"href":"https:\/\/naturvernforbundet.no\/moreogromsdal\/wp-json\/wp\/v2\/comments?post=1783"}],"version-history":[{"count":0,"href":"https:\/\/naturvernforbundet.no\/moreogromsdal\/wp-json\/wp\/v2\/posts\/1783\/revisions"}],"wp:attachment":[{"href":"https:\/\/naturvernforbundet.no\/moreogromsdal\/wp-json\/wp\/v2\/media?parent=1783"}],"wp:term":[{"taxonomy":"category","embeddable":true,"href":"https:\/\/naturvernforbundet.no\/moreogromsdal\/wp-json\/wp\/v2\/categories?post=1783"},{"taxonomy":"post_tag","embeddable":true,"href":"https:\/\/naturvernforbundet.no\/moreogromsdal\/wp-json\/wp\/v2\/tags?post=1783"},{"taxonomy":"local","embeddable":true,"href":"https:\/\/naturvernforbundet.no\/moreogromsdal\/wp-json\/wp\/v2\/local?post=1783"}],"curies":[{"name":"wp","href":"https:\/\/api.w.org\/{rel}","templated":true}]}}