{"id":1785,"date":"2007-04-26T12:50:00","date_gmt":"2007-04-26T10:50:00","guid":{"rendered":"https:\/\/naturvernforbundet.no\/moreogromsdal\/naturvernforbundet-inviterer-til-blomstervandring-til-eikenosen-sondag-17-juni\/"},"modified":"2007-04-26T12:50:00","modified_gmt":"2007-04-26T10:50:00","slug":"naturvernforbundet-inviterer-til-blomstervandring-til-eikenosen-sondag-17-juni","status":"publish","type":"post","link":"https:\/\/naturvernforbundet.no\/moreogromsdal\/naturvernforbundet-inviterer-til-blomstervandring-til-eikenosen-sondag-17-juni\/","title":{"rendered":"Naturvernforbundet inviterer til blomstervandring til Eikenosen s\u00f8ndag 17. juni"},"content":{"rendered":"\t<div class=\"template-post alignfull wp-block-naturvern-hero\">\n\t\t<div class=\"hero__inner\">\n\t\t\t<div class=\"hero__inner_blocks\">\n\t\t\t\t\t\t\t\t\n\t\t\t\t\t<h1 class=\"wp-block-post-title\">Naturvernforbundet inviterer til blomstervandring til Eikenosen s\u00f8ndag 17. juni<\/h1>\n\n\t\t\t\t\t<div class=\"wp-block-post-excerpt\"><p class=\"wp-block-post-excerpt__excerpt\">S\u00f8ndag 17. juni arrangerer vi blomstervandring til Eikenosen. Oppm\u00f8te kl 1100 p\u00e5 parkeringsplassen utenfor sv\u00f8mmehallen p\u00e5 Moa for felles avreise. Dersom du vil m\u00f8te opp der inne, parker nede ved veien opp til Eikenosen og vent f\u00f8lget fra Moa. Ikke kj\u00f8r helt opp for det er blomster p\u00e5 veien opp ogs\u00e5. <\/p><\/div>\n\n\t\t\t\t\t\n\n\t\t\t\t\t<div class=\"wp-block-naturvern-byline\">\n\t\t\t<div class=\"authors\">By <span class=\"t2-byline__author-link\">Artikkelimport\u00f8r<\/span><\/div>\n\t\t\t<small class=\"entry-date\">26.04.2007 12:50<\/small>\n\t\t<\/div>\n\t\t\t\t\t\t\t\t<\/div>\n\t\t\t\t\t<\/div>\n\t\t\t<\/div>\n\t\n<p>Blomstervandringen er et samarbeid mellom Nyttevekstforeningen og Naturvernforbundet. \n<\/p>\n\n\n\n<p><em>For mer informasjon kan leder Kjersti Finholt i Naturvernforbundet i \u00c5lesund  og omegn kontaktes p\u00e5 telefon 92 29 97 38.<\/em> \n<a>Ja, dette er viktig. Jeg vil bli medlem i Naturvernforbundet<\/a><br><\/p>\n\n\n\n\n\n<p><strong><br><\/strong><a>Jeg vil gjerne st\u00f8tte arbeidet til Naturvernforbundet<\/a><\/p>\n\n\n","protected":false},"excerpt":{"rendered":"<p>S\u00f8ndag 17. juni arrangerer vi blomstervandring til Eikenosen. Oppm\u00f8te kl 1100 p\u00e5 parkeringsplassen utenfor sv\u00f8mmehallen p\u00e5 Moa for felles avreise. Dersom du vil m\u00f8te opp der inne, parker nede ved veien opp til Eikenosen og vent f\u00f8lget fra Moa. Ikke kj\u00f8r helt opp for det er blomster p\u00e5 veien opp ogs\u00e5.<\/p>\n","protected":false},"author":38,"featured_media":0,"comment_status":"closed","ping_status":"closed","sticky":false,"template":"","format":"standard","meta":{"_relevanssi_hide_post":"","_relevanssi_hide_content":"","_relevanssi_pin_for_all":"","_relevanssi_pin_keywords":"","_relevanssi_unpin_keywords":"","_relevanssi_related_keywords":"","_relevanssi_related_include_ids":"","_relevanssi_related_exclude_ids":"","_relevanssi_related_no_append":"","_relevanssi_related_not_related":"","_relevanssi_related_posts":"","_relevanssi_noindex_reason":"","hide_logo":false,"footnotes":""},"categories":[45],"tags":[],"local":[],"class_list":["post-1785","post","type-post","status-publish","format-standard","hentry","category-naturvernforbundet"],"acf":[],"yoast_head":"<!-- This site is optimized with the Yoast SEO plugin v24.9 - https:\/\/yoast.com\/wordpress\/plugins\/seo\/ -->\n<title>Naturvernforbundet inviterer til blomstervandring til Eikenosen s\u00f8ndag 17. juni - M\u00f8re og Romsdal<\/title>\n<meta name=\"robots\" content=\"index, follow, max-snippet:-1, max-image-preview:large, max-video-preview:-1\" \/>\n<link rel=\"canonical\" href=\"https:\/\/naturvernforbundet.no\/moreogromsdal\/naturvernforbundet-inviterer-til-blomstervandring-til-eikenosen-sondag-17-juni\/\" \/>\n<meta property=\"og:locale\" content=\"nb_NO\" \/>\n<meta property=\"og:type\" content=\"article\" \/>\n<meta property=\"og:title\" content=\"Naturvernforbundet inviterer til blomstervandring til Eikenosen s\u00f8ndag 17. juni - M\u00f8re og Romsdal\" \/>\n<meta property=\"og:description\" content=\"S\u00f8ndag 17. juni arrangerer vi blomstervandring til Eikenosen. Oppm\u00f8te kl 1100 p\u00e5 parkeringsplassen utenfor sv\u00f8mmehallen p\u00e5 Moa for felles avreise. Dersom du vil m\u00f8te opp der inne, parker nede ved veien opp til Eikenosen og vent f\u00f8lget fra Moa. Ikke kj\u00f8r helt opp for det er blomster p\u00e5 veien opp ogs\u00e5.\" \/>\n<meta property=\"og:url\" content=\"https:\/\/naturvernforbundet.no\/moreogromsdal\/naturvernforbundet-inviterer-til-blomstervandring-til-eikenosen-sondag-17-juni\/\" \/>\n<meta property=\"og:site_name\" content=\"M\u00f8re og Romsdal\" \/>\n<meta property=\"article:published_time\" content=\"2007-04-26T10:50:00+00:00\" \/>\n<meta name=\"author\" content=\"Artikkelimport\u00f8r\" \/>\n<meta name=\"twitter:card\" content=\"summary_large_image\" \/>\n<meta name=\"twitter:label1\" content=\"Skrevet av\" \/>\n\t<meta name=\"twitter:data1\" content=\"Artikkelimport\u00f8r\" \/>\n<script type=\"application\/ld+json\" class=\"yoast-schema-graph\">{\"@context\":\"https:\/\/schema.org\",\"@graph\":[{\"@type\":\"WebPage\",\"@id\":\"https:\/\/naturvernforbundet.no\/moreogromsdal\/naturvernforbundet-inviterer-til-blomstervandring-til-eikenosen-sondag-17-juni\/\",\"url\":\"https:\/\/naturvernforbundet.no\/moreogromsdal\/naturvernforbundet-inviterer-til-blomstervandring-til-eikenosen-sondag-17-juni\/\",\"name\":\"Naturvernforbundet inviterer til blomstervandring til Eikenosen s\u00f8ndag 17. juni - M\u00f8re og Romsdal\",\"isPartOf\":{\"@id\":\"https:\/\/naturvernforbundet.no\/moreogromsdal\/#website\"},\"datePublished\":\"2007-04-26T10:50:00+00:00\",\"author\":{\"@id\":\"https:\/\/naturvernforbundet.no\/moreogromsdal\/#\/schema\/person\/c72f198205979084bf071deedb6205f4\"},\"breadcrumb\":{\"@id\":\"https:\/\/naturvernforbundet.no\/moreogromsdal\/naturvernforbundet-inviterer-til-blomstervandring-til-eikenosen-sondag-17-juni\/#breadcrumb\"},\"inLanguage\":\"nb-NO\",\"potentialAction\":[{\"@type\":\"ReadAction\",\"target\":[\"https:\/\/naturvernforbundet.no\/moreogromsdal\/naturvernforbundet-inviterer-til-blomstervandring-til-eikenosen-sondag-17-juni\/\"]}]},{\"@type\":\"BreadcrumbList\",\"@id\":\"https:\/\/naturvernforbundet.no\/moreogromsdal\/naturvernforbundet-inviterer-til-blomstervandring-til-eikenosen-sondag-17-juni\/#breadcrumb\",\"itemListElement\":[{\"@type\":\"ListItem\",\"position\":1,\"name\":\"Till naturvernforbundet.no\",\"item\":\"https:\/\/naturvernforbundet.no\/\"},{\"@type\":\"ListItem\",\"position\":2,\"name\":\"M\u00f8re og Romsdal\",\"item\":\"https:\/\/naturvernforbundet.no\/moreogromsdal\/\"},{\"@type\":\"ListItem\",\"position\":3,\"name\":\"Naturvernforbundet inviterer til blomstervandring til Eikenosen s\u00f8ndag 17. juni\"}]},{\"@type\":\"WebSite\",\"@id\":\"https:\/\/naturvernforbundet.no\/moreogromsdal\/#website\",\"url\":\"https:\/\/naturvernforbundet.no\/moreogromsdal\/\",\"name\":\"M\u00f8re og Romsdal\",\"description\":\"Bare enda et Naturvernforbundet Sites-nettsted\",\"potentialAction\":[{\"@type\":\"SearchAction\",\"target\":{\"@type\":\"EntryPoint\",\"urlTemplate\":\"https:\/\/naturvernforbundet.no\/moreogromsdal\/?s={search_term_string}\"},\"query-input\":{\"@type\":\"PropertyValueSpecification\",\"valueRequired\":true,\"valueName\":\"search_term_string\"}}],\"inLanguage\":\"nb-NO\"},{\"@type\":\"Person\",\"@id\":\"https:\/\/naturvernforbundet.no\/moreogromsdal\/#\/schema\/person\/c72f198205979084bf071deedb6205f4\",\"name\":\"Artikkelimport\u00f8r\",\"image\":{\"@type\":\"ImageObject\",\"inLanguage\":\"nb-NO\",\"@id\":\"https:\/\/naturvernforbundet.no\/moreogromsdal\/#\/schema\/person\/image\/\",\"url\":\"https:\/\/secure.gravatar.com\/avatar\/015fa491b9ed1c823ef16a5c930294d1?s=96&d=mm&r=g\",\"contentUrl\":\"https:\/\/secure.gravatar.com\/avatar\/015fa491b9ed1c823ef16a5c930294d1?s=96&d=mm&r=g\",\"caption\":\"Artikkelimport\u00f8r\"},\"url\":\"https:\/\/naturvernforbundet.no\/moreogromsdal\/author\/artikkelimportor\/\"}]}<\/script>\n<!-- \/ Yoast SEO plugin. -->","yoast_head_json":{"title":"Naturvernforbundet inviterer til blomstervandring til Eikenosen s\u00f8ndag 17. juni - M\u00f8re og Romsdal","robots":{"index":"index","follow":"follow","max-snippet":"max-snippet:-1","max-image-preview":"max-image-preview:large","max-video-preview":"max-video-preview:-1"},"canonical":"https:\/\/naturvernforbundet.no\/moreogromsdal\/naturvernforbundet-inviterer-til-blomstervandring-til-eikenosen-sondag-17-juni\/","og_locale":"nb_NO","og_type":"article","og_title":"Naturvernforbundet inviterer til blomstervandring til Eikenosen s\u00f8ndag 17. juni - M\u00f8re og Romsdal","og_description":"S\u00f8ndag 17. juni arrangerer vi blomstervandring til Eikenosen. Oppm\u00f8te kl 1100 p\u00e5 parkeringsplassen utenfor sv\u00f8mmehallen p\u00e5 Moa for felles avreise. Dersom du vil m\u00f8te opp der inne, parker nede ved veien opp til Eikenosen og vent f\u00f8lget fra Moa. Ikke kj\u00f8r helt opp for det er blomster p\u00e5 veien opp ogs\u00e5.","og_url":"https:\/\/naturvernforbundet.no\/moreogromsdal\/naturvernforbundet-inviterer-til-blomstervandring-til-eikenosen-sondag-17-juni\/","og_site_name":"M\u00f8re og Romsdal","article_published_time":"2007-04-26T10:50:00+00:00","author":"Artikkelimport\u00f8r","twitter_card":"summary_large_image","twitter_misc":{"Skrevet av":"Artikkelimport\u00f8r"},"schema":{"@context":"https:\/\/schema.org","@graph":[{"@type":"WebPage","@id":"https:\/\/naturvernforbundet.no\/moreogromsdal\/naturvernforbundet-inviterer-til-blomstervandring-til-eikenosen-sondag-17-juni\/","url":"https:\/\/naturvernforbundet.no\/moreogromsdal\/naturvernforbundet-inviterer-til-blomstervandring-til-eikenosen-sondag-17-juni\/","name":"Naturvernforbundet inviterer til blomstervandring til Eikenosen s\u00f8ndag 17. juni - M\u00f8re og Romsdal","isPartOf":{"@id":"https:\/\/naturvernforbundet.no\/moreogromsdal\/#website"},"datePublished":"2007-04-26T10:50:00+00:00","author":{"@id":"https:\/\/naturvernforbundet.no\/moreogromsdal\/#\/schema\/person\/c72f198205979084bf071deedb6205f4"},"breadcrumb":{"@id":"https:\/\/naturvernforbundet.no\/moreogromsdal\/naturvernforbundet-inviterer-til-blomstervandring-til-eikenosen-sondag-17-juni\/#breadcrumb"},"inLanguage":"nb-NO","potentialAction":[{"@type":"ReadAction","target":["https:\/\/naturvernforbundet.no\/moreogromsdal\/naturvernforbundet-inviterer-til-blomstervandring-til-eikenosen-sondag-17-juni\/"]}]},{"@type":"BreadcrumbList","@id":"https:\/\/naturvernforbundet.no\/moreogromsdal\/naturvernforbundet-inviterer-til-blomstervandring-til-eikenosen-sondag-17-juni\/#breadcrumb","itemListElement":[{"@type":"ListItem","position":1,"name":"Till naturvernforbundet.no","item":"https:\/\/naturvernforbundet.no\/"},{"@type":"ListItem","position":2,"name":"M\u00f8re og Romsdal","item":"https:\/\/naturvernforbundet.no\/moreogromsdal\/"},{"@type":"ListItem","position":3,"name":"Naturvernforbundet inviterer til blomstervandring til Eikenosen s\u00f8ndag 17. juni"}]},{"@type":"WebSite","@id":"https:\/\/naturvernforbundet.no\/moreogromsdal\/#website","url":"https:\/\/naturvernforbundet.no\/moreogromsdal\/","name":"M\u00f8re og Romsdal","description":"Bare enda et Naturvernforbundet Sites-nettsted","potentialAction":[{"@type":"SearchAction","target":{"@type":"EntryPoint","urlTemplate":"https:\/\/naturvernforbundet.no\/moreogromsdal\/?s={search_term_string}"},"query-input":{"@type":"PropertyValueSpecification","valueRequired":true,"valueName":"search_term_string"}}],"inLanguage":"nb-NO"},{"@type":"Person","@id":"https:\/\/naturvernforbundet.no\/moreogromsdal\/#\/schema\/person\/c72f198205979084bf071deedb6205f4","name":"Artikkelimport\u00f8r","image":{"@type":"ImageObject","inLanguage":"nb-NO","@id":"https:\/\/naturvernforbundet.no\/moreogromsdal\/#\/schema\/person\/image\/","url":"https:\/\/secure.gravatar.com\/avatar\/015fa491b9ed1c823ef16a5c930294d1?s=96&d=mm&r=g","contentUrl":"https:\/\/secure.gravatar.com\/avatar\/015fa491b9ed1c823ef16a5c930294d1?s=96&d=mm&r=g","caption":"Artikkelimport\u00f8r"},"url":"https:\/\/naturvernforbundet.no\/moreogromsdal\/author\/artikkelimportor\/"}]}},"_links":{"self":[{"href":"https:\/\/naturvernforbundet.no\/moreogromsdal\/wp-json\/wp\/v2\/posts\/1785","targetHints":{"allow":["GET"]}}],"collection":[{"href":"https:\/\/naturvernforbundet.no\/moreogromsdal\/wp-json\/wp\/v2\/posts"}],"about":[{"href":"https:\/\/naturvernforbundet.no\/moreogromsdal\/wp-json\/wp\/v2\/types\/post"}],"author":[{"embeddable":true,"href":"https:\/\/naturvernforbundet.no\/moreogromsdal\/wp-json\/wp\/v2\/users\/38"}],"replies":[{"embeddable":true,"href":"https:\/\/naturvernforbundet.no\/moreogromsdal\/wp-json\/wp\/v2\/comments?post=1785"}],"version-history":[{"count":0,"href":"https:\/\/naturvernforbundet.no\/moreogromsdal\/wp-json\/wp\/v2\/posts\/1785\/revisions"}],"wp:attachment":[{"href":"https:\/\/naturvernforbundet.no\/moreogromsdal\/wp-json\/wp\/v2\/media?parent=1785"}],"wp:term":[{"taxonomy":"category","embeddable":true,"href":"https:\/\/naturvernforbundet.no\/moreogromsdal\/wp-json\/wp\/v2\/categories?post=1785"},{"taxonomy":"post_tag","embeddable":true,"href":"https:\/\/naturvernforbundet.no\/moreogromsdal\/wp-json\/wp\/v2\/tags?post=1785"},{"taxonomy":"local","embeddable":true,"href":"https:\/\/naturvernforbundet.no\/moreogromsdal\/wp-json\/wp\/v2\/local?post=1785"}],"curies":[{"name":"wp","href":"https:\/\/api.w.org\/{rel}","templated":true}]}}