{"id":1803,"date":"2006-11-20T07:37:00","date_gmt":"2006-11-20T06:37:00","guid":{"rendered":"https:\/\/naturvernforbundet.no\/moreogromsdal\/verdensarvomradet-hva-med-biologisk-mangfold\/"},"modified":"2006-11-20T07:37:00","modified_gmt":"2006-11-20T06:37:00","slug":"verdensarvomradet-hva-med-biologisk-mangfold","status":"publish","type":"post","link":"https:\/\/naturvernforbundet.no\/moreogromsdal\/verdensarvomradet-hva-med-biologisk-mangfold\/","title":{"rendered":"Verdensarvomr\u00e5det &#8211; hva med biologisk mangfold?"},"content":{"rendered":"\t<div class=\"template-post alignfull wp-block-naturvern-hero\">\n\t\t<div class=\"hero__inner\">\n\t\t\t<div class=\"hero__inner_blocks\">\n\t\t\t\t\t\t\t\t\n\t\t\t\t\t<h1 class=\"wp-block-post-title\">Verdensarvomr\u00e5det &#8211; hva med biologisk mangfold?<\/h1>\n\n\t\t\t\t\t<div class=\"wp-block-post-excerpt\"><p class=\"wp-block-post-excerpt__excerpt\">Leserinnlegg av Dag Holtan, \u00d8rskog. <\/p><\/div>\n\n\t\t\t\t\t\n\n\t\t\t\t\t<div class=\"wp-block-naturvern-byline\">\n\t\t\t<div class=\"authors\">By <span class=\"t2-byline__author-link\">Artikkelimport\u00f8r<\/span><\/div>\n\t\t\t<small class=\"entry-date\">20.11.2006 07:37<\/small>\n\t\t<\/div>\n\t\t\t\t\t\t\t\t<\/div>\n\t\t\t\t\t<\/div>\n\t\t\t<\/div>\n\t\n<p>Den senere tiden har verdensarvomr\u00e5det p\u00e5 indre Sunm\u00f8re helt fortjent f\u00e5tt mye oppmerksomhet i media. For turistn\u00e6ringens del kan det heller ikke v\u00e6re til s\u00e6rlig skade at omr\u00e5det tidlig i november ble k\u00e5ret til det suverent beste av alle verdensarvomr\u00e5dene. Sist ut med innspill om v\u00e5rt omr\u00e5de er lederen i Verdensarvr\u00e5det for Vestnorske fjordlandskap, Arne Sandnes (Sunnm\u00f8rsposten 17. november). Han skal roses for at begrepet \u201dbiologisk mangfold\u201d er nevnt ett sted i kronikken. \n<\/p>\n\n\n\n<p>Som feltbiolog er jeg akkurat i ferd med \u00e5 avslutte den 9. sesongen p\u00e5 rad hvor fokus har v\u00e6rt biologisk mangfold i skog p\u00e5 Sunnm\u00f8re. Mest tid er brukt i skogene i Storfjorden, spesielt fra Stordalsneset i Stordal til Tafjord i Norddal. Det viser seg at disse skogene er helt unike i en verdenssammenheng, s\u00e6rlig furuskogene. Forel\u00f8pig er mest arbeid rettet mot unders\u00f8kelser av soppflora og planteflora, men jeg kjenner til at andre arbeider m\u00e5lrettet mot bl.a. flaggermus i det samme omr\u00e5det. Hundrevis av belegg av sjeldne og truede arter er allerede overlevert de offentlige herbariene som dokumentasjon. I rapporten \u201dUnike skoger \u2013 forslag til vern\u201d, utgitt av Naturvernforbundet tidligere i \u00e5r (hvor undertegnede var redakt\u00f8r og hovedforfatter), pekes det ogs\u00e5 p\u00e5 at tettheten av sjeldne arter uten sammenligning er den h\u00f8yeste som er kjent fra skog p\u00e5 Vestlandet. For enkelte arter er bestandene i Storfjorden i tillegg de tetteste som er dokumentert globalt, slik at man med rette kan peke p\u00e5 et internasjonalt forvaltningsansvar.\n<\/p>\n\n\n\n<p>Grunnen til det utrolige mangfoldet ligger trolig i kombinasjonen mellom en dramatisk topografi og et godt lokalklima med milde vintrer, samtidig som brukshistorien i deler av fjorden m\u00e5 kunne sies \u00e5 v\u00e6re spesiell. Flere av furuskogene ble nemlig ikke utsatt for den gjennomhoggingen som var vanlig i Norge fra 1500-tallet og utover, da enkelte b\u00f8nder s\u00e5 p\u00e5 skogen som en ressurs som kunne v\u00e6re god \u00e5 ha i tilfelle nedgangstider. Resultatet ser vi i dag: store, sammenhengende arealer med gammel furuskog i de bratteste liene. Med dagens rasjonelle bruksmetoder i skogbruket ligger mange delomr\u00e5der \u2013 jeg vil si heldigvis \u2013 for vanskelig til i forhold til en b\u00e6rekraftig \u00f8konomisk utnyttelse av t\u00f8mmeret. Skogen er som jorda for \u00f8vrig, til eldre den blir til flere arter finner mulighet for etablering og overlevelse. \n<\/p>\n\n\n\n<p>Hva har s\u00e5 dette med verdensarvomr\u00e5det \u00e5 gj\u00f8re? De biologisk sett rikeste omr\u00e5dene ligger jo stort sett ogs\u00e5 utenfor dette eller i randsonen. Jeg er ikke enig med Sandnes, som i sin kronikk peker p\u00e5 at \u201ddet er heller ikkje uber\u00f8rt natur dei jaktar p\u00e5\u201d. Innfallsporten til verdensarvomr\u00e5det g\u00e5r gjennom et av de vakreste fjordomr\u00e5dene som finnes, hvor lite p\u00e5virket natur i dag ligger side om side med hylleg\u00e5rdene. Jeg antar at det ikke bare er feltbiologer eller naturvernorganisasjoner som setter pris p\u00e5 dette. Flere grunneiere jeg har v\u00e6rt i kontakt med, ser da ogs\u00e5 faren for en kommersialisering av naturverdiene, og frykter at det kan bidra til \u00e5 redusere verdien ved \u00e5 bo i fjorden. \n<\/p>\n\n\n\n<p>Det er flott og prisverdig at mange retter s\u00f8kelyset mot de unike sidene ved kulturlandskapet og lokal kultur i Storfjorden. Ikke minst er det langvarige og p\u00e5g\u00e5ende arbeidet med restaurering av bygninger imponerende. Det er dessverre ikke noen godt utviklet offentlig kultur i Norge for \u00e5 interessere seg synderlig mye for artenes eller naturtypenes ve og vel. Den som blar litt i programmet \u201dNorddal fram mot 2018\u201d vil ogs\u00e5 oppdage at natur og naturvern knapt er viet noen oppmerksomhet, selv om det p\u00e5 generelt grunnlag innr\u00f8mmes at f.eks. verneinteressene kan bli sterkere. Samtidig nevnes stikkordsmessig begreper som verdensarvmidler, midler til verneomr\u00e5der, naturkompetanse, b\u00e6rekraft og verdier. Dette er ting som ikke kommer rekende p\u00e5 ei fj\u00f8l, det m\u00e5 arbeides m\u00e5lrettet og systematisk for \u00e5 skaffe seg kunnskap om biologisk mangfold. Det er allerede n\u00e5 behov for et l\u00f8ft for \u00e5 skaffe oversikt over hva som faktisk finnes av arter b\u00e5de i og utenfor verdensarvomr\u00e5det, s\u00f8r for Skotet og Stordalsholmen. I den sammenheng er n\u00e5 et initiativ i gang for \u00e5 skaffe midler til et forskningsprosjekt med siktem\u00e5l \u00e5 kartlegge alle organismegrupper i Storfjorden. Det er vanskelig \u00e5 ta vare p\u00e5 et biologisk mangfold man ikke har noen god oversikt over, samtidig som det da vil v\u00e6re ukjent hvilken betydning det har nasjonalt eller internasjonalt. De ber\u00f8rte kommunene er hjertelig velkommen som alliansepartnere i dette arbeidet, som \u2013 om det lykkes \u2013 blir unikt i verden.\n<a>Ja, dette er ein viktig sak! Eg vil bli medlem i Naturvernforbundet<\/a><br><\/p>\n\n\n\n\n\n<p><a>Eg vil gjerne st\u00f8tte arbeidet Naturvernforbundet gj\u00f8r for \u00e5 ta vare p\u00e5 naturen<\/a><\/p>\n\n\n","protected":false},"excerpt":{"rendered":"<p>Leserinnlegg av Dag Holtan, \u00d8rskog.<\/p>\n","protected":false},"author":38,"featured_media":0,"comment_status":"closed","ping_status":"closed","sticky":false,"template":"","format":"standard","meta":{"_relevanssi_hide_post":"","_relevanssi_hide_content":"","_relevanssi_pin_for_all":"","_relevanssi_pin_keywords":"","_relevanssi_unpin_keywords":"","_relevanssi_related_keywords":"","_relevanssi_related_include_ids":"","_relevanssi_related_exclude_ids":"","_relevanssi_related_no_append":"","_relevanssi_related_not_related":"","_relevanssi_related_posts":"","_relevanssi_noindex_reason":"","hide_logo":false,"footnotes":""},"categories":[16],"tags":[],"local":[],"class_list":["post-1803","post","type-post","status-publish","format-standard","hentry","category-naturmangfold"],"acf":[],"yoast_head":"<!-- This site is optimized with the Yoast SEO plugin v24.9 - https:\/\/yoast.com\/wordpress\/plugins\/seo\/ -->\n<title>Verdensarvomr\u00e5det - hva med biologisk mangfold? - M\u00f8re og Romsdal<\/title>\n<meta name=\"robots\" content=\"index, follow, max-snippet:-1, max-image-preview:large, max-video-preview:-1\" \/>\n<link rel=\"canonical\" href=\"https:\/\/naturvernforbundet.no\/moreogromsdal\/verdensarvomradet-hva-med-biologisk-mangfold\/\" \/>\n<meta property=\"og:locale\" content=\"nb_NO\" \/>\n<meta property=\"og:type\" content=\"article\" \/>\n<meta property=\"og:title\" content=\"Verdensarvomr\u00e5det - hva med biologisk mangfold? - M\u00f8re og Romsdal\" \/>\n<meta property=\"og:description\" content=\"Leserinnlegg av Dag Holtan, \u00d8rskog.\" \/>\n<meta property=\"og:url\" content=\"https:\/\/naturvernforbundet.no\/moreogromsdal\/verdensarvomradet-hva-med-biologisk-mangfold\/\" \/>\n<meta property=\"og:site_name\" content=\"M\u00f8re og Romsdal\" \/>\n<meta property=\"article:published_time\" content=\"2006-11-20T06:37:00+00:00\" \/>\n<meta name=\"author\" content=\"Artikkelimport\u00f8r\" \/>\n<meta name=\"twitter:card\" content=\"summary_large_image\" \/>\n<meta name=\"twitter:label1\" content=\"Skrevet av\" \/>\n\t<meta name=\"twitter:data1\" content=\"Artikkelimport\u00f8r\" \/>\n\t<meta name=\"twitter:label2\" content=\"Ansl. lesetid\" \/>\n\t<meta name=\"twitter:data2\" content=\"4 minutter\" \/>\n<script type=\"application\/ld+json\" class=\"yoast-schema-graph\">{\"@context\":\"https:\/\/schema.org\",\"@graph\":[{\"@type\":\"WebPage\",\"@id\":\"https:\/\/naturvernforbundet.no\/moreogromsdal\/verdensarvomradet-hva-med-biologisk-mangfold\/\",\"url\":\"https:\/\/naturvernforbundet.no\/moreogromsdal\/verdensarvomradet-hva-med-biologisk-mangfold\/\",\"name\":\"Verdensarvomr\u00e5det - hva med biologisk mangfold? - M\u00f8re og Romsdal\",\"isPartOf\":{\"@id\":\"https:\/\/naturvernforbundet.no\/moreogromsdal\/#website\"},\"datePublished\":\"2006-11-20T06:37:00+00:00\",\"author\":{\"@id\":\"https:\/\/naturvernforbundet.no\/moreogromsdal\/#\/schema\/person\/c72f198205979084bf071deedb6205f4\"},\"breadcrumb\":{\"@id\":\"https:\/\/naturvernforbundet.no\/moreogromsdal\/verdensarvomradet-hva-med-biologisk-mangfold\/#breadcrumb\"},\"inLanguage\":\"nb-NO\",\"potentialAction\":[{\"@type\":\"ReadAction\",\"target\":[\"https:\/\/naturvernforbundet.no\/moreogromsdal\/verdensarvomradet-hva-med-biologisk-mangfold\/\"]}]},{\"@type\":\"BreadcrumbList\",\"@id\":\"https:\/\/naturvernforbundet.no\/moreogromsdal\/verdensarvomradet-hva-med-biologisk-mangfold\/#breadcrumb\",\"itemListElement\":[{\"@type\":\"ListItem\",\"position\":1,\"name\":\"Till naturvernforbundet.no\",\"item\":\"https:\/\/naturvernforbundet.no\/\"},{\"@type\":\"ListItem\",\"position\":2,\"name\":\"M\u00f8re og Romsdal\",\"item\":\"https:\/\/naturvernforbundet.no\/moreogromsdal\/\"},{\"@type\":\"ListItem\",\"position\":3,\"name\":\"Verdensarvomr\u00e5det &#8211; hva med biologisk mangfold?\"}]},{\"@type\":\"WebSite\",\"@id\":\"https:\/\/naturvernforbundet.no\/moreogromsdal\/#website\",\"url\":\"https:\/\/naturvernforbundet.no\/moreogromsdal\/\",\"name\":\"M\u00f8re og Romsdal\",\"description\":\"Bare enda et Naturvernforbundet Sites-nettsted\",\"potentialAction\":[{\"@type\":\"SearchAction\",\"target\":{\"@type\":\"EntryPoint\",\"urlTemplate\":\"https:\/\/naturvernforbundet.no\/moreogromsdal\/?s={search_term_string}\"},\"query-input\":{\"@type\":\"PropertyValueSpecification\",\"valueRequired\":true,\"valueName\":\"search_term_string\"}}],\"inLanguage\":\"nb-NO\"},{\"@type\":\"Person\",\"@id\":\"https:\/\/naturvernforbundet.no\/moreogromsdal\/#\/schema\/person\/c72f198205979084bf071deedb6205f4\",\"name\":\"Artikkelimport\u00f8r\",\"image\":{\"@type\":\"ImageObject\",\"inLanguage\":\"nb-NO\",\"@id\":\"https:\/\/naturvernforbundet.no\/moreogromsdal\/#\/schema\/person\/image\/\",\"url\":\"https:\/\/secure.gravatar.com\/avatar\/015fa491b9ed1c823ef16a5c930294d1?s=96&d=mm&r=g\",\"contentUrl\":\"https:\/\/secure.gravatar.com\/avatar\/015fa491b9ed1c823ef16a5c930294d1?s=96&d=mm&r=g\",\"caption\":\"Artikkelimport\u00f8r\"},\"url\":\"https:\/\/naturvernforbundet.no\/moreogromsdal\/author\/artikkelimportor\/\"}]}<\/script>\n<!-- \/ Yoast SEO plugin. -->","yoast_head_json":{"title":"Verdensarvomr\u00e5det - hva med biologisk mangfold? - M\u00f8re og Romsdal","robots":{"index":"index","follow":"follow","max-snippet":"max-snippet:-1","max-image-preview":"max-image-preview:large","max-video-preview":"max-video-preview:-1"},"canonical":"https:\/\/naturvernforbundet.no\/moreogromsdal\/verdensarvomradet-hva-med-biologisk-mangfold\/","og_locale":"nb_NO","og_type":"article","og_title":"Verdensarvomr\u00e5det - hva med biologisk mangfold? - M\u00f8re og Romsdal","og_description":"Leserinnlegg av Dag Holtan, \u00d8rskog.","og_url":"https:\/\/naturvernforbundet.no\/moreogromsdal\/verdensarvomradet-hva-med-biologisk-mangfold\/","og_site_name":"M\u00f8re og Romsdal","article_published_time":"2006-11-20T06:37:00+00:00","author":"Artikkelimport\u00f8r","twitter_card":"summary_large_image","twitter_misc":{"Skrevet av":"Artikkelimport\u00f8r","Ansl. lesetid":"4 minutter"},"schema":{"@context":"https:\/\/schema.org","@graph":[{"@type":"WebPage","@id":"https:\/\/naturvernforbundet.no\/moreogromsdal\/verdensarvomradet-hva-med-biologisk-mangfold\/","url":"https:\/\/naturvernforbundet.no\/moreogromsdal\/verdensarvomradet-hva-med-biologisk-mangfold\/","name":"Verdensarvomr\u00e5det - hva med biologisk mangfold? - M\u00f8re og Romsdal","isPartOf":{"@id":"https:\/\/naturvernforbundet.no\/moreogromsdal\/#website"},"datePublished":"2006-11-20T06:37:00+00:00","author":{"@id":"https:\/\/naturvernforbundet.no\/moreogromsdal\/#\/schema\/person\/c72f198205979084bf071deedb6205f4"},"breadcrumb":{"@id":"https:\/\/naturvernforbundet.no\/moreogromsdal\/verdensarvomradet-hva-med-biologisk-mangfold\/#breadcrumb"},"inLanguage":"nb-NO","potentialAction":[{"@type":"ReadAction","target":["https:\/\/naturvernforbundet.no\/moreogromsdal\/verdensarvomradet-hva-med-biologisk-mangfold\/"]}]},{"@type":"BreadcrumbList","@id":"https:\/\/naturvernforbundet.no\/moreogromsdal\/verdensarvomradet-hva-med-biologisk-mangfold\/#breadcrumb","itemListElement":[{"@type":"ListItem","position":1,"name":"Till naturvernforbundet.no","item":"https:\/\/naturvernforbundet.no\/"},{"@type":"ListItem","position":2,"name":"M\u00f8re og Romsdal","item":"https:\/\/naturvernforbundet.no\/moreogromsdal\/"},{"@type":"ListItem","position":3,"name":"Verdensarvomr\u00e5det &#8211; hva med biologisk mangfold?"}]},{"@type":"WebSite","@id":"https:\/\/naturvernforbundet.no\/moreogromsdal\/#website","url":"https:\/\/naturvernforbundet.no\/moreogromsdal\/","name":"M\u00f8re og Romsdal","description":"Bare enda et Naturvernforbundet Sites-nettsted","potentialAction":[{"@type":"SearchAction","target":{"@type":"EntryPoint","urlTemplate":"https:\/\/naturvernforbundet.no\/moreogromsdal\/?s={search_term_string}"},"query-input":{"@type":"PropertyValueSpecification","valueRequired":true,"valueName":"search_term_string"}}],"inLanguage":"nb-NO"},{"@type":"Person","@id":"https:\/\/naturvernforbundet.no\/moreogromsdal\/#\/schema\/person\/c72f198205979084bf071deedb6205f4","name":"Artikkelimport\u00f8r","image":{"@type":"ImageObject","inLanguage":"nb-NO","@id":"https:\/\/naturvernforbundet.no\/moreogromsdal\/#\/schema\/person\/image\/","url":"https:\/\/secure.gravatar.com\/avatar\/015fa491b9ed1c823ef16a5c930294d1?s=96&d=mm&r=g","contentUrl":"https:\/\/secure.gravatar.com\/avatar\/015fa491b9ed1c823ef16a5c930294d1?s=96&d=mm&r=g","caption":"Artikkelimport\u00f8r"},"url":"https:\/\/naturvernforbundet.no\/moreogromsdal\/author\/artikkelimportor\/"}]}},"_links":{"self":[{"href":"https:\/\/naturvernforbundet.no\/moreogromsdal\/wp-json\/wp\/v2\/posts\/1803","targetHints":{"allow":["GET"]}}],"collection":[{"href":"https:\/\/naturvernforbundet.no\/moreogromsdal\/wp-json\/wp\/v2\/posts"}],"about":[{"href":"https:\/\/naturvernforbundet.no\/moreogromsdal\/wp-json\/wp\/v2\/types\/post"}],"author":[{"embeddable":true,"href":"https:\/\/naturvernforbundet.no\/moreogromsdal\/wp-json\/wp\/v2\/users\/38"}],"replies":[{"embeddable":true,"href":"https:\/\/naturvernforbundet.no\/moreogromsdal\/wp-json\/wp\/v2\/comments?post=1803"}],"version-history":[{"count":0,"href":"https:\/\/naturvernforbundet.no\/moreogromsdal\/wp-json\/wp\/v2\/posts\/1803\/revisions"}],"wp:attachment":[{"href":"https:\/\/naturvernforbundet.no\/moreogromsdal\/wp-json\/wp\/v2\/media?parent=1803"}],"wp:term":[{"taxonomy":"category","embeddable":true,"href":"https:\/\/naturvernforbundet.no\/moreogromsdal\/wp-json\/wp\/v2\/categories?post=1803"},{"taxonomy":"post_tag","embeddable":true,"href":"https:\/\/naturvernforbundet.no\/moreogromsdal\/wp-json\/wp\/v2\/tags?post=1803"},{"taxonomy":"local","embeddable":true,"href":"https:\/\/naturvernforbundet.no\/moreogromsdal\/wp-json\/wp\/v2\/local?post=1803"}],"curies":[{"name":"wp","href":"https:\/\/api.w.org\/{rel}","templated":true}]}}