{"id":1890,"date":"2006-11-13T07:30:00","date_gmt":"2006-11-13T06:30:00","guid":{"rendered":"https:\/\/naturvernforbundet.no\/moreogromsdal\/naturvernforbundet-arrangerer-kurs-i-lokalt-miljovernarbeid\/"},"modified":"2006-11-13T07:30:00","modified_gmt":"2006-11-13T06:30:00","slug":"naturvernforbundet-arrangerer-kurs-i-lokalt-miljovernarbeid","status":"publish","type":"post","link":"https:\/\/naturvernforbundet.no\/moreogromsdal\/naturvernforbundet-arrangerer-kurs-i-lokalt-miljovernarbeid\/","title":{"rendered":"Naturvernforbundet arrangerer kurs i lokalt milj\u00f8vernarbeid"},"content":{"rendered":"\t<div class=\"template-post alignfull wp-block-naturvern-hero\">\n\t\t<div class=\"hero__inner\">\n\t\t\t<div class=\"hero__inner_blocks\">\n\t\t\t\t\t\t\t\t\n\t\t\t\t\t<h1 class=\"wp-block-post-title\">Naturvernforbundet arrangerer kurs i lokalt milj\u00f8vernarbeid<\/h1>\n\n\t\t\t\t\t<div class=\"wp-block-post-excerpt\"><p class=\"wp-block-post-excerpt__excerpt\">Naturvernforbundet inviterer til et todagers kurs om kommunenes muligheter for \u00e5 sikre milj\u00f8messig gode l\u00f8sninger. Vi har fokus p\u00e5 de mulighetene som finnes innen dagens rammebetingelser. Kurset gjennomf\u00f8res i Husbankens lokaler, Drammen, 30. november &#8211; 1. desember. <\/p><\/div>\n\n\t\t\t\t\t\n\n\t\t\t\t\t<div class=\"wp-block-naturvern-byline\">\n\t\t\t<div class=\"authors\">By <span class=\"t2-byline__author-link\">Artikkelimport\u00f8r<\/span><\/div>\n\t\t\t<small class=\"entry-date\">13.11.2006 07:30<\/small>\n\t\t<\/div>\n\t\t\t\t\t\t\t\t<\/div>\n\t\t\t\t\t<\/div>\n\t\t\t<\/div>\n\t\n<p>Vi har aldri hatt s\u00e5 stor kunnskap om milj\u00f8ets tilstand som n\u00e5. Klima, biologisk mangfold og milj\u00f8gifter er begreper de fleste har et forhold til. Likevel tar vi stadig beslutninger som har en negativ effekt p\u00e5 milj\u00f8et. Det er behov for styringssystemer og kunnskap som gj\u00f8r det lettere \u00e5 ta de riktige beslutningene. \n<\/p>\n\n\n\n<p>Kurset presenterer muligheter for \u00e5 sikre milj\u00f8messig gode l\u00f8sninger. Forskere med spisskompetanse p\u00e5 lokalt milj\u00f8vern vil innlede. Torsdag 30. november vil Vestlandsforskning gj\u00f8re deltakerne kjent med analyse- og styringsverkt\u00f8y for lokalt milj\u00f8vernarbeid. Dagen etter vil Norsk institutt for by- og regionforskning (NIBR) gi en innf\u00f8ring i de mulighetene plan- og bygningsloven gir til \u00e5 fremme milj\u00f8vennlige l\u00f8sninger. \n<\/p>\n\n\n\n<p>Kursets m\u00e5lgruppe er aktive i Naturvernforbundets lokallag, milj\u00f8- og planansvarlige i kommuner, fylkeskommunen og hos fylkesmannen, og andre interesserte organisasjoner og enkeltpersoner. Kurset varer fra kl 09:00 \u2013 16:00 begge dager. \n<\/p>\n\n\n\n<p>Program Finn en pdf-versjon av programmet <a href=\"\/imakerdata\/f\/0\/95\/29\/2_2401_0\/Invitasjon_3011-0112.pdf\">her<\/a>. \n<\/p>\n\n\n\n<p>Deltakeravgift: Kurset er st\u00f8ttet av Vox, statens voksenoppl\u00e6ringssenter, deltakeravgiften er derfor subsidiert. <br>&#8211; For representanter fra kommuner og det offentlige: 1200 kr <br>&#8211; For representanter fra Fagforbundet: 600 kr <br>&#8211; For representanter fra organisasjoner i FNF-nettverket (Forum for Natur og Friluftsliv): 600 kr Deltakeravgiften inkluderer lunsj begge dager. Kursavgiften betales p\u00e5 forh\u00e5nd p\u00e5 konto 7874.05.56001. Merk innbetalingen \u2019Kurs i lokalt milj\u00f8vern\u2019. \n<\/p>\n\n\n\n<p><em>Kurset er gratis for tillitsvalgte i Norges Naturvernforbund. Naturvernforbundet i M\u00f8re og Romsdal dekker billigste reise og opphold for &laquo;v\u00e5re&raquo; tillitsvalgte.<\/em> \n<\/p>\n\n\n\n<p>Tid: 30. nov. kl 09:00-16:00, 1. des. kl 09:00-16:00 <br>Sted: Husbankens lokaler, Gr\u00f8nland 1, Drammen. 200 m fra jernbanestasjonen. Se <a href=\"http:\/\/kart.gulesider.no\/?id=a_332424\">kart<\/a>. \n<\/p>\n\n\n\n<p>P\u00e5melding: Meld deg p\u00e5 via skjema nedenfor. P\u00e5meldingsfrist 15. november. Kurset har en antallsbegrensning p\u00e5 40 deltakere. \n<\/p>\n\n\n\n<p>For evt. sp\u00f8rsm\u00e5l, kontakt <a href=\"mailto:jmh%28a%29naturvern.no\">Jon Magnar Haugen<\/a>, tlf 23 10 96 15.<\/p>\n","protected":false},"excerpt":{"rendered":"<p>Naturvernforbundet inviterer til et todagers kurs om kommunenes muligheter for \u00e5 sikre milj\u00f8messig gode l\u00f8sninger. Vi har fokus p\u00e5 de mulighetene som finnes innen dagens rammebetingelser. Kurset gjennomf\u00f8res i Husbankens lokaler, Drammen, 30. november &#8211; 1. desember.<\/p>\n","protected":false},"author":38,"featured_media":0,"comment_status":"closed","ping_status":"closed","sticky":false,"template":"","format":"standard","meta":{"_relevanssi_hide_post":"","_relevanssi_hide_content":"","_relevanssi_pin_for_all":"","_relevanssi_pin_keywords":"","_relevanssi_unpin_keywords":"","_relevanssi_related_keywords":"","_relevanssi_related_include_ids":"","_relevanssi_related_exclude_ids":"","_relevanssi_related_no_append":"","_relevanssi_related_not_related":"","_relevanssi_related_posts":"","_relevanssi_noindex_reason":"","hide_logo":false,"footnotes":""},"categories":[45],"tags":[],"local":[],"class_list":["post-1890","post","type-post","status-publish","format-standard","hentry","category-naturvernforbundet"],"acf":[],"yoast_head":"<!-- This site is optimized with the Yoast SEO plugin v24.9 - https:\/\/yoast.com\/wordpress\/plugins\/seo\/ -->\n<title>Naturvernforbundet arrangerer kurs i lokalt milj\u00f8vernarbeid - M\u00f8re og Romsdal<\/title>\n<meta name=\"robots\" content=\"index, follow, max-snippet:-1, max-image-preview:large, max-video-preview:-1\" \/>\n<link rel=\"canonical\" href=\"https:\/\/naturvernforbundet.no\/moreogromsdal\/naturvernforbundet-arrangerer-kurs-i-lokalt-miljovernarbeid\/\" \/>\n<meta property=\"og:locale\" content=\"nb_NO\" \/>\n<meta property=\"og:type\" content=\"article\" \/>\n<meta property=\"og:title\" content=\"Naturvernforbundet arrangerer kurs i lokalt milj\u00f8vernarbeid - M\u00f8re og Romsdal\" \/>\n<meta property=\"og:description\" content=\"Naturvernforbundet inviterer til et todagers kurs om kommunenes muligheter for \u00e5 sikre milj\u00f8messig gode l\u00f8sninger. Vi har fokus p\u00e5 de mulighetene som finnes innen dagens rammebetingelser. Kurset gjennomf\u00f8res i Husbankens lokaler, Drammen, 30. november - 1. desember.\" \/>\n<meta property=\"og:url\" content=\"https:\/\/naturvernforbundet.no\/moreogromsdal\/naturvernforbundet-arrangerer-kurs-i-lokalt-miljovernarbeid\/\" \/>\n<meta property=\"og:site_name\" content=\"M\u00f8re og Romsdal\" \/>\n<meta property=\"article:published_time\" content=\"2006-11-13T06:30:00+00:00\" \/>\n<meta name=\"author\" content=\"Artikkelimport\u00f8r\" \/>\n<meta name=\"twitter:card\" content=\"summary_large_image\" \/>\n<meta name=\"twitter:label1\" content=\"Skrevet av\" \/>\n\t<meta name=\"twitter:data1\" content=\"Artikkelimport\u00f8r\" \/>\n\t<meta name=\"twitter:label2\" content=\"Ansl. lesetid\" \/>\n\t<meta name=\"twitter:data2\" content=\"1 minutt\" \/>\n<script type=\"application\/ld+json\" class=\"yoast-schema-graph\">{\"@context\":\"https:\/\/schema.org\",\"@graph\":[{\"@type\":\"WebPage\",\"@id\":\"https:\/\/naturvernforbundet.no\/moreogromsdal\/naturvernforbundet-arrangerer-kurs-i-lokalt-miljovernarbeid\/\",\"url\":\"https:\/\/naturvernforbundet.no\/moreogromsdal\/naturvernforbundet-arrangerer-kurs-i-lokalt-miljovernarbeid\/\",\"name\":\"Naturvernforbundet arrangerer kurs i lokalt milj\u00f8vernarbeid - M\u00f8re og Romsdal\",\"isPartOf\":{\"@id\":\"https:\/\/naturvernforbundet.no\/moreogromsdal\/#website\"},\"datePublished\":\"2006-11-13T06:30:00+00:00\",\"author\":{\"@id\":\"https:\/\/naturvernforbundet.no\/moreogromsdal\/#\/schema\/person\/c72f198205979084bf071deedb6205f4\"},\"breadcrumb\":{\"@id\":\"https:\/\/naturvernforbundet.no\/moreogromsdal\/naturvernforbundet-arrangerer-kurs-i-lokalt-miljovernarbeid\/#breadcrumb\"},\"inLanguage\":\"nb-NO\",\"potentialAction\":[{\"@type\":\"ReadAction\",\"target\":[\"https:\/\/naturvernforbundet.no\/moreogromsdal\/naturvernforbundet-arrangerer-kurs-i-lokalt-miljovernarbeid\/\"]}]},{\"@type\":\"BreadcrumbList\",\"@id\":\"https:\/\/naturvernforbundet.no\/moreogromsdal\/naturvernforbundet-arrangerer-kurs-i-lokalt-miljovernarbeid\/#breadcrumb\",\"itemListElement\":[{\"@type\":\"ListItem\",\"position\":1,\"name\":\"Till naturvernforbundet.no\",\"item\":\"https:\/\/naturvernforbundet.no\/\"},{\"@type\":\"ListItem\",\"position\":2,\"name\":\"M\u00f8re og Romsdal\",\"item\":\"https:\/\/naturvernforbundet.no\/moreogromsdal\/\"},{\"@type\":\"ListItem\",\"position\":3,\"name\":\"Naturvernforbundet arrangerer kurs i lokalt milj\u00f8vernarbeid\"}]},{\"@type\":\"WebSite\",\"@id\":\"https:\/\/naturvernforbundet.no\/moreogromsdal\/#website\",\"url\":\"https:\/\/naturvernforbundet.no\/moreogromsdal\/\",\"name\":\"M\u00f8re og Romsdal\",\"description\":\"Bare enda et Naturvernforbundet Sites-nettsted\",\"potentialAction\":[{\"@type\":\"SearchAction\",\"target\":{\"@type\":\"EntryPoint\",\"urlTemplate\":\"https:\/\/naturvernforbundet.no\/moreogromsdal\/?s={search_term_string}\"},\"query-input\":{\"@type\":\"PropertyValueSpecification\",\"valueRequired\":true,\"valueName\":\"search_term_string\"}}],\"inLanguage\":\"nb-NO\"},{\"@type\":\"Person\",\"@id\":\"https:\/\/naturvernforbundet.no\/moreogromsdal\/#\/schema\/person\/c72f198205979084bf071deedb6205f4\",\"name\":\"Artikkelimport\u00f8r\",\"image\":{\"@type\":\"ImageObject\",\"inLanguage\":\"nb-NO\",\"@id\":\"https:\/\/naturvernforbundet.no\/moreogromsdal\/#\/schema\/person\/image\/\",\"url\":\"https:\/\/secure.gravatar.com\/avatar\/015fa491b9ed1c823ef16a5c930294d1?s=96&d=mm&r=g\",\"contentUrl\":\"https:\/\/secure.gravatar.com\/avatar\/015fa491b9ed1c823ef16a5c930294d1?s=96&d=mm&r=g\",\"caption\":\"Artikkelimport\u00f8r\"},\"url\":\"https:\/\/naturvernforbundet.no\/moreogromsdal\/author\/artikkelimportor\/\"}]}<\/script>\n<!-- \/ Yoast SEO plugin. -->","yoast_head_json":{"title":"Naturvernforbundet arrangerer kurs i lokalt milj\u00f8vernarbeid - M\u00f8re og Romsdal","robots":{"index":"index","follow":"follow","max-snippet":"max-snippet:-1","max-image-preview":"max-image-preview:large","max-video-preview":"max-video-preview:-1"},"canonical":"https:\/\/naturvernforbundet.no\/moreogromsdal\/naturvernforbundet-arrangerer-kurs-i-lokalt-miljovernarbeid\/","og_locale":"nb_NO","og_type":"article","og_title":"Naturvernforbundet arrangerer kurs i lokalt milj\u00f8vernarbeid - M\u00f8re og Romsdal","og_description":"Naturvernforbundet inviterer til et todagers kurs om kommunenes muligheter for \u00e5 sikre milj\u00f8messig gode l\u00f8sninger. Vi har fokus p\u00e5 de mulighetene som finnes innen dagens rammebetingelser. Kurset gjennomf\u00f8res i Husbankens lokaler, Drammen, 30. november - 1. desember.","og_url":"https:\/\/naturvernforbundet.no\/moreogromsdal\/naturvernforbundet-arrangerer-kurs-i-lokalt-miljovernarbeid\/","og_site_name":"M\u00f8re og Romsdal","article_published_time":"2006-11-13T06:30:00+00:00","author":"Artikkelimport\u00f8r","twitter_card":"summary_large_image","twitter_misc":{"Skrevet av":"Artikkelimport\u00f8r","Ansl. lesetid":"1 minutt"},"schema":{"@context":"https:\/\/schema.org","@graph":[{"@type":"WebPage","@id":"https:\/\/naturvernforbundet.no\/moreogromsdal\/naturvernforbundet-arrangerer-kurs-i-lokalt-miljovernarbeid\/","url":"https:\/\/naturvernforbundet.no\/moreogromsdal\/naturvernforbundet-arrangerer-kurs-i-lokalt-miljovernarbeid\/","name":"Naturvernforbundet arrangerer kurs i lokalt milj\u00f8vernarbeid - M\u00f8re og Romsdal","isPartOf":{"@id":"https:\/\/naturvernforbundet.no\/moreogromsdal\/#website"},"datePublished":"2006-11-13T06:30:00+00:00","author":{"@id":"https:\/\/naturvernforbundet.no\/moreogromsdal\/#\/schema\/person\/c72f198205979084bf071deedb6205f4"},"breadcrumb":{"@id":"https:\/\/naturvernforbundet.no\/moreogromsdal\/naturvernforbundet-arrangerer-kurs-i-lokalt-miljovernarbeid\/#breadcrumb"},"inLanguage":"nb-NO","potentialAction":[{"@type":"ReadAction","target":["https:\/\/naturvernforbundet.no\/moreogromsdal\/naturvernforbundet-arrangerer-kurs-i-lokalt-miljovernarbeid\/"]}]},{"@type":"BreadcrumbList","@id":"https:\/\/naturvernforbundet.no\/moreogromsdal\/naturvernforbundet-arrangerer-kurs-i-lokalt-miljovernarbeid\/#breadcrumb","itemListElement":[{"@type":"ListItem","position":1,"name":"Till naturvernforbundet.no","item":"https:\/\/naturvernforbundet.no\/"},{"@type":"ListItem","position":2,"name":"M\u00f8re og Romsdal","item":"https:\/\/naturvernforbundet.no\/moreogromsdal\/"},{"@type":"ListItem","position":3,"name":"Naturvernforbundet arrangerer kurs i lokalt milj\u00f8vernarbeid"}]},{"@type":"WebSite","@id":"https:\/\/naturvernforbundet.no\/moreogromsdal\/#website","url":"https:\/\/naturvernforbundet.no\/moreogromsdal\/","name":"M\u00f8re og Romsdal","description":"Bare enda et Naturvernforbundet Sites-nettsted","potentialAction":[{"@type":"SearchAction","target":{"@type":"EntryPoint","urlTemplate":"https:\/\/naturvernforbundet.no\/moreogromsdal\/?s={search_term_string}"},"query-input":{"@type":"PropertyValueSpecification","valueRequired":true,"valueName":"search_term_string"}}],"inLanguage":"nb-NO"},{"@type":"Person","@id":"https:\/\/naturvernforbundet.no\/moreogromsdal\/#\/schema\/person\/c72f198205979084bf071deedb6205f4","name":"Artikkelimport\u00f8r","image":{"@type":"ImageObject","inLanguage":"nb-NO","@id":"https:\/\/naturvernforbundet.no\/moreogromsdal\/#\/schema\/person\/image\/","url":"https:\/\/secure.gravatar.com\/avatar\/015fa491b9ed1c823ef16a5c930294d1?s=96&d=mm&r=g","contentUrl":"https:\/\/secure.gravatar.com\/avatar\/015fa491b9ed1c823ef16a5c930294d1?s=96&d=mm&r=g","caption":"Artikkelimport\u00f8r"},"url":"https:\/\/naturvernforbundet.no\/moreogromsdal\/author\/artikkelimportor\/"}]}},"_links":{"self":[{"href":"https:\/\/naturvernforbundet.no\/moreogromsdal\/wp-json\/wp\/v2\/posts\/1890","targetHints":{"allow":["GET"]}}],"collection":[{"href":"https:\/\/naturvernforbundet.no\/moreogromsdal\/wp-json\/wp\/v2\/posts"}],"about":[{"href":"https:\/\/naturvernforbundet.no\/moreogromsdal\/wp-json\/wp\/v2\/types\/post"}],"author":[{"embeddable":true,"href":"https:\/\/naturvernforbundet.no\/moreogromsdal\/wp-json\/wp\/v2\/users\/38"}],"replies":[{"embeddable":true,"href":"https:\/\/naturvernforbundet.no\/moreogromsdal\/wp-json\/wp\/v2\/comments?post=1890"}],"version-history":[{"count":0,"href":"https:\/\/naturvernforbundet.no\/moreogromsdal\/wp-json\/wp\/v2\/posts\/1890\/revisions"}],"wp:attachment":[{"href":"https:\/\/naturvernforbundet.no\/moreogromsdal\/wp-json\/wp\/v2\/media?parent=1890"}],"wp:term":[{"taxonomy":"category","embeddable":true,"href":"https:\/\/naturvernforbundet.no\/moreogromsdal\/wp-json\/wp\/v2\/categories?post=1890"},{"taxonomy":"post_tag","embeddable":true,"href":"https:\/\/naturvernforbundet.no\/moreogromsdal\/wp-json\/wp\/v2\/tags?post=1890"},{"taxonomy":"local","embeddable":true,"href":"https:\/\/naturvernforbundet.no\/moreogromsdal\/wp-json\/wp\/v2\/local?post=1890"}],"curies":[{"name":"wp","href":"https:\/\/api.w.org\/{rel}","templated":true}]}}