{"id":1891,"date":"2007-04-19T14:00:00","date_gmt":"2007-04-19T12:00:00","guid":{"rendered":"https:\/\/naturvernforbundet.no\/moreogromsdal\/himmel-og-hav-siri-kalvig-pa-foredragsturne-i-more-og-romsdal-om-klimaendringene\/"},"modified":"2007-04-19T14:00:00","modified_gmt":"2007-04-19T12:00:00","slug":"himmel-og-hav-siri-kalvig-pa-foredragsturne-i-more-og-romsdal-om-klimaendringene","status":"publish","type":"post","link":"https:\/\/naturvernforbundet.no\/moreogromsdal\/himmel-og-hav-siri-kalvig-pa-foredragsturne-i-more-og-romsdal-om-klimaendringene\/","title":{"rendered":"Himmel og hav &#8211; Siri Kalvig p\u00e5 foredragsturn\u00e9 i M\u00f8re og Romsdal om klimaendringene"},"content":{"rendered":"\t<div class=\"template-post alignfull wp-block-naturvern-hero\">\n\t\t<div class=\"hero__inner\">\n\t\t\t<div class=\"hero__inner_blocks\">\n\t\t\t\t\t\t\t\t\n\t\t\t\t\t<h1 class=\"wp-block-post-title\">Himmel og hav &#8211; Siri Kalvig p\u00e5 foredragsturn\u00e9 i M\u00f8re og Romsdal om klimaendringene<\/h1>\n\n\t\t\t\t\t<div class=\"wp-block-post-excerpt\"><p class=\"wp-block-post-excerpt__excerpt\">Metereologisk institutt og Storm Weather Centre arrangerer sammen med Milj\u00f8verndepartementet foredragsturneen Himmel og hav. Foredragsturneen handler om klimaendringer, konsekvensene dette har og mulige l\u00f8sninger, og starter i M\u00f8re og Romsdal 25. &#8211; 27. april. <\/p><\/div>\n\n\t\t\t\t\t\n\n\t\t\t\t\t<div class=\"wp-block-naturvern-byline\">\n\t\t\t<div class=\"authors\">By <span class=\"t2-byline__author-link\">Artikkelimport\u00f8r<\/span><\/div>\n\t\t\t<small class=\"entry-date\">19.04.2007 14:00<\/small>\n\t\t<\/div>\n\t\t\t\t\t\t\t\t<\/div>\n\t\t\t\t\t<\/div>\n\t\t\t<\/div>\n\t\n<p>Onsdag 25., torsdag 26. og fredag 27. april bes\u00f8ker oseanograf Hilde Holdhus og metereolog Siri Kalvig fra Storm M\u00f8re og Romsdal med sitt klimaforedrag. Det legges opp til en klimakaf\u00e9 i forbindelse med flere av arrangementene.\n<\/p>\n\n\n\n<p><u>Programmet for onsdag 25. april ser slik ut:<\/u> \n<\/p>\n\n\n\n<p>1000 &#8211; 1130: Foredrag og klimakaf\u00e9. H\u00f8gskolen i \u00c5lesund &#8211; auditoriet &laquo;Fogdeg\u00e5rden&raquo;. \u00c5pent for publikum. \n<\/p>\n\n\n\n<p>1245 &#8211; 1445: Foredrag for Spjelkavik videreg\u00e5ende skole. \n<\/p>\n\n\n\n<p>2000 &#8211; 2200: \u00c5pent m\u00f8te med foredrag og klimakaf\u00e9 i BIs lokaler i Molovegen i \u00c5lesund (samme bygg som Scandic). \n<\/p>\n\n\n\n<p><u>Programmet for torsdag 26. april ser slik ut:<\/u> \n<\/p>\n\n\n\n<p>1000 &#8211; 1130: Foredrag i Molde kino for de ansatte i Molde kommune og i M\u00f8re og Romsdal fylke. \u00c5pent for publikum. \n<\/p>\n\n\n\n<p>1230 &#8211; 1400: Foredrag i Molde kino for Romsdal videreg\u00e5ende skole. Det er ledige plasser dersom flere \u00f8nsker \u00e5 delta. \n<\/p>\n\n\n\n<p>1900 &#8211; 2100: Klimakaf\u00e9 og foredag i Tingvoll kino. \u00c5pent for publikum. \n<\/p>\n\n\n\n<p><u>Fredag 27. april ser programmet slik ut:<\/u> \n<\/p>\n\n\n\n<p>0830 &#8211; 1200: Foredrag for Atlanten videreg\u00e5ende skole \n<\/p>\n\n\n\n<p>1200 &#8211; 1315: Foredrag i auditoriet i Braatthallen for Kristiansund videreg\u00e5ende skole. \n<\/p>\n\n\n\n<p>Foredragholderne \u00f8nsker en tettest mulig dialog med folk og har opprettet en epostadresse, <a href=\"mailto:himmeloghav@storm.no\">himmeloghav(a)storm.no<\/a>, hvor folk kan sende inn sp\u00f8rsm\u00e5l om klimaendringer i forkant til foredragsholderne, som s\u00e5 vil fors\u00f8ke \u00e5 trekke ut de mest interessante sp\u00f8rsm\u00e5lene og besvare disse p\u00e5 turneen. \n<\/p>\n\n\n\n<p>Klimaforedraget ser p\u00e5 \u00e5rsakene til klimaendringene med norske \u00f8yne, men minner ogs\u00e5 om at klimaendringene g\u00e5r hardt ut over de fattige i verden. Kalvig og Holdhus fors\u00f8ker ogs\u00e5 \u00e5 ha et tydelig fokus p\u00e5 l\u00f8sninger. \n<\/p>\n\n\n\n<p>Lokalt er Naturvernforbundet, Natur og Ungdom, Changemaker og Gr\u00f8nn hverdag involvert i foredragsturneen, sammen med ber\u00f8rte kommuner og M\u00f8re og Romsdal fylke. Det er et m\u00e5l \u00e5 f\u00e5 med flere organisasjoner fram mot arrangementene. \n<\/p>\n\n\n\n<p><u>For intervjuavtaler med foredragsholderne eller sp\u00f8rsm\u00e5l om Himmel og hav:<\/u> \n<\/p>\n\n\n\n<p>Ta kontakt med Steinar Alsos p\u00e5 telefon 91 83 11 93 eller epost steinar(a)forumfor.no. \n<\/p>\n\n\n\n<p><u>For sp\u00f8rsm\u00e5l om turneprogrammet i M\u00f8re og Romsdal:<\/u> \n<\/p>\n\n\n\n<p>Ta kontakt med \u00d8ystein Solev\u00e5g p\u00e5 telefon 40 23 47 05 eller epost moreromsdal(a)naturvern.no. \n<\/p>\n\n\n\n<p>\n<\/p>\n\n\n\n<p><strong>Bakgrunn: Trusselen om farlige klimaendringer er v\u00e5r tids st\u00f8rste utfordring<\/strong> \n<\/p>\n\n\n\n<p>FN sl\u00e5r fast i nye rapporter at klimaendringene er menneskeskapte og at konsekvensene b\u00e5de er og blir dramatiske. Vi m\u00e5 kutte utslippene mye, og det m\u00e5 skje raskt. \n<\/p>\n\n\n\n<p>Klimaforskerne sier det er helt n\u00f8dvendig med minst en halvering av verdens samlede utslipp innen midten av dette \u00e5rhundre. For \u00e5 f\u00e5 til dette m\u00e5 utslippene fra den rike verden v\u00e6re p\u00e5 minst 80 prosent innen 2050, og minst 30% innen 2020. En slik forpliktelse forventer vi ogs\u00e5 at Norge skal p\u00e5ta seg. Og for \u00e5 klare dette m\u00e5 det settes i verk tiltak n\u00e5. \n<\/p>\n\n\n\n<p>Senter for klimaforskning (CICERO) har ansl\u00e5tt at kommunens virkemiddelapparat p\u00e5virker 1\/3 av Norges totale klimagassutslipp. Dette kan v\u00e6re krav til transportsektoren, energieffektive bygninger og avfallsh\u00e5ndtering. Kommunen spiller alts\u00e5 en vesentlig rolle i \u00e5 kutte i klimagassutslippene. \n<\/p>\n\n\n\n<p>Et land vi b\u00f8r sammenlikne oss med er Sverige. Siden 1990 har Svenske klart \u00e5 kutte utslippene med 7 prosent, mens utslippene i Norge er \u00f8kt med 9 prosent. Mye av svenskenes sukksess har v\u00e6rt nasjonale virkeidler gjennom gr\u00f8nne skatter og avgifter, men i tillegg har kommunene spilt en avgj\u00f8rende rolle i \u00e5 f\u00e5 ned utslippene. \n<\/p>\n\n\n\n<p>I mange kommuner er veitrafikken den klart st\u00f8rste utslippskilden for klimagasser. I Oslo for eksempel var veitrafikken alene ansvarlig for nesten halvparten av utslippene av klimagasser. Gjennom arealplanen gj\u00f8r kommunene valg som p\u00e5 lang sikt vil redusere eller \u00f8ke behovet for biltransport i kommunen. \u00c5 vurdere og legge tilrette for transportminimering vil v\u00e6re et av kommunenens viktigste klimavirkemidler. \n<\/p>\n\n\n\n<p>Utbygging av kollektivtrafikken vil og kunne f\u00e5 ned utslippene. Det er fylkeskommunenen som ansvarlig for bevilgningene til kollektivtrafikken, men kommune kan spille en viktig rolle ved \u00e5 kreve flere avganger og \u00e5 legge tilrette for kollektivtrafikken, for eksempel gjennom bedre fremkomlighet. \n<\/p>\n\n\n\n<p>Energiforbruket i Norge \u00f8ker stadig. Det fines i dag et enormt forbedringspotensial i \u00e5 gj\u00f8re offentlige bygninger mer milj\u00f8vennlige. Dette kan gj\u00f8res gjennom energisparing og gjennom valg av milj\u00f8vennlige energil\u00f8sninger. Kommunene eier 25 % av alle yrkesbygg i Norge og st\u00e5r for 1\/3 av energibruken i norske n\u00e6ringsbygg, noe som utgj\u00f8r et stort potensial i forhold til redusert energibruk og muligheter for energiomlegging. \n<\/p>\n\n\n\n<p>I tillegg til \u00e5 gjennomf\u00f8re tiltak i egne bygninger har kommunen store muligheter i \u00e5 legge tilrette for utslippskutt for befolkningen og n\u00e6ringslivet i kommunen. Etter plan- og bygningsloven kan kommunestyret vedta at alle bygninger som oppf\u00f8res innenfor et avgrenset omr\u00e5de m\u00e5 tilknyttes fjernvarmeanlegg. Tilknytningsplikten gjelder i utgangspunktet ikke for eksisterende bygninger, men et krav om tilknytning kan stilles ved st\u00f8rre ombygninger. For \u00e5 f\u00e5 en mer b\u00e6rekraftig energiforsyning i kommunen er det viktig \u00e5 legge til rette for vannb\u00e5ren oppvarming i urbane omr\u00e5der. P\u00e5 denne m\u00e5ten blir det mulig \u00e5 redusere bruken av elektrisitet til oppvarmingsform\u00e5l, og det blir mulig \u00e5 bruke mer milj\u00f8vennlige energikilder som biobrensel og varmepumper. \n<\/p>\n\n\n\n<p>I tillegg til utslippsreduserende tiltak m\u00e5 kommunene i fremtiden legge tilrette for klimaendringene vi kommer til \u00e5 oppleve. \u00d8kt skredfare, flom og nedb\u00f8r vil kunne ha stor innvirkning p\u00e5 kommunenes arealplaner og kommunens plikt til risiko- og s\u00e5rbarhetsanalyser slik det er foresl\u00e5tt i den plan- og bygningsloven. \n<\/p>\n\n\n\n<p>P\u00e5 samme m\u00e5te som verden trenger land som g\u00e5r foran \u00e5 viser vei i kampen mot klimaendringer, trenger Norge kommuner som viser vei for andre. I Sverige har 20 kommuner, som representerer over to millioner innbyggere, g\u00e5tt sammen i Klimatkommunerna for \u00e5 samarbeide om lokale utslippskutt. De l\u00e6rer av hverandres erfaringer og utvikler nye lokale l\u00f8sninger for \u00e5 kutte i utslippene. Liknende initiativ, med ambisi\u00f8se kommuner vil kunne v\u00e6re de fyrt\u00e5rnene vi trenger ogs\u00e5 i Norge. \n<\/p>\n\n\n\n<p>I h\u00f8st kom tidligere sjefs\u00f8konom i Verdensbanken, sir Nicholas Stern, med en omfattende rapport om kostandene ved klimaendringene. Konkulsjonene var klar. Det er langt billigere \u00e5 gjennomf\u00f8re tiltak enn \u00e5 la v\u00e6re. Og jo lengere vi venter, desto dyrere vil utslippsreduksjonene bli. Vi mangler ikke begrunnelser for \u00e5 handle n\u00e5, eller l\u00f8sningene for \u00e5 lykkes. Det vi mangler er ambisi\u00f8se og fremtidsrettede politikere som vil g\u00e5 foran \u00e5 vise vei. Derfor m\u00e5 lokalvalget denne h\u00f8sten bli et klimavalg. \n<\/p>\n\n\n\n<p> <\/p>\n\n\n\n<pre class=\"wp-block-preformatted\"><p><\/p><a title=\"\/cgi-bin\/naturvern\/imaker?id=32&amp;visdybde=1&amp;aktiv=32\" href=\"\/cgi-bin\/naturvern\/imaker?id=32&amp;visdybde=1&amp;aktiv=32\" target=\"linkvindu\" rel=\"noopener\">Ja, dette er viktig. Eg vil bli medlem i Naturvernforbundet<\/a><br><table cellspacing=\"0\" cellpadding=\"0\" border=\"0\"><\/table><p><br><\/p><p><\/p><a title=\"\/cgi-bin\/naturvern\/imaker?id=25252\" href=\"\/cgi-bin\/naturvern\/imaker?id=25252\" target=\"linkvindu\" rel=\"noopener\">Eg vil gjerne st\u00f8tte arbeidet Naturvernforbundets gj\u00f8r for \u00e5 redusere energibruk og klimaendringar<\/a><table cellspacing=\"0\" cellpadding=\"0\" border=\"0\"><\/table><\/pre>\n\n\n\n<p><a href=\"\/imakerdata\/f\/1\/03\/12\/7_2401_0\/Metereolog1.JPG\">Bilde av foredragshaldarane i Himmel og hav<\/a><\/p>\n\n\n\n<p><a href=\"\/imakerdata\/f\/1\/03\/12\/8_2401_0\/metereolog3.JPG\">Bilde av foredragsholderne<\/a><\/p>\n\n\n\n<p><a href=\"\/imakerdata\/f\/1\/03\/19\/2_2401_0\/himmeloghav_sunnmorsposten1.pdf\">Annonse &#8211; arrangement onsdag kveld<\/a><\/p>\n\n\n\n<p><a href=\"\/imakerdata\/f\/1\/03\/19\/3_2401_0\/himmeloghav_romsdalsbudstikke.pdf\">Annonse &#8211; arrangement i Molde<\/a><\/p>\n\n\n\n<p><a href=\"\/imakerdata\/f\/1\/03\/29\/1_2401_0\/klimalopis.jpg\">Natur og Ungdom med klimal\u00f8peseddel<\/a><\/p>\n\n\n\n<p><a href=\"\/imakerdata\/f\/1\/03\/29\/3_2401_0\/Himmel_og_Hav_paa_foredragsturne_i_Molde_og_Kristiansund.htm\">Pressemelding fr\u00e5 M\u00f8re og Romsdal Natur og Ungdom<\/a><\/p>\n\n\n\n<p><a href=\"\/imakerdata\/f\/1\/03\/29\/4_2401_0\/Klimaloftet_Alesund.pdf\">Brosjyre &#8211; Naturvernforbundet i \u00c5lesund og omegn<\/a><\/p>\n\n\n\n<p><a href=\"\/imakerdata\/f\/1\/03\/29\/5_2401_0\/Klimaloftet.pdf\">Brosjyre &#8211; Molde og Kristiansund<\/a><\/p>\n","protected":false},"excerpt":{"rendered":"<p>Metereologisk institutt og Storm Weather Centre arrangerer sammen med Milj\u00f8verndepartementet foredragsturneen Himmel og hav. Foredragsturneen handler om klimaendringer, konsekvensene dette har og mulige l\u00f8sninger, og starter i M\u00f8re og Romsdal 25. &#8211; 27. april.<\/p>\n","protected":false},"author":38,"featured_media":0,"comment_status":"closed","ping_status":"closed","sticky":false,"template":"","format":"standard","meta":{"_relevanssi_hide_post":"","_relevanssi_hide_content":"","_relevanssi_pin_for_all":"","_relevanssi_pin_keywords":"","_relevanssi_unpin_keywords":"","_relevanssi_related_keywords":"","_relevanssi_related_include_ids":"","_relevanssi_related_exclude_ids":"","_relevanssi_related_no_append":"","_relevanssi_related_not_related":"","_relevanssi_related_posts":"","_relevanssi_noindex_reason":"","hide_logo":false,"footnotes":""},"categories":[19],"tags":[],"local":[],"class_list":["post-1891","post","type-post","status-publish","format-standard","hentry","category-klima"],"acf":[],"yoast_head":"<!-- This site is optimized with the Yoast SEO plugin v24.9 - https:\/\/yoast.com\/wordpress\/plugins\/seo\/ -->\n<title>Himmel og hav - Siri Kalvig p\u00e5 foredragsturn\u00e9 i M\u00f8re og Romsdal om klimaendringene - M\u00f8re og Romsdal<\/title>\n<meta name=\"robots\" content=\"index, follow, max-snippet:-1, max-image-preview:large, max-video-preview:-1\" \/>\n<link rel=\"canonical\" href=\"https:\/\/naturvernforbundet.no\/moreogromsdal\/himmel-og-hav-siri-kalvig-pa-foredragsturne-i-more-og-romsdal-om-klimaendringene\/\" \/>\n<meta property=\"og:locale\" content=\"nb_NO\" \/>\n<meta property=\"og:type\" content=\"article\" \/>\n<meta property=\"og:title\" content=\"Himmel og hav - Siri Kalvig p\u00e5 foredragsturn\u00e9 i M\u00f8re og Romsdal om klimaendringene - M\u00f8re og Romsdal\" \/>\n<meta property=\"og:description\" content=\"Metereologisk institutt og Storm Weather Centre arrangerer sammen med Milj\u00f8verndepartementet foredragsturneen Himmel og hav. Foredragsturneen handler om klimaendringer, konsekvensene dette har og mulige l\u00f8sninger, og starter i M\u00f8re og Romsdal 25. - 27. april.\" \/>\n<meta property=\"og:url\" content=\"https:\/\/naturvernforbundet.no\/moreogromsdal\/himmel-og-hav-siri-kalvig-pa-foredragsturne-i-more-og-romsdal-om-klimaendringene\/\" \/>\n<meta property=\"og:site_name\" content=\"M\u00f8re og Romsdal\" \/>\n<meta property=\"article:published_time\" content=\"2007-04-19T12:00:00+00:00\" \/>\n<meta name=\"author\" content=\"Artikkelimport\u00f8r\" \/>\n<meta name=\"twitter:card\" content=\"summary_large_image\" \/>\n<meta name=\"twitter:label1\" content=\"Skrevet av\" \/>\n\t<meta name=\"twitter:data1\" content=\"Artikkelimport\u00f8r\" \/>\n\t<meta name=\"twitter:label2\" content=\"Ansl. lesetid\" \/>\n\t<meta name=\"twitter:data2\" content=\"5 minutter\" \/>\n<script type=\"application\/ld+json\" class=\"yoast-schema-graph\">{\"@context\":\"https:\/\/schema.org\",\"@graph\":[{\"@type\":\"WebPage\",\"@id\":\"https:\/\/naturvernforbundet.no\/moreogromsdal\/himmel-og-hav-siri-kalvig-pa-foredragsturne-i-more-og-romsdal-om-klimaendringene\/\",\"url\":\"https:\/\/naturvernforbundet.no\/moreogromsdal\/himmel-og-hav-siri-kalvig-pa-foredragsturne-i-more-og-romsdal-om-klimaendringene\/\",\"name\":\"Himmel og hav - Siri Kalvig p\u00e5 foredragsturn\u00e9 i M\u00f8re og Romsdal om klimaendringene - M\u00f8re og Romsdal\",\"isPartOf\":{\"@id\":\"https:\/\/naturvernforbundet.no\/moreogromsdal\/#website\"},\"datePublished\":\"2007-04-19T12:00:00+00:00\",\"author\":{\"@id\":\"https:\/\/naturvernforbundet.no\/moreogromsdal\/#\/schema\/person\/c72f198205979084bf071deedb6205f4\"},\"breadcrumb\":{\"@id\":\"https:\/\/naturvernforbundet.no\/moreogromsdal\/himmel-og-hav-siri-kalvig-pa-foredragsturne-i-more-og-romsdal-om-klimaendringene\/#breadcrumb\"},\"inLanguage\":\"nb-NO\",\"potentialAction\":[{\"@type\":\"ReadAction\",\"target\":[\"https:\/\/naturvernforbundet.no\/moreogromsdal\/himmel-og-hav-siri-kalvig-pa-foredragsturne-i-more-og-romsdal-om-klimaendringene\/\"]}]},{\"@type\":\"BreadcrumbList\",\"@id\":\"https:\/\/naturvernforbundet.no\/moreogromsdal\/himmel-og-hav-siri-kalvig-pa-foredragsturne-i-more-og-romsdal-om-klimaendringene\/#breadcrumb\",\"itemListElement\":[{\"@type\":\"ListItem\",\"position\":1,\"name\":\"Till naturvernforbundet.no\",\"item\":\"https:\/\/naturvernforbundet.no\/\"},{\"@type\":\"ListItem\",\"position\":2,\"name\":\"M\u00f8re og Romsdal\",\"item\":\"https:\/\/naturvernforbundet.no\/moreogromsdal\/\"},{\"@type\":\"ListItem\",\"position\":3,\"name\":\"Himmel og hav &#8211; Siri Kalvig p\u00e5 foredragsturn\u00e9 i M\u00f8re og Romsdal om klimaendringene\"}]},{\"@type\":\"WebSite\",\"@id\":\"https:\/\/naturvernforbundet.no\/moreogromsdal\/#website\",\"url\":\"https:\/\/naturvernforbundet.no\/moreogromsdal\/\",\"name\":\"M\u00f8re og Romsdal\",\"description\":\"Bare enda et Naturvernforbundet Sites-nettsted\",\"potentialAction\":[{\"@type\":\"SearchAction\",\"target\":{\"@type\":\"EntryPoint\",\"urlTemplate\":\"https:\/\/naturvernforbundet.no\/moreogromsdal\/?s={search_term_string}\"},\"query-input\":{\"@type\":\"PropertyValueSpecification\",\"valueRequired\":true,\"valueName\":\"search_term_string\"}}],\"inLanguage\":\"nb-NO\"},{\"@type\":\"Person\",\"@id\":\"https:\/\/naturvernforbundet.no\/moreogromsdal\/#\/schema\/person\/c72f198205979084bf071deedb6205f4\",\"name\":\"Artikkelimport\u00f8r\",\"image\":{\"@type\":\"ImageObject\",\"inLanguage\":\"nb-NO\",\"@id\":\"https:\/\/naturvernforbundet.no\/moreogromsdal\/#\/schema\/person\/image\/\",\"url\":\"https:\/\/secure.gravatar.com\/avatar\/015fa491b9ed1c823ef16a5c930294d1?s=96&d=mm&r=g\",\"contentUrl\":\"https:\/\/secure.gravatar.com\/avatar\/015fa491b9ed1c823ef16a5c930294d1?s=96&d=mm&r=g\",\"caption\":\"Artikkelimport\u00f8r\"},\"url\":\"https:\/\/naturvernforbundet.no\/moreogromsdal\/author\/artikkelimportor\/\"}]}<\/script>\n<!-- \/ Yoast SEO plugin. -->","yoast_head_json":{"title":"Himmel og hav - Siri Kalvig p\u00e5 foredragsturn\u00e9 i M\u00f8re og Romsdal om klimaendringene - M\u00f8re og Romsdal","robots":{"index":"index","follow":"follow","max-snippet":"max-snippet:-1","max-image-preview":"max-image-preview:large","max-video-preview":"max-video-preview:-1"},"canonical":"https:\/\/naturvernforbundet.no\/moreogromsdal\/himmel-og-hav-siri-kalvig-pa-foredragsturne-i-more-og-romsdal-om-klimaendringene\/","og_locale":"nb_NO","og_type":"article","og_title":"Himmel og hav - Siri Kalvig p\u00e5 foredragsturn\u00e9 i M\u00f8re og Romsdal om klimaendringene - M\u00f8re og Romsdal","og_description":"Metereologisk institutt og Storm Weather Centre arrangerer sammen med Milj\u00f8verndepartementet foredragsturneen Himmel og hav. Foredragsturneen handler om klimaendringer, konsekvensene dette har og mulige l\u00f8sninger, og starter i M\u00f8re og Romsdal 25. - 27. april.","og_url":"https:\/\/naturvernforbundet.no\/moreogromsdal\/himmel-og-hav-siri-kalvig-pa-foredragsturne-i-more-og-romsdal-om-klimaendringene\/","og_site_name":"M\u00f8re og Romsdal","article_published_time":"2007-04-19T12:00:00+00:00","author":"Artikkelimport\u00f8r","twitter_card":"summary_large_image","twitter_misc":{"Skrevet av":"Artikkelimport\u00f8r","Ansl. lesetid":"5 minutter"},"schema":{"@context":"https:\/\/schema.org","@graph":[{"@type":"WebPage","@id":"https:\/\/naturvernforbundet.no\/moreogromsdal\/himmel-og-hav-siri-kalvig-pa-foredragsturne-i-more-og-romsdal-om-klimaendringene\/","url":"https:\/\/naturvernforbundet.no\/moreogromsdal\/himmel-og-hav-siri-kalvig-pa-foredragsturne-i-more-og-romsdal-om-klimaendringene\/","name":"Himmel og hav - Siri Kalvig p\u00e5 foredragsturn\u00e9 i M\u00f8re og Romsdal om klimaendringene - M\u00f8re og Romsdal","isPartOf":{"@id":"https:\/\/naturvernforbundet.no\/moreogromsdal\/#website"},"datePublished":"2007-04-19T12:00:00+00:00","author":{"@id":"https:\/\/naturvernforbundet.no\/moreogromsdal\/#\/schema\/person\/c72f198205979084bf071deedb6205f4"},"breadcrumb":{"@id":"https:\/\/naturvernforbundet.no\/moreogromsdal\/himmel-og-hav-siri-kalvig-pa-foredragsturne-i-more-og-romsdal-om-klimaendringene\/#breadcrumb"},"inLanguage":"nb-NO","potentialAction":[{"@type":"ReadAction","target":["https:\/\/naturvernforbundet.no\/moreogromsdal\/himmel-og-hav-siri-kalvig-pa-foredragsturne-i-more-og-romsdal-om-klimaendringene\/"]}]},{"@type":"BreadcrumbList","@id":"https:\/\/naturvernforbundet.no\/moreogromsdal\/himmel-og-hav-siri-kalvig-pa-foredragsturne-i-more-og-romsdal-om-klimaendringene\/#breadcrumb","itemListElement":[{"@type":"ListItem","position":1,"name":"Till naturvernforbundet.no","item":"https:\/\/naturvernforbundet.no\/"},{"@type":"ListItem","position":2,"name":"M\u00f8re og Romsdal","item":"https:\/\/naturvernforbundet.no\/moreogromsdal\/"},{"@type":"ListItem","position":3,"name":"Himmel og hav &#8211; Siri Kalvig p\u00e5 foredragsturn\u00e9 i M\u00f8re og Romsdal om klimaendringene"}]},{"@type":"WebSite","@id":"https:\/\/naturvernforbundet.no\/moreogromsdal\/#website","url":"https:\/\/naturvernforbundet.no\/moreogromsdal\/","name":"M\u00f8re og Romsdal","description":"Bare enda et Naturvernforbundet Sites-nettsted","potentialAction":[{"@type":"SearchAction","target":{"@type":"EntryPoint","urlTemplate":"https:\/\/naturvernforbundet.no\/moreogromsdal\/?s={search_term_string}"},"query-input":{"@type":"PropertyValueSpecification","valueRequired":true,"valueName":"search_term_string"}}],"inLanguage":"nb-NO"},{"@type":"Person","@id":"https:\/\/naturvernforbundet.no\/moreogromsdal\/#\/schema\/person\/c72f198205979084bf071deedb6205f4","name":"Artikkelimport\u00f8r","image":{"@type":"ImageObject","inLanguage":"nb-NO","@id":"https:\/\/naturvernforbundet.no\/moreogromsdal\/#\/schema\/person\/image\/","url":"https:\/\/secure.gravatar.com\/avatar\/015fa491b9ed1c823ef16a5c930294d1?s=96&d=mm&r=g","contentUrl":"https:\/\/secure.gravatar.com\/avatar\/015fa491b9ed1c823ef16a5c930294d1?s=96&d=mm&r=g","caption":"Artikkelimport\u00f8r"},"url":"https:\/\/naturvernforbundet.no\/moreogromsdal\/author\/artikkelimportor\/"}]}},"_links":{"self":[{"href":"https:\/\/naturvernforbundet.no\/moreogromsdal\/wp-json\/wp\/v2\/posts\/1891","targetHints":{"allow":["GET"]}}],"collection":[{"href":"https:\/\/naturvernforbundet.no\/moreogromsdal\/wp-json\/wp\/v2\/posts"}],"about":[{"href":"https:\/\/naturvernforbundet.no\/moreogromsdal\/wp-json\/wp\/v2\/types\/post"}],"author":[{"embeddable":true,"href":"https:\/\/naturvernforbundet.no\/moreogromsdal\/wp-json\/wp\/v2\/users\/38"}],"replies":[{"embeddable":true,"href":"https:\/\/naturvernforbundet.no\/moreogromsdal\/wp-json\/wp\/v2\/comments?post=1891"}],"version-history":[{"count":0,"href":"https:\/\/naturvernforbundet.no\/moreogromsdal\/wp-json\/wp\/v2\/posts\/1891\/revisions"}],"wp:attachment":[{"href":"https:\/\/naturvernforbundet.no\/moreogromsdal\/wp-json\/wp\/v2\/media?parent=1891"}],"wp:term":[{"taxonomy":"category","embeddable":true,"href":"https:\/\/naturvernforbundet.no\/moreogromsdal\/wp-json\/wp\/v2\/categories?post=1891"},{"taxonomy":"post_tag","embeddable":true,"href":"https:\/\/naturvernforbundet.no\/moreogromsdal\/wp-json\/wp\/v2\/tags?post=1891"},{"taxonomy":"local","embeddable":true,"href":"https:\/\/naturvernforbundet.no\/moreogromsdal\/wp-json\/wp\/v2\/local?post=1891"}],"curies":[{"name":"wp","href":"https:\/\/api.w.org\/{rel}","templated":true}]}}