{"id":1907,"date":"2006-06-14T08:28:00","date_gmt":"2006-06-14T06:28:00","guid":{"rendered":"https:\/\/naturvernforbundet.no\/moreogromsdal\/unike-skoger-i-more-og-romsdal-ny-rapport-fra-naturvernforbundet\/"},"modified":"2006-06-14T08:28:00","modified_gmt":"2006-06-14T06:28:00","slug":"unike-skoger-i-more-og-romsdal-ny-rapport-fra-naturvernforbundet","status":"publish","type":"post","link":"https:\/\/naturvernforbundet.no\/moreogromsdal\/unike-skoger-i-more-og-romsdal-ny-rapport-fra-naturvernforbundet\/","title":{"rendered":"Unike skoger i M\u00f8re og Romsdal &#8211; ny rapport fra Naturvernforbundet"},"content":{"rendered":"\t<div class=\"template-post alignfull wp-block-naturvern-hero\">\n\t\t<div class=\"hero__inner\">\n\t\t\t<div class=\"hero__inner_blocks\">\n\t\t\t\t\t\t\t\t\n\t\t\t\t\t<h1 class=\"wp-block-post-title\">Unike skoger i M\u00f8re og Romsdal &#8211; ny rapport fra Naturvernforbundet<\/h1>\n\n\t\t\t\t\t<div class=\"wp-block-post-excerpt\"><p class=\"wp-block-post-excerpt__excerpt\">I en fersk rapport beskriver Norges Naturvernforbund noen av de aller mest verneverdige skogsomr\u00e5dene i Norge. Hele \u00e5tte omr\u00e5der i M\u00f8re og Romsdal er p\u00e5 lista. <\/p><\/div>\n\n\t\t\t\t\t\n\n\t\t\t\t\t<div class=\"wp-block-naturvern-byline\">\n\t\t\t<div class=\"authors\">By <span class=\"t2-byline__author-link\">Artikkelimport\u00f8r<\/span><\/div>\n\t\t\t<small class=\"entry-date\">14.06.2006 08:28<\/small>\n\t\t<\/div>\n\t\t\t\t\t\t\t\t<\/div>\n\t\t\t\t\t<\/div>\n\t\t\t<\/div>\n\t\n<p>Skogomr\u00e5dene er verneverdige av forskjellige grunner. Noen av omr\u00e5dene peker seg ut som internasjonalt verneverdige fordi naturtypen eller artsmangfoldet er enest\u00e5ende. Andre er unike p\u00e5 grunn av sin ur\u00f8rthet. Atter andre representerer v\u00e5re siste, st\u00f8rre villmarkspregete omr\u00e5der under tregrensen. Begrepet \u201dunike\u201d i rapportens tittel passer perfekt fordi mange av omr\u00e5dene finnes bare i ett eksemplar.<\/p>\n\n\n\n<p>\u00c5tte av omr\u00e5dene ligger i M\u00f8re og Romsdal: \n \n<i>\n<\/i><\/p>\n\n\n\n<p><i><i>Lokalitetenes fordeling p\u00e5 fylke og kommune med opplysninger om brutto areal (oftest grovt ansl\u00e5tt og ikke synonymt med produktiv skog) og verneverdi (se kapittel 2.2) etter en skala der *** og **** utgj\u00f8r de h\u00f8yest rangerte og mest verneverdige omr\u00e5dene. <\/i>\n<\/i><\/p>\n\n\n\n<p><i><b>Fylke <\/b>\n\n<\/i><\/p>\n\n\n\n<p><i><b>Kommune <\/b>\n\n<\/i><\/p>\n\n\n\n<p><i><b>Lokalitet<\/b>\n\n<\/i><\/p>\n\n\n\n<p><i><b>Brutto areal<\/b>\n\n<\/i><\/p>\n\n\n\n<p><i><b>Verdi<\/b>\n\n\n<\/i><\/p>\n\n\n\n<p><i>S\u00f8r-Tr\u00f8ndelag\/MR\n\n<\/i><\/p>\n\n\n\n<p><i>Oppdal\/Sunndal\n\n<\/i><\/p>\n\n\n\n<p><i>Gr\u00e5ura\n\n<\/i><\/p>\n\n\n\n<p><i>5500 daa\n\n<\/i><\/p>\n\n\n\n<p><i>****\n\n\n<\/i><\/p>\n\n\n\n<p><i>M\u00f8re og Romsdal\n\n<\/i><\/p>\n\n\n\n<p><i>Nesset\n\n<\/i><\/p>\n\n\n\n<p><i>Eikesdalen \u00f8stside\n\n<\/i><\/p>\n\n\n\n<p><i>&gt;15000 daa\n\n<\/i><\/p>\n\n\n\n<p><i>****\n\n\n<\/i><\/p>\n\n\n\n<p><i>M\u00f8re og Romsdal\n\n<\/i><\/p>\n\n\n\n<p><i>Norddal\n\n<\/i><\/p>\n\n\n\n<p><i>Onilsafeltet\n\n<\/i><\/p>\n\n\n\n<p><i>600 daa\n\n<\/i><\/p>\n\n\n\n<p><i>***(*)\n\n\n<\/i><\/p>\n\n\n\n<p><i>M\u00f8re og Romsdal\n\n<\/i><\/p>\n\n\n\n<p><i>Norddal\/Stranda\n\n<\/i><\/p>\n\n\n\n<p><i>Lauvvikane &#8211; Linge\n\n<\/i><\/p>\n\n\n\n<p><i>6000 daa\n\n<\/i><\/p>\n\n\n\n<p><i>****\n\n\n<\/i><\/p>\n\n\n\n<p><i>M\u00f8re og Romsdal\n\n<\/i><\/p>\n\n\n\n<p><i>Stordal\/Stranda\n\n<\/i><\/p>\n\n\n\n<p><i>Ansok-Djupdalen\n\n<\/i><\/p>\n\n\n\n<p><i>10000 daa\n\n<\/i><\/p>\n\n\n\n<p><i>****\n\n\n<\/i><\/p>\n\n\n\n<p><i>M\u00f8re og Romsdal\n\n<\/i><\/p>\n\n\n\n<p><i>Sunndal\/Tingvoll\n\n<\/i><\/p>\n\n\n\n<p><i>Fl\u00e5-Havdalen\n\n<\/i><\/p>\n\n\n\n<p><i>8000 daa\n\n<\/i><\/p>\n\n\n\n<p><i>****\n\n\n<\/i><\/p>\n\n\n\n<p><i>M\u00f8re og Romsdal\n\n<\/i><\/p>\n\n\n\n<p><i>Sunndal\/Tingvoll\n\n<\/i><\/p>\n\n\n\n<p><i>Durm\u00e5lshaugen &#8211; Mulvikknuken\n\n<\/i><\/p>\n\n\n\n<p><i>4000 daa\n\n<\/i><\/p>\n\n\n\n<p><i>***\n\n\n<\/i><\/p>\n\n\n\n<p><i>M\u00f8re og Romsdal\n\n<\/i><\/p>\n\n\n\n<p><i>Tingvoll\n\n<\/i><\/p>\n\n\n\n<p><i>Rott\u00e5sberga\n\n<\/i><\/p>\n\n\n\n<p><i>2000 daa\n\n<\/i><\/p>\n\n\n\n<p><i>***<\/i><\/p>\n\n\n\n\n\n<i>\n<\/i>\n\n\n\n<p><\/p>\n\n\n\n<p><i> <\/i>Norsk institutt for naturforskning og Skogforsk har anbefalt \u00e5 \u00f8ke skogvernet til 4,6 % av det produktive skogarealet. Dette er viktig fordi nesten halvparten av de truete og s\u00e5rbare artene, de s\u00e5kalte r\u00f8dliste-artene, lever i skog, men ogs\u00e5 for \u00e5 bevare s\u00e6regne naturmilj\u00f8er som naturdokumenter for ettertiden. Etter det store milj\u00f8toppm\u00f8tet i Johannesburg i 2002 har Stortinget satt seg det ambisi\u00f8se m\u00e5let at Norge skal stoppe tapet av biologisk mangfold innen 2010. Biologisk mangfold inneb\u00e6rer her b\u00e5de mangfoldet av arter og mangfoldet av naturtyper.<br><br>I denne situasjonen framst\u00e5r \u00f8kt skogvern som en av de viktigste naturvernoppgavene fram mot 2010. Men vi lykkes bare dersom vi velger ut de riktige omr\u00e5dene for vern, og prioriterer de mest unike omr\u00e5dene.\n \n<strong>Rapporten vil v\u00e6re et viktig utgangspunkt for Naturvernforbundets prioriteringer i sitt skogarbeid framover. Vi vil pr\u00f8ve \u00e5 f\u00e5 til en presentasjon av rapporten p\u00e5 Sunndals\u00f8ra torsdag 15. juni. Ta kontakt med \u00d8ystein Folden eller Lars Haltbrekken for \u00e5 avtale praktiske detaljer. <\/strong>\n \n<em>Leder \u00d8ystein Folden i Naturvernforbundet er tilgjengelig p\u00e5 telefon 91 81 25 42.<\/em>\n<em><\/em> \n<em>Lars Haltbrekken, leder i Norges Naturverforbund, vil v\u00e6re p\u00e5 Sunndals\u00f8ra kulturfestival torsdag 15. juni. Han har telefon 91 61 21 91.<\/em>\n<em><\/em> \n<em>Mer informasjon om rapporten er tilgjengelig p\u00e5 <a href=\"\/cgi-bin\/naturvern\/imaker?id=86256\">\/cgi-bin\/naturvern\/imaker?id=86256<\/a>.<\/em>\n<em><\/em> <\/p>\n","protected":false},"excerpt":{"rendered":"<p>I en fersk rapport beskriver Norges Naturvernforbund noen av de aller mest verneverdige skogsomr\u00e5dene i Norge. Hele \u00e5tte omr\u00e5der i M\u00f8re og Romsdal er p\u00e5 lista.<\/p>\n","protected":false},"author":38,"featured_media":0,"comment_status":"closed","ping_status":"closed","sticky":false,"template":"","format":"standard","meta":{"_relevanssi_hide_post":"","_relevanssi_hide_content":"","_relevanssi_pin_for_all":"","_relevanssi_pin_keywords":"","_relevanssi_unpin_keywords":"","_relevanssi_related_keywords":"","_relevanssi_related_include_ids":"","_relevanssi_related_exclude_ids":"","_relevanssi_related_no_append":"","_relevanssi_related_not_related":"","_relevanssi_related_posts":"","_relevanssi_noindex_reason":"","hide_logo":false,"footnotes":""},"categories":[16],"tags":[],"local":[],"class_list":["post-1907","post","type-post","status-publish","format-standard","hentry","category-naturmangfold"],"acf":[],"yoast_head":"<!-- This site is optimized with the Yoast SEO plugin v24.9 - https:\/\/yoast.com\/wordpress\/plugins\/seo\/ -->\n<title>Unike skoger i M\u00f8re og Romsdal - ny rapport fra Naturvernforbundet - M\u00f8re og Romsdal<\/title>\n<meta name=\"robots\" content=\"index, follow, max-snippet:-1, max-image-preview:large, max-video-preview:-1\" \/>\n<link rel=\"canonical\" href=\"https:\/\/naturvernforbundet.no\/moreogromsdal\/unike-skoger-i-more-og-romsdal-ny-rapport-fra-naturvernforbundet\/\" \/>\n<meta property=\"og:locale\" content=\"nb_NO\" \/>\n<meta property=\"og:type\" content=\"article\" \/>\n<meta property=\"og:title\" content=\"Unike skoger i M\u00f8re og Romsdal - ny rapport fra Naturvernforbundet - M\u00f8re og Romsdal\" \/>\n<meta property=\"og:description\" content=\"I en fersk rapport beskriver Norges Naturvernforbund noen av de aller mest verneverdige skogsomr\u00e5dene i Norge. Hele \u00e5tte omr\u00e5der i M\u00f8re og Romsdal er p\u00e5 lista.\" \/>\n<meta property=\"og:url\" content=\"https:\/\/naturvernforbundet.no\/moreogromsdal\/unike-skoger-i-more-og-romsdal-ny-rapport-fra-naturvernforbundet\/\" \/>\n<meta property=\"og:site_name\" content=\"M\u00f8re og Romsdal\" \/>\n<meta property=\"article:published_time\" content=\"2006-06-14T06:28:00+00:00\" \/>\n<meta name=\"author\" content=\"Artikkelimport\u00f8r\" \/>\n<meta name=\"twitter:card\" content=\"summary_large_image\" \/>\n<meta name=\"twitter:label1\" content=\"Skrevet av\" \/>\n\t<meta name=\"twitter:data1\" content=\"Artikkelimport\u00f8r\" \/>\n\t<meta name=\"twitter:label2\" content=\"Ansl. lesetid\" \/>\n\t<meta name=\"twitter:data2\" content=\"2 minutter\" \/>\n<script type=\"application\/ld+json\" class=\"yoast-schema-graph\">{\"@context\":\"https:\/\/schema.org\",\"@graph\":[{\"@type\":\"WebPage\",\"@id\":\"https:\/\/naturvernforbundet.no\/moreogromsdal\/unike-skoger-i-more-og-romsdal-ny-rapport-fra-naturvernforbundet\/\",\"url\":\"https:\/\/naturvernforbundet.no\/moreogromsdal\/unike-skoger-i-more-og-romsdal-ny-rapport-fra-naturvernforbundet\/\",\"name\":\"Unike skoger i M\u00f8re og Romsdal - ny rapport fra Naturvernforbundet - M\u00f8re og Romsdal\",\"isPartOf\":{\"@id\":\"https:\/\/naturvernforbundet.no\/moreogromsdal\/#website\"},\"datePublished\":\"2006-06-14T06:28:00+00:00\",\"author\":{\"@id\":\"https:\/\/naturvernforbundet.no\/moreogromsdal\/#\/schema\/person\/c72f198205979084bf071deedb6205f4\"},\"breadcrumb\":{\"@id\":\"https:\/\/naturvernforbundet.no\/moreogromsdal\/unike-skoger-i-more-og-romsdal-ny-rapport-fra-naturvernforbundet\/#breadcrumb\"},\"inLanguage\":\"nb-NO\",\"potentialAction\":[{\"@type\":\"ReadAction\",\"target\":[\"https:\/\/naturvernforbundet.no\/moreogromsdal\/unike-skoger-i-more-og-romsdal-ny-rapport-fra-naturvernforbundet\/\"]}]},{\"@type\":\"BreadcrumbList\",\"@id\":\"https:\/\/naturvernforbundet.no\/moreogromsdal\/unike-skoger-i-more-og-romsdal-ny-rapport-fra-naturvernforbundet\/#breadcrumb\",\"itemListElement\":[{\"@type\":\"ListItem\",\"position\":1,\"name\":\"Till naturvernforbundet.no\",\"item\":\"https:\/\/naturvernforbundet.no\/\"},{\"@type\":\"ListItem\",\"position\":2,\"name\":\"M\u00f8re og Romsdal\",\"item\":\"https:\/\/naturvernforbundet.no\/moreogromsdal\/\"},{\"@type\":\"ListItem\",\"position\":3,\"name\":\"Unike skoger i M\u00f8re og Romsdal &#8211; ny rapport fra Naturvernforbundet\"}]},{\"@type\":\"WebSite\",\"@id\":\"https:\/\/naturvernforbundet.no\/moreogromsdal\/#website\",\"url\":\"https:\/\/naturvernforbundet.no\/moreogromsdal\/\",\"name\":\"M\u00f8re og Romsdal\",\"description\":\"Bare enda et Naturvernforbundet Sites-nettsted\",\"potentialAction\":[{\"@type\":\"SearchAction\",\"target\":{\"@type\":\"EntryPoint\",\"urlTemplate\":\"https:\/\/naturvernforbundet.no\/moreogromsdal\/?s={search_term_string}\"},\"query-input\":{\"@type\":\"PropertyValueSpecification\",\"valueRequired\":true,\"valueName\":\"search_term_string\"}}],\"inLanguage\":\"nb-NO\"},{\"@type\":\"Person\",\"@id\":\"https:\/\/naturvernforbundet.no\/moreogromsdal\/#\/schema\/person\/c72f198205979084bf071deedb6205f4\",\"name\":\"Artikkelimport\u00f8r\",\"image\":{\"@type\":\"ImageObject\",\"inLanguage\":\"nb-NO\",\"@id\":\"https:\/\/naturvernforbundet.no\/moreogromsdal\/#\/schema\/person\/image\/\",\"url\":\"https:\/\/secure.gravatar.com\/avatar\/015fa491b9ed1c823ef16a5c930294d1?s=96&d=mm&r=g\",\"contentUrl\":\"https:\/\/secure.gravatar.com\/avatar\/015fa491b9ed1c823ef16a5c930294d1?s=96&d=mm&r=g\",\"caption\":\"Artikkelimport\u00f8r\"},\"url\":\"https:\/\/naturvernforbundet.no\/moreogromsdal\/author\/artikkelimportor\/\"}]}<\/script>\n<!-- \/ Yoast SEO plugin. -->","yoast_head_json":{"title":"Unike skoger i M\u00f8re og Romsdal - ny rapport fra Naturvernforbundet - M\u00f8re og Romsdal","robots":{"index":"index","follow":"follow","max-snippet":"max-snippet:-1","max-image-preview":"max-image-preview:large","max-video-preview":"max-video-preview:-1"},"canonical":"https:\/\/naturvernforbundet.no\/moreogromsdal\/unike-skoger-i-more-og-romsdal-ny-rapport-fra-naturvernforbundet\/","og_locale":"nb_NO","og_type":"article","og_title":"Unike skoger i M\u00f8re og Romsdal - ny rapport fra Naturvernforbundet - M\u00f8re og Romsdal","og_description":"I en fersk rapport beskriver Norges Naturvernforbund noen av de aller mest verneverdige skogsomr\u00e5dene i Norge. Hele \u00e5tte omr\u00e5der i M\u00f8re og Romsdal er p\u00e5 lista.","og_url":"https:\/\/naturvernforbundet.no\/moreogromsdal\/unike-skoger-i-more-og-romsdal-ny-rapport-fra-naturvernforbundet\/","og_site_name":"M\u00f8re og Romsdal","article_published_time":"2006-06-14T06:28:00+00:00","author":"Artikkelimport\u00f8r","twitter_card":"summary_large_image","twitter_misc":{"Skrevet av":"Artikkelimport\u00f8r","Ansl. lesetid":"2 minutter"},"schema":{"@context":"https:\/\/schema.org","@graph":[{"@type":"WebPage","@id":"https:\/\/naturvernforbundet.no\/moreogromsdal\/unike-skoger-i-more-og-romsdal-ny-rapport-fra-naturvernforbundet\/","url":"https:\/\/naturvernforbundet.no\/moreogromsdal\/unike-skoger-i-more-og-romsdal-ny-rapport-fra-naturvernforbundet\/","name":"Unike skoger i M\u00f8re og Romsdal - ny rapport fra Naturvernforbundet - M\u00f8re og Romsdal","isPartOf":{"@id":"https:\/\/naturvernforbundet.no\/moreogromsdal\/#website"},"datePublished":"2006-06-14T06:28:00+00:00","author":{"@id":"https:\/\/naturvernforbundet.no\/moreogromsdal\/#\/schema\/person\/c72f198205979084bf071deedb6205f4"},"breadcrumb":{"@id":"https:\/\/naturvernforbundet.no\/moreogromsdal\/unike-skoger-i-more-og-romsdal-ny-rapport-fra-naturvernforbundet\/#breadcrumb"},"inLanguage":"nb-NO","potentialAction":[{"@type":"ReadAction","target":["https:\/\/naturvernforbundet.no\/moreogromsdal\/unike-skoger-i-more-og-romsdal-ny-rapport-fra-naturvernforbundet\/"]}]},{"@type":"BreadcrumbList","@id":"https:\/\/naturvernforbundet.no\/moreogromsdal\/unike-skoger-i-more-og-romsdal-ny-rapport-fra-naturvernforbundet\/#breadcrumb","itemListElement":[{"@type":"ListItem","position":1,"name":"Till naturvernforbundet.no","item":"https:\/\/naturvernforbundet.no\/"},{"@type":"ListItem","position":2,"name":"M\u00f8re og Romsdal","item":"https:\/\/naturvernforbundet.no\/moreogromsdal\/"},{"@type":"ListItem","position":3,"name":"Unike skoger i M\u00f8re og Romsdal &#8211; ny rapport fra Naturvernforbundet"}]},{"@type":"WebSite","@id":"https:\/\/naturvernforbundet.no\/moreogromsdal\/#website","url":"https:\/\/naturvernforbundet.no\/moreogromsdal\/","name":"M\u00f8re og Romsdal","description":"Bare enda et Naturvernforbundet Sites-nettsted","potentialAction":[{"@type":"SearchAction","target":{"@type":"EntryPoint","urlTemplate":"https:\/\/naturvernforbundet.no\/moreogromsdal\/?s={search_term_string}"},"query-input":{"@type":"PropertyValueSpecification","valueRequired":true,"valueName":"search_term_string"}}],"inLanguage":"nb-NO"},{"@type":"Person","@id":"https:\/\/naturvernforbundet.no\/moreogromsdal\/#\/schema\/person\/c72f198205979084bf071deedb6205f4","name":"Artikkelimport\u00f8r","image":{"@type":"ImageObject","inLanguage":"nb-NO","@id":"https:\/\/naturvernforbundet.no\/moreogromsdal\/#\/schema\/person\/image\/","url":"https:\/\/secure.gravatar.com\/avatar\/015fa491b9ed1c823ef16a5c930294d1?s=96&d=mm&r=g","contentUrl":"https:\/\/secure.gravatar.com\/avatar\/015fa491b9ed1c823ef16a5c930294d1?s=96&d=mm&r=g","caption":"Artikkelimport\u00f8r"},"url":"https:\/\/naturvernforbundet.no\/moreogromsdal\/author\/artikkelimportor\/"}]}},"_links":{"self":[{"href":"https:\/\/naturvernforbundet.no\/moreogromsdal\/wp-json\/wp\/v2\/posts\/1907","targetHints":{"allow":["GET"]}}],"collection":[{"href":"https:\/\/naturvernforbundet.no\/moreogromsdal\/wp-json\/wp\/v2\/posts"}],"about":[{"href":"https:\/\/naturvernforbundet.no\/moreogromsdal\/wp-json\/wp\/v2\/types\/post"}],"author":[{"embeddable":true,"href":"https:\/\/naturvernforbundet.no\/moreogromsdal\/wp-json\/wp\/v2\/users\/38"}],"replies":[{"embeddable":true,"href":"https:\/\/naturvernforbundet.no\/moreogromsdal\/wp-json\/wp\/v2\/comments?post=1907"}],"version-history":[{"count":0,"href":"https:\/\/naturvernforbundet.no\/moreogromsdal\/wp-json\/wp\/v2\/posts\/1907\/revisions"}],"wp:attachment":[{"href":"https:\/\/naturvernforbundet.no\/moreogromsdal\/wp-json\/wp\/v2\/media?parent=1907"}],"wp:term":[{"taxonomy":"category","embeddable":true,"href":"https:\/\/naturvernforbundet.no\/moreogromsdal\/wp-json\/wp\/v2\/categories?post=1907"},{"taxonomy":"post_tag","embeddable":true,"href":"https:\/\/naturvernforbundet.no\/moreogromsdal\/wp-json\/wp\/v2\/tags?post=1907"},{"taxonomy":"local","embeddable":true,"href":"https:\/\/naturvernforbundet.no\/moreogromsdal\/wp-json\/wp\/v2\/local?post=1907"}],"curies":[{"name":"wp","href":"https:\/\/api.w.org\/{rel}","templated":true}]}}