{"id":1911,"date":"2006-01-24T08:25:00","date_gmt":"2006-01-24T07:25:00","guid":{"rendered":"https:\/\/naturvernforbundet.no\/moreogromsdal\/innkalling-til-arsmote-i-naturvernforbundet-i-orsta-og-volda\/"},"modified":"2006-01-24T08:25:00","modified_gmt":"2006-01-24T07:25:00","slug":"innkalling-til-arsmote-i-naturvernforbundet-i-orsta-og-volda","status":"publish","type":"post","link":"https:\/\/naturvernforbundet.no\/moreogromsdal\/innkalling-til-arsmote-i-naturvernforbundet-i-orsta-og-volda\/","title":{"rendered":"Innkalling til \u00e5rsm\u00f8te i Naturvernforbundet i \u00d8rsta og Volda"},"content":{"rendered":"\t<div class=\"template-post alignfull wp-block-naturvern-hero\">\n\t\t<div class=\"hero__inner\">\n\t\t\t<div class=\"hero__inner_blocks\">\n\t\t\t\t\t\t\t\t\n\t\t\t\t\t<h1 class=\"wp-block-post-title\">Innkalling til \u00e5rsm\u00f8te i Naturvernforbundet i \u00d8rsta og Volda<\/h1>\n\n\t\t\t\t\t<div class=\"wp-block-post-excerpt\"><p class=\"wp-block-post-excerpt__excerpt\">Naturvernforbundet i \u00d8rsta og Volda har \u00e5rsm\u00f8te onsdag 1. mars kl. 1900 p\u00e5 Aasentunet. <\/p><\/div>\n\n\t\t\t\t\t\n\n\t\t\t\t\t<div class=\"wp-block-naturvern-byline\">\n\t\t\t<div class=\"authors\">By <span class=\"t2-byline__author-link\">Artikkelimport\u00f8r<\/span><\/div>\n\t\t\t<small class=\"entry-date\">24.01.2006 08:25<\/small>\n\t\t<\/div>\n\t\t\t\t\t\t\t\t<\/div>\n\t\t\t\t\t<\/div>\n\t\t\t<\/div>\n\t\n<p>&#8211; \u00c5rsm\u00f8tesaker<br>&#8211; Samtale om aktuelle tema<br>&#8211; B\u00e5rd Dahle viser lysbilete fr\u00e5 fjella i Kirgisistan<br><\/p>\n\n\n\n<p>Nye og gamle medlemar er velkomne.\n<\/p>\n\n\n\n<p><strong>\u00c5RSMELDING FOR NATURVERNFORBUNDET I \u00d8RSTA OG VOLDA 2004-2005<br><br><\/strong>Medlemstalet har lege fast p\u00e5 64 medlemar ved dei rapporteringane vi har f\u00e5tt fr\u00e5 NNV i meldingsperioda (i r\u00f8ynda ei jamn utskifting av medlemer, men med eit grunnfjell av til\u00e5rskomne langtidsmedlemer)<br><br>Laget vart formelt liva opp att i september 2004 med hjelp fr\u00e5 fylket sentralt etter at det f\u00f8rre styret hadde sete over fullmaktstida med eit halvt \u00e5r. Vi hadde d\u00e5 berre ein kontaktperson for fylkeslaget fr\u00e5 det sist valde styret. I lokale saker var det i denne tida fylkeslaget sine synspunkt som vart m\u00e5lborne.<br><br>Ved medlemsm\u00f8te 2004-09-01 fekk dei to medlemene fr\u00e5 f\u00f8rre styret (Johan Hustadnes og Geir Helge Nilsen) fullmakt til \u00e5 halde fram i verva sine for ei ny virkeperiode, samstundes som Knut Fest\u00f8 fr\u00e5 valnemnda alt denne hausten hadde gjort tiltak til \u00e5 arbeide mot overdrdriven sm\u00e5kraftverkutbygging og gjekk inn i eit arbeidsutskot med desse to. Ingrid Opedal har i heile tida virka som r\u00e5dgjevar og teke del i f\u00f8rebuingssamkome f\u00f8r dei opne folkem\u00f8ta. Der har vi og f\u00e5tt god hjelp av andre medlemer, td. Olav Skuset.<br><br>I samband med medlemsm\u00f8tet 2004-09-01, heldt \u00d8ystein Solev\u00e5g fr\u00e5 fylkesstyret eit f\u00f8redrag om problem utbygging av sm\u00e5kraftverk I meldingsperioda har vi halde to opne folkem\u00f8te med godt framm\u00f8te (h\u00f8vesvis 52 og 112): <br>Debattm\u00f8te 2004-10-21om mini- og sm\u00e5kraftverk (med hovudinnleiar Erik Solheim, NNV )<br>Oljealderen p\u00e5 hell, 2005-11-07(med Olav Hauso som hovudinnleiar og f\u00f8redragshaldar.)<br>Her delte vi for fyrste gong ut ein lokal milj\u00f8vernpris: til Volda industri ved Kjell H\u00f8ydal for framstilling av vedbrikettar.<br><br>Arbeidet mot overdriven sm\u00e5kraftutbygging har skugga over det meste i virkeperioden, og det var ei ulempe at vi ikkje hadde ein virksom organisasjon til \u00e5 take til motm\u00e6le alt d\u00e5 mange sm\u00e5vassdrag vart tekne ut av samla plan.<br>Utbyggingssakene har vore s\u00e5 mange at vi ikkje har n\u00e5dd \u00e5 levere uttale mot alle, men har freista kj\u00f8re ei line der vi har g\u00e5tt mot store landskapsinngrep over tregrensa, samt g\u00e5tt mot urette eller d\u00e5rleg underbygde opplysningar i konsesjonss\u00f8knadane.<br>\n<\/p>\n\n\n\n<p>Johan Hustadnes og Knut Fest\u00f8 har skrive dei fleste fr\u00e5segnene til NVE i konsesjonssakane og gjeve fleire intervju til lokalpressa i slike saker. Dei har og vore p\u00e5 folkem\u00f8te om utbygginga av Litledalselva.<br>\n<\/p>\n\n\n\n<p>Dei viktigste utbyggingssakene vi har utttalt oss mot denne perioden har vore: S\u00e6trefossen (V\u00e5gen\/Bj\u00f8rke), Aurstadfossen, Urkeelva, Dalegjerdet-Standal (Fladals- og S\u00e6treelva). Langs Standalelva og i Litledalen har styret og vore p\u00e5 synfaring saman med fastbuande, men diverre ikkje hatt h\u00f8ve til \u00e5 m\u00f8te NVE sine folk i same \u00e6rend p\u00e5 Standalseidet, slik direktoratet gav oss h\u00f8ve til.<br><br>I denne perioden har vi ikkje hatt utsendingar til faste kommunale utskot og nemnder.<br>Kommuneadministrasjonen i \u00d8rsta skal ha ros for ei open samarbeidsline som hadde fortent langt meir aktivt samspel fr\u00e5 v\u00e5r side enn vi har hatt evne til \u00e5 leve opp til.<br><br>Styret har i meldingstida kome saman 6 gonger for \u00e5 l\u00f8yse einskiltoppg\u00e5ver, elles har dei fleste styringsoppg\u00e5vene vorte handsama ved e-brev.<br>\n<\/p>\n\n\n\n<p>I lita grad har vi drive aktiv medlemsverving mot \u00e5lmenta, anna enn utdeling av vervingsbrosjyrer ved tre folkem\u00f8te. Men vi har f\u00e5tt nokre nye medlemer som meiner vi har gjort ein innsats for lokalmilj\u00f8et deira.<br><br>Fylkeslaget har i denne tida stilt ein ny nettstad til r\u00e5dvelde for oss: <a href=\"\/orsta\">www.naturvern.no\/orsta<\/a> og <a href=\"\/volda\">www.naturvern.no\/volda<\/a> &#8211; men vi kunne med f\u00f8remon gjort st\u00f8rre bruk av denne. Dei fleste attendemeldingar om innhaldet kjem fr\u00e5 lokale massemedia.<br><br>I aukande grad har lokale massemedia vendt seg til oss for dagsaktuelle kommentarar, og alle styremedlemer har stilt til intervju p\u00e5 kort varsko, nokre og for lokalradio og \u2013TV i opptakssending. Under strida om utbygginga p\u00e5 Standal skipa lokalavisa M\u00f8re til m\u00f8te mellom oss, utbyggar- og grunneigarinteresser og lagde reportasje fr\u00e5 dette.<br><br>Styret har og m\u00f8tt opp p\u00e5 folkem\u00f8te utanfor virkekrinsen sin, i Myrv\u00e5g hausten 2005 om vindkraftutbygginga i Gursken. Dette var meint som ei hjelp til fylkeslaget sin freistnad p\u00e5 nyorganisering av Naturvernforbundet p\u00e5 Ytre S\u00f8re Sunnm\u00f8re.<br>\n<\/p>\n\n\n\n<p>Ved den nye styringsstrukturen for fylkeslaget har vi fast plass i styret, der Geir Helge Nilsen har m\u00f8tt ved eit fleirtal av m\u00f8tene, men diverre ikkje jamt \u2013 (og vi har ingen varautsending for han)<br><br>Han har og m\u00f8tt ved fylkes\u00e5rsm\u00f8tet 2005-03-07, etter \u00e5 ha skofta dette 2004 \u2013 d\u00e5 hadde han ikkje fullmakt fr\u00e5 noko \u00e5rsm\u00f8te i lokallaget.<br>\n<\/p>\n\n\n\n<p>Under NNV sitt landsm\u00f8te i Eidanger 2005-06-10\/12 var han og einaste styremedlem som hadde h\u00f8ve til \u00e5 m\u00f8te for laget. Det einaste innlegget han heldt p\u00e5 m\u00f8tet var p\u00e5 vegner av fylkeslaget, om energifrigjering i staden for auka bruk.<br><br>Ingen fr\u00e5 v\u00e5rt lag har m\u00f8tt p\u00e5 temam\u00f8te\/kurs vi har vore innbodne til: milj\u00f8giftseminar i \u00c5lesund og vassdragsvernkurs i Trondheim<br><br>Geir Helge Nilsen 2006-02-26 \n\n\n\n\ngeovisit();\n<img decoding=\"async\" src=\"http:\/\/visit.geocities.com\/visit.gif?&amp;r=http%3A\/\/www.geocities.com\/RainForest\/jungle\/5071\/nnvoe\/aarsmeld200405.html&amp;b=Netscape%205.0%20%28Windows%3B%20en-US%29&amp;s=1280x1024&amp;o=Win32&amp;c=32&amp;j=true&amp;v=1.2\" border=\"0\"> <img loading=\"lazy\" decoding=\"async\" height=\"1\" alt=\"setstats\" src=\"http:\/\/visit.webhosting.yahoo.com\/visit.gif?us1141223693\" width=\"1\" border=\"0\"> <img loading=\"lazy\" decoding=\"async\" height=\"1\" alt=\"1\" src=\"http:\/\/geo.yahoo.com\/serv?s=76001076&amp;t=1141223693&amp;f=us-w58\" width=\"1\"><\/p>\n","protected":false},"excerpt":{"rendered":"<p>Naturvernforbundet i \u00d8rsta og Volda har \u00e5rsm\u00f8te onsdag 1. mars kl. 1900 p\u00e5 Aasentunet.<\/p>\n","protected":false},"author":38,"featured_media":0,"comment_status":"closed","ping_status":"closed","sticky":false,"template":"","format":"standard","meta":{"_relevanssi_hide_post":"","_relevanssi_hide_content":"","_relevanssi_pin_for_all":"","_relevanssi_pin_keywords":"","_relevanssi_unpin_keywords":"","_relevanssi_related_keywords":"","_relevanssi_related_include_ids":"","_relevanssi_related_exclude_ids":"","_relevanssi_related_no_append":"","_relevanssi_related_not_related":"","_relevanssi_related_posts":"","_relevanssi_noindex_reason":"","hide_logo":false,"footnotes":""},"categories":[45],"tags":[],"local":[],"class_list":["post-1911","post","type-post","status-publish","format-standard","hentry","category-naturvernforbundet"],"acf":[],"yoast_head":"<!-- This site is optimized with the Yoast SEO plugin v24.9 - https:\/\/yoast.com\/wordpress\/plugins\/seo\/ -->\n<title>Innkalling til \u00e5rsm\u00f8te i Naturvernforbundet i \u00d8rsta og Volda - M\u00f8re og Romsdal<\/title>\n<meta name=\"robots\" content=\"index, follow, max-snippet:-1, max-image-preview:large, max-video-preview:-1\" \/>\n<link rel=\"canonical\" href=\"https:\/\/naturvernforbundet.no\/moreogromsdal\/innkalling-til-arsmote-i-naturvernforbundet-i-orsta-og-volda\/\" \/>\n<meta property=\"og:locale\" content=\"nb_NO\" \/>\n<meta property=\"og:type\" content=\"article\" \/>\n<meta property=\"og:title\" content=\"Innkalling til \u00e5rsm\u00f8te i Naturvernforbundet i \u00d8rsta og Volda - M\u00f8re og Romsdal\" \/>\n<meta property=\"og:description\" content=\"Naturvernforbundet i \u00d8rsta og Volda har \u00e5rsm\u00f8te onsdag 1. mars kl. 1900 p\u00e5 Aasentunet.\" \/>\n<meta property=\"og:url\" content=\"https:\/\/naturvernforbundet.no\/moreogromsdal\/innkalling-til-arsmote-i-naturvernforbundet-i-orsta-og-volda\/\" \/>\n<meta property=\"og:site_name\" content=\"M\u00f8re og Romsdal\" \/>\n<meta property=\"article:published_time\" content=\"2006-01-24T07:25:00+00:00\" \/>\n<meta property=\"og:image\" content=\"http:\/\/visit.geocities.com\/visit.gif?&amp;r=http%3A\/\/www.geocities.com\/RainForest\/jungle\/5071\/nnvoe\/aarsmeld200405.html&amp;b=Netscape%205.0%20%28Windows%3B%20en-US%29&amp;s=1280x1024&amp;o=Win32&amp;c=32&amp;j=true&amp;v=1.2\" \/>\n<meta name=\"author\" content=\"Artikkelimport\u00f8r\" \/>\n<meta name=\"twitter:card\" content=\"summary_large_image\" \/>\n<meta name=\"twitter:label1\" content=\"Skrevet av\" \/>\n\t<meta name=\"twitter:data1\" content=\"Artikkelimport\u00f8r\" \/>\n\t<meta name=\"twitter:label2\" content=\"Ansl. lesetid\" \/>\n\t<meta name=\"twitter:data2\" content=\"4 minutter\" \/>\n<script type=\"application\/ld+json\" class=\"yoast-schema-graph\">{\"@context\":\"https:\/\/schema.org\",\"@graph\":[{\"@type\":\"WebPage\",\"@id\":\"https:\/\/naturvernforbundet.no\/moreogromsdal\/innkalling-til-arsmote-i-naturvernforbundet-i-orsta-og-volda\/\",\"url\":\"https:\/\/naturvernforbundet.no\/moreogromsdal\/innkalling-til-arsmote-i-naturvernforbundet-i-orsta-og-volda\/\",\"name\":\"Innkalling til \u00e5rsm\u00f8te i Naturvernforbundet i \u00d8rsta og Volda - M\u00f8re og Romsdal\",\"isPartOf\":{\"@id\":\"https:\/\/naturvernforbundet.no\/moreogromsdal\/#website\"},\"primaryImageOfPage\":{\"@id\":\"https:\/\/naturvernforbundet.no\/moreogromsdal\/innkalling-til-arsmote-i-naturvernforbundet-i-orsta-og-volda\/#primaryimage\"},\"image\":{\"@id\":\"https:\/\/naturvernforbundet.no\/moreogromsdal\/innkalling-til-arsmote-i-naturvernforbundet-i-orsta-og-volda\/#primaryimage\"},\"thumbnailUrl\":\"http:\/\/visit.geocities.com\/visit.gif?&amp;r=http%3A\/\/www.geocities.com\/RainForest\/jungle\/5071\/nnvoe\/aarsmeld200405.html&amp;b=Netscape%205.0%20%28Windows%3B%20en-US%29&amp;s=1280x1024&amp;o=Win32&amp;c=32&amp;j=true&amp;v=1.2\",\"datePublished\":\"2006-01-24T07:25:00+00:00\",\"author\":{\"@id\":\"https:\/\/naturvernforbundet.no\/moreogromsdal\/#\/schema\/person\/c72f198205979084bf071deedb6205f4\"},\"breadcrumb\":{\"@id\":\"https:\/\/naturvernforbundet.no\/moreogromsdal\/innkalling-til-arsmote-i-naturvernforbundet-i-orsta-og-volda\/#breadcrumb\"},\"inLanguage\":\"nb-NO\",\"potentialAction\":[{\"@type\":\"ReadAction\",\"target\":[\"https:\/\/naturvernforbundet.no\/moreogromsdal\/innkalling-til-arsmote-i-naturvernforbundet-i-orsta-og-volda\/\"]}]},{\"@type\":\"ImageObject\",\"inLanguage\":\"nb-NO\",\"@id\":\"https:\/\/naturvernforbundet.no\/moreogromsdal\/innkalling-til-arsmote-i-naturvernforbundet-i-orsta-og-volda\/#primaryimage\",\"url\":\"http:\/\/visit.geocities.com\/visit.gif?&amp;r=http%3A\/\/www.geocities.com\/RainForest\/jungle\/5071\/nnvoe\/aarsmeld200405.html&amp;b=Netscape%205.0%20%28Windows%3B%20en-US%29&amp;s=1280x1024&amp;o=Win32&amp;c=32&amp;j=true&amp;v=1.2\",\"contentUrl\":\"http:\/\/visit.geocities.com\/visit.gif?&amp;r=http%3A\/\/www.geocities.com\/RainForest\/jungle\/5071\/nnvoe\/aarsmeld200405.html&amp;b=Netscape%205.0%20%28Windows%3B%20en-US%29&amp;s=1280x1024&amp;o=Win32&amp;c=32&amp;j=true&amp;v=1.2\"},{\"@type\":\"BreadcrumbList\",\"@id\":\"https:\/\/naturvernforbundet.no\/moreogromsdal\/innkalling-til-arsmote-i-naturvernforbundet-i-orsta-og-volda\/#breadcrumb\",\"itemListElement\":[{\"@type\":\"ListItem\",\"position\":1,\"name\":\"Till naturvernforbundet.no\",\"item\":\"https:\/\/naturvernforbundet.no\/\"},{\"@type\":\"ListItem\",\"position\":2,\"name\":\"M\u00f8re og Romsdal\",\"item\":\"https:\/\/naturvernforbundet.no\/moreogromsdal\/\"},{\"@type\":\"ListItem\",\"position\":3,\"name\":\"Innkalling til \u00e5rsm\u00f8te i Naturvernforbundet i \u00d8rsta og Volda\"}]},{\"@type\":\"WebSite\",\"@id\":\"https:\/\/naturvernforbundet.no\/moreogromsdal\/#website\",\"url\":\"https:\/\/naturvernforbundet.no\/moreogromsdal\/\",\"name\":\"M\u00f8re og Romsdal\",\"description\":\"Bare enda et Naturvernforbundet Sites-nettsted\",\"potentialAction\":[{\"@type\":\"SearchAction\",\"target\":{\"@type\":\"EntryPoint\",\"urlTemplate\":\"https:\/\/naturvernforbundet.no\/moreogromsdal\/?s={search_term_string}\"},\"query-input\":{\"@type\":\"PropertyValueSpecification\",\"valueRequired\":true,\"valueName\":\"search_term_string\"}}],\"inLanguage\":\"nb-NO\"},{\"@type\":\"Person\",\"@id\":\"https:\/\/naturvernforbundet.no\/moreogromsdal\/#\/schema\/person\/c72f198205979084bf071deedb6205f4\",\"name\":\"Artikkelimport\u00f8r\",\"image\":{\"@type\":\"ImageObject\",\"inLanguage\":\"nb-NO\",\"@id\":\"https:\/\/naturvernforbundet.no\/moreogromsdal\/#\/schema\/person\/image\/\",\"url\":\"https:\/\/secure.gravatar.com\/avatar\/015fa491b9ed1c823ef16a5c930294d1?s=96&d=mm&r=g\",\"contentUrl\":\"https:\/\/secure.gravatar.com\/avatar\/015fa491b9ed1c823ef16a5c930294d1?s=96&d=mm&r=g\",\"caption\":\"Artikkelimport\u00f8r\"},\"url\":\"https:\/\/naturvernforbundet.no\/moreogromsdal\/author\/artikkelimportor\/\"}]}<\/script>\n<!-- \/ Yoast SEO plugin. -->","yoast_head_json":{"title":"Innkalling til \u00e5rsm\u00f8te i Naturvernforbundet i \u00d8rsta og Volda - M\u00f8re og Romsdal","robots":{"index":"index","follow":"follow","max-snippet":"max-snippet:-1","max-image-preview":"max-image-preview:large","max-video-preview":"max-video-preview:-1"},"canonical":"https:\/\/naturvernforbundet.no\/moreogromsdal\/innkalling-til-arsmote-i-naturvernforbundet-i-orsta-og-volda\/","og_locale":"nb_NO","og_type":"article","og_title":"Innkalling til \u00e5rsm\u00f8te i Naturvernforbundet i \u00d8rsta og Volda - M\u00f8re og Romsdal","og_description":"Naturvernforbundet i \u00d8rsta og Volda har \u00e5rsm\u00f8te onsdag 1. mars kl. 1900 p\u00e5 Aasentunet.","og_url":"https:\/\/naturvernforbundet.no\/moreogromsdal\/innkalling-til-arsmote-i-naturvernforbundet-i-orsta-og-volda\/","og_site_name":"M\u00f8re og Romsdal","article_published_time":"2006-01-24T07:25:00+00:00","og_image":[{"url":"http:\/\/visit.geocities.com\/visit.gif?&amp;r=http%3A\/\/www.geocities.com\/RainForest\/jungle\/5071\/nnvoe\/aarsmeld200405.html&amp;b=Netscape%205.0%20%28Windows%3B%20en-US%29&amp;s=1280x1024&amp;o=Win32&amp;c=32&amp;j=true&amp;v=1.2","type":"","width":"","height":""}],"author":"Artikkelimport\u00f8r","twitter_card":"summary_large_image","twitter_misc":{"Skrevet av":"Artikkelimport\u00f8r","Ansl. lesetid":"4 minutter"},"schema":{"@context":"https:\/\/schema.org","@graph":[{"@type":"WebPage","@id":"https:\/\/naturvernforbundet.no\/moreogromsdal\/innkalling-til-arsmote-i-naturvernforbundet-i-orsta-og-volda\/","url":"https:\/\/naturvernforbundet.no\/moreogromsdal\/innkalling-til-arsmote-i-naturvernforbundet-i-orsta-og-volda\/","name":"Innkalling til \u00e5rsm\u00f8te i Naturvernforbundet i \u00d8rsta og Volda - M\u00f8re og Romsdal","isPartOf":{"@id":"https:\/\/naturvernforbundet.no\/moreogromsdal\/#website"},"primaryImageOfPage":{"@id":"https:\/\/naturvernforbundet.no\/moreogromsdal\/innkalling-til-arsmote-i-naturvernforbundet-i-orsta-og-volda\/#primaryimage"},"image":{"@id":"https:\/\/naturvernforbundet.no\/moreogromsdal\/innkalling-til-arsmote-i-naturvernforbundet-i-orsta-og-volda\/#primaryimage"},"thumbnailUrl":"http:\/\/visit.geocities.com\/visit.gif?&amp;r=http%3A\/\/www.geocities.com\/RainForest\/jungle\/5071\/nnvoe\/aarsmeld200405.html&amp;b=Netscape%205.0%20%28Windows%3B%20en-US%29&amp;s=1280x1024&amp;o=Win32&amp;c=32&amp;j=true&amp;v=1.2","datePublished":"2006-01-24T07:25:00+00:00","author":{"@id":"https:\/\/naturvernforbundet.no\/moreogromsdal\/#\/schema\/person\/c72f198205979084bf071deedb6205f4"},"breadcrumb":{"@id":"https:\/\/naturvernforbundet.no\/moreogromsdal\/innkalling-til-arsmote-i-naturvernforbundet-i-orsta-og-volda\/#breadcrumb"},"inLanguage":"nb-NO","potentialAction":[{"@type":"ReadAction","target":["https:\/\/naturvernforbundet.no\/moreogromsdal\/innkalling-til-arsmote-i-naturvernforbundet-i-orsta-og-volda\/"]}]},{"@type":"ImageObject","inLanguage":"nb-NO","@id":"https:\/\/naturvernforbundet.no\/moreogromsdal\/innkalling-til-arsmote-i-naturvernforbundet-i-orsta-og-volda\/#primaryimage","url":"http:\/\/visit.geocities.com\/visit.gif?&amp;r=http%3A\/\/www.geocities.com\/RainForest\/jungle\/5071\/nnvoe\/aarsmeld200405.html&amp;b=Netscape%205.0%20%28Windows%3B%20en-US%29&amp;s=1280x1024&amp;o=Win32&amp;c=32&amp;j=true&amp;v=1.2","contentUrl":"http:\/\/visit.geocities.com\/visit.gif?&amp;r=http%3A\/\/www.geocities.com\/RainForest\/jungle\/5071\/nnvoe\/aarsmeld200405.html&amp;b=Netscape%205.0%20%28Windows%3B%20en-US%29&amp;s=1280x1024&amp;o=Win32&amp;c=32&amp;j=true&amp;v=1.2"},{"@type":"BreadcrumbList","@id":"https:\/\/naturvernforbundet.no\/moreogromsdal\/innkalling-til-arsmote-i-naturvernforbundet-i-orsta-og-volda\/#breadcrumb","itemListElement":[{"@type":"ListItem","position":1,"name":"Till naturvernforbundet.no","item":"https:\/\/naturvernforbundet.no\/"},{"@type":"ListItem","position":2,"name":"M\u00f8re og Romsdal","item":"https:\/\/naturvernforbundet.no\/moreogromsdal\/"},{"@type":"ListItem","position":3,"name":"Innkalling til \u00e5rsm\u00f8te i Naturvernforbundet i \u00d8rsta og Volda"}]},{"@type":"WebSite","@id":"https:\/\/naturvernforbundet.no\/moreogromsdal\/#website","url":"https:\/\/naturvernforbundet.no\/moreogromsdal\/","name":"M\u00f8re og Romsdal","description":"Bare enda et Naturvernforbundet Sites-nettsted","potentialAction":[{"@type":"SearchAction","target":{"@type":"EntryPoint","urlTemplate":"https:\/\/naturvernforbundet.no\/moreogromsdal\/?s={search_term_string}"},"query-input":{"@type":"PropertyValueSpecification","valueRequired":true,"valueName":"search_term_string"}}],"inLanguage":"nb-NO"},{"@type":"Person","@id":"https:\/\/naturvernforbundet.no\/moreogromsdal\/#\/schema\/person\/c72f198205979084bf071deedb6205f4","name":"Artikkelimport\u00f8r","image":{"@type":"ImageObject","inLanguage":"nb-NO","@id":"https:\/\/naturvernforbundet.no\/moreogromsdal\/#\/schema\/person\/image\/","url":"https:\/\/secure.gravatar.com\/avatar\/015fa491b9ed1c823ef16a5c930294d1?s=96&d=mm&r=g","contentUrl":"https:\/\/secure.gravatar.com\/avatar\/015fa491b9ed1c823ef16a5c930294d1?s=96&d=mm&r=g","caption":"Artikkelimport\u00f8r"},"url":"https:\/\/naturvernforbundet.no\/moreogromsdal\/author\/artikkelimportor\/"}]}},"_links":{"self":[{"href":"https:\/\/naturvernforbundet.no\/moreogromsdal\/wp-json\/wp\/v2\/posts\/1911","targetHints":{"allow":["GET"]}}],"collection":[{"href":"https:\/\/naturvernforbundet.no\/moreogromsdal\/wp-json\/wp\/v2\/posts"}],"about":[{"href":"https:\/\/naturvernforbundet.no\/moreogromsdal\/wp-json\/wp\/v2\/types\/post"}],"author":[{"embeddable":true,"href":"https:\/\/naturvernforbundet.no\/moreogromsdal\/wp-json\/wp\/v2\/users\/38"}],"replies":[{"embeddable":true,"href":"https:\/\/naturvernforbundet.no\/moreogromsdal\/wp-json\/wp\/v2\/comments?post=1911"}],"version-history":[{"count":0,"href":"https:\/\/naturvernforbundet.no\/moreogromsdal\/wp-json\/wp\/v2\/posts\/1911\/revisions"}],"wp:attachment":[{"href":"https:\/\/naturvernforbundet.no\/moreogromsdal\/wp-json\/wp\/v2\/media?parent=1911"}],"wp:term":[{"taxonomy":"category","embeddable":true,"href":"https:\/\/naturvernforbundet.no\/moreogromsdal\/wp-json\/wp\/v2\/categories?post=1911"},{"taxonomy":"post_tag","embeddable":true,"href":"https:\/\/naturvernforbundet.no\/moreogromsdal\/wp-json\/wp\/v2\/tags?post=1911"},{"taxonomy":"local","embeddable":true,"href":"https:\/\/naturvernforbundet.no\/moreogromsdal\/wp-json\/wp\/v2\/local?post=1911"}],"curies":[{"name":"wp","href":"https:\/\/api.w.org\/{rel}","templated":true}]}}