{"id":1923,"date":"2006-02-20T19:32:00","date_gmt":"2006-02-20T18:32:00","guid":{"rendered":"https:\/\/naturvernforbundet.no\/moreogromsdal\/subsidier-til-skadelig-vannkraft\/"},"modified":"2006-02-20T19:32:00","modified_gmt":"2006-02-20T18:32:00","slug":"subsidier-til-skadelig-vannkraft","status":"publish","type":"post","link":"https:\/\/naturvernforbundet.no\/moreogromsdal\/subsidier-til-skadelig-vannkraft\/","title":{"rendered":"Subsidier til skadelig vannkraft?"},"content":{"rendered":"\t<div class=\"template-post alignfull wp-block-naturvern-hero\">\n\t\t<div class=\"hero__inner\">\n\t\t\t<div class=\"hero__inner_blocks\">\n\t\t\t\t\t\t\t\t\n\t\t\t\t\t<h1 class=\"wp-block-post-title\">Subsidier til skadelig vannkraft?<\/h1>\n\n\t\t\t\t\t<div class=\"wp-block-post-excerpt\"><p class=\"wp-block-post-excerpt__excerpt\">Naturvernforbundet er kritiske til et forslag om at Norge skal slutte seg til det svenske markedet for elsertifikater for fornybar kraftproduksjon. Grunnen er at vi frykter at forslaget vil g\u00e5 sterkt ut over de siste restene av norsk vassdragsnatur. Et felles sertifikatmarked med svenskene vil \u00f8ke presset p\u00e5 \u00e5 legge restene av norsk vassdragsnatur i&hellip; <\/p><\/div>\n\n\t\t\t\t\t\n\n\t\t\t\t\t<div class=\"wp-block-naturvern-byline\">\n\t\t\t<div class=\"authors\">By <span class=\"t2-byline__author-link\">Artikkelimport\u00f8r<\/span><\/div>\n\t\t\t<small class=\"entry-date\">20.02.2006 19:32<\/small>\n\t\t<\/div>\n\t\t\t\t\t\t\t\t<\/div>\n\t\t\t\t\t<\/div>\n\t\t\t<\/div>\n\t\n<p>Det er en rekke planer for utbygging av sm\u00e5kraft i v\u00e5rt fylke. Potensialet for sm\u00e5kraft p\u00e5 landsbasis er ansl\u00e5tt til 25 TWh, eller en femdel av dagens vannkraftproduksjon. Summen av de mange sm\u00e5kraftverkene som planlegges vil ha store negative konsekvenser for naturverdier og friluftsinteresser.<br>Produsentene markedsf\u00f8rer sm\u00e5kraftverk som milj\u00f8vennlig. Samtidig advarer forskere fra Norsk institutt for naturforskning n\u00e5 om at de omfattende planene kan v\u00e6re i strid med det politisk vedtatte m\u00e5let om \u00e5 stanse tapet av det biologiske mangfoldet innen 2010. Utbyggingene kan ogs\u00e5 komme i konflikt med reiselivet og andre grupper med interesser i den unike norske vassdragsnaturen. \n<\/p>\n\n\n\n<p>Naturvernforbundet kan godta en forsiktig utbygging av sm\u00e5 vannkraftverk.<br>Men utbyggingen m\u00e5 skje ut fra en helhetlig planlegging regionalt, som sikrer at ikke naturmangfold, friluftsliv eller store landskapsverdier g\u00e5r tapt. Hensynet til natur og friluftsliv m\u00e5 tillegges langt st\u00f8rre vekt i konsesjonsbehandlingen. Det omfanget som kraftprodusentene legger opp til er uakseptabelt. Vi st\u00f8tter derfor regjeringens Soria Moria-erkl\u00e6ring der det st\u00e5r klart at bare mikro\/minikraftverk skal med i et gr\u00f8nt sertifikatmarked, ikke st\u00f8rre kraftverk. \n<\/p>\n\n\n\n<p>Enkelte hevder at kraftsituasjonen tilsier at vi m\u00e5 ofre all natur og klimapolitikken ogs\u00e5. Dette er sv\u00e6rt misvisende. Det varierer fra \u00e5r til \u00e5r om Norge eksporterer eller importerer elektrisk kraft. De siste 15 \u00e5ra har vi gjennomg\u00e5ende eksportert kraft, og i fjor hadde Norge en stor netto eksport. \n<\/p>\n\n\n\n<p>Det er dessuten avhengigheten av vannkraft som gj\u00f8r at forsyningssikkerheten er bekymringsfull. For \u00e5 bedre forsyningssikkerheten er mer vannkraftutbygging neppe den beste l\u00f8sningen; det er nettopp avhengigheten av nedb\u00f8r som skaper problemet. Mer varme i energiforsyningen og mer effektiv utnyttelse av energien er langt bedre l\u00f8sninger. \n<\/p>\n\n\n\n<p><br>\u00d8ystein Folden Leder, Naturvernforbundet i M\u00f8re og Romsdal<br><br>\n<a>Ja, dette er viktig. Eg vil bli medlem i Naturvernforbundet<\/a><br><\/p>\n\n\n\n\n\n<p><a>Eg vil gjerne st\u00f8tte Naturvernforbundets arbeid for bevaring av vassdraga v\u00e5re<\/a><\/p>\n\n\n","protected":false},"excerpt":{"rendered":"<p>Naturvernforbundet er kritiske til et forslag om at Norge skal slutte seg til det svenske markedet for elsertifikater for fornybar kraftproduksjon. Grunnen er at vi frykter at forslaget vil g\u00e5 sterkt ut over de siste restene av norsk vassdragsnatur. Et felles sertifikatmarked med svenskene vil \u00f8ke presset p\u00e5 \u00e5 legge restene av norsk vassdragsnatur i r\u00f8r, dersom vannkraft inkluderes i systemet.<\/p>\n","protected":false},"author":38,"featured_media":0,"comment_status":"closed","ping_status":"closed","sticky":false,"template":"","format":"standard","meta":{"_relevanssi_hide_post":"","_relevanssi_hide_content":"","_relevanssi_pin_for_all":"","_relevanssi_pin_keywords":"","_relevanssi_unpin_keywords":"","_relevanssi_related_keywords":"","_relevanssi_related_include_ids":"","_relevanssi_related_exclude_ids":"","_relevanssi_related_no_append":"","_relevanssi_related_not_related":"","_relevanssi_related_posts":"","_relevanssi_noindex_reason":"","hide_logo":false,"footnotes":""},"categories":[13],"tags":[],"local":[],"class_list":["post-1923","post","type-post","status-publish","format-standard","hentry","category-vasskraft"],"acf":[],"yoast_head":"<!-- This site is optimized with the Yoast SEO plugin v24.9 - https:\/\/yoast.com\/wordpress\/plugins\/seo\/ -->\n<title>Subsidier til skadelig vannkraft? - M\u00f8re og Romsdal<\/title>\n<meta name=\"robots\" content=\"index, follow, max-snippet:-1, max-image-preview:large, max-video-preview:-1\" \/>\n<link rel=\"canonical\" href=\"https:\/\/naturvernforbundet.no\/moreogromsdal\/subsidier-til-skadelig-vannkraft\/\" \/>\n<meta property=\"og:locale\" content=\"nb_NO\" \/>\n<meta property=\"og:type\" content=\"article\" \/>\n<meta property=\"og:title\" content=\"Subsidier til skadelig vannkraft? - M\u00f8re og Romsdal\" \/>\n<meta property=\"og:description\" content=\"Naturvernforbundet er kritiske til et forslag om at Norge skal slutte seg til det svenske markedet for elsertifikater for fornybar kraftproduksjon. Grunnen er at vi frykter at forslaget vil g\u00e5 sterkt ut over de siste restene av norsk vassdragsnatur. Et felles sertifikatmarked med svenskene vil \u00f8ke presset p\u00e5 \u00e5 legge restene av norsk vassdragsnatur i r\u00f8r, dersom vannkraft inkluderes i systemet.\" \/>\n<meta property=\"og:url\" content=\"https:\/\/naturvernforbundet.no\/moreogromsdal\/subsidier-til-skadelig-vannkraft\/\" \/>\n<meta property=\"og:site_name\" content=\"M\u00f8re og Romsdal\" \/>\n<meta property=\"article:published_time\" content=\"2006-02-20T18:32:00+00:00\" \/>\n<meta name=\"author\" content=\"Artikkelimport\u00f8r\" \/>\n<meta name=\"twitter:card\" content=\"summary_large_image\" \/>\n<meta name=\"twitter:label1\" content=\"Skrevet av\" \/>\n\t<meta name=\"twitter:data1\" content=\"Artikkelimport\u00f8r\" \/>\n\t<meta name=\"twitter:label2\" content=\"Ansl. lesetid\" \/>\n\t<meta name=\"twitter:data2\" content=\"2 minutter\" \/>\n<script type=\"application\/ld+json\" class=\"yoast-schema-graph\">{\"@context\":\"https:\/\/schema.org\",\"@graph\":[{\"@type\":\"WebPage\",\"@id\":\"https:\/\/naturvernforbundet.no\/moreogromsdal\/subsidier-til-skadelig-vannkraft\/\",\"url\":\"https:\/\/naturvernforbundet.no\/moreogromsdal\/subsidier-til-skadelig-vannkraft\/\",\"name\":\"Subsidier til skadelig vannkraft? - M\u00f8re og Romsdal\",\"isPartOf\":{\"@id\":\"https:\/\/naturvernforbundet.no\/moreogromsdal\/#website\"},\"datePublished\":\"2006-02-20T18:32:00+00:00\",\"author\":{\"@id\":\"https:\/\/naturvernforbundet.no\/moreogromsdal\/#\/schema\/person\/c72f198205979084bf071deedb6205f4\"},\"breadcrumb\":{\"@id\":\"https:\/\/naturvernforbundet.no\/moreogromsdal\/subsidier-til-skadelig-vannkraft\/#breadcrumb\"},\"inLanguage\":\"nb-NO\",\"potentialAction\":[{\"@type\":\"ReadAction\",\"target\":[\"https:\/\/naturvernforbundet.no\/moreogromsdal\/subsidier-til-skadelig-vannkraft\/\"]}]},{\"@type\":\"BreadcrumbList\",\"@id\":\"https:\/\/naturvernforbundet.no\/moreogromsdal\/subsidier-til-skadelig-vannkraft\/#breadcrumb\",\"itemListElement\":[{\"@type\":\"ListItem\",\"position\":1,\"name\":\"Till naturvernforbundet.no\",\"item\":\"https:\/\/naturvernforbundet.no\/\"},{\"@type\":\"ListItem\",\"position\":2,\"name\":\"M\u00f8re og Romsdal\",\"item\":\"https:\/\/naturvernforbundet.no\/moreogromsdal\/\"},{\"@type\":\"ListItem\",\"position\":3,\"name\":\"Subsidier til skadelig vannkraft?\"}]},{\"@type\":\"WebSite\",\"@id\":\"https:\/\/naturvernforbundet.no\/moreogromsdal\/#website\",\"url\":\"https:\/\/naturvernforbundet.no\/moreogromsdal\/\",\"name\":\"M\u00f8re og Romsdal\",\"description\":\"Bare enda et Naturvernforbundet Sites-nettsted\",\"potentialAction\":[{\"@type\":\"SearchAction\",\"target\":{\"@type\":\"EntryPoint\",\"urlTemplate\":\"https:\/\/naturvernforbundet.no\/moreogromsdal\/?s={search_term_string}\"},\"query-input\":{\"@type\":\"PropertyValueSpecification\",\"valueRequired\":true,\"valueName\":\"search_term_string\"}}],\"inLanguage\":\"nb-NO\"},{\"@type\":\"Person\",\"@id\":\"https:\/\/naturvernforbundet.no\/moreogromsdal\/#\/schema\/person\/c72f198205979084bf071deedb6205f4\",\"name\":\"Artikkelimport\u00f8r\",\"image\":{\"@type\":\"ImageObject\",\"inLanguage\":\"nb-NO\",\"@id\":\"https:\/\/naturvernforbundet.no\/moreogromsdal\/#\/schema\/person\/image\/\",\"url\":\"https:\/\/secure.gravatar.com\/avatar\/015fa491b9ed1c823ef16a5c930294d1?s=96&d=mm&r=g\",\"contentUrl\":\"https:\/\/secure.gravatar.com\/avatar\/015fa491b9ed1c823ef16a5c930294d1?s=96&d=mm&r=g\",\"caption\":\"Artikkelimport\u00f8r\"},\"url\":\"https:\/\/naturvernforbundet.no\/moreogromsdal\/author\/artikkelimportor\/\"}]}<\/script>\n<!-- \/ Yoast SEO plugin. -->","yoast_head_json":{"title":"Subsidier til skadelig vannkraft? - M\u00f8re og Romsdal","robots":{"index":"index","follow":"follow","max-snippet":"max-snippet:-1","max-image-preview":"max-image-preview:large","max-video-preview":"max-video-preview:-1"},"canonical":"https:\/\/naturvernforbundet.no\/moreogromsdal\/subsidier-til-skadelig-vannkraft\/","og_locale":"nb_NO","og_type":"article","og_title":"Subsidier til skadelig vannkraft? - M\u00f8re og Romsdal","og_description":"Naturvernforbundet er kritiske til et forslag om at Norge skal slutte seg til det svenske markedet for elsertifikater for fornybar kraftproduksjon. Grunnen er at vi frykter at forslaget vil g\u00e5 sterkt ut over de siste restene av norsk vassdragsnatur. Et felles sertifikatmarked med svenskene vil \u00f8ke presset p\u00e5 \u00e5 legge restene av norsk vassdragsnatur i r\u00f8r, dersom vannkraft inkluderes i systemet.","og_url":"https:\/\/naturvernforbundet.no\/moreogromsdal\/subsidier-til-skadelig-vannkraft\/","og_site_name":"M\u00f8re og Romsdal","article_published_time":"2006-02-20T18:32:00+00:00","author":"Artikkelimport\u00f8r","twitter_card":"summary_large_image","twitter_misc":{"Skrevet av":"Artikkelimport\u00f8r","Ansl. lesetid":"2 minutter"},"schema":{"@context":"https:\/\/schema.org","@graph":[{"@type":"WebPage","@id":"https:\/\/naturvernforbundet.no\/moreogromsdal\/subsidier-til-skadelig-vannkraft\/","url":"https:\/\/naturvernforbundet.no\/moreogromsdal\/subsidier-til-skadelig-vannkraft\/","name":"Subsidier til skadelig vannkraft? - M\u00f8re og Romsdal","isPartOf":{"@id":"https:\/\/naturvernforbundet.no\/moreogromsdal\/#website"},"datePublished":"2006-02-20T18:32:00+00:00","author":{"@id":"https:\/\/naturvernforbundet.no\/moreogromsdal\/#\/schema\/person\/c72f198205979084bf071deedb6205f4"},"breadcrumb":{"@id":"https:\/\/naturvernforbundet.no\/moreogromsdal\/subsidier-til-skadelig-vannkraft\/#breadcrumb"},"inLanguage":"nb-NO","potentialAction":[{"@type":"ReadAction","target":["https:\/\/naturvernforbundet.no\/moreogromsdal\/subsidier-til-skadelig-vannkraft\/"]}]},{"@type":"BreadcrumbList","@id":"https:\/\/naturvernforbundet.no\/moreogromsdal\/subsidier-til-skadelig-vannkraft\/#breadcrumb","itemListElement":[{"@type":"ListItem","position":1,"name":"Till naturvernforbundet.no","item":"https:\/\/naturvernforbundet.no\/"},{"@type":"ListItem","position":2,"name":"M\u00f8re og Romsdal","item":"https:\/\/naturvernforbundet.no\/moreogromsdal\/"},{"@type":"ListItem","position":3,"name":"Subsidier til skadelig vannkraft?"}]},{"@type":"WebSite","@id":"https:\/\/naturvernforbundet.no\/moreogromsdal\/#website","url":"https:\/\/naturvernforbundet.no\/moreogromsdal\/","name":"M\u00f8re og Romsdal","description":"Bare enda et Naturvernforbundet Sites-nettsted","potentialAction":[{"@type":"SearchAction","target":{"@type":"EntryPoint","urlTemplate":"https:\/\/naturvernforbundet.no\/moreogromsdal\/?s={search_term_string}"},"query-input":{"@type":"PropertyValueSpecification","valueRequired":true,"valueName":"search_term_string"}}],"inLanguage":"nb-NO"},{"@type":"Person","@id":"https:\/\/naturvernforbundet.no\/moreogromsdal\/#\/schema\/person\/c72f198205979084bf071deedb6205f4","name":"Artikkelimport\u00f8r","image":{"@type":"ImageObject","inLanguage":"nb-NO","@id":"https:\/\/naturvernforbundet.no\/moreogromsdal\/#\/schema\/person\/image\/","url":"https:\/\/secure.gravatar.com\/avatar\/015fa491b9ed1c823ef16a5c930294d1?s=96&d=mm&r=g","contentUrl":"https:\/\/secure.gravatar.com\/avatar\/015fa491b9ed1c823ef16a5c930294d1?s=96&d=mm&r=g","caption":"Artikkelimport\u00f8r"},"url":"https:\/\/naturvernforbundet.no\/moreogromsdal\/author\/artikkelimportor\/"}]}},"_links":{"self":[{"href":"https:\/\/naturvernforbundet.no\/moreogromsdal\/wp-json\/wp\/v2\/posts\/1923","targetHints":{"allow":["GET"]}}],"collection":[{"href":"https:\/\/naturvernforbundet.no\/moreogromsdal\/wp-json\/wp\/v2\/posts"}],"about":[{"href":"https:\/\/naturvernforbundet.no\/moreogromsdal\/wp-json\/wp\/v2\/types\/post"}],"author":[{"embeddable":true,"href":"https:\/\/naturvernforbundet.no\/moreogromsdal\/wp-json\/wp\/v2\/users\/38"}],"replies":[{"embeddable":true,"href":"https:\/\/naturvernforbundet.no\/moreogromsdal\/wp-json\/wp\/v2\/comments?post=1923"}],"version-history":[{"count":0,"href":"https:\/\/naturvernforbundet.no\/moreogromsdal\/wp-json\/wp\/v2\/posts\/1923\/revisions"}],"wp:attachment":[{"href":"https:\/\/naturvernforbundet.no\/moreogromsdal\/wp-json\/wp\/v2\/media?parent=1923"}],"wp:term":[{"taxonomy":"category","embeddable":true,"href":"https:\/\/naturvernforbundet.no\/moreogromsdal\/wp-json\/wp\/v2\/categories?post=1923"},{"taxonomy":"post_tag","embeddable":true,"href":"https:\/\/naturvernforbundet.no\/moreogromsdal\/wp-json\/wp\/v2\/tags?post=1923"},{"taxonomy":"local","embeddable":true,"href":"https:\/\/naturvernforbundet.no\/moreogromsdal\/wp-json\/wp\/v2\/local?post=1923"}],"curies":[{"name":"wp","href":"https:\/\/api.w.org\/{rel}","templated":true}]}}