{"id":1924,"date":"2006-07-31T09:09:00","date_gmt":"2006-07-31T07:09:00","guid":{"rendered":"https:\/\/naturvernforbundet.no\/moreogromsdal\/folkeaksjonen-seier-nei-til-420-kv-luftlinje-orskog-fardal-vi-krev-linja-lagt-i-kabel\/"},"modified":"2006-07-31T09:09:00","modified_gmt":"2006-07-31T07:09:00","slug":"folkeaksjonen-seier-nei-til-420-kv-luftlinje-orskog-fardal-vi-krev-linja-lagt-i-kabel","status":"publish","type":"post","link":"https:\/\/naturvernforbundet.no\/moreogromsdal\/folkeaksjonen-seier-nei-til-420-kv-luftlinje-orskog-fardal-vi-krev-linja-lagt-i-kabel\/","title":{"rendered":"FOLKEAKSJONEN SEIER NEI TIL 420 kV LUFTLINJE \u00d8RSKOG-FARDAL, VI KREV LINJA LAGT I KABEL!"},"content":{"rendered":"\t<div class=\"template-post alignfull wp-block-naturvern-hero\">\n\t\t<div class=\"hero__inner\">\n\t\t\t<div class=\"hero__inner_blocks\">\n\t\t\t\t\t\t\t\t\n\t\t\t\t\t<h1 class=\"wp-block-post-title\">FOLKEAKSJONEN SEIER NEI TIL 420 kV LUFTLINJE \u00d8RSKOG-FARDAL, VI KREV LINJA LAGT I KABEL!<\/h1>\n\n\t\t\t\t\t<div class=\"wp-block-post-excerpt\"><p class=\"wp-block-post-excerpt__excerpt\">Folkeaksjonen mot 420 kV luftlinje \u00d8rskog-Fardal oppmodar om di st\u00f8tte! <\/p><\/div>\n\n\t\t\t\t\t\n\n\t\t\t\t\t<div class=\"wp-block-naturvern-byline\">\n\t\t\t<div class=\"authors\">By <span class=\"t2-byline__author-link\">Artikkelimport\u00f8r<\/span><\/div>\n\t\t\t<small class=\"entry-date\">31.07.2006 09:09<\/small>\n\t\t<\/div>\n\t\t\t\t\t\t\t\t<\/div>\n\t\t\t\t\t<\/div>\n\t\t\t<\/div>\n\t\n<p><b>FOLKEAKSJONEN SEIER NEI TIL 420 kV LUFTLINJE \u00d8RSKOG-FARDAL, VI KREV LINJA LAGT I KABEL!<\/b>\n<\/p>\n\n\n\n<p>(sj\u00e5 vedlagde pressemelding)\n<\/p>\n\n\n\n<p><b>Folkeaksjonen mot 420 kV luftlinje \u00d8rskog-Fardal<\/b> <b>oppmodar<\/b><b> om di st\u00f8tte!<\/b>\n<\/p>\n\n\n\n<p>(sj\u00e5 vedlagde handlingsplan)\n<\/p>\n\n\n\n<p>Bli medlem og\/eller hjelp oss med ei pengeg\u00e5ve til kontonummer:  <b>3992<\/b><b>.04.96370<\/b>\n<\/p>\n\n\n\n<p>Privatpersonar: medlemskap kr 100,- (andre bel\u00f8p blir rekna som g\u00e5ve)\n<\/p>\n\n\n\n<p>Lag og organisasjonar : medlemskap kr 500,- (andre bel\u00f8p blir rekna som g\u00e5ve)\n<\/p>\n\n\n\n<p>Gjer innbetalinga i dag og ver med p\u00e5 \u00e5 bygge ei slagkraftig r\u00f8rsle som f\u00e5r Stortingspolitikarane til \u00e5 lytte!\n<\/p>\n\n\n\n<p>Vi bygger nettverket med alle verkemiddel, b\u00e5de i media og \u201dunderground\u201d, <b>send difor denne eposten vidare<\/b> til alle du kjenner som vil vere med og st\u00f8tte saka, eller skriv den ut og gje den til dei som ikkje har tilgong til epost!\n<\/p>\n\n\n\n<p>Ta kontakt med oss dersom DU kan hjelpe Folkeaksjonen med <b>arbeidsinnsats<\/b> eller anna, vi treng mange som kan arbeide for saka i lag!\n<\/p>\n\n\n\n<p>Med beste helsing\n<\/p>\n\n\n\n<p>for <b>Folkeaksjonen mot 420 kV luftlinje \u00d8rskog-Fardal<\/b><b><\/b>\n<\/p>\n\n\n\n<p>Gunnvor Bakke\n<\/p>\n\n\n\n<p>Mobil: 906 57 622\n<\/p>\n\n\n\n<p>PS Send oss gjerne presseklipp\/oppslag om kraftlinjesaka til eit felles arkiv, som vil bli lagt ut p\u00e5 nettet i l\u00f8pet av kort tid!\n<\/p>\n\n\n\n<p>Kan sendast til moreromsdal(a)naturvern.no.<\/p>\n\n\n\n<p><a href=\"\/imakerdata\/f\/0\/88\/71\/4_2401_0\/Pressemelding_260606.pdf\">Pressemelding<\/a><\/p>\n\n\n\n<p><a href=\"\/imakerdata\/f\/0\/88\/71\/5_2401_0\/Kontakt_lag&amp;org_280606.pdf\">Melding til lag og organisasjonar p\u00e5 Vestlandet<\/a><\/p>\n","protected":false},"excerpt":{"rendered":"<p>Folkeaksjonen mot 420 kV luftlinje \u00d8rskog-Fardal oppmodar om di st\u00f8tte!<\/p>\n","protected":false},"author":38,"featured_media":0,"comment_status":"closed","ping_status":"closed","sticky":false,"template":"","format":"standard","meta":{"_relevanssi_hide_post":"","_relevanssi_hide_content":"","_relevanssi_pin_for_all":"","_relevanssi_pin_keywords":"","_relevanssi_unpin_keywords":"","_relevanssi_related_keywords":"","_relevanssi_related_include_ids":"","_relevanssi_related_exclude_ids":"","_relevanssi_related_no_append":"","_relevanssi_related_not_related":"","_relevanssi_related_posts":"","_relevanssi_noindex_reason":"","hide_logo":false,"footnotes":""},"categories":[17],"tags":[],"local":[],"class_list":["post-1924","post","type-post","status-publish","format-standard","hentry","category-more-og-romsdal"],"acf":[],"yoast_head":"<!-- This site is optimized with the Yoast SEO plugin v24.9 - https:\/\/yoast.com\/wordpress\/plugins\/seo\/ -->\n<title>FOLKEAKSJONEN SEIER NEI TIL 420 kV LUFTLINJE \u00d8RSKOG-FARDAL, VI KREV LINJA LAGT I KABEL! - M\u00f8re og Romsdal<\/title>\n<meta name=\"robots\" content=\"index, follow, max-snippet:-1, max-image-preview:large, max-video-preview:-1\" \/>\n<link rel=\"canonical\" href=\"https:\/\/naturvernforbundet.no\/moreogromsdal\/folkeaksjonen-seier-nei-til-420-kv-luftlinje-orskog-fardal-vi-krev-linja-lagt-i-kabel\/\" \/>\n<meta property=\"og:locale\" content=\"nb_NO\" \/>\n<meta property=\"og:type\" content=\"article\" \/>\n<meta property=\"og:title\" content=\"FOLKEAKSJONEN SEIER NEI TIL 420 kV LUFTLINJE \u00d8RSKOG-FARDAL, VI KREV LINJA LAGT I KABEL! - M\u00f8re og Romsdal\" \/>\n<meta property=\"og:description\" content=\"Folkeaksjonen mot 420 kV luftlinje \u00d8rskog-Fardal oppmodar om di st\u00f8tte!\" \/>\n<meta property=\"og:url\" content=\"https:\/\/naturvernforbundet.no\/moreogromsdal\/folkeaksjonen-seier-nei-til-420-kv-luftlinje-orskog-fardal-vi-krev-linja-lagt-i-kabel\/\" \/>\n<meta property=\"og:site_name\" content=\"M\u00f8re og Romsdal\" \/>\n<meta property=\"article:published_time\" content=\"2006-07-31T07:09:00+00:00\" \/>\n<meta name=\"author\" content=\"Artikkelimport\u00f8r\" \/>\n<meta name=\"twitter:card\" content=\"summary_large_image\" \/>\n<meta name=\"twitter:label1\" content=\"Skrevet av\" \/>\n\t<meta name=\"twitter:data1\" content=\"Artikkelimport\u00f8r\" \/>\n\t<meta name=\"twitter:label2\" content=\"Ansl. lesetid\" \/>\n\t<meta name=\"twitter:data2\" content=\"1 minutt\" \/>\n<script type=\"application\/ld+json\" class=\"yoast-schema-graph\">{\"@context\":\"https:\/\/schema.org\",\"@graph\":[{\"@type\":\"WebPage\",\"@id\":\"https:\/\/naturvernforbundet.no\/moreogromsdal\/folkeaksjonen-seier-nei-til-420-kv-luftlinje-orskog-fardal-vi-krev-linja-lagt-i-kabel\/\",\"url\":\"https:\/\/naturvernforbundet.no\/moreogromsdal\/folkeaksjonen-seier-nei-til-420-kv-luftlinje-orskog-fardal-vi-krev-linja-lagt-i-kabel\/\",\"name\":\"FOLKEAKSJONEN SEIER NEI TIL 420 kV LUFTLINJE \u00d8RSKOG-FARDAL, VI KREV LINJA LAGT I KABEL! - M\u00f8re og Romsdal\",\"isPartOf\":{\"@id\":\"https:\/\/naturvernforbundet.no\/moreogromsdal\/#website\"},\"datePublished\":\"2006-07-31T07:09:00+00:00\",\"author\":{\"@id\":\"https:\/\/naturvernforbundet.no\/moreogromsdal\/#\/schema\/person\/c72f198205979084bf071deedb6205f4\"},\"breadcrumb\":{\"@id\":\"https:\/\/naturvernforbundet.no\/moreogromsdal\/folkeaksjonen-seier-nei-til-420-kv-luftlinje-orskog-fardal-vi-krev-linja-lagt-i-kabel\/#breadcrumb\"},\"inLanguage\":\"nb-NO\",\"potentialAction\":[{\"@type\":\"ReadAction\",\"target\":[\"https:\/\/naturvernforbundet.no\/moreogromsdal\/folkeaksjonen-seier-nei-til-420-kv-luftlinje-orskog-fardal-vi-krev-linja-lagt-i-kabel\/\"]}]},{\"@type\":\"BreadcrumbList\",\"@id\":\"https:\/\/naturvernforbundet.no\/moreogromsdal\/folkeaksjonen-seier-nei-til-420-kv-luftlinje-orskog-fardal-vi-krev-linja-lagt-i-kabel\/#breadcrumb\",\"itemListElement\":[{\"@type\":\"ListItem\",\"position\":1,\"name\":\"Till naturvernforbundet.no\",\"item\":\"https:\/\/naturvernforbundet.no\/\"},{\"@type\":\"ListItem\",\"position\":2,\"name\":\"M\u00f8re og Romsdal\",\"item\":\"https:\/\/naturvernforbundet.no\/moreogromsdal\/\"},{\"@type\":\"ListItem\",\"position\":3,\"name\":\"FOLKEAKSJONEN SEIER NEI TIL 420 kV LUFTLINJE \u00d8RSKOG-FARDAL, VI KREV LINJA LAGT I KABEL!\"}]},{\"@type\":\"WebSite\",\"@id\":\"https:\/\/naturvernforbundet.no\/moreogromsdal\/#website\",\"url\":\"https:\/\/naturvernforbundet.no\/moreogromsdal\/\",\"name\":\"M\u00f8re og Romsdal\",\"description\":\"Bare enda et Naturvernforbundet Sites-nettsted\",\"potentialAction\":[{\"@type\":\"SearchAction\",\"target\":{\"@type\":\"EntryPoint\",\"urlTemplate\":\"https:\/\/naturvernforbundet.no\/moreogromsdal\/?s={search_term_string}\"},\"query-input\":{\"@type\":\"PropertyValueSpecification\",\"valueRequired\":true,\"valueName\":\"search_term_string\"}}],\"inLanguage\":\"nb-NO\"},{\"@type\":\"Person\",\"@id\":\"https:\/\/naturvernforbundet.no\/moreogromsdal\/#\/schema\/person\/c72f198205979084bf071deedb6205f4\",\"name\":\"Artikkelimport\u00f8r\",\"image\":{\"@type\":\"ImageObject\",\"inLanguage\":\"nb-NO\",\"@id\":\"https:\/\/naturvernforbundet.no\/moreogromsdal\/#\/schema\/person\/image\/\",\"url\":\"https:\/\/secure.gravatar.com\/avatar\/015fa491b9ed1c823ef16a5c930294d1?s=96&d=mm&r=g\",\"contentUrl\":\"https:\/\/secure.gravatar.com\/avatar\/015fa491b9ed1c823ef16a5c930294d1?s=96&d=mm&r=g\",\"caption\":\"Artikkelimport\u00f8r\"},\"url\":\"https:\/\/naturvernforbundet.no\/moreogromsdal\/author\/artikkelimportor\/\"}]}<\/script>\n<!-- \/ Yoast SEO plugin. -->","yoast_head_json":{"title":"FOLKEAKSJONEN SEIER NEI TIL 420 kV LUFTLINJE \u00d8RSKOG-FARDAL, VI KREV LINJA LAGT I KABEL! - M\u00f8re og Romsdal","robots":{"index":"index","follow":"follow","max-snippet":"max-snippet:-1","max-image-preview":"max-image-preview:large","max-video-preview":"max-video-preview:-1"},"canonical":"https:\/\/naturvernforbundet.no\/moreogromsdal\/folkeaksjonen-seier-nei-til-420-kv-luftlinje-orskog-fardal-vi-krev-linja-lagt-i-kabel\/","og_locale":"nb_NO","og_type":"article","og_title":"FOLKEAKSJONEN SEIER NEI TIL 420 kV LUFTLINJE \u00d8RSKOG-FARDAL, VI KREV LINJA LAGT I KABEL! - M\u00f8re og Romsdal","og_description":"Folkeaksjonen mot 420 kV luftlinje \u00d8rskog-Fardal oppmodar om di st\u00f8tte!","og_url":"https:\/\/naturvernforbundet.no\/moreogromsdal\/folkeaksjonen-seier-nei-til-420-kv-luftlinje-orskog-fardal-vi-krev-linja-lagt-i-kabel\/","og_site_name":"M\u00f8re og Romsdal","article_published_time":"2006-07-31T07:09:00+00:00","author":"Artikkelimport\u00f8r","twitter_card":"summary_large_image","twitter_misc":{"Skrevet av":"Artikkelimport\u00f8r","Ansl. lesetid":"1 minutt"},"schema":{"@context":"https:\/\/schema.org","@graph":[{"@type":"WebPage","@id":"https:\/\/naturvernforbundet.no\/moreogromsdal\/folkeaksjonen-seier-nei-til-420-kv-luftlinje-orskog-fardal-vi-krev-linja-lagt-i-kabel\/","url":"https:\/\/naturvernforbundet.no\/moreogromsdal\/folkeaksjonen-seier-nei-til-420-kv-luftlinje-orskog-fardal-vi-krev-linja-lagt-i-kabel\/","name":"FOLKEAKSJONEN SEIER NEI TIL 420 kV LUFTLINJE \u00d8RSKOG-FARDAL, VI KREV LINJA LAGT I KABEL! - M\u00f8re og Romsdal","isPartOf":{"@id":"https:\/\/naturvernforbundet.no\/moreogromsdal\/#website"},"datePublished":"2006-07-31T07:09:00+00:00","author":{"@id":"https:\/\/naturvernforbundet.no\/moreogromsdal\/#\/schema\/person\/c72f198205979084bf071deedb6205f4"},"breadcrumb":{"@id":"https:\/\/naturvernforbundet.no\/moreogromsdal\/folkeaksjonen-seier-nei-til-420-kv-luftlinje-orskog-fardal-vi-krev-linja-lagt-i-kabel\/#breadcrumb"},"inLanguage":"nb-NO","potentialAction":[{"@type":"ReadAction","target":["https:\/\/naturvernforbundet.no\/moreogromsdal\/folkeaksjonen-seier-nei-til-420-kv-luftlinje-orskog-fardal-vi-krev-linja-lagt-i-kabel\/"]}]},{"@type":"BreadcrumbList","@id":"https:\/\/naturvernforbundet.no\/moreogromsdal\/folkeaksjonen-seier-nei-til-420-kv-luftlinje-orskog-fardal-vi-krev-linja-lagt-i-kabel\/#breadcrumb","itemListElement":[{"@type":"ListItem","position":1,"name":"Till naturvernforbundet.no","item":"https:\/\/naturvernforbundet.no\/"},{"@type":"ListItem","position":2,"name":"M\u00f8re og Romsdal","item":"https:\/\/naturvernforbundet.no\/moreogromsdal\/"},{"@type":"ListItem","position":3,"name":"FOLKEAKSJONEN SEIER NEI TIL 420 kV LUFTLINJE \u00d8RSKOG-FARDAL, VI KREV LINJA LAGT I KABEL!"}]},{"@type":"WebSite","@id":"https:\/\/naturvernforbundet.no\/moreogromsdal\/#website","url":"https:\/\/naturvernforbundet.no\/moreogromsdal\/","name":"M\u00f8re og Romsdal","description":"Bare enda et Naturvernforbundet Sites-nettsted","potentialAction":[{"@type":"SearchAction","target":{"@type":"EntryPoint","urlTemplate":"https:\/\/naturvernforbundet.no\/moreogromsdal\/?s={search_term_string}"},"query-input":{"@type":"PropertyValueSpecification","valueRequired":true,"valueName":"search_term_string"}}],"inLanguage":"nb-NO"},{"@type":"Person","@id":"https:\/\/naturvernforbundet.no\/moreogromsdal\/#\/schema\/person\/c72f198205979084bf071deedb6205f4","name":"Artikkelimport\u00f8r","image":{"@type":"ImageObject","inLanguage":"nb-NO","@id":"https:\/\/naturvernforbundet.no\/moreogromsdal\/#\/schema\/person\/image\/","url":"https:\/\/secure.gravatar.com\/avatar\/015fa491b9ed1c823ef16a5c930294d1?s=96&d=mm&r=g","contentUrl":"https:\/\/secure.gravatar.com\/avatar\/015fa491b9ed1c823ef16a5c930294d1?s=96&d=mm&r=g","caption":"Artikkelimport\u00f8r"},"url":"https:\/\/naturvernforbundet.no\/moreogromsdal\/author\/artikkelimportor\/"}]}},"_links":{"self":[{"href":"https:\/\/naturvernforbundet.no\/moreogromsdal\/wp-json\/wp\/v2\/posts\/1924","targetHints":{"allow":["GET"]}}],"collection":[{"href":"https:\/\/naturvernforbundet.no\/moreogromsdal\/wp-json\/wp\/v2\/posts"}],"about":[{"href":"https:\/\/naturvernforbundet.no\/moreogromsdal\/wp-json\/wp\/v2\/types\/post"}],"author":[{"embeddable":true,"href":"https:\/\/naturvernforbundet.no\/moreogromsdal\/wp-json\/wp\/v2\/users\/38"}],"replies":[{"embeddable":true,"href":"https:\/\/naturvernforbundet.no\/moreogromsdal\/wp-json\/wp\/v2\/comments?post=1924"}],"version-history":[{"count":0,"href":"https:\/\/naturvernforbundet.no\/moreogromsdal\/wp-json\/wp\/v2\/posts\/1924\/revisions"}],"wp:attachment":[{"href":"https:\/\/naturvernforbundet.no\/moreogromsdal\/wp-json\/wp\/v2\/media?parent=1924"}],"wp:term":[{"taxonomy":"category","embeddable":true,"href":"https:\/\/naturvernforbundet.no\/moreogromsdal\/wp-json\/wp\/v2\/categories?post=1924"},{"taxonomy":"post_tag","embeddable":true,"href":"https:\/\/naturvernforbundet.no\/moreogromsdal\/wp-json\/wp\/v2\/tags?post=1924"},{"taxonomy":"local","embeddable":true,"href":"https:\/\/naturvernforbundet.no\/moreogromsdal\/wp-json\/wp\/v2\/local?post=1924"}],"curies":[{"name":"wp","href":"https:\/\/api.w.org\/{rel}","templated":true}]}}