{"id":1955,"date":"2007-04-04T15:34:00","date_gmt":"2007-04-04T13:34:00","guid":{"rendered":"https:\/\/naturvernforbundet.no\/moreogromsdal\/vi-ma-bruke-fremtidsretta-losninger\/"},"modified":"2007-04-04T15:34:00","modified_gmt":"2007-04-04T13:34:00","slug":"vi-ma-bruke-fremtidsretta-losninger","status":"publish","type":"post","link":"https:\/\/naturvernforbundet.no\/moreogromsdal\/vi-ma-bruke-fremtidsretta-losninger\/","title":{"rendered":"Vi m\u00e5 bruke fremtidsretta l\u00f8sninger!"},"content":{"rendered":"\t<div class=\"template-post alignfull wp-block-naturvern-hero\">\n\t\t<div class=\"hero__inner\">\n\t\t\t<div class=\"hero__inner_blocks\">\n\t\t\t\t\t\t\t\t\n\t\t\t\t\t<h1 class=\"wp-block-post-title\">Vi m\u00e5 bruke fremtidsretta l\u00f8sninger!<\/h1>\n\n\t\t\t\t\t<div class=\"wp-block-post-excerpt\"><p class=\"wp-block-post-excerpt__excerpt\">M\u00f8re og Romsdal Natur og Ungdom mener at det m\u00e5 stilles strenge krav hvis man skal bygge ut gasskraftverk i fylket. Dessverre har vi sett b\u00e5de p\u00e5 K\u00e5rst\u00f8 og p\u00e5 Mongstad at dagens regjering ikke ser ut til \u00e5 t\u00f8rre \u00e5 ta tilstrekkelige milj\u00f8hensyn n\u00e5r det gjelder \u00e5 sette krav om rensing av gasskraftverk som&hellip; <\/p><\/div>\n\n\t\t\t\t\t\n\n\t\t\t\t\t<div class=\"wp-block-naturvern-byline\">\n\t\t\t<div class=\"authors\">By <span class=\"t2-byline__author-link\">Artikkelimport\u00f8r<\/span><\/div>\n\t\t\t<small class=\"entry-date\">04.04.2007 15:34<\/small>\n\t\t<\/div>\n\t\t\t\t\t\t\t\t<\/div>\n\t\t\t\t\t<\/div>\n\t\t\t<\/div>\n\t\n<p>19. februar la Statistisk Sentralbyr\u00e5 frem sin rapport som viste at Norges klimagass utslipp hadde \u00f8kt betydelig siden 1991. I M\u00f8re og Romsdal hadde vi \u00f8kt v\u00e5re utslipp med ca. 60 %. Det ville v\u00e6re direkte uansvarlig \u00e5 gj\u00f8re tiltak som vil \u00f8ke utslippene i fylket enda mer. \n<\/p>\n\n\n\n<p>Klimaendringene er farlige, urettferdige og allerede i gang. Det er verdens fattigste som f\u00e5r lide for utslippene fra rike land. \n<\/p>\n\n\n\n<p>Det m\u00e5 ikke gis konsesjon til \u00e5 bygge gasskraftverk p\u00e5 Fr\u00e6na med mindre Industrikraft M\u00f8re blir p\u00e5lagt fullskala rensing av CO2 fra den dagen gasskraftverket settes i gang. \n<\/p>\n\n\n\n<p>Vi trenger stadig mer kraft, og vi m\u00e5 utvikle nye fornybare energikilder fremfor \u00e5 ta i bruk g\u00e5rsdagens metoder for \u00e5 tilfredsstille behovet. \n<\/p>\n\n\n\n<p>Energifylket M\u00f8re og Romsdal har mange andre muligheter til \u00e5 produsere energi, blant annet vindenergi, bio, fjordvarme, solenergi ogs\u00e5 videre. Skal man bruke gass til str\u00f8mproduksjon, m\u00e5 det v\u00e6re en selvf\u00f8lge og et absolutt krav at gasskraftverket renses fra f\u00f8rste dag!\n<\/p>\n\n\n\n<p>M\u00f8re og Romsdal Natur og Ungdom \u00f8nsker en milj\u00f8vennlig og fremtidsrettet l\u00f8sning p\u00e5 den anstrengte kraftsituasjonen i M\u00f8re og Romsdal. Forurensende gasskraftverk skal ikke v\u00e6re svaret!<br><br>\n<\/p>\n\n\n\n<p>Lise Staurnes leder i M\u00f8re og Romsdal Natur og Ungdom\n<\/p>\n\n\n\n<p>Kontaktinfo:\n<\/p>\n\n\n\n<p>Lise Staurnes\n<\/p>\n\n\n\n<p>Tlf: 92 49 48 03\n<\/p>\n\n\n\n<p>Mail: <a href=\"mailto:list89@gmail.com\">list89(a)gmail.com<\/a><br><br><\/p>\n","protected":false},"excerpt":{"rendered":"<p>M\u00f8re og Romsdal Natur og Ungdom mener at det m\u00e5 stilles strenge krav hvis man skal bygge ut gasskraftverk i fylket. Dessverre har vi sett b\u00e5de p\u00e5 K\u00e5rst\u00f8 og p\u00e5 Mongstad at dagens regjering ikke ser ut til \u00e5 t\u00f8rre \u00e5 ta tilstrekkelige milj\u00f8hensyn n\u00e5r det gjelder \u00e5 sette krav om rensing av gasskraftverk som skal bygges.<\/p>\n","protected":false},"author":38,"featured_media":0,"comment_status":"closed","ping_status":"closed","sticky":false,"template":"","format":"standard","meta":{"_relevanssi_hide_post":"","_relevanssi_hide_content":"","_relevanssi_pin_for_all":"","_relevanssi_pin_keywords":"","_relevanssi_unpin_keywords":"","_relevanssi_related_keywords":"","_relevanssi_related_include_ids":"","_relevanssi_related_exclude_ids":"","_relevanssi_related_no_append":"","_relevanssi_related_not_related":"","_relevanssi_related_posts":"","_relevanssi_noindex_reason":"","hide_logo":false,"footnotes":""},"categories":[19],"tags":[],"local":[],"class_list":["post-1955","post","type-post","status-publish","format-standard","hentry","category-klima"],"acf":[],"yoast_head":"<!-- This site is optimized with the Yoast SEO plugin v24.9 - https:\/\/yoast.com\/wordpress\/plugins\/seo\/ -->\n<title>Vi m\u00e5 bruke fremtidsretta l\u00f8sninger! - M\u00f8re og Romsdal<\/title>\n<meta name=\"robots\" content=\"index, follow, max-snippet:-1, max-image-preview:large, max-video-preview:-1\" \/>\n<link rel=\"canonical\" href=\"https:\/\/naturvernforbundet.no\/moreogromsdal\/vi-ma-bruke-fremtidsretta-losninger\/\" \/>\n<meta property=\"og:locale\" content=\"nb_NO\" \/>\n<meta property=\"og:type\" content=\"article\" \/>\n<meta property=\"og:title\" content=\"Vi m\u00e5 bruke fremtidsretta l\u00f8sninger! - M\u00f8re og Romsdal\" \/>\n<meta property=\"og:description\" content=\"M\u00f8re og Romsdal Natur og Ungdom mener at det m\u00e5 stilles strenge krav hvis man skal bygge ut gasskraftverk i fylket. Dessverre har vi sett b\u00e5de p\u00e5 K\u00e5rst\u00f8 og p\u00e5 Mongstad at dagens regjering ikke ser ut til \u00e5 t\u00f8rre \u00e5 ta tilstrekkelige milj\u00f8hensyn n\u00e5r det gjelder \u00e5 sette krav om rensing av gasskraftverk som skal bygges.\" \/>\n<meta property=\"og:url\" content=\"https:\/\/naturvernforbundet.no\/moreogromsdal\/vi-ma-bruke-fremtidsretta-losninger\/\" \/>\n<meta property=\"og:site_name\" content=\"M\u00f8re og Romsdal\" \/>\n<meta property=\"article:published_time\" content=\"2007-04-04T13:34:00+00:00\" \/>\n<meta name=\"author\" content=\"Artikkelimport\u00f8r\" \/>\n<meta name=\"twitter:card\" content=\"summary_large_image\" \/>\n<meta name=\"twitter:label1\" content=\"Skrevet av\" \/>\n\t<meta name=\"twitter:data1\" content=\"Artikkelimport\u00f8r\" \/>\n\t<meta name=\"twitter:label2\" content=\"Ansl. lesetid\" \/>\n\t<meta name=\"twitter:data2\" content=\"1 minutt\" \/>\n<script type=\"application\/ld+json\" class=\"yoast-schema-graph\">{\"@context\":\"https:\/\/schema.org\",\"@graph\":[{\"@type\":\"WebPage\",\"@id\":\"https:\/\/naturvernforbundet.no\/moreogromsdal\/vi-ma-bruke-fremtidsretta-losninger\/\",\"url\":\"https:\/\/naturvernforbundet.no\/moreogromsdal\/vi-ma-bruke-fremtidsretta-losninger\/\",\"name\":\"Vi m\u00e5 bruke fremtidsretta l\u00f8sninger! - M\u00f8re og Romsdal\",\"isPartOf\":{\"@id\":\"https:\/\/naturvernforbundet.no\/moreogromsdal\/#website\"},\"datePublished\":\"2007-04-04T13:34:00+00:00\",\"author\":{\"@id\":\"https:\/\/naturvernforbundet.no\/moreogromsdal\/#\/schema\/person\/c72f198205979084bf071deedb6205f4\"},\"breadcrumb\":{\"@id\":\"https:\/\/naturvernforbundet.no\/moreogromsdal\/vi-ma-bruke-fremtidsretta-losninger\/#breadcrumb\"},\"inLanguage\":\"nb-NO\",\"potentialAction\":[{\"@type\":\"ReadAction\",\"target\":[\"https:\/\/naturvernforbundet.no\/moreogromsdal\/vi-ma-bruke-fremtidsretta-losninger\/\"]}]},{\"@type\":\"BreadcrumbList\",\"@id\":\"https:\/\/naturvernforbundet.no\/moreogromsdal\/vi-ma-bruke-fremtidsretta-losninger\/#breadcrumb\",\"itemListElement\":[{\"@type\":\"ListItem\",\"position\":1,\"name\":\"Till naturvernforbundet.no\",\"item\":\"https:\/\/naturvernforbundet.no\/\"},{\"@type\":\"ListItem\",\"position\":2,\"name\":\"M\u00f8re og Romsdal\",\"item\":\"https:\/\/naturvernforbundet.no\/moreogromsdal\/\"},{\"@type\":\"ListItem\",\"position\":3,\"name\":\"Vi m\u00e5 bruke fremtidsretta l\u00f8sninger!\"}]},{\"@type\":\"WebSite\",\"@id\":\"https:\/\/naturvernforbundet.no\/moreogromsdal\/#website\",\"url\":\"https:\/\/naturvernforbundet.no\/moreogromsdal\/\",\"name\":\"M\u00f8re og Romsdal\",\"description\":\"Bare enda et Naturvernforbundet Sites-nettsted\",\"potentialAction\":[{\"@type\":\"SearchAction\",\"target\":{\"@type\":\"EntryPoint\",\"urlTemplate\":\"https:\/\/naturvernforbundet.no\/moreogromsdal\/?s={search_term_string}\"},\"query-input\":{\"@type\":\"PropertyValueSpecification\",\"valueRequired\":true,\"valueName\":\"search_term_string\"}}],\"inLanguage\":\"nb-NO\"},{\"@type\":\"Person\",\"@id\":\"https:\/\/naturvernforbundet.no\/moreogromsdal\/#\/schema\/person\/c72f198205979084bf071deedb6205f4\",\"name\":\"Artikkelimport\u00f8r\",\"image\":{\"@type\":\"ImageObject\",\"inLanguage\":\"nb-NO\",\"@id\":\"https:\/\/naturvernforbundet.no\/moreogromsdal\/#\/schema\/person\/image\/\",\"url\":\"https:\/\/secure.gravatar.com\/avatar\/015fa491b9ed1c823ef16a5c930294d1?s=96&d=mm&r=g\",\"contentUrl\":\"https:\/\/secure.gravatar.com\/avatar\/015fa491b9ed1c823ef16a5c930294d1?s=96&d=mm&r=g\",\"caption\":\"Artikkelimport\u00f8r\"},\"url\":\"https:\/\/naturvernforbundet.no\/moreogromsdal\/author\/artikkelimportor\/\"}]}<\/script>\n<!-- \/ Yoast SEO plugin. -->","yoast_head_json":{"title":"Vi m\u00e5 bruke fremtidsretta l\u00f8sninger! - M\u00f8re og Romsdal","robots":{"index":"index","follow":"follow","max-snippet":"max-snippet:-1","max-image-preview":"max-image-preview:large","max-video-preview":"max-video-preview:-1"},"canonical":"https:\/\/naturvernforbundet.no\/moreogromsdal\/vi-ma-bruke-fremtidsretta-losninger\/","og_locale":"nb_NO","og_type":"article","og_title":"Vi m\u00e5 bruke fremtidsretta l\u00f8sninger! - M\u00f8re og Romsdal","og_description":"M\u00f8re og Romsdal Natur og Ungdom mener at det m\u00e5 stilles strenge krav hvis man skal bygge ut gasskraftverk i fylket. Dessverre har vi sett b\u00e5de p\u00e5 K\u00e5rst\u00f8 og p\u00e5 Mongstad at dagens regjering ikke ser ut til \u00e5 t\u00f8rre \u00e5 ta tilstrekkelige milj\u00f8hensyn n\u00e5r det gjelder \u00e5 sette krav om rensing av gasskraftverk som skal bygges.","og_url":"https:\/\/naturvernforbundet.no\/moreogromsdal\/vi-ma-bruke-fremtidsretta-losninger\/","og_site_name":"M\u00f8re og Romsdal","article_published_time":"2007-04-04T13:34:00+00:00","author":"Artikkelimport\u00f8r","twitter_card":"summary_large_image","twitter_misc":{"Skrevet av":"Artikkelimport\u00f8r","Ansl. lesetid":"1 minutt"},"schema":{"@context":"https:\/\/schema.org","@graph":[{"@type":"WebPage","@id":"https:\/\/naturvernforbundet.no\/moreogromsdal\/vi-ma-bruke-fremtidsretta-losninger\/","url":"https:\/\/naturvernforbundet.no\/moreogromsdal\/vi-ma-bruke-fremtidsretta-losninger\/","name":"Vi m\u00e5 bruke fremtidsretta l\u00f8sninger! - M\u00f8re og Romsdal","isPartOf":{"@id":"https:\/\/naturvernforbundet.no\/moreogromsdal\/#website"},"datePublished":"2007-04-04T13:34:00+00:00","author":{"@id":"https:\/\/naturvernforbundet.no\/moreogromsdal\/#\/schema\/person\/c72f198205979084bf071deedb6205f4"},"breadcrumb":{"@id":"https:\/\/naturvernforbundet.no\/moreogromsdal\/vi-ma-bruke-fremtidsretta-losninger\/#breadcrumb"},"inLanguage":"nb-NO","potentialAction":[{"@type":"ReadAction","target":["https:\/\/naturvernforbundet.no\/moreogromsdal\/vi-ma-bruke-fremtidsretta-losninger\/"]}]},{"@type":"BreadcrumbList","@id":"https:\/\/naturvernforbundet.no\/moreogromsdal\/vi-ma-bruke-fremtidsretta-losninger\/#breadcrumb","itemListElement":[{"@type":"ListItem","position":1,"name":"Till naturvernforbundet.no","item":"https:\/\/naturvernforbundet.no\/"},{"@type":"ListItem","position":2,"name":"M\u00f8re og Romsdal","item":"https:\/\/naturvernforbundet.no\/moreogromsdal\/"},{"@type":"ListItem","position":3,"name":"Vi m\u00e5 bruke fremtidsretta l\u00f8sninger!"}]},{"@type":"WebSite","@id":"https:\/\/naturvernforbundet.no\/moreogromsdal\/#website","url":"https:\/\/naturvernforbundet.no\/moreogromsdal\/","name":"M\u00f8re og Romsdal","description":"Bare enda et Naturvernforbundet Sites-nettsted","potentialAction":[{"@type":"SearchAction","target":{"@type":"EntryPoint","urlTemplate":"https:\/\/naturvernforbundet.no\/moreogromsdal\/?s={search_term_string}"},"query-input":{"@type":"PropertyValueSpecification","valueRequired":true,"valueName":"search_term_string"}}],"inLanguage":"nb-NO"},{"@type":"Person","@id":"https:\/\/naturvernforbundet.no\/moreogromsdal\/#\/schema\/person\/c72f198205979084bf071deedb6205f4","name":"Artikkelimport\u00f8r","image":{"@type":"ImageObject","inLanguage":"nb-NO","@id":"https:\/\/naturvernforbundet.no\/moreogromsdal\/#\/schema\/person\/image\/","url":"https:\/\/secure.gravatar.com\/avatar\/015fa491b9ed1c823ef16a5c930294d1?s=96&d=mm&r=g","contentUrl":"https:\/\/secure.gravatar.com\/avatar\/015fa491b9ed1c823ef16a5c930294d1?s=96&d=mm&r=g","caption":"Artikkelimport\u00f8r"},"url":"https:\/\/naturvernforbundet.no\/moreogromsdal\/author\/artikkelimportor\/"}]}},"_links":{"self":[{"href":"https:\/\/naturvernforbundet.no\/moreogromsdal\/wp-json\/wp\/v2\/posts\/1955","targetHints":{"allow":["GET"]}}],"collection":[{"href":"https:\/\/naturvernforbundet.no\/moreogromsdal\/wp-json\/wp\/v2\/posts"}],"about":[{"href":"https:\/\/naturvernforbundet.no\/moreogromsdal\/wp-json\/wp\/v2\/types\/post"}],"author":[{"embeddable":true,"href":"https:\/\/naturvernforbundet.no\/moreogromsdal\/wp-json\/wp\/v2\/users\/38"}],"replies":[{"embeddable":true,"href":"https:\/\/naturvernforbundet.no\/moreogromsdal\/wp-json\/wp\/v2\/comments?post=1955"}],"version-history":[{"count":0,"href":"https:\/\/naturvernforbundet.no\/moreogromsdal\/wp-json\/wp\/v2\/posts\/1955\/revisions"}],"wp:attachment":[{"href":"https:\/\/naturvernforbundet.no\/moreogromsdal\/wp-json\/wp\/v2\/media?parent=1955"}],"wp:term":[{"taxonomy":"category","embeddable":true,"href":"https:\/\/naturvernforbundet.no\/moreogromsdal\/wp-json\/wp\/v2\/categories?post=1955"},{"taxonomy":"post_tag","embeddable":true,"href":"https:\/\/naturvernforbundet.no\/moreogromsdal\/wp-json\/wp\/v2\/tags?post=1955"},{"taxonomy":"local","embeddable":true,"href":"https:\/\/naturvernforbundet.no\/moreogromsdal\/wp-json\/wp\/v2\/local?post=1955"}],"curies":[{"name":"wp","href":"https:\/\/api.w.org\/{rel}","templated":true}]}}