{"id":1974,"date":"2005-02-26T16:03:27","date_gmt":"2005-02-26T15:03:27","guid":{"rendered":"https:\/\/naturvernforbundet.no\/moreogromsdal\/krass-kritikk-av-more-og-romsdals-nye-fylkesplan\/"},"modified":"2005-02-26T16:03:27","modified_gmt":"2005-02-26T15:03:27","slug":"krass-kritikk-av-more-og-romsdals-nye-fylkesplan","status":"publish","type":"post","link":"https:\/\/naturvernforbundet.no\/moreogromsdal\/krass-kritikk-av-more-og-romsdals-nye-fylkesplan\/","title":{"rendered":"Krass kritikk av M\u00f8re og Romsdals nye fylkesplan"},"content":{"rendered":"\t<div class=\"template-post alignfull wp-block-naturvern-hero\">\n\t\t<div class=\"hero__inner\">\n\t\t\t<div class=\"hero__inner_blocks\">\n\t\t\t\t\t\t\t\t\n\t\t\t\t\t<h1 class=\"wp-block-post-title\">Krass kritikk av M\u00f8re og Romsdals nye fylkesplan<\/h1>\n\n\t\t\t\t\t<div class=\"wp-block-post-excerpt\"><p class=\"wp-block-post-excerpt__excerpt\">Naturvernforbundet i M\u00f8re og Romsdal kommer med krass kritikk av fylkets nye fylkesplan. &#8211; M\u00f8re og Romsdal legg fram eit utfordringsdokument som ikkje handterer utfordringar. \u00c5 legge fram ein fylkesplan som ikkje seier noko om milj\u00f8, og som ikkje har berekraftig utvikling som m\u00e5l er ikkje berre i utakt med nasjonal retorikk, det er rein&hellip; <\/p><\/div>\n\n\t\t\t\t\t\n\n\t\t\t\t\t<div class=\"wp-block-naturvern-byline\">\n\t\t\t<div class=\"authors\">By <span class=\"t2-byline__author-link\">Artikkelimport\u00f8r<\/span><\/div>\n\t\t\t<small class=\"entry-date\">26.02.2005 16:03<\/small>\n\t\t<\/div>\n\t\t\t\t\t\t\t\t<\/div>\n\t\t\t\t\t<\/div>\n\t\t\t<\/div>\n\t\n<p><em>Les brevet fra Naturvernforbundet i M\u00f8re og Romsdal til M\u00f8re og Romsdal fylke:<br><\/em><\/p>\n\n\n\n<p><br>M\u00f8re og Romsdal fylke Fylkeshuset 6404 MOLDE\n<\/p>\n\n\n\n<p><br><strong>BAKOVER<\/strong>\n<\/p>\n\n\n\n<p><strong>&#8211; UTTALE FR\u00c5 NATURVERNFORBUNDET I M\u00d8RE OG ROMSDAL TIL FORSLAGET TIL UTFORDRINGSDOKUMENT FOR NY FYLKESPLAN<\/strong>\n<\/p>\n\n\n\n<p><strong>Konklusjon <br><\/strong>M\u00f8re og Romsdal legg fram eit utfordringsdokument som ikkje handterer utfordringar. \u00c5 legge fram ein fylkesplan som ikkje seier noko om milj\u00f8, og som ikkje har berekraftig utvikling som m\u00e5l er ikkje berre i utakt med nasjonal retorikk, det er rein gamalmannstenking. Det er synd at ungdom flyttar fr\u00e5 fylket, men det er like uheldig at nye tankar ikkje f\u00e5r plass.\n<\/p>\n\n\n\n<p><strong>Innleiing ? om fylkesplanlegging<br><\/strong>Grunnlaget for fylkesplanen er gitt i \u00a7 19-1 i plan- og bygningsloven. Her st\u00e5r det mykje bra, m.a. at ?Fylkesplanleggingen skal samordne statens, fylkeskommunens og hovedtrekkene i kommunens fysiske, \u00f8konomiske, sosiale og kulturelle virksomhet i fylket.? og ?Fylkesplanen best\u00e5r av m\u00e5l og langsiktige retningslinjer for utviklingen i fylket og et samordnet handlingsprogram for de statlige og fylkeskommunale sektorers virksomhet som angir hvordan m\u00e5lene skal oppfylles. Handlingsprogrammet skal ogs\u00e5 omfatte de kommunale sektorer for s\u00e5 vidt ang\u00e5r sp\u00f8rsm\u00e5l som er av vesentlig betydning for fylket eller st\u00f8rre deler av det.? Dessutan st\u00e5r det: ?I planen fastlegges ogs\u00e5 retningslinjer for bruken av arealer og naturressurser i fylket n\u00e5r det gjelder sp\u00f8rsm\u00e5l som f\u00e5r vesentlige virkninger ut over grensene for en kommune eller som den enkelte kommune ikke kan l\u00f8se innenfor sitt omr\u00e5de og som m\u00e5 ses i sammenheng for flere kommuner i fylket.? \n<\/p>\n\n\n\n<p>Naturvernforbundet er likevel kjent med at fylkesplanlegging i praksis er eit reint pliktl\u00f8p, utan reell innverknad p\u00e5 samfunnsutviklinga. Og bra er det, n\u00e5r vi ser det utfordringsdokumentet vi har f\u00e5tt oversend fr\u00e5 M\u00f8re og Romsdal fylke med frist for uttale 15. september 2004.\n<\/p>\n\n\n\n<p>Utfordringsdokumentet fors\u00f8ker \u00e5 dr\u00f8fte nokre tema. Naturvernforbundet har problem med fleire av desse dr\u00f8ftinga. S\u00e6rleg finn vi det vanskeleg \u00e5 ta kapitlet ?Infrastruktur og samferdsel? p\u00e5 alvor, sidan dette ikkje har noko systematisk tiln\u00e6rming til Nasjonal transportplan (NTP). Det er difor uklart kva status utfordringsdokumentet skal ha p\u00e5 omr\u00e5det. Slik vi kjenner M\u00f8re og Romsdal fylke er det diverre omkamp for \u00e5 f\u00e5 fleire vegsamband inn i NTP som har vore h\u00f8gt prioritert, ikkje kollektivtransport. Naturvernforbundet meiner utfordringsdokumentet ogs\u00e5 burde sett p\u00e5 dei samferdslemessige konsekvensane av utbygging av breiband i fylket. Desse kan vere vel s\u00e5 viktige som den tyngre infrastrukturen n\u00e5r det gjeld t.d. n\u00e6ringsutvikling innan terti\u00e6rn\u00e6ringane.\n<\/p>\n\n\n\n<p>Dessutan er Naturvernforbundet sv\u00e6rt skuffa over avsnittet ?Vern og bruk?. Her er det ikkje sagt noko om eller eventuelt korleis fylket vil ta vare p\u00e5 naturen i fylket. Har ikkje fylket ei eiga avdeling som arbeider med slike sp\u00f8rsm\u00e5l?\n<\/p>\n\n\n\n<p><strong>Ikkje akkurat energisk<br><\/strong>Naturvernforbundet veit ikkje korleis kapitlet ?Nok energi til konkurransedyktig pris? har kome inn i dokumentet. P\u00e5 1960- og 1970-talet vart det laga mange prognosar for energibruken i Noreg. Felles for dei fleste av desse var at vi kom til \u00e5 ha energikrise p\u00e5 1980-talet dersom vi ikkje bygde ut atomkraft, kullkraft, gasskraft og alle vassdrag vi kunne kome over. Prognosemakarane har visst f\u00e5tt jobb i einskapsfylket. Sj\u00f8lv om Noreg er ein del av ein europeisk el-marknad der det er overskot av energi s\u00e5 langt fram marknaden handlar straum, ser det ut til at nokon har fors\u00f8kt \u00e5 oppkonstruere ein el-marknad i M\u00f8re og Romsdal med andre prisar og andre rammevilk\u00e5r enn resten av verdsdelen. \n<\/p>\n\n\n\n<p>Dette oppdikta kapitlet har ikkje noko i ein fylkesplan \u00e5 gj\u00f8re, p\u00e5 same m\u00e5te som fossilgass ikkje har noko rolle i det norske energiforsyningssystemet. Naturvernforbundet er overraska over at M\u00f8re og Romsdal fylke ikkje fors\u00f8ker \u00e5 sj\u00e5 p\u00e5 energi ut fr\u00e5 dei faktorane fylket har innverknad p\u00e5. D\u00e5 ville det nemleg vore fornuftig \u00e5 dr\u00f8fte:<br>\uf078 Er energibruken og effektutnyttinga i fylket optimal, eller er det mogleg \u00e5 effektivisere?<br>\uf078 Vindkraft aukar raskt som energiform i Noreg. Er det omr\u00e5de i fylket der vindkraft b\u00f8r vike for kultur- og naturmilj\u00f8 (slik det har skjedd p\u00e5 Stadtlandet?)<br>\uf078 Bioenergi er den andre energiformen som aukar i Noreg. Samstundes har milj\u00f8- og landbruksstyresmaktene signalisert eit \u00f8nskje om \u00e5 rydde kulturlandskap som gror att, og Naturvernforbundet signaliserer eit \u00f8nskje om \u00e5 fjerne gran mange stader i fylket. Kva skal vi gj\u00f8re med all biomassen som blir rydda? <br>\uf078 Dei s\u00e5kalte mini- og mikrokraftverka har blitt sv\u00e6rt popul\u00e6re. Sj\u00f8lv om inngrepet fr\u00e5 kvart enkelt anlegg kan vere lite (men ikkje alltid), ser vi at summen av alle dei planlagte kraftverka kan vere alvorleg. Burde M\u00f8re og Romsdal fylke hatt ei samordna tiln\u00e6rming til desse effektane?\n<\/p>\n\n\n\n<p><strong>N\u00e6ringsutvikling p\u00e5 lukke og fromme?<br><\/strong>Medan energikapitlet er fullt av (misvisande) grafiske framstillingar, kunne det faktisk vore p\u00e5 sin plass med nokre oppdaterte tal p\u00e5 kva n\u00e6ringsverksemd M\u00f8re og Romsdal har (omsetning og sysselsette) og trendane for dei ulike n\u00e6ringane n\u00e5r det gjeld l\u00f8nsemd og sysselsetjing. Naturvernforbundet er t.d. interessert i kva som kan skje innan kunnskapsintensiv n\u00e6ringsverksemd og tenesteyting i fylket, dette er n\u00e6ringar som vanlegvis brukar mindre energi, areal og naturressursar. Dessutan er det interessant \u00e5 f\u00e5 eit oversyn over areal- og ressurskrevjande n\u00e6ringar som landbruk, skogbruk, fiske og fiskeoppdrett, og kva utvikling som skjer t.d. innan \u00f8kologisk landbruk i forhold til konvensjonelt. Over heile landet blir Naturvernforbundet kontakta av akt\u00f8rar i reiselivsn\u00e6ringa som ser naturgrunnlaget som ein f\u00f8resetnad for n\u00e6ringa, og som difor \u00f8nskjer samarbeid om ei betre naturressursforvaltning. Dette er sv\u00e6rt aktuelt i M\u00f8re og Romsdal, utan at vi kan sj\u00e5 at utfordringsdokumentet vurderer denne sida av reiselivsn\u00e6ringa.\n<\/p>\n\n\n\n<p><strong>Global, regional, lokal<br><\/strong>M\u00f8re og Romsdal har alltid vore eit fylke som er ope mot verda, b\u00e5de n\u00e5r det gjeld eksport, n\u00e6ringsutvikling og internasjonal solidaritet. Samstundes vil M\u00f8re og Romsdal ha mange av dei same utfordringane n\u00e5r det gjelde folketal og ?samansetting, n\u00e6ringsutvikling og milj\u00f8 og arealbruk som regionar i Skottland, Irland, Frankrike og Spania, og vi har mykje samkvem med regionar i Brasil og Kanada. N\u00e5r vi veit kor mange rammevilk\u00e5r som er styrt av EU og andre internasjonale organ, er Naturvernforbundet overraska over at M\u00f8re og Romsdal fylke ikkje i st\u00f8rre grad nyttar fylkesplanen til \u00e5 dr\u00f8fte internasjonalisering i utdanning, n\u00e6ringsliv, forvaltning og ikkje minst kulturelt.\n<\/p>\n\n\n\n<p><strong>Avslutning<br><\/strong>Utfordringsdokumentet er ikkje eit grunnlag for ein fylkesplan. M\u00f8re og Romsdal fylke b\u00f8r p\u00e5 nytt dr\u00f8fte om det faktisk skal lagast ein fylkesplan, eller om fylket i staden skal utvikle delplanar p\u00e5 avgrensa felt, t.d. vindenergi.\n<\/p>\n\n\n\n<p>Det \u00e5 lage ein fylkesplan som faktisk f\u00e5r innverknad p\u00e5 samfunnsplanlegginga er ei stor oppg\u00e5ve, og krev sterkt engasjement fr\u00e5 mange akt\u00f8rar. Naturvernforbundet i M\u00f8re og Romsdal har avgrensa ressursar og m\u00e5 prioritere n\u00f8ye. Vi kan ikkje sj\u00e5 at det er rett av oss \u00e5 bruke meir ressursar p\u00e5 dette. Derimot vil vi halde fram med arbeidet for meir naturvern og mot forureining i fylket.\n<\/p>\n\n\n\n<p><br>Med helsing\n<\/p>\n\n\n\n<p><br>\u00d8ystein Folden <br>leiar<\/p>\n","protected":false},"excerpt":{"rendered":"<p>Naturvernforbundet i M\u00f8re og Romsdal kommer med krass kritikk av fylkets nye fylkesplan. &#8211; M\u00f8re og Romsdal legg fram eit utfordringsdokument som ikkje handterer utfordringar. \u00c5 legge fram ein fylkesplan som ikkje seier noko om milj\u00f8, og som ikkje har berekraftig utvikling som m\u00e5l er ikkje berre i utakt med nasjonal retorikk, det er rein gamalmannstenking. Det er synd at ungdom flyttar fr\u00e5 fylket, men det er like uheldig at nye tankar ikkje f\u00e5r plass, seier leiar \u00d8ystein Folden i Naturvernforbundet i M\u00f8re og Romsdal.<\/p>\n","protected":false},"author":38,"featured_media":0,"comment_status":"closed","ping_status":"closed","sticky":false,"template":"","format":"standard","meta":{"_relevanssi_hide_post":"","_relevanssi_hide_content":"","_relevanssi_pin_for_all":"","_relevanssi_pin_keywords":"","_relevanssi_unpin_keywords":"","_relevanssi_related_keywords":"","_relevanssi_related_include_ids":"","_relevanssi_related_exclude_ids":"","_relevanssi_related_no_append":"","_relevanssi_related_not_related":"","_relevanssi_related_posts":"","_relevanssi_noindex_reason":"","hide_logo":false,"footnotes":""},"categories":[19],"tags":[],"local":[],"class_list":["post-1974","post","type-post","status-publish","format-standard","hentry","category-klima"],"acf":[],"yoast_head":"<!-- This site is optimized with the Yoast SEO plugin v24.9 - https:\/\/yoast.com\/wordpress\/plugins\/seo\/ -->\n<title>Krass kritikk av M\u00f8re og Romsdals nye fylkesplan - M\u00f8re og Romsdal<\/title>\n<meta name=\"robots\" content=\"index, follow, max-snippet:-1, max-image-preview:large, max-video-preview:-1\" \/>\n<link rel=\"canonical\" href=\"https:\/\/naturvernforbundet.no\/moreogromsdal\/krass-kritikk-av-more-og-romsdals-nye-fylkesplan\/\" \/>\n<meta property=\"og:locale\" content=\"nb_NO\" \/>\n<meta property=\"og:type\" content=\"article\" \/>\n<meta property=\"og:title\" content=\"Krass kritikk av M\u00f8re og Romsdals nye fylkesplan - M\u00f8re og Romsdal\" \/>\n<meta property=\"og:description\" content=\"Naturvernforbundet i M\u00f8re og Romsdal kommer med krass kritikk av fylkets nye fylkesplan. - M\u00f8re og Romsdal legg fram eit utfordringsdokument som ikkje handterer utfordringar. \u00c5 legge fram ein fylkesplan som ikkje seier noko om milj\u00f8, og som ikkje har berekraftig utvikling som m\u00e5l er ikkje berre i utakt med nasjonal retorikk, det er rein gamalmannstenking. Det er synd at ungdom flyttar fr\u00e5 fylket, men det er like uheldig at nye tankar ikkje f\u00e5r plass, seier leiar \u00d8ystein Folden i Naturvernforbundet i M\u00f8re og Romsdal.\" \/>\n<meta property=\"og:url\" content=\"https:\/\/naturvernforbundet.no\/moreogromsdal\/krass-kritikk-av-more-og-romsdals-nye-fylkesplan\/\" \/>\n<meta property=\"og:site_name\" content=\"M\u00f8re og Romsdal\" \/>\n<meta property=\"article:published_time\" content=\"2005-02-26T15:03:27+00:00\" \/>\n<meta name=\"author\" content=\"Artikkelimport\u00f8r\" \/>\n<meta name=\"twitter:card\" content=\"summary_large_image\" \/>\n<meta name=\"twitter:label1\" content=\"Skrevet av\" \/>\n\t<meta name=\"twitter:data1\" content=\"Artikkelimport\u00f8r\" \/>\n\t<meta name=\"twitter:label2\" content=\"Ansl. lesetid\" \/>\n\t<meta name=\"twitter:data2\" content=\"6 minutter\" \/>\n<script type=\"application\/ld+json\" class=\"yoast-schema-graph\">{\"@context\":\"https:\/\/schema.org\",\"@graph\":[{\"@type\":\"WebPage\",\"@id\":\"https:\/\/naturvernforbundet.no\/moreogromsdal\/krass-kritikk-av-more-og-romsdals-nye-fylkesplan\/\",\"url\":\"https:\/\/naturvernforbundet.no\/moreogromsdal\/krass-kritikk-av-more-og-romsdals-nye-fylkesplan\/\",\"name\":\"Krass kritikk av M\u00f8re og Romsdals nye fylkesplan - M\u00f8re og Romsdal\",\"isPartOf\":{\"@id\":\"https:\/\/naturvernforbundet.no\/moreogromsdal\/#website\"},\"datePublished\":\"2005-02-26T15:03:27+00:00\",\"author\":{\"@id\":\"https:\/\/naturvernforbundet.no\/moreogromsdal\/#\/schema\/person\/c72f198205979084bf071deedb6205f4\"},\"breadcrumb\":{\"@id\":\"https:\/\/naturvernforbundet.no\/moreogromsdal\/krass-kritikk-av-more-og-romsdals-nye-fylkesplan\/#breadcrumb\"},\"inLanguage\":\"nb-NO\",\"potentialAction\":[{\"@type\":\"ReadAction\",\"target\":[\"https:\/\/naturvernforbundet.no\/moreogromsdal\/krass-kritikk-av-more-og-romsdals-nye-fylkesplan\/\"]}]},{\"@type\":\"BreadcrumbList\",\"@id\":\"https:\/\/naturvernforbundet.no\/moreogromsdal\/krass-kritikk-av-more-og-romsdals-nye-fylkesplan\/#breadcrumb\",\"itemListElement\":[{\"@type\":\"ListItem\",\"position\":1,\"name\":\"Till naturvernforbundet.no\",\"item\":\"https:\/\/naturvernforbundet.no\/\"},{\"@type\":\"ListItem\",\"position\":2,\"name\":\"M\u00f8re og Romsdal\",\"item\":\"https:\/\/naturvernforbundet.no\/moreogromsdal\/\"},{\"@type\":\"ListItem\",\"position\":3,\"name\":\"Krass kritikk av M\u00f8re og Romsdals nye fylkesplan\"}]},{\"@type\":\"WebSite\",\"@id\":\"https:\/\/naturvernforbundet.no\/moreogromsdal\/#website\",\"url\":\"https:\/\/naturvernforbundet.no\/moreogromsdal\/\",\"name\":\"M\u00f8re og Romsdal\",\"description\":\"Bare enda et Naturvernforbundet Sites-nettsted\",\"potentialAction\":[{\"@type\":\"SearchAction\",\"target\":{\"@type\":\"EntryPoint\",\"urlTemplate\":\"https:\/\/naturvernforbundet.no\/moreogromsdal\/?s={search_term_string}\"},\"query-input\":{\"@type\":\"PropertyValueSpecification\",\"valueRequired\":true,\"valueName\":\"search_term_string\"}}],\"inLanguage\":\"nb-NO\"},{\"@type\":\"Person\",\"@id\":\"https:\/\/naturvernforbundet.no\/moreogromsdal\/#\/schema\/person\/c72f198205979084bf071deedb6205f4\",\"name\":\"Artikkelimport\u00f8r\",\"image\":{\"@type\":\"ImageObject\",\"inLanguage\":\"nb-NO\",\"@id\":\"https:\/\/naturvernforbundet.no\/moreogromsdal\/#\/schema\/person\/image\/\",\"url\":\"https:\/\/secure.gravatar.com\/avatar\/015fa491b9ed1c823ef16a5c930294d1?s=96&d=mm&r=g\",\"contentUrl\":\"https:\/\/secure.gravatar.com\/avatar\/015fa491b9ed1c823ef16a5c930294d1?s=96&d=mm&r=g\",\"caption\":\"Artikkelimport\u00f8r\"},\"url\":\"https:\/\/naturvernforbundet.no\/moreogromsdal\/author\/artikkelimportor\/\"}]}<\/script>\n<!-- \/ Yoast SEO plugin. -->","yoast_head_json":{"title":"Krass kritikk av M\u00f8re og Romsdals nye fylkesplan - M\u00f8re og Romsdal","robots":{"index":"index","follow":"follow","max-snippet":"max-snippet:-1","max-image-preview":"max-image-preview:large","max-video-preview":"max-video-preview:-1"},"canonical":"https:\/\/naturvernforbundet.no\/moreogromsdal\/krass-kritikk-av-more-og-romsdals-nye-fylkesplan\/","og_locale":"nb_NO","og_type":"article","og_title":"Krass kritikk av M\u00f8re og Romsdals nye fylkesplan - M\u00f8re og Romsdal","og_description":"Naturvernforbundet i M\u00f8re og Romsdal kommer med krass kritikk av fylkets nye fylkesplan. - M\u00f8re og Romsdal legg fram eit utfordringsdokument som ikkje handterer utfordringar. \u00c5 legge fram ein fylkesplan som ikkje seier noko om milj\u00f8, og som ikkje har berekraftig utvikling som m\u00e5l er ikkje berre i utakt med nasjonal retorikk, det er rein gamalmannstenking. Det er synd at ungdom flyttar fr\u00e5 fylket, men det er like uheldig at nye tankar ikkje f\u00e5r plass, seier leiar \u00d8ystein Folden i Naturvernforbundet i M\u00f8re og Romsdal.","og_url":"https:\/\/naturvernforbundet.no\/moreogromsdal\/krass-kritikk-av-more-og-romsdals-nye-fylkesplan\/","og_site_name":"M\u00f8re og Romsdal","article_published_time":"2005-02-26T15:03:27+00:00","author":"Artikkelimport\u00f8r","twitter_card":"summary_large_image","twitter_misc":{"Skrevet av":"Artikkelimport\u00f8r","Ansl. lesetid":"6 minutter"},"schema":{"@context":"https:\/\/schema.org","@graph":[{"@type":"WebPage","@id":"https:\/\/naturvernforbundet.no\/moreogromsdal\/krass-kritikk-av-more-og-romsdals-nye-fylkesplan\/","url":"https:\/\/naturvernforbundet.no\/moreogromsdal\/krass-kritikk-av-more-og-romsdals-nye-fylkesplan\/","name":"Krass kritikk av M\u00f8re og Romsdals nye fylkesplan - M\u00f8re og Romsdal","isPartOf":{"@id":"https:\/\/naturvernforbundet.no\/moreogromsdal\/#website"},"datePublished":"2005-02-26T15:03:27+00:00","author":{"@id":"https:\/\/naturvernforbundet.no\/moreogromsdal\/#\/schema\/person\/c72f198205979084bf071deedb6205f4"},"breadcrumb":{"@id":"https:\/\/naturvernforbundet.no\/moreogromsdal\/krass-kritikk-av-more-og-romsdals-nye-fylkesplan\/#breadcrumb"},"inLanguage":"nb-NO","potentialAction":[{"@type":"ReadAction","target":["https:\/\/naturvernforbundet.no\/moreogromsdal\/krass-kritikk-av-more-og-romsdals-nye-fylkesplan\/"]}]},{"@type":"BreadcrumbList","@id":"https:\/\/naturvernforbundet.no\/moreogromsdal\/krass-kritikk-av-more-og-romsdals-nye-fylkesplan\/#breadcrumb","itemListElement":[{"@type":"ListItem","position":1,"name":"Till naturvernforbundet.no","item":"https:\/\/naturvernforbundet.no\/"},{"@type":"ListItem","position":2,"name":"M\u00f8re og Romsdal","item":"https:\/\/naturvernforbundet.no\/moreogromsdal\/"},{"@type":"ListItem","position":3,"name":"Krass kritikk av M\u00f8re og Romsdals nye fylkesplan"}]},{"@type":"WebSite","@id":"https:\/\/naturvernforbundet.no\/moreogromsdal\/#website","url":"https:\/\/naturvernforbundet.no\/moreogromsdal\/","name":"M\u00f8re og Romsdal","description":"Bare enda et Naturvernforbundet Sites-nettsted","potentialAction":[{"@type":"SearchAction","target":{"@type":"EntryPoint","urlTemplate":"https:\/\/naturvernforbundet.no\/moreogromsdal\/?s={search_term_string}"},"query-input":{"@type":"PropertyValueSpecification","valueRequired":true,"valueName":"search_term_string"}}],"inLanguage":"nb-NO"},{"@type":"Person","@id":"https:\/\/naturvernforbundet.no\/moreogromsdal\/#\/schema\/person\/c72f198205979084bf071deedb6205f4","name":"Artikkelimport\u00f8r","image":{"@type":"ImageObject","inLanguage":"nb-NO","@id":"https:\/\/naturvernforbundet.no\/moreogromsdal\/#\/schema\/person\/image\/","url":"https:\/\/secure.gravatar.com\/avatar\/015fa491b9ed1c823ef16a5c930294d1?s=96&d=mm&r=g","contentUrl":"https:\/\/secure.gravatar.com\/avatar\/015fa491b9ed1c823ef16a5c930294d1?s=96&d=mm&r=g","caption":"Artikkelimport\u00f8r"},"url":"https:\/\/naturvernforbundet.no\/moreogromsdal\/author\/artikkelimportor\/"}]}},"_links":{"self":[{"href":"https:\/\/naturvernforbundet.no\/moreogromsdal\/wp-json\/wp\/v2\/posts\/1974","targetHints":{"allow":["GET"]}}],"collection":[{"href":"https:\/\/naturvernforbundet.no\/moreogromsdal\/wp-json\/wp\/v2\/posts"}],"about":[{"href":"https:\/\/naturvernforbundet.no\/moreogromsdal\/wp-json\/wp\/v2\/types\/post"}],"author":[{"embeddable":true,"href":"https:\/\/naturvernforbundet.no\/moreogromsdal\/wp-json\/wp\/v2\/users\/38"}],"replies":[{"embeddable":true,"href":"https:\/\/naturvernforbundet.no\/moreogromsdal\/wp-json\/wp\/v2\/comments?post=1974"}],"version-history":[{"count":0,"href":"https:\/\/naturvernforbundet.no\/moreogromsdal\/wp-json\/wp\/v2\/posts\/1974\/revisions"}],"wp:attachment":[{"href":"https:\/\/naturvernforbundet.no\/moreogromsdal\/wp-json\/wp\/v2\/media?parent=1974"}],"wp:term":[{"taxonomy":"category","embeddable":true,"href":"https:\/\/naturvernforbundet.no\/moreogromsdal\/wp-json\/wp\/v2\/categories?post=1974"},{"taxonomy":"post_tag","embeddable":true,"href":"https:\/\/naturvernforbundet.no\/moreogromsdal\/wp-json\/wp\/v2\/tags?post=1974"},{"taxonomy":"local","embeddable":true,"href":"https:\/\/naturvernforbundet.no\/moreogromsdal\/wp-json\/wp\/v2\/local?post=1974"}],"curies":[{"name":"wp","href":"https:\/\/api.w.org\/{rel}","templated":true}]}}