{"id":1979,"date":"2006-01-24T09:36:00","date_gmt":"2006-01-24T08:36:00","guid":{"rendered":"https:\/\/naturvernforbundet.no\/moreogromsdal\/nve-godtar-uakseptabel-utbygging-av-kvanndola\/"},"modified":"2006-01-24T09:36:00","modified_gmt":"2006-01-24T08:36:00","slug":"nve-godtar-uakseptabel-utbygging-av-kvanndola","status":"publish","type":"post","link":"https:\/\/naturvernforbundet.no\/moreogromsdal\/nve-godtar-uakseptabel-utbygging-av-kvanndola\/","title":{"rendered":"&#8211; NVE godtar uakseptabel utbygging av Kvannd\u00f8la"},"content":{"rendered":"\t<div class=\"template-post alignfull wp-block-naturvern-hero\">\n\t\t<div class=\"hero__inner\">\n\t\t\t<div class=\"hero__inner_blocks\">\n\t\t\t\t\t\t\t\t\n\t\t\t\t\t<h1 class=\"wp-block-post-title\">&#8211; NVE godtar uakseptabel utbygging av Kvannd\u00f8la<\/h1>\n\n\t\t\t\t\t<div class=\"wp-block-post-excerpt\"><p class=\"wp-block-post-excerpt__excerpt\">&#8211; Her gir NVE l\u00f8yve til ytterlegare rasering av natur i M\u00f8re og Romsdal. Naturvernforbundet vil ta opp denne saka med olje- og energiminister Odd Roger Enoksen sn\u00f8ggast r\u00e5d, seier leiar i Naturvernforbundet i fylket, \u00d8ystein Folden. <\/p><\/div>\n\n\t\t\t\t\t\n\n\t\t\t\t\t<div class=\"wp-block-naturvern-byline\">\n\t\t\t<div class=\"authors\">By <span class=\"t2-byline__author-link\">Artikkelimport\u00f8r<\/span><\/div>\n\t\t\t<small class=\"entry-date\">24.01.2006 09:36<\/small>\n\t\t<\/div>\n\t\t\t\t\t\t\t\t<\/div>\n\t\t\t\t\t<\/div>\n\t\t\t<\/div>\n\t\n<p>Kvanndalen er ur\u00f8rt og er likevel tilgjengelg for dei fleste til fots eller p\u00e5 hesteryggen. Eit kraftverk med veg vil \u00f8ydelegge denne opplevinga. \n<\/p>\n\n\n\n<p>Naturvernforbundet har vore aktiv i denne saka lenge. No vil Folden ta opp med milj\u00f8vernministeren om grensa for landskapsvernomr\u00e5det kan flyttast fram p\u00e5 kanten av Kvanndalen, for \u00e5 f\u00e5 stoppa utbygginga. \n<\/p>\n\n\n\n<p>&#8211; Denne utbygginga er eit d\u00f8me p\u00e5 at sj\u00f8lv om utbygginga ligg utanfor landskapsvernomr\u00e5det, vil ho vere negativ for dei verdiane samfunnet har fors\u00f8kt \u00e5 ta vare p\u00e5 gjennom vernet, meiner Folden.\n<\/p>\n\n\n\n<p>Saka er allereie teke opp p\u00e5 nasjonalt niv\u00e5 i milj\u00f8vernorganisasjonane i Noreg, og vil bli fulgt derifr\u00e5 ogs\u00e5. Naturvernforbundet har m.a. stilt sp\u00f8rsm\u00e5l ved om NVE er ugilde n\u00e5r det gjeld behandlinga av saken, det har NVE ikkje kommentert i si avgjerd.\n<\/p>\n\n\n\n<p>For meir informasjon, kontakt \u00d8ystein Folden p\u00e5 91 81 25 42.<\/p>\n\n\n\n<p><a href=\"\/imakerdata\/f\/0\/75\/54\/9_2401_0\/772985773-00259045.pdf\">Les NVE sin uttale til Olje- og energidepartementet<\/a><\/p>\n","protected":false},"excerpt":{"rendered":"<p>&#8211; Her gir NVE l\u00f8yve til ytterlegare rasering av natur i M\u00f8re og Romsdal. Naturvernforbundet vil ta opp denne saka med olje- og energiminister Odd Roger Enoksen sn\u00f8ggast r\u00e5d, seier leiar i Naturvernforbundet i fylket, \u00d8ystein Folden.<\/p>\n","protected":false},"author":38,"featured_media":0,"comment_status":"closed","ping_status":"closed","sticky":false,"template":"","format":"standard","meta":{"_relevanssi_hide_post":"","_relevanssi_hide_content":"","_relevanssi_pin_for_all":"","_relevanssi_pin_keywords":"","_relevanssi_unpin_keywords":"","_relevanssi_related_keywords":"","_relevanssi_related_include_ids":"","_relevanssi_related_exclude_ids":"","_relevanssi_related_no_append":"","_relevanssi_related_not_related":"","_relevanssi_related_posts":"","_relevanssi_noindex_reason":"","hide_logo":false,"footnotes":""},"categories":[16],"tags":[],"local":[],"class_list":["post-1979","post","type-post","status-publish","format-standard","hentry","category-naturmangfold"],"acf":[],"yoast_head":"<!-- This site is optimized with the Yoast SEO plugin v24.9 - https:\/\/yoast.com\/wordpress\/plugins\/seo\/ -->\n<title>- NVE godtar uakseptabel utbygging av Kvannd\u00f8la - M\u00f8re og Romsdal<\/title>\n<meta name=\"robots\" content=\"index, follow, max-snippet:-1, max-image-preview:large, max-video-preview:-1\" \/>\n<link rel=\"canonical\" href=\"https:\/\/naturvernforbundet.no\/moreogromsdal\/nve-godtar-uakseptabel-utbygging-av-kvanndola\/\" \/>\n<meta property=\"og:locale\" content=\"nb_NO\" \/>\n<meta property=\"og:type\" content=\"article\" \/>\n<meta property=\"og:title\" content=\"- NVE godtar uakseptabel utbygging av Kvannd\u00f8la - M\u00f8re og Romsdal\" \/>\n<meta property=\"og:description\" content=\"- Her gir NVE l\u00f8yve til ytterlegare rasering av natur i M\u00f8re og Romsdal. Naturvernforbundet vil ta opp denne saka med olje- og energiminister Odd Roger Enoksen sn\u00f8ggast r\u00e5d, seier leiar i Naturvernforbundet i fylket, \u00d8ystein Folden.\" \/>\n<meta property=\"og:url\" content=\"https:\/\/naturvernforbundet.no\/moreogromsdal\/nve-godtar-uakseptabel-utbygging-av-kvanndola\/\" \/>\n<meta property=\"og:site_name\" content=\"M\u00f8re og Romsdal\" \/>\n<meta property=\"article:published_time\" content=\"2006-01-24T08:36:00+00:00\" \/>\n<meta name=\"author\" content=\"Artikkelimport\u00f8r\" \/>\n<meta name=\"twitter:card\" content=\"summary_large_image\" \/>\n<meta name=\"twitter:label1\" content=\"Skrevet av\" \/>\n\t<meta name=\"twitter:data1\" content=\"Artikkelimport\u00f8r\" \/>\n\t<meta name=\"twitter:label2\" content=\"Ansl. lesetid\" \/>\n\t<meta name=\"twitter:data2\" content=\"1 minutt\" \/>\n<script type=\"application\/ld+json\" class=\"yoast-schema-graph\">{\"@context\":\"https:\/\/schema.org\",\"@graph\":[{\"@type\":\"WebPage\",\"@id\":\"https:\/\/naturvernforbundet.no\/moreogromsdal\/nve-godtar-uakseptabel-utbygging-av-kvanndola\/\",\"url\":\"https:\/\/naturvernforbundet.no\/moreogromsdal\/nve-godtar-uakseptabel-utbygging-av-kvanndola\/\",\"name\":\"- NVE godtar uakseptabel utbygging av Kvannd\u00f8la - M\u00f8re og Romsdal\",\"isPartOf\":{\"@id\":\"https:\/\/naturvernforbundet.no\/moreogromsdal\/#website\"},\"datePublished\":\"2006-01-24T08:36:00+00:00\",\"author\":{\"@id\":\"https:\/\/naturvernforbundet.no\/moreogromsdal\/#\/schema\/person\/c72f198205979084bf071deedb6205f4\"},\"breadcrumb\":{\"@id\":\"https:\/\/naturvernforbundet.no\/moreogromsdal\/nve-godtar-uakseptabel-utbygging-av-kvanndola\/#breadcrumb\"},\"inLanguage\":\"nb-NO\",\"potentialAction\":[{\"@type\":\"ReadAction\",\"target\":[\"https:\/\/naturvernforbundet.no\/moreogromsdal\/nve-godtar-uakseptabel-utbygging-av-kvanndola\/\"]}]},{\"@type\":\"BreadcrumbList\",\"@id\":\"https:\/\/naturvernforbundet.no\/moreogromsdal\/nve-godtar-uakseptabel-utbygging-av-kvanndola\/#breadcrumb\",\"itemListElement\":[{\"@type\":\"ListItem\",\"position\":1,\"name\":\"Till naturvernforbundet.no\",\"item\":\"https:\/\/naturvernforbundet.no\/\"},{\"@type\":\"ListItem\",\"position\":2,\"name\":\"M\u00f8re og Romsdal\",\"item\":\"https:\/\/naturvernforbundet.no\/moreogromsdal\/\"},{\"@type\":\"ListItem\",\"position\":3,\"name\":\"&#8211; NVE godtar uakseptabel utbygging av Kvannd\u00f8la\"}]},{\"@type\":\"WebSite\",\"@id\":\"https:\/\/naturvernforbundet.no\/moreogromsdal\/#website\",\"url\":\"https:\/\/naturvernforbundet.no\/moreogromsdal\/\",\"name\":\"M\u00f8re og Romsdal\",\"description\":\"Bare enda et Naturvernforbundet Sites-nettsted\",\"potentialAction\":[{\"@type\":\"SearchAction\",\"target\":{\"@type\":\"EntryPoint\",\"urlTemplate\":\"https:\/\/naturvernforbundet.no\/moreogromsdal\/?s={search_term_string}\"},\"query-input\":{\"@type\":\"PropertyValueSpecification\",\"valueRequired\":true,\"valueName\":\"search_term_string\"}}],\"inLanguage\":\"nb-NO\"},{\"@type\":\"Person\",\"@id\":\"https:\/\/naturvernforbundet.no\/moreogromsdal\/#\/schema\/person\/c72f198205979084bf071deedb6205f4\",\"name\":\"Artikkelimport\u00f8r\",\"image\":{\"@type\":\"ImageObject\",\"inLanguage\":\"nb-NO\",\"@id\":\"https:\/\/naturvernforbundet.no\/moreogromsdal\/#\/schema\/person\/image\/\",\"url\":\"https:\/\/secure.gravatar.com\/avatar\/015fa491b9ed1c823ef16a5c930294d1?s=96&d=mm&r=g\",\"contentUrl\":\"https:\/\/secure.gravatar.com\/avatar\/015fa491b9ed1c823ef16a5c930294d1?s=96&d=mm&r=g\",\"caption\":\"Artikkelimport\u00f8r\"},\"url\":\"https:\/\/naturvernforbundet.no\/moreogromsdal\/author\/artikkelimportor\/\"}]}<\/script>\n<!-- \/ Yoast SEO plugin. -->","yoast_head_json":{"title":"- NVE godtar uakseptabel utbygging av Kvannd\u00f8la - M\u00f8re og Romsdal","robots":{"index":"index","follow":"follow","max-snippet":"max-snippet:-1","max-image-preview":"max-image-preview:large","max-video-preview":"max-video-preview:-1"},"canonical":"https:\/\/naturvernforbundet.no\/moreogromsdal\/nve-godtar-uakseptabel-utbygging-av-kvanndola\/","og_locale":"nb_NO","og_type":"article","og_title":"- NVE godtar uakseptabel utbygging av Kvannd\u00f8la - M\u00f8re og Romsdal","og_description":"- Her gir NVE l\u00f8yve til ytterlegare rasering av natur i M\u00f8re og Romsdal. Naturvernforbundet vil ta opp denne saka med olje- og energiminister Odd Roger Enoksen sn\u00f8ggast r\u00e5d, seier leiar i Naturvernforbundet i fylket, \u00d8ystein Folden.","og_url":"https:\/\/naturvernforbundet.no\/moreogromsdal\/nve-godtar-uakseptabel-utbygging-av-kvanndola\/","og_site_name":"M\u00f8re og Romsdal","article_published_time":"2006-01-24T08:36:00+00:00","author":"Artikkelimport\u00f8r","twitter_card":"summary_large_image","twitter_misc":{"Skrevet av":"Artikkelimport\u00f8r","Ansl. lesetid":"1 minutt"},"schema":{"@context":"https:\/\/schema.org","@graph":[{"@type":"WebPage","@id":"https:\/\/naturvernforbundet.no\/moreogromsdal\/nve-godtar-uakseptabel-utbygging-av-kvanndola\/","url":"https:\/\/naturvernforbundet.no\/moreogromsdal\/nve-godtar-uakseptabel-utbygging-av-kvanndola\/","name":"- NVE godtar uakseptabel utbygging av Kvannd\u00f8la - M\u00f8re og Romsdal","isPartOf":{"@id":"https:\/\/naturvernforbundet.no\/moreogromsdal\/#website"},"datePublished":"2006-01-24T08:36:00+00:00","author":{"@id":"https:\/\/naturvernforbundet.no\/moreogromsdal\/#\/schema\/person\/c72f198205979084bf071deedb6205f4"},"breadcrumb":{"@id":"https:\/\/naturvernforbundet.no\/moreogromsdal\/nve-godtar-uakseptabel-utbygging-av-kvanndola\/#breadcrumb"},"inLanguage":"nb-NO","potentialAction":[{"@type":"ReadAction","target":["https:\/\/naturvernforbundet.no\/moreogromsdal\/nve-godtar-uakseptabel-utbygging-av-kvanndola\/"]}]},{"@type":"BreadcrumbList","@id":"https:\/\/naturvernforbundet.no\/moreogromsdal\/nve-godtar-uakseptabel-utbygging-av-kvanndola\/#breadcrumb","itemListElement":[{"@type":"ListItem","position":1,"name":"Till naturvernforbundet.no","item":"https:\/\/naturvernforbundet.no\/"},{"@type":"ListItem","position":2,"name":"M\u00f8re og Romsdal","item":"https:\/\/naturvernforbundet.no\/moreogromsdal\/"},{"@type":"ListItem","position":3,"name":"&#8211; NVE godtar uakseptabel utbygging av Kvannd\u00f8la"}]},{"@type":"WebSite","@id":"https:\/\/naturvernforbundet.no\/moreogromsdal\/#website","url":"https:\/\/naturvernforbundet.no\/moreogromsdal\/","name":"M\u00f8re og Romsdal","description":"Bare enda et Naturvernforbundet Sites-nettsted","potentialAction":[{"@type":"SearchAction","target":{"@type":"EntryPoint","urlTemplate":"https:\/\/naturvernforbundet.no\/moreogromsdal\/?s={search_term_string}"},"query-input":{"@type":"PropertyValueSpecification","valueRequired":true,"valueName":"search_term_string"}}],"inLanguage":"nb-NO"},{"@type":"Person","@id":"https:\/\/naturvernforbundet.no\/moreogromsdal\/#\/schema\/person\/c72f198205979084bf071deedb6205f4","name":"Artikkelimport\u00f8r","image":{"@type":"ImageObject","inLanguage":"nb-NO","@id":"https:\/\/naturvernforbundet.no\/moreogromsdal\/#\/schema\/person\/image\/","url":"https:\/\/secure.gravatar.com\/avatar\/015fa491b9ed1c823ef16a5c930294d1?s=96&d=mm&r=g","contentUrl":"https:\/\/secure.gravatar.com\/avatar\/015fa491b9ed1c823ef16a5c930294d1?s=96&d=mm&r=g","caption":"Artikkelimport\u00f8r"},"url":"https:\/\/naturvernforbundet.no\/moreogromsdal\/author\/artikkelimportor\/"}]}},"_links":{"self":[{"href":"https:\/\/naturvernforbundet.no\/moreogromsdal\/wp-json\/wp\/v2\/posts\/1979","targetHints":{"allow":["GET"]}}],"collection":[{"href":"https:\/\/naturvernforbundet.no\/moreogromsdal\/wp-json\/wp\/v2\/posts"}],"about":[{"href":"https:\/\/naturvernforbundet.no\/moreogromsdal\/wp-json\/wp\/v2\/types\/post"}],"author":[{"embeddable":true,"href":"https:\/\/naturvernforbundet.no\/moreogromsdal\/wp-json\/wp\/v2\/users\/38"}],"replies":[{"embeddable":true,"href":"https:\/\/naturvernforbundet.no\/moreogromsdal\/wp-json\/wp\/v2\/comments?post=1979"}],"version-history":[{"count":0,"href":"https:\/\/naturvernforbundet.no\/moreogromsdal\/wp-json\/wp\/v2\/posts\/1979\/revisions"}],"wp:attachment":[{"href":"https:\/\/naturvernforbundet.no\/moreogromsdal\/wp-json\/wp\/v2\/media?parent=1979"}],"wp:term":[{"taxonomy":"category","embeddable":true,"href":"https:\/\/naturvernforbundet.no\/moreogromsdal\/wp-json\/wp\/v2\/categories?post=1979"},{"taxonomy":"post_tag","embeddable":true,"href":"https:\/\/naturvernforbundet.no\/moreogromsdal\/wp-json\/wp\/v2\/tags?post=1979"},{"taxonomy":"local","embeddable":true,"href":"https:\/\/naturvernforbundet.no\/moreogromsdal\/wp-json\/wp\/v2\/local?post=1979"}],"curies":[{"name":"wp","href":"https:\/\/api.w.org\/{rel}","templated":true}]}}