{"id":2023,"date":"2006-11-15T09:22:00","date_gmt":"2006-11-15T08:22:00","guid":{"rendered":"https:\/\/naturvernforbundet.no\/moreogromsdal\/naturvernforbundet-og-smakrafta\/"},"modified":"2006-11-15T09:22:00","modified_gmt":"2006-11-15T08:22:00","slug":"naturvernforbundet-og-smakrafta","status":"publish","type":"post","link":"https:\/\/naturvernforbundet.no\/moreogromsdal\/naturvernforbundet-og-smakrafta\/","title":{"rendered":"Naturvernforbundet og sm\u00e5krafta"},"content":{"rendered":"\t<div class=\"template-post alignfull wp-block-naturvern-hero\">\n\t\t<div class=\"hero__inner\">\n\t\t\t<div class=\"hero__inner_blocks\">\n\t\t\t\t\t\t\t\t\n\t\t\t\t\t<h1 class=\"wp-block-post-title\">Naturvernforbundet og sm\u00e5krafta<\/h1>\n\n\t\t\t\t\t<div class=\"wp-block-post-excerpt\"><p class=\"wp-block-post-excerpt__excerpt\">Lesarinnlegg fr\u00e5 Naturvernforbundet i M\u00f8re og Romsdal. <\/p><\/div>\n\n\t\t\t\t\t\n\n\t\t\t\t\t<div class=\"wp-block-naturvern-byline\">\n\t\t\t<div class=\"authors\">By <span class=\"t2-byline__author-link\">Artikkelimport\u00f8r<\/span><\/div>\n\t\t\t<small class=\"entry-date\">15.11.2006 09:22<\/small>\n\t\t<\/div>\n\t\t\t\t\t\t\t\t<\/div>\n\t\t\t\t\t<\/div>\n\t\t\t<\/div>\n\t\n<p>M\u00f8re og Romsdal Bondelag seier i ei fr\u00e5segn at ein fylkesplan for sm\u00e5kraft er un\u00f8dvendig og f\u00f8rer til at sm\u00e5kraftverkutbygging blir forseinka. \n<\/p>\n\n\n\n<p>I Romsdals Budstikke er det 6. november ei reportasje om sm\u00e5kraftverk. Denne reportasjen tar opp ein del av det same og seier mellom anna at sm\u00e5kraftverk kan l\u00f8yse kraftkrisa. \n<\/p>\n\n\n\n<p>Omlag 2\/3 av vassdragsressursane v\u00e5re er alt bygd ut til kraftproduksjon. Ein del vassdrag er verna mot kraftutbygging, og ein del vassdrag ligg i omr\u00e5de verna til andre f\u00f8rem\u00e5l. \n<\/p>\n\n\n\n<p>Det b\u00f8r nemnst at mange av dei vassdraga som er verna eller ligg i verneomr\u00e5de ligg utanfor det vi ser til dagleg. Landskapet vi ser rundt oss til dagleg, der ville vassdrag ligg som broderi p\u00e5 gr\u00e5 og gr\u00f8ne dalsider, ligg stort sett ikkje i verna omr\u00e5de. \n<\/p>\n\n\n\n<p>Birger Morst\u00f8l i Unhjemkraft AS kallar Naturvernforbundet for den store bremseklossen i saker som gjeld utbygging av alle dei mest synlege vassdraga v\u00e5re. Naturvernforbundet har klaga p\u00e5 to konsesjonar i v\u00e5rt fylke, andre s\u00f8knader kan vi ikkje sj\u00e5 at vi har forseinka. N\u00e5r Bondelaget kallar dette eit stort generelt problem, er det \u00e5 ta litt drygt i. \n<\/p>\n\n\n\n<p>Kommunale eller fylkesvise planar for \u00e5 prioritere dei sm\u00e5 vassdraga vi har att i fylket v\u00e5rt, er etter Naturvernforbundet sitt syn ein fordel for alle partar. Rauma kommune har ein slik plan. Der veit alle no at ein del vassdrag har store verdiar som gjer at dei ikkje skal byggast ut. Andre vassdrag er langt p\u00e5 veg klarert for utbygging, noko som gjer sakshandsaminga i desse vassdraga mykje enklare og raskare. Ein mellomkategori tilseier at dei som vil bygge ut m\u00e5 rekne med \u00e5 legge ein god del arbeid i \u00e5 dokumentere skadeverknader og avb\u00f8tande tiltak for eventuelt \u00e5 f\u00e5 konsesjon. Klagesaken i Rauma gjeld eit vassdrag som i utgangspunktet ville ha vore plassert som neivassdrag. \n<\/p>\n\n\n\n<p>Planar for vassdraga b\u00f8r vere minst like naturleg som at vi regulerer hyttebygging i form av slike planar. \n<\/p>\n\n\n\n<p>Sm\u00e5kraftverk l\u00f8yser ikkje kraftkrisa i M\u00f8re og Romsdal. Siste oversyn fr\u00e5 Istad Nett seier at det er tale om ein effekt p\u00e5 270 MW og ein \u00e5rsproduksjon p\u00e5 0,86 TWh i utsikt fr\u00e5 til saman 75 sm\u00e5kraftverk. I t\u00f8rr\u00e5r og om vinteren produserer desse kraftverka lite eller ikkje noko. Sm\u00e5kraftverka kan aldri bli meir enn ein del av l\u00f8ysinga. B\u00f8nder som hogger ved og flis er ei vel s\u00e5 viktig l\u00f8ysing p\u00e5 energiproblemet. \n<\/p>\n\n\n\n<p>Sm\u00e5 kraftverk er elles ikkje det same som sm\u00e5 inngrep. I kvart einaste utbygde vassdrag blir vassmengda i elva sterkt redusert p\u00e5 ei strekning. Dette har verknad, og n\u00e5r mange vassdrag blir bygd ut p\u00e5 denne m\u00e5ten, blir det ein stor verknad til saman. Det er ogs\u00e5 slik at ein kan finne 30 vassdrag som kvar for seg kan byggast ut med akseptable verknader. Blir alle 30 bygd ut, er det sv\u00e6rt skadeleg. For \u00e5 sortere ut kva vassdrag som kan byggast ut og kva vassdrag som ikkje skal byggast ut i eit slikt tilfelle, m\u00e5 ein ha ei samla vurdering. \n<\/p>\n\n\n\n<p>\u00d8ystein Folden \n<\/p>\n\n\n\n<p>Leiar, Naturvernforbundet i M\u00f8re og Romsdal\n<a>Ja, dette er viktig. Eg vil bli medlem i Naturvernforbundet<\/a><br><\/p>\n\n\n\n\n\n<p><a>Eg vil gjerne st\u00f8tte Naturvernforbundets arbeid for bevaring av vassdraga v\u00e5re<\/a><\/p>\n\n\n","protected":false},"excerpt":{"rendered":"<p>Lesarinnlegg fr\u00e5 Naturvernforbundet i M\u00f8re og Romsdal.<\/p>\n","protected":false},"author":38,"featured_media":0,"comment_status":"closed","ping_status":"closed","sticky":false,"template":"","format":"standard","meta":{"_relevanssi_hide_post":"","_relevanssi_hide_content":"","_relevanssi_pin_for_all":"","_relevanssi_pin_keywords":"","_relevanssi_unpin_keywords":"","_relevanssi_related_keywords":"","_relevanssi_related_include_ids":"","_relevanssi_related_exclude_ids":"","_relevanssi_related_no_append":"","_relevanssi_related_not_related":"","_relevanssi_related_posts":"","_relevanssi_noindex_reason":"","hide_logo":false,"footnotes":""},"categories":[13],"tags":[],"local":[],"class_list":["post-2023","post","type-post","status-publish","format-standard","hentry","category-vasskraft"],"acf":[],"yoast_head":"<!-- This site is optimized with the Yoast SEO plugin v24.9 - https:\/\/yoast.com\/wordpress\/plugins\/seo\/ -->\n<title>Naturvernforbundet og sm\u00e5krafta - M\u00f8re og Romsdal<\/title>\n<meta name=\"robots\" content=\"index, follow, max-snippet:-1, max-image-preview:large, max-video-preview:-1\" \/>\n<link rel=\"canonical\" href=\"https:\/\/naturvernforbundet.no\/moreogromsdal\/naturvernforbundet-og-smakrafta\/\" \/>\n<meta property=\"og:locale\" content=\"nb_NO\" \/>\n<meta property=\"og:type\" content=\"article\" \/>\n<meta property=\"og:title\" content=\"Naturvernforbundet og sm\u00e5krafta - M\u00f8re og Romsdal\" \/>\n<meta property=\"og:description\" content=\"Lesarinnlegg fr\u00e5 Naturvernforbundet i M\u00f8re og Romsdal.\" \/>\n<meta property=\"og:url\" content=\"https:\/\/naturvernforbundet.no\/moreogromsdal\/naturvernforbundet-og-smakrafta\/\" \/>\n<meta property=\"og:site_name\" content=\"M\u00f8re og Romsdal\" \/>\n<meta property=\"article:published_time\" content=\"2006-11-15T08:22:00+00:00\" \/>\n<meta name=\"author\" content=\"Artikkelimport\u00f8r\" \/>\n<meta name=\"twitter:card\" content=\"summary_large_image\" \/>\n<meta name=\"twitter:label1\" content=\"Skrevet av\" \/>\n\t<meta name=\"twitter:data1\" content=\"Artikkelimport\u00f8r\" \/>\n\t<meta name=\"twitter:label2\" content=\"Ansl. lesetid\" \/>\n\t<meta name=\"twitter:data2\" content=\"3 minutter\" \/>\n<script type=\"application\/ld+json\" class=\"yoast-schema-graph\">{\"@context\":\"https:\/\/schema.org\",\"@graph\":[{\"@type\":\"WebPage\",\"@id\":\"https:\/\/naturvernforbundet.no\/moreogromsdal\/naturvernforbundet-og-smakrafta\/\",\"url\":\"https:\/\/naturvernforbundet.no\/moreogromsdal\/naturvernforbundet-og-smakrafta\/\",\"name\":\"Naturvernforbundet og sm\u00e5krafta - M\u00f8re og Romsdal\",\"isPartOf\":{\"@id\":\"https:\/\/naturvernforbundet.no\/moreogromsdal\/#website\"},\"datePublished\":\"2006-11-15T08:22:00+00:00\",\"author\":{\"@id\":\"https:\/\/naturvernforbundet.no\/moreogromsdal\/#\/schema\/person\/c72f198205979084bf071deedb6205f4\"},\"breadcrumb\":{\"@id\":\"https:\/\/naturvernforbundet.no\/moreogromsdal\/naturvernforbundet-og-smakrafta\/#breadcrumb\"},\"inLanguage\":\"nb-NO\",\"potentialAction\":[{\"@type\":\"ReadAction\",\"target\":[\"https:\/\/naturvernforbundet.no\/moreogromsdal\/naturvernforbundet-og-smakrafta\/\"]}]},{\"@type\":\"BreadcrumbList\",\"@id\":\"https:\/\/naturvernforbundet.no\/moreogromsdal\/naturvernforbundet-og-smakrafta\/#breadcrumb\",\"itemListElement\":[{\"@type\":\"ListItem\",\"position\":1,\"name\":\"Till naturvernforbundet.no\",\"item\":\"https:\/\/naturvernforbundet.no\/\"},{\"@type\":\"ListItem\",\"position\":2,\"name\":\"M\u00f8re og Romsdal\",\"item\":\"https:\/\/naturvernforbundet.no\/moreogromsdal\/\"},{\"@type\":\"ListItem\",\"position\":3,\"name\":\"Naturvernforbundet og sm\u00e5krafta\"}]},{\"@type\":\"WebSite\",\"@id\":\"https:\/\/naturvernforbundet.no\/moreogromsdal\/#website\",\"url\":\"https:\/\/naturvernforbundet.no\/moreogromsdal\/\",\"name\":\"M\u00f8re og Romsdal\",\"description\":\"Bare enda et Naturvernforbundet Sites-nettsted\",\"potentialAction\":[{\"@type\":\"SearchAction\",\"target\":{\"@type\":\"EntryPoint\",\"urlTemplate\":\"https:\/\/naturvernforbundet.no\/moreogromsdal\/?s={search_term_string}\"},\"query-input\":{\"@type\":\"PropertyValueSpecification\",\"valueRequired\":true,\"valueName\":\"search_term_string\"}}],\"inLanguage\":\"nb-NO\"},{\"@type\":\"Person\",\"@id\":\"https:\/\/naturvernforbundet.no\/moreogromsdal\/#\/schema\/person\/c72f198205979084bf071deedb6205f4\",\"name\":\"Artikkelimport\u00f8r\",\"image\":{\"@type\":\"ImageObject\",\"inLanguage\":\"nb-NO\",\"@id\":\"https:\/\/naturvernforbundet.no\/moreogromsdal\/#\/schema\/person\/image\/\",\"url\":\"https:\/\/secure.gravatar.com\/avatar\/015fa491b9ed1c823ef16a5c930294d1?s=96&d=mm&r=g\",\"contentUrl\":\"https:\/\/secure.gravatar.com\/avatar\/015fa491b9ed1c823ef16a5c930294d1?s=96&d=mm&r=g\",\"caption\":\"Artikkelimport\u00f8r\"},\"url\":\"https:\/\/naturvernforbundet.no\/moreogromsdal\/author\/artikkelimportor\/\"}]}<\/script>\n<!-- \/ Yoast SEO plugin. -->","yoast_head_json":{"title":"Naturvernforbundet og sm\u00e5krafta - M\u00f8re og Romsdal","robots":{"index":"index","follow":"follow","max-snippet":"max-snippet:-1","max-image-preview":"max-image-preview:large","max-video-preview":"max-video-preview:-1"},"canonical":"https:\/\/naturvernforbundet.no\/moreogromsdal\/naturvernforbundet-og-smakrafta\/","og_locale":"nb_NO","og_type":"article","og_title":"Naturvernforbundet og sm\u00e5krafta - M\u00f8re og Romsdal","og_description":"Lesarinnlegg fr\u00e5 Naturvernforbundet i M\u00f8re og Romsdal.","og_url":"https:\/\/naturvernforbundet.no\/moreogromsdal\/naturvernforbundet-og-smakrafta\/","og_site_name":"M\u00f8re og Romsdal","article_published_time":"2006-11-15T08:22:00+00:00","author":"Artikkelimport\u00f8r","twitter_card":"summary_large_image","twitter_misc":{"Skrevet av":"Artikkelimport\u00f8r","Ansl. lesetid":"3 minutter"},"schema":{"@context":"https:\/\/schema.org","@graph":[{"@type":"WebPage","@id":"https:\/\/naturvernforbundet.no\/moreogromsdal\/naturvernforbundet-og-smakrafta\/","url":"https:\/\/naturvernforbundet.no\/moreogromsdal\/naturvernforbundet-og-smakrafta\/","name":"Naturvernforbundet og sm\u00e5krafta - M\u00f8re og Romsdal","isPartOf":{"@id":"https:\/\/naturvernforbundet.no\/moreogromsdal\/#website"},"datePublished":"2006-11-15T08:22:00+00:00","author":{"@id":"https:\/\/naturvernforbundet.no\/moreogromsdal\/#\/schema\/person\/c72f198205979084bf071deedb6205f4"},"breadcrumb":{"@id":"https:\/\/naturvernforbundet.no\/moreogromsdal\/naturvernforbundet-og-smakrafta\/#breadcrumb"},"inLanguage":"nb-NO","potentialAction":[{"@type":"ReadAction","target":["https:\/\/naturvernforbundet.no\/moreogromsdal\/naturvernforbundet-og-smakrafta\/"]}]},{"@type":"BreadcrumbList","@id":"https:\/\/naturvernforbundet.no\/moreogromsdal\/naturvernforbundet-og-smakrafta\/#breadcrumb","itemListElement":[{"@type":"ListItem","position":1,"name":"Till naturvernforbundet.no","item":"https:\/\/naturvernforbundet.no\/"},{"@type":"ListItem","position":2,"name":"M\u00f8re og Romsdal","item":"https:\/\/naturvernforbundet.no\/moreogromsdal\/"},{"@type":"ListItem","position":3,"name":"Naturvernforbundet og sm\u00e5krafta"}]},{"@type":"WebSite","@id":"https:\/\/naturvernforbundet.no\/moreogromsdal\/#website","url":"https:\/\/naturvernforbundet.no\/moreogromsdal\/","name":"M\u00f8re og Romsdal","description":"Bare enda et Naturvernforbundet Sites-nettsted","potentialAction":[{"@type":"SearchAction","target":{"@type":"EntryPoint","urlTemplate":"https:\/\/naturvernforbundet.no\/moreogromsdal\/?s={search_term_string}"},"query-input":{"@type":"PropertyValueSpecification","valueRequired":true,"valueName":"search_term_string"}}],"inLanguage":"nb-NO"},{"@type":"Person","@id":"https:\/\/naturvernforbundet.no\/moreogromsdal\/#\/schema\/person\/c72f198205979084bf071deedb6205f4","name":"Artikkelimport\u00f8r","image":{"@type":"ImageObject","inLanguage":"nb-NO","@id":"https:\/\/naturvernforbundet.no\/moreogromsdal\/#\/schema\/person\/image\/","url":"https:\/\/secure.gravatar.com\/avatar\/015fa491b9ed1c823ef16a5c930294d1?s=96&d=mm&r=g","contentUrl":"https:\/\/secure.gravatar.com\/avatar\/015fa491b9ed1c823ef16a5c930294d1?s=96&d=mm&r=g","caption":"Artikkelimport\u00f8r"},"url":"https:\/\/naturvernforbundet.no\/moreogromsdal\/author\/artikkelimportor\/"}]}},"_links":{"self":[{"href":"https:\/\/naturvernforbundet.no\/moreogromsdal\/wp-json\/wp\/v2\/posts\/2023","targetHints":{"allow":["GET"]}}],"collection":[{"href":"https:\/\/naturvernforbundet.no\/moreogromsdal\/wp-json\/wp\/v2\/posts"}],"about":[{"href":"https:\/\/naturvernforbundet.no\/moreogromsdal\/wp-json\/wp\/v2\/types\/post"}],"author":[{"embeddable":true,"href":"https:\/\/naturvernforbundet.no\/moreogromsdal\/wp-json\/wp\/v2\/users\/38"}],"replies":[{"embeddable":true,"href":"https:\/\/naturvernforbundet.no\/moreogromsdal\/wp-json\/wp\/v2\/comments?post=2023"}],"version-history":[{"count":0,"href":"https:\/\/naturvernforbundet.no\/moreogromsdal\/wp-json\/wp\/v2\/posts\/2023\/revisions"}],"wp:attachment":[{"href":"https:\/\/naturvernforbundet.no\/moreogromsdal\/wp-json\/wp\/v2\/media?parent=2023"}],"wp:term":[{"taxonomy":"category","embeddable":true,"href":"https:\/\/naturvernforbundet.no\/moreogromsdal\/wp-json\/wp\/v2\/categories?post=2023"},{"taxonomy":"post_tag","embeddable":true,"href":"https:\/\/naturvernforbundet.no\/moreogromsdal\/wp-json\/wp\/v2\/tags?post=2023"},{"taxonomy":"local","embeddable":true,"href":"https:\/\/naturvernforbundet.no\/moreogromsdal\/wp-json\/wp\/v2\/local?post=2023"}],"curies":[{"name":"wp","href":"https:\/\/api.w.org\/{rel}","templated":true}]}}