{"id":2036,"date":"2005-11-03T19:24:00","date_gmt":"2005-11-03T18:24:00","guid":{"rendered":"https:\/\/naturvernforbundet.no\/moreogromsdal\/naturvernforbundet-om-forslag-til-kraftverk-i-rindal-utgreiinga-held-ikkje-mal\/"},"modified":"2005-11-03T19:24:00","modified_gmt":"2005-11-03T18:24:00","slug":"naturvernforbundet-om-forslag-til-kraftverk-i-rindal-utgreiinga-held-ikkje-mal","status":"publish","type":"post","link":"https:\/\/naturvernforbundet.no\/moreogromsdal\/naturvernforbundet-om-forslag-til-kraftverk-i-rindal-utgreiinga-held-ikkje-mal\/","title":{"rendered":"Naturvernforbundet om forslag til kraftverk i Rindal: Utgreiinga held ikkje m\u00e5l!"},"content":{"rendered":"\t<div class=\"template-post alignfull wp-block-naturvern-hero\">\n\t\t<div class=\"hero__inner\">\n\t\t\t<div class=\"hero__inner_blocks\">\n\t\t\t\t\t\t\t\t\n\t\t\t\t\t<h1 class=\"wp-block-post-title\">Naturvernforbundet om forslag til kraftverk i Rindal: Utgreiinga held ikkje m\u00e5l!<\/h1>\n\n\t\t\t\t\t<div class=\"wp-block-post-excerpt\"><p class=\"wp-block-post-excerpt__excerpt\">&#8211; Dokumentasjon av verknad p\u00e5 naturverdiane er i denne s\u00f8knaden s\u00e5 d\u00e5rlege at s\u00f8knaden m\u00e5 sendast i retur. Utan betre dokumentasjon enn dette, kan det ikkje vere aktuelt \u00e5 bygge ut vassdraget. Dette seier fylkesleiar i Naturvernforbundet, \u00d8ystein Folden, i ein uttale til planane om Brand\u00e5a kraftverk i Rindal. <\/p><\/div>\n\n\t\t\t\t\t\n\n\t\t\t\t\t<div class=\"wp-block-naturvern-byline\">\n\t\t\t<div class=\"authors\">By <span class=\"t2-byline__author-link\">Artikkelimport\u00f8r<\/span><\/div>\n\t\t\t<small class=\"entry-date\">03.11.2005 19:24<\/small>\n\t\t<\/div>\n\t\t\t\t\t\t\t\t<\/div>\n\t\t\t\t\t<\/div>\n\t\t\t<\/div>\n\t\n<p>Det er Svorka energi som har sendt inn den semre s\u00f8knaden om utbygging av Brand\u00e5a i Rindal. I utbygginga ligg ogs\u00e5 ei oppdemming av Brand\u00e5vatnet, utan at dette fell i god jord i Naturvernforbundet. <br><br>Naturvernforbundet har tidlegare bede kommunane om \u00e5 \u201dgrovsortere\u201d vassdrag i \u201draudt, gult og gr\u00f8nt\u201d som ein slags lokal samla plan for \u00e5 kanalisere bygging av mindre kraftverk til dei vassdraga der dei gjer minst skade, og slik at viktige sm\u00e5vassdragsverdiar blir tatt vare p\u00e5 utan utbygging. Sorteringa vil vere til stor hjelp for vurdering av litt st\u00f8rre kraftverk ogs\u00e5.<br><br>Etter det Naturvernforbundet kjenner til, har Rindal kommune ikkje gjort noko overordna vurdering av vassdraga sine p\u00e5 denne m\u00e5ten. Det at ei slik vurdering manglar, gjer ogs\u00e5 at Naturvernforbundet er kritiske til \u00e5 handsame s\u00f8knaden om bygging av Brand\u00e5a kraftverk no. <br><br>For meir informasjon kan leiar \u00d8ystein Folden i Naturvernforbundet i M\u00f8re og Romsdal kontaktast p\u00e5 telefon 91 81 25 42.<\/p>\n\n\n\n<p><a href=\"\/imakerdata\/f\/0\/73\/28\/7_2401_0\/uttale_-_Brandaaa_kraftverk_i_Rindal.pdf\">Les uttalen fr\u00e5 Naturvernforbundet til Norges vassdrags- og energidirektorat<\/a><\/p>\n","protected":false},"excerpt":{"rendered":"<p>&#8211; Dokumentasjon av verknad p\u00e5 naturverdiane er i denne s\u00f8knaden s\u00e5 d\u00e5rlege at s\u00f8knaden m\u00e5 sendast i retur. Utan betre dokumentasjon enn dette, kan det ikkje vere aktuelt \u00e5 bygge ut vassdraget. Dette seier fylkesleiar i Naturvernforbundet, \u00d8ystein Folden, i ein uttale til planane om Brand\u00e5a kraftverk i Rindal.<\/p>\n","protected":false},"author":38,"featured_media":0,"comment_status":"closed","ping_status":"closed","sticky":false,"template":"","format":"standard","meta":{"_relevanssi_hide_post":"","_relevanssi_hide_content":"","_relevanssi_pin_for_all":"","_relevanssi_pin_keywords":"","_relevanssi_unpin_keywords":"","_relevanssi_related_keywords":"","_relevanssi_related_include_ids":"","_relevanssi_related_exclude_ids":"","_relevanssi_related_no_append":"","_relevanssi_related_not_related":"","_relevanssi_related_posts":"","_relevanssi_noindex_reason":"","hide_logo":false,"footnotes":""},"categories":[13],"tags":[],"local":[],"class_list":["post-2036","post","type-post","status-publish","format-standard","hentry","category-vasskraft"],"acf":[],"yoast_head":"<!-- This site is optimized with the Yoast SEO plugin v24.9 - https:\/\/yoast.com\/wordpress\/plugins\/seo\/ -->\n<title>Naturvernforbundet om forslag til kraftverk i Rindal: Utgreiinga held ikkje m\u00e5l! - M\u00f8re og Romsdal<\/title>\n<meta name=\"robots\" content=\"index, follow, max-snippet:-1, max-image-preview:large, max-video-preview:-1\" \/>\n<link rel=\"canonical\" href=\"https:\/\/naturvernforbundet.no\/moreogromsdal\/naturvernforbundet-om-forslag-til-kraftverk-i-rindal-utgreiinga-held-ikkje-mal\/\" \/>\n<meta property=\"og:locale\" content=\"nb_NO\" \/>\n<meta property=\"og:type\" content=\"article\" \/>\n<meta property=\"og:title\" content=\"Naturvernforbundet om forslag til kraftverk i Rindal: Utgreiinga held ikkje m\u00e5l! - M\u00f8re og Romsdal\" \/>\n<meta property=\"og:description\" content=\"- Dokumentasjon av verknad p\u00e5 naturverdiane er i denne s\u00f8knaden s\u00e5 d\u00e5rlege at s\u00f8knaden m\u00e5 sendast i retur. Utan betre dokumentasjon enn dette, kan det ikkje vere aktuelt \u00e5 bygge ut vassdraget. Dette seier fylkesleiar i Naturvernforbundet, \u00d8ystein Folden, i ein uttale til planane om Brand\u00e5a kraftverk i Rindal.\" \/>\n<meta property=\"og:url\" content=\"https:\/\/naturvernforbundet.no\/moreogromsdal\/naturvernforbundet-om-forslag-til-kraftverk-i-rindal-utgreiinga-held-ikkje-mal\/\" \/>\n<meta property=\"og:site_name\" content=\"M\u00f8re og Romsdal\" \/>\n<meta property=\"article:published_time\" content=\"2005-11-03T18:24:00+00:00\" \/>\n<meta name=\"author\" content=\"Artikkelimport\u00f8r\" \/>\n<meta name=\"twitter:card\" content=\"summary_large_image\" \/>\n<meta name=\"twitter:label1\" content=\"Skrevet av\" \/>\n\t<meta name=\"twitter:data1\" content=\"Artikkelimport\u00f8r\" \/>\n\t<meta name=\"twitter:label2\" content=\"Ansl. lesetid\" \/>\n\t<meta name=\"twitter:data2\" content=\"1 minutt\" \/>\n<script type=\"application\/ld+json\" class=\"yoast-schema-graph\">{\"@context\":\"https:\/\/schema.org\",\"@graph\":[{\"@type\":\"WebPage\",\"@id\":\"https:\/\/naturvernforbundet.no\/moreogromsdal\/naturvernforbundet-om-forslag-til-kraftverk-i-rindal-utgreiinga-held-ikkje-mal\/\",\"url\":\"https:\/\/naturvernforbundet.no\/moreogromsdal\/naturvernforbundet-om-forslag-til-kraftverk-i-rindal-utgreiinga-held-ikkje-mal\/\",\"name\":\"Naturvernforbundet om forslag til kraftverk i Rindal: Utgreiinga held ikkje m\u00e5l! - M\u00f8re og Romsdal\",\"isPartOf\":{\"@id\":\"https:\/\/naturvernforbundet.no\/moreogromsdal\/#website\"},\"datePublished\":\"2005-11-03T18:24:00+00:00\",\"author\":{\"@id\":\"https:\/\/naturvernforbundet.no\/moreogromsdal\/#\/schema\/person\/c72f198205979084bf071deedb6205f4\"},\"breadcrumb\":{\"@id\":\"https:\/\/naturvernforbundet.no\/moreogromsdal\/naturvernforbundet-om-forslag-til-kraftverk-i-rindal-utgreiinga-held-ikkje-mal\/#breadcrumb\"},\"inLanguage\":\"nb-NO\",\"potentialAction\":[{\"@type\":\"ReadAction\",\"target\":[\"https:\/\/naturvernforbundet.no\/moreogromsdal\/naturvernforbundet-om-forslag-til-kraftverk-i-rindal-utgreiinga-held-ikkje-mal\/\"]}]},{\"@type\":\"BreadcrumbList\",\"@id\":\"https:\/\/naturvernforbundet.no\/moreogromsdal\/naturvernforbundet-om-forslag-til-kraftverk-i-rindal-utgreiinga-held-ikkje-mal\/#breadcrumb\",\"itemListElement\":[{\"@type\":\"ListItem\",\"position\":1,\"name\":\"Till naturvernforbundet.no\",\"item\":\"https:\/\/naturvernforbundet.no\/\"},{\"@type\":\"ListItem\",\"position\":2,\"name\":\"M\u00f8re og Romsdal\",\"item\":\"https:\/\/naturvernforbundet.no\/moreogromsdal\/\"},{\"@type\":\"ListItem\",\"position\":3,\"name\":\"Naturvernforbundet om forslag til kraftverk i Rindal: Utgreiinga held ikkje m\u00e5l!\"}]},{\"@type\":\"WebSite\",\"@id\":\"https:\/\/naturvernforbundet.no\/moreogromsdal\/#website\",\"url\":\"https:\/\/naturvernforbundet.no\/moreogromsdal\/\",\"name\":\"M\u00f8re og Romsdal\",\"description\":\"Bare enda et Naturvernforbundet Sites-nettsted\",\"potentialAction\":[{\"@type\":\"SearchAction\",\"target\":{\"@type\":\"EntryPoint\",\"urlTemplate\":\"https:\/\/naturvernforbundet.no\/moreogromsdal\/?s={search_term_string}\"},\"query-input\":{\"@type\":\"PropertyValueSpecification\",\"valueRequired\":true,\"valueName\":\"search_term_string\"}}],\"inLanguage\":\"nb-NO\"},{\"@type\":\"Person\",\"@id\":\"https:\/\/naturvernforbundet.no\/moreogromsdal\/#\/schema\/person\/c72f198205979084bf071deedb6205f4\",\"name\":\"Artikkelimport\u00f8r\",\"image\":{\"@type\":\"ImageObject\",\"inLanguage\":\"nb-NO\",\"@id\":\"https:\/\/naturvernforbundet.no\/moreogromsdal\/#\/schema\/person\/image\/\",\"url\":\"https:\/\/secure.gravatar.com\/avatar\/015fa491b9ed1c823ef16a5c930294d1?s=96&d=mm&r=g\",\"contentUrl\":\"https:\/\/secure.gravatar.com\/avatar\/015fa491b9ed1c823ef16a5c930294d1?s=96&d=mm&r=g\",\"caption\":\"Artikkelimport\u00f8r\"},\"url\":\"https:\/\/naturvernforbundet.no\/moreogromsdal\/author\/artikkelimportor\/\"}]}<\/script>\n<!-- \/ Yoast SEO plugin. -->","yoast_head_json":{"title":"Naturvernforbundet om forslag til kraftverk i Rindal: Utgreiinga held ikkje m\u00e5l! - M\u00f8re og Romsdal","robots":{"index":"index","follow":"follow","max-snippet":"max-snippet:-1","max-image-preview":"max-image-preview:large","max-video-preview":"max-video-preview:-1"},"canonical":"https:\/\/naturvernforbundet.no\/moreogromsdal\/naturvernforbundet-om-forslag-til-kraftverk-i-rindal-utgreiinga-held-ikkje-mal\/","og_locale":"nb_NO","og_type":"article","og_title":"Naturvernforbundet om forslag til kraftverk i Rindal: Utgreiinga held ikkje m\u00e5l! - M\u00f8re og Romsdal","og_description":"- Dokumentasjon av verknad p\u00e5 naturverdiane er i denne s\u00f8knaden s\u00e5 d\u00e5rlege at s\u00f8knaden m\u00e5 sendast i retur. Utan betre dokumentasjon enn dette, kan det ikkje vere aktuelt \u00e5 bygge ut vassdraget. Dette seier fylkesleiar i Naturvernforbundet, \u00d8ystein Folden, i ein uttale til planane om Brand\u00e5a kraftverk i Rindal.","og_url":"https:\/\/naturvernforbundet.no\/moreogromsdal\/naturvernforbundet-om-forslag-til-kraftverk-i-rindal-utgreiinga-held-ikkje-mal\/","og_site_name":"M\u00f8re og Romsdal","article_published_time":"2005-11-03T18:24:00+00:00","author":"Artikkelimport\u00f8r","twitter_card":"summary_large_image","twitter_misc":{"Skrevet av":"Artikkelimport\u00f8r","Ansl. lesetid":"1 minutt"},"schema":{"@context":"https:\/\/schema.org","@graph":[{"@type":"WebPage","@id":"https:\/\/naturvernforbundet.no\/moreogromsdal\/naturvernforbundet-om-forslag-til-kraftverk-i-rindal-utgreiinga-held-ikkje-mal\/","url":"https:\/\/naturvernforbundet.no\/moreogromsdal\/naturvernforbundet-om-forslag-til-kraftverk-i-rindal-utgreiinga-held-ikkje-mal\/","name":"Naturvernforbundet om forslag til kraftverk i Rindal: Utgreiinga held ikkje m\u00e5l! - M\u00f8re og Romsdal","isPartOf":{"@id":"https:\/\/naturvernforbundet.no\/moreogromsdal\/#website"},"datePublished":"2005-11-03T18:24:00+00:00","author":{"@id":"https:\/\/naturvernforbundet.no\/moreogromsdal\/#\/schema\/person\/c72f198205979084bf071deedb6205f4"},"breadcrumb":{"@id":"https:\/\/naturvernforbundet.no\/moreogromsdal\/naturvernforbundet-om-forslag-til-kraftverk-i-rindal-utgreiinga-held-ikkje-mal\/#breadcrumb"},"inLanguage":"nb-NO","potentialAction":[{"@type":"ReadAction","target":["https:\/\/naturvernforbundet.no\/moreogromsdal\/naturvernforbundet-om-forslag-til-kraftverk-i-rindal-utgreiinga-held-ikkje-mal\/"]}]},{"@type":"BreadcrumbList","@id":"https:\/\/naturvernforbundet.no\/moreogromsdal\/naturvernforbundet-om-forslag-til-kraftverk-i-rindal-utgreiinga-held-ikkje-mal\/#breadcrumb","itemListElement":[{"@type":"ListItem","position":1,"name":"Till naturvernforbundet.no","item":"https:\/\/naturvernforbundet.no\/"},{"@type":"ListItem","position":2,"name":"M\u00f8re og Romsdal","item":"https:\/\/naturvernforbundet.no\/moreogromsdal\/"},{"@type":"ListItem","position":3,"name":"Naturvernforbundet om forslag til kraftverk i Rindal: Utgreiinga held ikkje m\u00e5l!"}]},{"@type":"WebSite","@id":"https:\/\/naturvernforbundet.no\/moreogromsdal\/#website","url":"https:\/\/naturvernforbundet.no\/moreogromsdal\/","name":"M\u00f8re og Romsdal","description":"Bare enda et Naturvernforbundet Sites-nettsted","potentialAction":[{"@type":"SearchAction","target":{"@type":"EntryPoint","urlTemplate":"https:\/\/naturvernforbundet.no\/moreogromsdal\/?s={search_term_string}"},"query-input":{"@type":"PropertyValueSpecification","valueRequired":true,"valueName":"search_term_string"}}],"inLanguage":"nb-NO"},{"@type":"Person","@id":"https:\/\/naturvernforbundet.no\/moreogromsdal\/#\/schema\/person\/c72f198205979084bf071deedb6205f4","name":"Artikkelimport\u00f8r","image":{"@type":"ImageObject","inLanguage":"nb-NO","@id":"https:\/\/naturvernforbundet.no\/moreogromsdal\/#\/schema\/person\/image\/","url":"https:\/\/secure.gravatar.com\/avatar\/015fa491b9ed1c823ef16a5c930294d1?s=96&d=mm&r=g","contentUrl":"https:\/\/secure.gravatar.com\/avatar\/015fa491b9ed1c823ef16a5c930294d1?s=96&d=mm&r=g","caption":"Artikkelimport\u00f8r"},"url":"https:\/\/naturvernforbundet.no\/moreogromsdal\/author\/artikkelimportor\/"}]}},"_links":{"self":[{"href":"https:\/\/naturvernforbundet.no\/moreogromsdal\/wp-json\/wp\/v2\/posts\/2036","targetHints":{"allow":["GET"]}}],"collection":[{"href":"https:\/\/naturvernforbundet.no\/moreogromsdal\/wp-json\/wp\/v2\/posts"}],"about":[{"href":"https:\/\/naturvernforbundet.no\/moreogromsdal\/wp-json\/wp\/v2\/types\/post"}],"author":[{"embeddable":true,"href":"https:\/\/naturvernforbundet.no\/moreogromsdal\/wp-json\/wp\/v2\/users\/38"}],"replies":[{"embeddable":true,"href":"https:\/\/naturvernforbundet.no\/moreogromsdal\/wp-json\/wp\/v2\/comments?post=2036"}],"version-history":[{"count":0,"href":"https:\/\/naturvernforbundet.no\/moreogromsdal\/wp-json\/wp\/v2\/posts\/2036\/revisions"}],"wp:attachment":[{"href":"https:\/\/naturvernforbundet.no\/moreogromsdal\/wp-json\/wp\/v2\/media?parent=2036"}],"wp:term":[{"taxonomy":"category","embeddable":true,"href":"https:\/\/naturvernforbundet.no\/moreogromsdal\/wp-json\/wp\/v2\/categories?post=2036"},{"taxonomy":"post_tag","embeddable":true,"href":"https:\/\/naturvernforbundet.no\/moreogromsdal\/wp-json\/wp\/v2\/tags?post=2036"},{"taxonomy":"local","embeddable":true,"href":"https:\/\/naturvernforbundet.no\/moreogromsdal\/wp-json\/wp\/v2\/local?post=2036"}],"curies":[{"name":"wp","href":"https:\/\/api.w.org\/{rel}","templated":true}]}}