{"id":2040,"date":"2006-07-11T07:19:00","date_gmt":"2006-07-11T05:19:00","guid":{"rendered":"https:\/\/naturvernforbundet.no\/moreogromsdal\/mokk-og-fanatikarar\/"},"modified":"2006-07-11T07:19:00","modified_gmt":"2006-07-11T05:19:00","slug":"mokk-og-fanatikarar","status":"publish","type":"post","link":"https:\/\/naturvernforbundet.no\/moreogromsdal\/mokk-og-fanatikarar\/","title":{"rendered":"M\u00f8kk og fanatikarar"},"content":{"rendered":"\t<div class=\"template-post alignfull wp-block-naturvern-hero\">\n\t\t<div class=\"hero__inner\">\n\t\t\t<div class=\"hero__inner_blocks\">\n\t\t\t\t\t\t\t\t\n\t\t\t\t\t<h1 class=\"wp-block-post-title\">M\u00f8kk og fanatikarar<\/h1>\n\n\t\t\t\t\t<div class=\"wp-block-post-excerpt\"><p class=\"wp-block-post-excerpt__excerpt\">Det var interessant \u00e5 lese innlegget fr\u00e5 Bj\u00f8rner \u00d8rstad, leiar i Tingvoll landbruksr\u00e5d. Han skildrar rutinane til bonden slik dei ser ut fr\u00e5 traktorsetet. Det kan sj\u00e5 ut til at det normale er \u00e5 spreie m\u00f8kka eit langt stykke ut i september, etter at alt er ete og hausta. Naturvernforbundet blei i grunnen meir uroa&hellip; <\/p><\/div>\n\n\t\t\t\t\t\n\n\t\t\t\t\t<div class=\"wp-block-naturvern-byline\">\n\t\t\t<div class=\"authors\">By <span class=\"t2-byline__author-link\">Artikkelimport\u00f8r<\/span><\/div>\n\t\t\t<small class=\"entry-date\">11.07.2006 07:19<\/small>\n\t\t<\/div>\n\t\t\t\t\t\t\t\t<\/div>\n\t\t\t\t\t<\/div>\n\t\t\t<\/div>\n\t\n<p>Naturvernforbundet tar utgangspunkt i kva vi meiner naturen t\u00e5ler. N\u00e5r vi ser rundt oss ser vi vatn som ser ut til \u00e5 ha st\u00f8rre tilgang p\u00e5 n\u00e6ring enn det som godt er. N\u00e5r dette er utgangspunktet speler det ikkje s\u00e5 stor rolle om bonden m\u00e5 t\u00f8me m\u00f8kkakjellaren i august, september eller oktober. Det som er viktig er \u00e5 passe p\u00e5 at n\u00e6ringstilgangen til vatna blir redusert, f\u00f8r alt g\u00e5r i st\u00e5 og resultatet blir som Bergemsvatnet. Viss det er r\u00e5d \u00e5 t\u00f8me kjellaren om s\u00e5 i januar, utan at n\u00e6ringa kjem ut i sj\u00f8 og vassdrag, s\u00e5 greitt for oss. Men alle dei som har arbeidd mykje med dette seier at m\u00f8kka som blir spreidd b\u00f8r kome s\u00e5 tidleg ut p\u00e5 jorda at plantene bruker opp n\u00e6ringa f\u00f8r det blir vinter. N\u00e6ring bunde i gras renn ikkje ut i vassdrag p\u00e5 same m\u00e5ten som nyspreidd m\u00f8kk kan gjere. \n<\/p>\n\n\n\n<p>Valet st\u00e5r mellom ein praksis som tillet vatn og vassdrag \u00e5 bli \u00f8ydelagde, eller ein praksis som tar problemet p\u00e5 alvor slik at dei ikkje blir det. Det er mogleg det siste m\u00e5 reknast for ei utfordring, men slike m\u00e5 vel jordbruket vere i stand til \u00e5 ta. Vedtaket som kommunen gjorde skil ikkje mellom omr\u00e5de med store konsekvensar av h\u00f8g n\u00e6ringstilgang og der faren er mindre. N\u00e5r tidsfristen blei seinare enn det som var utgreidd, er det auka behov for slik sonering. \n<\/p>\n\n\n\n<p>Bj\u00f8rner \u00d8rstad tar utgangspunkt i m\u00f8kkakjellaren. Kva naturen t\u00e5ler er visst heilt underordna. \n<\/p>\n\n\n\n<p>Viss det er fanatisk \u00e5 ta utgangspunkt i naturen si t\u00e5leevne framfor bonden sine gamle vaner, vil vi i Naturvernforbundet setje pris p\u00e5 \u00e5 bli rekna som fanatikarar i dette h\u00f8vet. Tilstanden i vassdraga i kommunen tyder p\u00e5 at bonden ikkje kan halde fram som han \u00aballtid har gjort\u00bb. \n<\/p>\n\n\n\n<p><strong>\u00d8ystein Folden,<\/strong>\n<\/p>\n\n\n\n<p>leiar, Naturvernforbundet i Tingvoll \n<a>Ja, dette er viktig. Eg vil bli medlem i Naturvernforbundet<\/a><br><\/p>\n\n\n\n\n\n<p><strong><br><\/strong><a>Eg vil gjerne st\u00f8tte arbeidet til Naturvernforbundet<\/a><\/p>\n\n\n\n\n\n<p><a href=\"\/imakerdata\/f\/0\/88\/56\/7_2401_0\/Orstad_om_mokkavedtak_001.jpg\">Svarinnlegg fr\u00e5 Tingvoll landbruksr\u00e5d<\/a><\/p>\n\n\n\n<p><a href=\"\/imakerdata\/f\/0\/88\/66\/0_2401_0\/Sluttreplikk_om_mokk_001.jpg\">&laquo;Sluttinnlegg&raquo; fr\u00e5 Tingvoll landbruksr\u00e5d<\/a><\/p>\n","protected":false},"excerpt":{"rendered":"<p>Det var interessant \u00e5 lese innlegget fr\u00e5 Bj\u00f8rner \u00d8rstad, leiar i Tingvoll landbruksr\u00e5d. Han skildrar rutinane til bonden slik dei ser ut fr\u00e5 traktorsetet. Det kan sj\u00e5 ut til at det normale er \u00e5 spreie m\u00f8kka eit langt stykke ut i september, etter at alt er ete og hausta. Naturvernforbundet blei i grunnen meir uroa etter dette. Kanskje var det v\u00e5galt av oss \u00e5 setje v\u00e5r lit til b\u00f8ndene n\u00e5r politikarane svikta?<\/p>\n","protected":false},"author":38,"featured_media":0,"comment_status":"closed","ping_status":"closed","sticky":false,"template":"","format":"standard","meta":{"_relevanssi_hide_post":"","_relevanssi_hide_content":"","_relevanssi_pin_for_all":"","_relevanssi_pin_keywords":"","_relevanssi_unpin_keywords":"","_relevanssi_related_keywords":"","_relevanssi_related_include_ids":"","_relevanssi_related_exclude_ids":"","_relevanssi_related_no_append":"","_relevanssi_related_not_related":"","_relevanssi_related_posts":"","_relevanssi_noindex_reason":"","hide_logo":false,"footnotes":""},"categories":[13],"tags":[],"local":[],"class_list":["post-2040","post","type-post","status-publish","format-standard","hentry","category-vasskraft"],"acf":[],"yoast_head":"<!-- This site is optimized with the Yoast SEO plugin v24.9 - https:\/\/yoast.com\/wordpress\/plugins\/seo\/ -->\n<title>M\u00f8kk og fanatikarar - M\u00f8re og Romsdal<\/title>\n<meta name=\"robots\" content=\"index, follow, max-snippet:-1, max-image-preview:large, max-video-preview:-1\" \/>\n<link rel=\"canonical\" href=\"https:\/\/naturvernforbundet.no\/moreogromsdal\/mokk-og-fanatikarar\/\" \/>\n<meta property=\"og:locale\" content=\"nb_NO\" \/>\n<meta property=\"og:type\" content=\"article\" \/>\n<meta property=\"og:title\" content=\"M\u00f8kk og fanatikarar - M\u00f8re og Romsdal\" \/>\n<meta property=\"og:description\" content=\"Det var interessant \u00e5 lese innlegget fr\u00e5 Bj\u00f8rner \u00d8rstad, leiar i Tingvoll landbruksr\u00e5d. Han skildrar rutinane til bonden slik dei ser ut fr\u00e5 traktorsetet. Det kan sj\u00e5 ut til at det normale er \u00e5 spreie m\u00f8kka eit langt stykke ut i september, etter at alt er ete og hausta. Naturvernforbundet blei i grunnen meir uroa etter dette. Kanskje var det v\u00e5galt av oss \u00e5 setje v\u00e5r lit til b\u00f8ndene n\u00e5r politikarane svikta?\" \/>\n<meta property=\"og:url\" content=\"https:\/\/naturvernforbundet.no\/moreogromsdal\/mokk-og-fanatikarar\/\" \/>\n<meta property=\"og:site_name\" content=\"M\u00f8re og Romsdal\" \/>\n<meta property=\"article:published_time\" content=\"2006-07-11T05:19:00+00:00\" \/>\n<meta name=\"author\" content=\"Artikkelimport\u00f8r\" \/>\n<meta name=\"twitter:card\" content=\"summary_large_image\" \/>\n<meta name=\"twitter:label1\" content=\"Skrevet av\" \/>\n\t<meta name=\"twitter:data1\" content=\"Artikkelimport\u00f8r\" \/>\n\t<meta name=\"twitter:label2\" content=\"Ansl. lesetid\" \/>\n\t<meta name=\"twitter:data2\" content=\"2 minutter\" \/>\n<script type=\"application\/ld+json\" class=\"yoast-schema-graph\">{\"@context\":\"https:\/\/schema.org\",\"@graph\":[{\"@type\":\"WebPage\",\"@id\":\"https:\/\/naturvernforbundet.no\/moreogromsdal\/mokk-og-fanatikarar\/\",\"url\":\"https:\/\/naturvernforbundet.no\/moreogromsdal\/mokk-og-fanatikarar\/\",\"name\":\"M\u00f8kk og fanatikarar - M\u00f8re og Romsdal\",\"isPartOf\":{\"@id\":\"https:\/\/naturvernforbundet.no\/moreogromsdal\/#website\"},\"datePublished\":\"2006-07-11T05:19:00+00:00\",\"author\":{\"@id\":\"https:\/\/naturvernforbundet.no\/moreogromsdal\/#\/schema\/person\/c72f198205979084bf071deedb6205f4\"},\"breadcrumb\":{\"@id\":\"https:\/\/naturvernforbundet.no\/moreogromsdal\/mokk-og-fanatikarar\/#breadcrumb\"},\"inLanguage\":\"nb-NO\",\"potentialAction\":[{\"@type\":\"ReadAction\",\"target\":[\"https:\/\/naturvernforbundet.no\/moreogromsdal\/mokk-og-fanatikarar\/\"]}]},{\"@type\":\"BreadcrumbList\",\"@id\":\"https:\/\/naturvernforbundet.no\/moreogromsdal\/mokk-og-fanatikarar\/#breadcrumb\",\"itemListElement\":[{\"@type\":\"ListItem\",\"position\":1,\"name\":\"Till naturvernforbundet.no\",\"item\":\"https:\/\/naturvernforbundet.no\/\"},{\"@type\":\"ListItem\",\"position\":2,\"name\":\"M\u00f8re og Romsdal\",\"item\":\"https:\/\/naturvernforbundet.no\/moreogromsdal\/\"},{\"@type\":\"ListItem\",\"position\":3,\"name\":\"M\u00f8kk og fanatikarar\"}]},{\"@type\":\"WebSite\",\"@id\":\"https:\/\/naturvernforbundet.no\/moreogromsdal\/#website\",\"url\":\"https:\/\/naturvernforbundet.no\/moreogromsdal\/\",\"name\":\"M\u00f8re og Romsdal\",\"description\":\"Bare enda et Naturvernforbundet Sites-nettsted\",\"potentialAction\":[{\"@type\":\"SearchAction\",\"target\":{\"@type\":\"EntryPoint\",\"urlTemplate\":\"https:\/\/naturvernforbundet.no\/moreogromsdal\/?s={search_term_string}\"},\"query-input\":{\"@type\":\"PropertyValueSpecification\",\"valueRequired\":true,\"valueName\":\"search_term_string\"}}],\"inLanguage\":\"nb-NO\"},{\"@type\":\"Person\",\"@id\":\"https:\/\/naturvernforbundet.no\/moreogromsdal\/#\/schema\/person\/c72f198205979084bf071deedb6205f4\",\"name\":\"Artikkelimport\u00f8r\",\"image\":{\"@type\":\"ImageObject\",\"inLanguage\":\"nb-NO\",\"@id\":\"https:\/\/naturvernforbundet.no\/moreogromsdal\/#\/schema\/person\/image\/\",\"url\":\"https:\/\/secure.gravatar.com\/avatar\/015fa491b9ed1c823ef16a5c930294d1?s=96&d=mm&r=g\",\"contentUrl\":\"https:\/\/secure.gravatar.com\/avatar\/015fa491b9ed1c823ef16a5c930294d1?s=96&d=mm&r=g\",\"caption\":\"Artikkelimport\u00f8r\"},\"url\":\"https:\/\/naturvernforbundet.no\/moreogromsdal\/author\/artikkelimportor\/\"}]}<\/script>\n<!-- \/ Yoast SEO plugin. -->","yoast_head_json":{"title":"M\u00f8kk og fanatikarar - M\u00f8re og Romsdal","robots":{"index":"index","follow":"follow","max-snippet":"max-snippet:-1","max-image-preview":"max-image-preview:large","max-video-preview":"max-video-preview:-1"},"canonical":"https:\/\/naturvernforbundet.no\/moreogromsdal\/mokk-og-fanatikarar\/","og_locale":"nb_NO","og_type":"article","og_title":"M\u00f8kk og fanatikarar - M\u00f8re og Romsdal","og_description":"Det var interessant \u00e5 lese innlegget fr\u00e5 Bj\u00f8rner \u00d8rstad, leiar i Tingvoll landbruksr\u00e5d. Han skildrar rutinane til bonden slik dei ser ut fr\u00e5 traktorsetet. Det kan sj\u00e5 ut til at det normale er \u00e5 spreie m\u00f8kka eit langt stykke ut i september, etter at alt er ete og hausta. Naturvernforbundet blei i grunnen meir uroa etter dette. Kanskje var det v\u00e5galt av oss \u00e5 setje v\u00e5r lit til b\u00f8ndene n\u00e5r politikarane svikta?","og_url":"https:\/\/naturvernforbundet.no\/moreogromsdal\/mokk-og-fanatikarar\/","og_site_name":"M\u00f8re og Romsdal","article_published_time":"2006-07-11T05:19:00+00:00","author":"Artikkelimport\u00f8r","twitter_card":"summary_large_image","twitter_misc":{"Skrevet av":"Artikkelimport\u00f8r","Ansl. lesetid":"2 minutter"},"schema":{"@context":"https:\/\/schema.org","@graph":[{"@type":"WebPage","@id":"https:\/\/naturvernforbundet.no\/moreogromsdal\/mokk-og-fanatikarar\/","url":"https:\/\/naturvernforbundet.no\/moreogromsdal\/mokk-og-fanatikarar\/","name":"M\u00f8kk og fanatikarar - M\u00f8re og Romsdal","isPartOf":{"@id":"https:\/\/naturvernforbundet.no\/moreogromsdal\/#website"},"datePublished":"2006-07-11T05:19:00+00:00","author":{"@id":"https:\/\/naturvernforbundet.no\/moreogromsdal\/#\/schema\/person\/c72f198205979084bf071deedb6205f4"},"breadcrumb":{"@id":"https:\/\/naturvernforbundet.no\/moreogromsdal\/mokk-og-fanatikarar\/#breadcrumb"},"inLanguage":"nb-NO","potentialAction":[{"@type":"ReadAction","target":["https:\/\/naturvernforbundet.no\/moreogromsdal\/mokk-og-fanatikarar\/"]}]},{"@type":"BreadcrumbList","@id":"https:\/\/naturvernforbundet.no\/moreogromsdal\/mokk-og-fanatikarar\/#breadcrumb","itemListElement":[{"@type":"ListItem","position":1,"name":"Till naturvernforbundet.no","item":"https:\/\/naturvernforbundet.no\/"},{"@type":"ListItem","position":2,"name":"M\u00f8re og Romsdal","item":"https:\/\/naturvernforbundet.no\/moreogromsdal\/"},{"@type":"ListItem","position":3,"name":"M\u00f8kk og fanatikarar"}]},{"@type":"WebSite","@id":"https:\/\/naturvernforbundet.no\/moreogromsdal\/#website","url":"https:\/\/naturvernforbundet.no\/moreogromsdal\/","name":"M\u00f8re og Romsdal","description":"Bare enda et Naturvernforbundet Sites-nettsted","potentialAction":[{"@type":"SearchAction","target":{"@type":"EntryPoint","urlTemplate":"https:\/\/naturvernforbundet.no\/moreogromsdal\/?s={search_term_string}"},"query-input":{"@type":"PropertyValueSpecification","valueRequired":true,"valueName":"search_term_string"}}],"inLanguage":"nb-NO"},{"@type":"Person","@id":"https:\/\/naturvernforbundet.no\/moreogromsdal\/#\/schema\/person\/c72f198205979084bf071deedb6205f4","name":"Artikkelimport\u00f8r","image":{"@type":"ImageObject","inLanguage":"nb-NO","@id":"https:\/\/naturvernforbundet.no\/moreogromsdal\/#\/schema\/person\/image\/","url":"https:\/\/secure.gravatar.com\/avatar\/015fa491b9ed1c823ef16a5c930294d1?s=96&d=mm&r=g","contentUrl":"https:\/\/secure.gravatar.com\/avatar\/015fa491b9ed1c823ef16a5c930294d1?s=96&d=mm&r=g","caption":"Artikkelimport\u00f8r"},"url":"https:\/\/naturvernforbundet.no\/moreogromsdal\/author\/artikkelimportor\/"}]}},"_links":{"self":[{"href":"https:\/\/naturvernforbundet.no\/moreogromsdal\/wp-json\/wp\/v2\/posts\/2040","targetHints":{"allow":["GET"]}}],"collection":[{"href":"https:\/\/naturvernforbundet.no\/moreogromsdal\/wp-json\/wp\/v2\/posts"}],"about":[{"href":"https:\/\/naturvernforbundet.no\/moreogromsdal\/wp-json\/wp\/v2\/types\/post"}],"author":[{"embeddable":true,"href":"https:\/\/naturvernforbundet.no\/moreogromsdal\/wp-json\/wp\/v2\/users\/38"}],"replies":[{"embeddable":true,"href":"https:\/\/naturvernforbundet.no\/moreogromsdal\/wp-json\/wp\/v2\/comments?post=2040"}],"version-history":[{"count":0,"href":"https:\/\/naturvernforbundet.no\/moreogromsdal\/wp-json\/wp\/v2\/posts\/2040\/revisions"}],"wp:attachment":[{"href":"https:\/\/naturvernforbundet.no\/moreogromsdal\/wp-json\/wp\/v2\/media?parent=2040"}],"wp:term":[{"taxonomy":"category","embeddable":true,"href":"https:\/\/naturvernforbundet.no\/moreogromsdal\/wp-json\/wp\/v2\/categories?post=2040"},{"taxonomy":"post_tag","embeddable":true,"href":"https:\/\/naturvernforbundet.no\/moreogromsdal\/wp-json\/wp\/v2\/tags?post=2040"},{"taxonomy":"local","embeddable":true,"href":"https:\/\/naturvernforbundet.no\/moreogromsdal\/wp-json\/wp\/v2\/local?post=2040"}],"curies":[{"name":"wp","href":"https:\/\/api.w.org\/{rel}","templated":true}]}}