{"id":2043,"date":"2006-08-09T21:45:00","date_gmt":"2006-08-09T19:45:00","guid":{"rendered":"https:\/\/naturvernforbundet.no\/moreogromsdal\/sjofuglane-hareidsmyra-og-venstre\/"},"modified":"2006-08-09T21:45:00","modified_gmt":"2006-08-09T19:45:00","slug":"sjofuglane-hareidsmyra-og-venstre","status":"publish","type":"post","link":"https:\/\/naturvernforbundet.no\/moreogromsdal\/sjofuglane-hareidsmyra-og-venstre\/","title":{"rendered":"Sj\u00f8fuglane, Hareidsmyra og Venstre"},"content":{"rendered":"\t<div class=\"template-post alignfull wp-block-naturvern-hero\">\n\t\t<div class=\"hero__inner\">\n\t\t\t<div class=\"hero__inner_blocks\">\n\t\t\t\t\t\t\t\t\n\t\t\t\t\t<h1 class=\"wp-block-post-title\">Sj\u00f8fuglane, Hareidsmyra og Venstre<\/h1>\n\n\t\t\t\t\t<div class=\"wp-block-post-excerpt\"><p class=\"wp-block-post-excerpt__excerpt\">Enkelte ting blir ein ikkje ferdig med s\u00e5 fort. Hareidsmyra og sj\u00f8fuglane b\u00f8r det ikkje vere tvil om skal vare lenge, Venstre m\u00e5 i alle fall levere praktisk politikk viss det skal bli noko truverde i milj\u00f8sp\u00f8rsm\u00e5l. <\/p><\/div>\n\n\t\t\t\t\t\n\n\t\t\t\t\t<div class=\"wp-block-naturvern-byline\">\n\t\t\t<div class=\"authors\">By <span class=\"t2-byline__author-link\">Artikkelimport\u00f8r<\/span><\/div>\n\t\t\t<small class=\"entry-date\">09.08.2006 21:45<\/small>\n\t\t<\/div>\n\t\t\t\t\t\t\t\t<\/div>\n\t\t\t\t\t<\/div>\n\t\t\t<\/div>\n\t\n<p>Hareidsmyra \u2013 Lomstj\u00f8nna naturreservat som f\u00f8rebels er p\u00e5 teiknebrettet er vi difor ikkje heilt ferdige med. Venstre g\u00e5r inn for at myra skal nyttast til industriareal og landbruk og skuldar Naturvernforbundet for ikkje \u00e5 ha sett seg inn i saka. \n<\/p>\n\n\n\n<p>For Naturvernforbundet er ikkje historia om industribygging i Hareid og avtalene vesentlege i denne saka. Viss sj\u00f8fuglane ikkje respekterer dei gamle avtalene, men held fast p\u00e5 at dette omr\u00e5det er spesielt verdifullt, s\u00e5 m\u00e5 det gjerast noko med avtalene og ikkje med fuglane. I fr\u00e5segna Norsk Ornitologisk Forening (NOF) har sendt til sj\u00f8fuglplana blir dette sagt om Lomstj\u00f8nna-Hareidsmyra: \u201dDette er i dag den mest spesielle m\u00e5sefuglkolonien i M\u00f8re og Romsdal og truleg i landssamanheng. Dette fordi alle fem av dei vanlege m\u00e5seartane rugar her, og dessutan har periodevis begge terneartane hekka.\u201d NOF seier litt meir om lokaliteten ogs\u00e5, som gjer kandidaturet end\u00e5 sterkare. \n<\/p>\n\n\n\n<p>Dette er det Venstre gjer til eit sp\u00f8rsm\u00e5l om eit lokalt industriareal og tilleggsareal til landbruket. N\u00e5r Gunn Berit Gjerde p\u00e5peiker at myrane allereie er gr\u00f8fta og drenerte og held p\u00e5 \u00e5 bli \u00f8ydelagde som hekkeomr\u00e5de for sj\u00f8fugl, er det ytterlegare grunn til \u00e5 bli uroa. Kanskje det d\u00e5 var best om noko blei gjort med desse gr\u00f8ftene, slik at denne \u00f8ydelegginga blir stoppa i den grad dette gjeld det reduserte arealet som blei det endelege verneforslaget som blei sendt p\u00e5 h\u00f8yring?  \n<\/p>\n\n\n\n<p>Industrien g\u00e5r s\u00e5 det suser og er ikkje nokon truga sektor. B\u00f8nder kan det vere verre med, men manglande areal er ikkje hovudtrugsm\u00e5let. Heiltidsbonden kan nok ha det vanskeleg, men er vel meir truga av WTO og EU enn av arealvern. Heiltidssj\u00f8fuglane er derimot jamt over i stor tilbakegang. D\u00e5 er det interessant \u00e5 merke seg at talet p\u00e5 sj\u00f8fuglar har vore aukande i omr\u00e5det Lomstj\u00f8nna-Hareidsmyra. Dette gjer denne lokaliteten end\u00e5 meir verdifull. D\u00e5 er det synd at Venstre g\u00e5r i spissen for \u00e5 halde denne lokaliteten utanom verneplanen.\n<\/p>\n\n\n\n<p>\u00d8ystein Folden\n<\/p>\n\n\n\n<p>Leiar, Naturvernforbundet i M\u00f8re og Romsdal\n<\/p>\n\n\n\n<p><em>telefon 91 81 25 42 <\/em>\n<a>Ja, dette er viktig. Eg vil bli medlem i Naturvernforbundet<\/a><br><\/p>\n\n\n\n\n\n<p><a>Eg vil gjerne st\u00f8tte arbeidet til Naturvernforbundet<\/a><\/p>\n\n\n\n\n\n<h2 class=\"wp-block-heading\"><em> <\/em><\/h2>\n\n\n\n<h2 class=\"wp-block-heading\"><em>NOF:<\/em><\/h2>\n\n\n\n<h2 class=\"wp-block-heading\"><em>Lomstj\u00f8nna-Hareidmyra<\/em><\/h2>\n\n\n\n<p>Dette er i dag den mest spesielle m\u00e5sefuglkolonien i M\u00f8re og Romsdal og truleg i landssamanheng. Dette fordi alle fem av dei vanlege m\u00e5seartane rugar her, og dessutan har periodevis begge terneartane hekka. Dette er ikkje spesielt nemnt. N\u00e5r m\u00e5sekoloniane her samstundes her tiltrekning p\u00e5 og fungerer som eit vern for hekkande ender og vadefuglar, burde lokaliteten etter v\u00e5r meining vore klassifisert h\u00f8gare i verdi (2 = nasjonal betydning). I tillegg har dette vore ein vital koloni ogs\u00e5 dei seinare \u00e5ra og har for fleire av artane hatt st\u00f8rre og dels markert st\u00f8rre bestandar enn det som g\u00e5r fram av omtalen. Med bakgrunn i dette m\u00e5 denne lokaliteten f\u00e5 h\u00f8g prioritet i planen, men ut over det har NOF ingen spesielle merknader til avgrensing eller framlegg til vernereglar. Vi m\u00e5 likevel understreke at omr\u00e5da rundt sj\u00f8lve Lomstj\u00f8nna er spesielt viktige.\n<\/p>\n","protected":false},"excerpt":{"rendered":"<p>Enkelte ting blir ein ikkje ferdig med s\u00e5 fort. Hareidsmyra og sj\u00f8fuglane b\u00f8r det ikkje vere tvil om skal vare lenge, Venstre m\u00e5 i alle fall levere praktisk politikk viss det skal bli noko truverde i milj\u00f8sp\u00f8rsm\u00e5l.<\/p>\n","protected":false},"author":38,"featured_media":0,"comment_status":"closed","ping_status":"closed","sticky":false,"template":"","format":"standard","meta":{"_relevanssi_hide_post":"","_relevanssi_hide_content":"","_relevanssi_pin_for_all":"","_relevanssi_pin_keywords":"","_relevanssi_unpin_keywords":"","_relevanssi_related_keywords":"","_relevanssi_related_include_ids":"","_relevanssi_related_exclude_ids":"","_relevanssi_related_no_append":"","_relevanssi_related_not_related":"","_relevanssi_related_posts":"","_relevanssi_noindex_reason":"","hide_logo":false,"footnotes":""},"categories":[16],"tags":[],"local":[],"class_list":["post-2043","post","type-post","status-publish","format-standard","hentry","category-naturmangfold"],"acf":[],"yoast_head":"<!-- This site is optimized with the Yoast SEO plugin v24.9 - https:\/\/yoast.com\/wordpress\/plugins\/seo\/ -->\n<title>Sj\u00f8fuglane, Hareidsmyra og Venstre - M\u00f8re og Romsdal<\/title>\n<meta name=\"robots\" content=\"index, follow, max-snippet:-1, max-image-preview:large, max-video-preview:-1\" \/>\n<link rel=\"canonical\" href=\"https:\/\/naturvernforbundet.no\/moreogromsdal\/sjofuglane-hareidsmyra-og-venstre\/\" \/>\n<meta property=\"og:locale\" content=\"nb_NO\" \/>\n<meta property=\"og:type\" content=\"article\" \/>\n<meta property=\"og:title\" content=\"Sj\u00f8fuglane, Hareidsmyra og Venstre - M\u00f8re og Romsdal\" \/>\n<meta property=\"og:description\" content=\"Enkelte ting blir ein ikkje ferdig med s\u00e5 fort. Hareidsmyra og sj\u00f8fuglane b\u00f8r det ikkje vere tvil om skal vare lenge, Venstre m\u00e5 i alle fall levere praktisk politikk viss det skal bli noko truverde i milj\u00f8sp\u00f8rsm\u00e5l.\" \/>\n<meta property=\"og:url\" content=\"https:\/\/naturvernforbundet.no\/moreogromsdal\/sjofuglane-hareidsmyra-og-venstre\/\" \/>\n<meta property=\"og:site_name\" content=\"M\u00f8re og Romsdal\" \/>\n<meta property=\"article:published_time\" content=\"2006-08-09T19:45:00+00:00\" \/>\n<meta name=\"author\" content=\"Artikkelimport\u00f8r\" \/>\n<meta name=\"twitter:card\" content=\"summary_large_image\" \/>\n<meta name=\"twitter:label1\" content=\"Skrevet av\" \/>\n\t<meta name=\"twitter:data1\" content=\"Artikkelimport\u00f8r\" \/>\n\t<meta name=\"twitter:label2\" content=\"Ansl. lesetid\" \/>\n\t<meta name=\"twitter:data2\" content=\"3 minutter\" \/>\n<script type=\"application\/ld+json\" class=\"yoast-schema-graph\">{\"@context\":\"https:\/\/schema.org\",\"@graph\":[{\"@type\":\"WebPage\",\"@id\":\"https:\/\/naturvernforbundet.no\/moreogromsdal\/sjofuglane-hareidsmyra-og-venstre\/\",\"url\":\"https:\/\/naturvernforbundet.no\/moreogromsdal\/sjofuglane-hareidsmyra-og-venstre\/\",\"name\":\"Sj\u00f8fuglane, Hareidsmyra og Venstre - M\u00f8re og Romsdal\",\"isPartOf\":{\"@id\":\"https:\/\/naturvernforbundet.no\/moreogromsdal\/#website\"},\"datePublished\":\"2006-08-09T19:45:00+00:00\",\"author\":{\"@id\":\"https:\/\/naturvernforbundet.no\/moreogromsdal\/#\/schema\/person\/c72f198205979084bf071deedb6205f4\"},\"breadcrumb\":{\"@id\":\"https:\/\/naturvernforbundet.no\/moreogromsdal\/sjofuglane-hareidsmyra-og-venstre\/#breadcrumb\"},\"inLanguage\":\"nb-NO\",\"potentialAction\":[{\"@type\":\"ReadAction\",\"target\":[\"https:\/\/naturvernforbundet.no\/moreogromsdal\/sjofuglane-hareidsmyra-og-venstre\/\"]}]},{\"@type\":\"BreadcrumbList\",\"@id\":\"https:\/\/naturvernforbundet.no\/moreogromsdal\/sjofuglane-hareidsmyra-og-venstre\/#breadcrumb\",\"itemListElement\":[{\"@type\":\"ListItem\",\"position\":1,\"name\":\"Till naturvernforbundet.no\",\"item\":\"https:\/\/naturvernforbundet.no\/\"},{\"@type\":\"ListItem\",\"position\":2,\"name\":\"M\u00f8re og Romsdal\",\"item\":\"https:\/\/naturvernforbundet.no\/moreogromsdal\/\"},{\"@type\":\"ListItem\",\"position\":3,\"name\":\"Sj\u00f8fuglane, Hareidsmyra og Venstre\"}]},{\"@type\":\"WebSite\",\"@id\":\"https:\/\/naturvernforbundet.no\/moreogromsdal\/#website\",\"url\":\"https:\/\/naturvernforbundet.no\/moreogromsdal\/\",\"name\":\"M\u00f8re og Romsdal\",\"description\":\"Bare enda et Naturvernforbundet Sites-nettsted\",\"potentialAction\":[{\"@type\":\"SearchAction\",\"target\":{\"@type\":\"EntryPoint\",\"urlTemplate\":\"https:\/\/naturvernforbundet.no\/moreogromsdal\/?s={search_term_string}\"},\"query-input\":{\"@type\":\"PropertyValueSpecification\",\"valueRequired\":true,\"valueName\":\"search_term_string\"}}],\"inLanguage\":\"nb-NO\"},{\"@type\":\"Person\",\"@id\":\"https:\/\/naturvernforbundet.no\/moreogromsdal\/#\/schema\/person\/c72f198205979084bf071deedb6205f4\",\"name\":\"Artikkelimport\u00f8r\",\"image\":{\"@type\":\"ImageObject\",\"inLanguage\":\"nb-NO\",\"@id\":\"https:\/\/naturvernforbundet.no\/moreogromsdal\/#\/schema\/person\/image\/\",\"url\":\"https:\/\/secure.gravatar.com\/avatar\/015fa491b9ed1c823ef16a5c930294d1?s=96&d=mm&r=g\",\"contentUrl\":\"https:\/\/secure.gravatar.com\/avatar\/015fa491b9ed1c823ef16a5c930294d1?s=96&d=mm&r=g\",\"caption\":\"Artikkelimport\u00f8r\"},\"url\":\"https:\/\/naturvernforbundet.no\/moreogromsdal\/author\/artikkelimportor\/\"}]}<\/script>\n<!-- \/ Yoast SEO plugin. -->","yoast_head_json":{"title":"Sj\u00f8fuglane, Hareidsmyra og Venstre - M\u00f8re og Romsdal","robots":{"index":"index","follow":"follow","max-snippet":"max-snippet:-1","max-image-preview":"max-image-preview:large","max-video-preview":"max-video-preview:-1"},"canonical":"https:\/\/naturvernforbundet.no\/moreogromsdal\/sjofuglane-hareidsmyra-og-venstre\/","og_locale":"nb_NO","og_type":"article","og_title":"Sj\u00f8fuglane, Hareidsmyra og Venstre - M\u00f8re og Romsdal","og_description":"Enkelte ting blir ein ikkje ferdig med s\u00e5 fort. Hareidsmyra og sj\u00f8fuglane b\u00f8r det ikkje vere tvil om skal vare lenge, Venstre m\u00e5 i alle fall levere praktisk politikk viss det skal bli noko truverde i milj\u00f8sp\u00f8rsm\u00e5l.","og_url":"https:\/\/naturvernforbundet.no\/moreogromsdal\/sjofuglane-hareidsmyra-og-venstre\/","og_site_name":"M\u00f8re og Romsdal","article_published_time":"2006-08-09T19:45:00+00:00","author":"Artikkelimport\u00f8r","twitter_card":"summary_large_image","twitter_misc":{"Skrevet av":"Artikkelimport\u00f8r","Ansl. lesetid":"3 minutter"},"schema":{"@context":"https:\/\/schema.org","@graph":[{"@type":"WebPage","@id":"https:\/\/naturvernforbundet.no\/moreogromsdal\/sjofuglane-hareidsmyra-og-venstre\/","url":"https:\/\/naturvernforbundet.no\/moreogromsdal\/sjofuglane-hareidsmyra-og-venstre\/","name":"Sj\u00f8fuglane, Hareidsmyra og Venstre - M\u00f8re og Romsdal","isPartOf":{"@id":"https:\/\/naturvernforbundet.no\/moreogromsdal\/#website"},"datePublished":"2006-08-09T19:45:00+00:00","author":{"@id":"https:\/\/naturvernforbundet.no\/moreogromsdal\/#\/schema\/person\/c72f198205979084bf071deedb6205f4"},"breadcrumb":{"@id":"https:\/\/naturvernforbundet.no\/moreogromsdal\/sjofuglane-hareidsmyra-og-venstre\/#breadcrumb"},"inLanguage":"nb-NO","potentialAction":[{"@type":"ReadAction","target":["https:\/\/naturvernforbundet.no\/moreogromsdal\/sjofuglane-hareidsmyra-og-venstre\/"]}]},{"@type":"BreadcrumbList","@id":"https:\/\/naturvernforbundet.no\/moreogromsdal\/sjofuglane-hareidsmyra-og-venstre\/#breadcrumb","itemListElement":[{"@type":"ListItem","position":1,"name":"Till naturvernforbundet.no","item":"https:\/\/naturvernforbundet.no\/"},{"@type":"ListItem","position":2,"name":"M\u00f8re og Romsdal","item":"https:\/\/naturvernforbundet.no\/moreogromsdal\/"},{"@type":"ListItem","position":3,"name":"Sj\u00f8fuglane, Hareidsmyra og Venstre"}]},{"@type":"WebSite","@id":"https:\/\/naturvernforbundet.no\/moreogromsdal\/#website","url":"https:\/\/naturvernforbundet.no\/moreogromsdal\/","name":"M\u00f8re og Romsdal","description":"Bare enda et Naturvernforbundet Sites-nettsted","potentialAction":[{"@type":"SearchAction","target":{"@type":"EntryPoint","urlTemplate":"https:\/\/naturvernforbundet.no\/moreogromsdal\/?s={search_term_string}"},"query-input":{"@type":"PropertyValueSpecification","valueRequired":true,"valueName":"search_term_string"}}],"inLanguage":"nb-NO"},{"@type":"Person","@id":"https:\/\/naturvernforbundet.no\/moreogromsdal\/#\/schema\/person\/c72f198205979084bf071deedb6205f4","name":"Artikkelimport\u00f8r","image":{"@type":"ImageObject","inLanguage":"nb-NO","@id":"https:\/\/naturvernforbundet.no\/moreogromsdal\/#\/schema\/person\/image\/","url":"https:\/\/secure.gravatar.com\/avatar\/015fa491b9ed1c823ef16a5c930294d1?s=96&d=mm&r=g","contentUrl":"https:\/\/secure.gravatar.com\/avatar\/015fa491b9ed1c823ef16a5c930294d1?s=96&d=mm&r=g","caption":"Artikkelimport\u00f8r"},"url":"https:\/\/naturvernforbundet.no\/moreogromsdal\/author\/artikkelimportor\/"}]}},"_links":{"self":[{"href":"https:\/\/naturvernforbundet.no\/moreogromsdal\/wp-json\/wp\/v2\/posts\/2043","targetHints":{"allow":["GET"]}}],"collection":[{"href":"https:\/\/naturvernforbundet.no\/moreogromsdal\/wp-json\/wp\/v2\/posts"}],"about":[{"href":"https:\/\/naturvernforbundet.no\/moreogromsdal\/wp-json\/wp\/v2\/types\/post"}],"author":[{"embeddable":true,"href":"https:\/\/naturvernforbundet.no\/moreogromsdal\/wp-json\/wp\/v2\/users\/38"}],"replies":[{"embeddable":true,"href":"https:\/\/naturvernforbundet.no\/moreogromsdal\/wp-json\/wp\/v2\/comments?post=2043"}],"version-history":[{"count":0,"href":"https:\/\/naturvernforbundet.no\/moreogromsdal\/wp-json\/wp\/v2\/posts\/2043\/revisions"}],"wp:attachment":[{"href":"https:\/\/naturvernforbundet.no\/moreogromsdal\/wp-json\/wp\/v2\/media?parent=2043"}],"wp:term":[{"taxonomy":"category","embeddable":true,"href":"https:\/\/naturvernforbundet.no\/moreogromsdal\/wp-json\/wp\/v2\/categories?post=2043"},{"taxonomy":"post_tag","embeddable":true,"href":"https:\/\/naturvernforbundet.no\/moreogromsdal\/wp-json\/wp\/v2\/tags?post=2043"},{"taxonomy":"local","embeddable":true,"href":"https:\/\/naturvernforbundet.no\/moreogromsdal\/wp-json\/wp\/v2\/local?post=2043"}],"curies":[{"name":"wp","href":"https:\/\/api.w.org\/{rel}","templated":true}]}}