{"id":2070,"date":"2006-08-16T09:01:00","date_gmt":"2006-08-16T07:01:00","guid":{"rendered":"https:\/\/naturvernforbundet.no\/moreogromsdal\/naturvernforbundet-krev-gransking-i-midt-noreg\/"},"modified":"2006-08-16T09:01:00","modified_gmt":"2006-08-16T07:01:00","slug":"naturvernforbundet-krev-gransking-i-midt-noreg","status":"publish","type":"post","link":"https:\/\/naturvernforbundet.no\/moreogromsdal\/naturvernforbundet-krev-gransking-i-midt-noreg\/","title":{"rendered":"Naturvernforbundet krev gransking i Midt-Noreg"},"content":{"rendered":"\t<div class=\"template-post alignfull wp-block-naturvern-hero\">\n\t\t<div class=\"hero__inner\">\n\t\t\t<div class=\"hero__inner_blocks\">\n\t\t\t\t\t\t\t\t\n\t\t\t\t\t<h1 class=\"wp-block-post-title\">Naturvernforbundet krev gransking i Midt-Noreg<\/h1>\n\n\t\t\t\t\t<div class=\"wp-block-post-excerpt\"><p class=\"wp-block-post-excerpt__excerpt\">Like f\u00f8r Stortinget sa ja til kraftsluket Ormen Lange, hevda vassdrags- og energidirekt\u00f8r Agnar Aas at denne delen av landet under visse vilk\u00e5r ville bli sikra god forsyning av straum. Naturvernforbundet krev gransking av dei avgjerdene som f\u00f8rte til at energiforsyninga i Midt-Noreg dei n\u00e6raste \u00e5ra kan bli kritisk. <\/p><\/div>\n\n\t\t\t\t\t\n\n\t\t\t\t\t<div class=\"wp-block-naturvern-byline\">\n\t\t\t<div class=\"authors\">By <span class=\"t2-byline__author-link\">Artikkelimport\u00f8r<\/span><\/div>\n\t\t\t<small class=\"entry-date\">16.08.2006 09:01<\/small>\n\t\t<\/div>\n\t\t\t\t\t\t\t\t<\/div>\n\t\t\t\t\t<\/div>\n\t\t\t<\/div>\n\t\n<p>&#8211; Det er mogleg Aas kan ha villeia Stortinget med sine utsegn, meiner leiar Lars Haltbrekken i Norges Naturvernforbund. Agnar Aas er direkt\u00f8r i Norges vassdrags- og energidirektorat (NVE), som har ansvaret for forvaltinga av vass- og energiressursane i Noreg. \n<\/p>\n\n\n\n<p>Berre to dagar f\u00f8r Stortinget vedtok utbygginga av Ormen Lange i april 2004, kom NVE med ei pressemelding der det stod at dei hadde godkjent ei forsterking av kraftforsyninga for Ytre Romsdal og Sunnm\u00f8re. Dette gjeld ny 420 kV kraftline fr\u00e5 Sunndal til Fr\u00e6na og fr\u00e5 \u00d8rskog til Aukra. I den same meldinga vart Aas sitert p\u00e5 f\u00f8lgjande: &laquo;- N\u00e5r disse anleggene er etablert vil vi v\u00e6re sikret en god forsyningssikkerhet i disse delene av landet&raquo;. \n<\/p>\n\n\n\n<p>F\u00f8rebels er det berre lina fr\u00e5 Sunndal til Fr\u00e6na som blir bygd. Dette har likevel ingen innverknad p\u00e5 den grunnleggjande utfordringa i M\u00f8re og Romsdal: Forbruket er h\u00f8gare enn produksjonen, og auken i forbruk er mykje raskare enn produksjonsauka. Samstundes er det overf\u00f8ringskapasiteten inn og ut av Midt-Noreg avgrensa. &#8211; Utbygginga fr\u00e5 \u00d8rskog til Aukra ville ikkje vore til hjelp her, seier Haltbrekken. \u2013 Denne lina vil ikkje f\u00f8re meir kraft inn i omr\u00e5det, ho vil berre gi betre forsyningstryggleik Ormen Lange-anlegget. Dette blir stadfesta av Statnett i eit intervju med Sunnm\u00f8rsposten 16. august. \n<\/p>\n\n\n\n<p>Naturvernforbundet er ogs\u00e5 kritiske til at Bondevikregjeringa ikkje stilte krav om \u00e5 f\u00e5 utreda konsekvensane for kraftsituasjonen i fylket f\u00f8r saka blei handsama av Stortinget. \u2013 Hydro burde vore p\u00e5lagd \u00e5 gjere greie for dei konsekvensane vi no ser kome med full tyngde, seier Haltbrekken. \u2013 Det at dei ikkje blei p\u00e5lagd det er noko den f\u00f8rre regjeringa m\u00e5 ta ansvar for. \n<\/p>\n\n\n\n<p><i>Lars Haltbrekken har telefon 91 61 21 91.<\/i> \n<em><\/em> \n \n<a>Ja, dette er viktig. Eg vil bli medlem i Naturvernforbundet<\/a><br><\/p>\n\n\n\n\n\n<p><a>Eg vil gjerne st\u00f8tte arbeidet Naturvernforbundets gj\u00f8r for \u00e5 redusere energibruk og klimaendringar<\/a><\/p>\n\n\n\n\n\n<p><a href=\"\/imakerdata\/f\/0\/91\/88\/4_2401_0\/Gransking_Agnar_Aas.pdf\">Brevet til Enoksen med krav om gransking<\/a><\/p>\n","protected":false},"excerpt":{"rendered":"<p>Like f\u00f8r Stortinget sa ja til kraftsluket Ormen Lange, hevda vassdrags- og energidirekt\u00f8r Agnar Aas at denne delen av landet under visse vilk\u00e5r ville bli sikra god forsyning av straum. Naturvernforbundet krev gransking av dei avgjerdene som f\u00f8rte til at energiforsyninga i Midt-Noreg dei n\u00e6raste \u00e5ra kan bli kritisk.<\/p>\n","protected":false},"author":38,"featured_media":0,"comment_status":"closed","ping_status":"closed","sticky":false,"template":"","format":"standard","meta":{"_relevanssi_hide_post":"","_relevanssi_hide_content":"","_relevanssi_pin_for_all":"","_relevanssi_pin_keywords":"","_relevanssi_unpin_keywords":"","_relevanssi_related_keywords":"","_relevanssi_related_include_ids":"","_relevanssi_related_exclude_ids":"","_relevanssi_related_no_append":"","_relevanssi_related_not_related":"","_relevanssi_related_posts":"","_relevanssi_noindex_reason":"","hide_logo":false,"footnotes":""},"categories":[19],"tags":[],"local":[],"class_list":["post-2070","post","type-post","status-publish","format-standard","hentry","category-klima"],"acf":[],"yoast_head":"<!-- This site is optimized with the Yoast SEO plugin v24.9 - https:\/\/yoast.com\/wordpress\/plugins\/seo\/ -->\n<title>Naturvernforbundet krev gransking i Midt-Noreg - M\u00f8re og Romsdal<\/title>\n<meta name=\"robots\" content=\"index, follow, max-snippet:-1, max-image-preview:large, max-video-preview:-1\" \/>\n<link rel=\"canonical\" href=\"https:\/\/naturvernforbundet.no\/moreogromsdal\/naturvernforbundet-krev-gransking-i-midt-noreg\/\" \/>\n<meta property=\"og:locale\" content=\"nb_NO\" \/>\n<meta property=\"og:type\" content=\"article\" \/>\n<meta property=\"og:title\" content=\"Naturvernforbundet krev gransking i Midt-Noreg - M\u00f8re og Romsdal\" \/>\n<meta property=\"og:description\" content=\"Like f\u00f8r Stortinget sa ja til kraftsluket Ormen Lange, hevda vassdrags- og energidirekt\u00f8r Agnar Aas at denne delen av landet under visse vilk\u00e5r ville bli sikra god forsyning av straum. Naturvernforbundet krev gransking av dei avgjerdene som f\u00f8rte til at energiforsyninga i Midt-Noreg dei n\u00e6raste \u00e5ra kan bli kritisk.\" \/>\n<meta property=\"og:url\" content=\"https:\/\/naturvernforbundet.no\/moreogromsdal\/naturvernforbundet-krev-gransking-i-midt-noreg\/\" \/>\n<meta property=\"og:site_name\" content=\"M\u00f8re og Romsdal\" \/>\n<meta property=\"article:published_time\" content=\"2006-08-16T07:01:00+00:00\" \/>\n<meta name=\"author\" content=\"Artikkelimport\u00f8r\" \/>\n<meta name=\"twitter:card\" content=\"summary_large_image\" \/>\n<meta name=\"twitter:label1\" content=\"Skrevet av\" \/>\n\t<meta name=\"twitter:data1\" content=\"Artikkelimport\u00f8r\" \/>\n\t<meta name=\"twitter:label2\" content=\"Ansl. lesetid\" \/>\n\t<meta name=\"twitter:data2\" content=\"2 minutter\" \/>\n<script type=\"application\/ld+json\" class=\"yoast-schema-graph\">{\"@context\":\"https:\/\/schema.org\",\"@graph\":[{\"@type\":\"WebPage\",\"@id\":\"https:\/\/naturvernforbundet.no\/moreogromsdal\/naturvernforbundet-krev-gransking-i-midt-noreg\/\",\"url\":\"https:\/\/naturvernforbundet.no\/moreogromsdal\/naturvernforbundet-krev-gransking-i-midt-noreg\/\",\"name\":\"Naturvernforbundet krev gransking i Midt-Noreg - M\u00f8re og Romsdal\",\"isPartOf\":{\"@id\":\"https:\/\/naturvernforbundet.no\/moreogromsdal\/#website\"},\"datePublished\":\"2006-08-16T07:01:00+00:00\",\"author\":{\"@id\":\"https:\/\/naturvernforbundet.no\/moreogromsdal\/#\/schema\/person\/c72f198205979084bf071deedb6205f4\"},\"breadcrumb\":{\"@id\":\"https:\/\/naturvernforbundet.no\/moreogromsdal\/naturvernforbundet-krev-gransking-i-midt-noreg\/#breadcrumb\"},\"inLanguage\":\"nb-NO\",\"potentialAction\":[{\"@type\":\"ReadAction\",\"target\":[\"https:\/\/naturvernforbundet.no\/moreogromsdal\/naturvernforbundet-krev-gransking-i-midt-noreg\/\"]}]},{\"@type\":\"BreadcrumbList\",\"@id\":\"https:\/\/naturvernforbundet.no\/moreogromsdal\/naturvernforbundet-krev-gransking-i-midt-noreg\/#breadcrumb\",\"itemListElement\":[{\"@type\":\"ListItem\",\"position\":1,\"name\":\"Till naturvernforbundet.no\",\"item\":\"https:\/\/naturvernforbundet.no\/\"},{\"@type\":\"ListItem\",\"position\":2,\"name\":\"M\u00f8re og Romsdal\",\"item\":\"https:\/\/naturvernforbundet.no\/moreogromsdal\/\"},{\"@type\":\"ListItem\",\"position\":3,\"name\":\"Naturvernforbundet krev gransking i Midt-Noreg\"}]},{\"@type\":\"WebSite\",\"@id\":\"https:\/\/naturvernforbundet.no\/moreogromsdal\/#website\",\"url\":\"https:\/\/naturvernforbundet.no\/moreogromsdal\/\",\"name\":\"M\u00f8re og Romsdal\",\"description\":\"Bare enda et Naturvernforbundet Sites-nettsted\",\"potentialAction\":[{\"@type\":\"SearchAction\",\"target\":{\"@type\":\"EntryPoint\",\"urlTemplate\":\"https:\/\/naturvernforbundet.no\/moreogromsdal\/?s={search_term_string}\"},\"query-input\":{\"@type\":\"PropertyValueSpecification\",\"valueRequired\":true,\"valueName\":\"search_term_string\"}}],\"inLanguage\":\"nb-NO\"},{\"@type\":\"Person\",\"@id\":\"https:\/\/naturvernforbundet.no\/moreogromsdal\/#\/schema\/person\/c72f198205979084bf071deedb6205f4\",\"name\":\"Artikkelimport\u00f8r\",\"image\":{\"@type\":\"ImageObject\",\"inLanguage\":\"nb-NO\",\"@id\":\"https:\/\/naturvernforbundet.no\/moreogromsdal\/#\/schema\/person\/image\/\",\"url\":\"https:\/\/secure.gravatar.com\/avatar\/015fa491b9ed1c823ef16a5c930294d1?s=96&d=mm&r=g\",\"contentUrl\":\"https:\/\/secure.gravatar.com\/avatar\/015fa491b9ed1c823ef16a5c930294d1?s=96&d=mm&r=g\",\"caption\":\"Artikkelimport\u00f8r\"},\"url\":\"https:\/\/naturvernforbundet.no\/moreogromsdal\/author\/artikkelimportor\/\"}]}<\/script>\n<!-- \/ Yoast SEO plugin. -->","yoast_head_json":{"title":"Naturvernforbundet krev gransking i Midt-Noreg - M\u00f8re og Romsdal","robots":{"index":"index","follow":"follow","max-snippet":"max-snippet:-1","max-image-preview":"max-image-preview:large","max-video-preview":"max-video-preview:-1"},"canonical":"https:\/\/naturvernforbundet.no\/moreogromsdal\/naturvernforbundet-krev-gransking-i-midt-noreg\/","og_locale":"nb_NO","og_type":"article","og_title":"Naturvernforbundet krev gransking i Midt-Noreg - M\u00f8re og Romsdal","og_description":"Like f\u00f8r Stortinget sa ja til kraftsluket Ormen Lange, hevda vassdrags- og energidirekt\u00f8r Agnar Aas at denne delen av landet under visse vilk\u00e5r ville bli sikra god forsyning av straum. Naturvernforbundet krev gransking av dei avgjerdene som f\u00f8rte til at energiforsyninga i Midt-Noreg dei n\u00e6raste \u00e5ra kan bli kritisk.","og_url":"https:\/\/naturvernforbundet.no\/moreogromsdal\/naturvernforbundet-krev-gransking-i-midt-noreg\/","og_site_name":"M\u00f8re og Romsdal","article_published_time":"2006-08-16T07:01:00+00:00","author":"Artikkelimport\u00f8r","twitter_card":"summary_large_image","twitter_misc":{"Skrevet av":"Artikkelimport\u00f8r","Ansl. lesetid":"2 minutter"},"schema":{"@context":"https:\/\/schema.org","@graph":[{"@type":"WebPage","@id":"https:\/\/naturvernforbundet.no\/moreogromsdal\/naturvernforbundet-krev-gransking-i-midt-noreg\/","url":"https:\/\/naturvernforbundet.no\/moreogromsdal\/naturvernforbundet-krev-gransking-i-midt-noreg\/","name":"Naturvernforbundet krev gransking i Midt-Noreg - M\u00f8re og Romsdal","isPartOf":{"@id":"https:\/\/naturvernforbundet.no\/moreogromsdal\/#website"},"datePublished":"2006-08-16T07:01:00+00:00","author":{"@id":"https:\/\/naturvernforbundet.no\/moreogromsdal\/#\/schema\/person\/c72f198205979084bf071deedb6205f4"},"breadcrumb":{"@id":"https:\/\/naturvernforbundet.no\/moreogromsdal\/naturvernforbundet-krev-gransking-i-midt-noreg\/#breadcrumb"},"inLanguage":"nb-NO","potentialAction":[{"@type":"ReadAction","target":["https:\/\/naturvernforbundet.no\/moreogromsdal\/naturvernforbundet-krev-gransking-i-midt-noreg\/"]}]},{"@type":"BreadcrumbList","@id":"https:\/\/naturvernforbundet.no\/moreogromsdal\/naturvernforbundet-krev-gransking-i-midt-noreg\/#breadcrumb","itemListElement":[{"@type":"ListItem","position":1,"name":"Till naturvernforbundet.no","item":"https:\/\/naturvernforbundet.no\/"},{"@type":"ListItem","position":2,"name":"M\u00f8re og Romsdal","item":"https:\/\/naturvernforbundet.no\/moreogromsdal\/"},{"@type":"ListItem","position":3,"name":"Naturvernforbundet krev gransking i Midt-Noreg"}]},{"@type":"WebSite","@id":"https:\/\/naturvernforbundet.no\/moreogromsdal\/#website","url":"https:\/\/naturvernforbundet.no\/moreogromsdal\/","name":"M\u00f8re og Romsdal","description":"Bare enda et Naturvernforbundet Sites-nettsted","potentialAction":[{"@type":"SearchAction","target":{"@type":"EntryPoint","urlTemplate":"https:\/\/naturvernforbundet.no\/moreogromsdal\/?s={search_term_string}"},"query-input":{"@type":"PropertyValueSpecification","valueRequired":true,"valueName":"search_term_string"}}],"inLanguage":"nb-NO"},{"@type":"Person","@id":"https:\/\/naturvernforbundet.no\/moreogromsdal\/#\/schema\/person\/c72f198205979084bf071deedb6205f4","name":"Artikkelimport\u00f8r","image":{"@type":"ImageObject","inLanguage":"nb-NO","@id":"https:\/\/naturvernforbundet.no\/moreogromsdal\/#\/schema\/person\/image\/","url":"https:\/\/secure.gravatar.com\/avatar\/015fa491b9ed1c823ef16a5c930294d1?s=96&d=mm&r=g","contentUrl":"https:\/\/secure.gravatar.com\/avatar\/015fa491b9ed1c823ef16a5c930294d1?s=96&d=mm&r=g","caption":"Artikkelimport\u00f8r"},"url":"https:\/\/naturvernforbundet.no\/moreogromsdal\/author\/artikkelimportor\/"}]}},"_links":{"self":[{"href":"https:\/\/naturvernforbundet.no\/moreogromsdal\/wp-json\/wp\/v2\/posts\/2070","targetHints":{"allow":["GET"]}}],"collection":[{"href":"https:\/\/naturvernforbundet.no\/moreogromsdal\/wp-json\/wp\/v2\/posts"}],"about":[{"href":"https:\/\/naturvernforbundet.no\/moreogromsdal\/wp-json\/wp\/v2\/types\/post"}],"author":[{"embeddable":true,"href":"https:\/\/naturvernforbundet.no\/moreogromsdal\/wp-json\/wp\/v2\/users\/38"}],"replies":[{"embeddable":true,"href":"https:\/\/naturvernforbundet.no\/moreogromsdal\/wp-json\/wp\/v2\/comments?post=2070"}],"version-history":[{"count":0,"href":"https:\/\/naturvernforbundet.no\/moreogromsdal\/wp-json\/wp\/v2\/posts\/2070\/revisions"}],"wp:attachment":[{"href":"https:\/\/naturvernforbundet.no\/moreogromsdal\/wp-json\/wp\/v2\/media?parent=2070"}],"wp:term":[{"taxonomy":"category","embeddable":true,"href":"https:\/\/naturvernforbundet.no\/moreogromsdal\/wp-json\/wp\/v2\/categories?post=2070"},{"taxonomy":"post_tag","embeddable":true,"href":"https:\/\/naturvernforbundet.no\/moreogromsdal\/wp-json\/wp\/v2\/tags?post=2070"},{"taxonomy":"local","embeddable":true,"href":"https:\/\/naturvernforbundet.no\/moreogromsdal\/wp-json\/wp\/v2\/local?post=2070"}],"curies":[{"name":"wp","href":"https:\/\/api.w.org\/{rel}","templated":true}]}}