{"id":2083,"date":"2005-07-17T12:09:00","date_gmt":"2005-07-17T10:09:00","guid":{"rendered":"https:\/\/naturvernforbundet.no\/moreogromsdal\/darleg-samsvar-mellom-fagrapportar-og-samandrag-i-kraftlinesak\/"},"modified":"2005-07-17T12:09:00","modified_gmt":"2005-07-17T10:09:00","slug":"darleg-samsvar-mellom-fagrapportar-og-samandrag-i-kraftlinesak","status":"publish","type":"post","link":"https:\/\/naturvernforbundet.no\/moreogromsdal\/darleg-samsvar-mellom-fagrapportar-og-samandrag-i-kraftlinesak\/","title":{"rendered":"D\u00e5rleg samsvar mellom fagrapportar og samandrag i kraftlinesak"},"content":{"rendered":"\t<div class=\"template-post alignfull wp-block-naturvern-hero\">\n\t\t<div class=\"hero__inner\">\n\t\t\t<div class=\"hero__inner_blocks\">\n\t\t\t\t\t\t\t\t\n\t\t\t\t\t<h1 class=\"wp-block-post-title\">D\u00e5rleg samsvar mellom fagrapportar og samandrag i kraftlinesak<\/h1>\n\n\t\t\t\t\t<div class=\"wp-block-post-excerpt\"><p class=\"wp-block-post-excerpt__excerpt\">Naturvernforbundet har no f\u00e5tt opplysningar om at samsvaret mellom fagrapportar og samandrag i konsekvensutgreiinga for ny kraftline p\u00e5 Tjeldbergodden p\u00e5 nokre punkt er d\u00e5rleg. Etter dei opplysningane vi har f\u00e5tt er det og ein tendens ved at samandraget har mindre alvorlege negative konsekvensar enn det fagrapporten legg opp til. Det tyder p\u00e5 at det er&hellip; <\/p><\/div>\n\n\t\t\t\t\t\n\n\t\t\t\t\t<div class=\"wp-block-naturvern-byline\">\n\t\t\t<div class=\"authors\">By <span class=\"t2-byline__author-link\">Artikkelimport\u00f8r<\/span><\/div>\n\t\t\t<small class=\"entry-date\">17.07.2005 12:09<\/small>\n\t\t<\/div>\n\t\t\t\t\t\t\t\t<\/div>\n\t\t\t\t\t<\/div>\n\t\t\t<\/div>\n\t\n<p>Leiar i Naturvernforbundet i M\u00f8re og Romsdal kan kontaktast p\u00e5 telefon 91 81 25 42.<\/p>\n\n\n\n<p><a href=\"\/imakerdata\/f\/0\/69\/06\/7_2401_0\/hoyringsuttale_NVE_420_Tjeldbergodden_-_tilleggsutgreiing_-ettersending.pdf\">Les uttalen fr\u00e5 Naturvernforbundet<\/a><\/p>\n","protected":false},"excerpt":{"rendered":"<p>Naturvernforbundet har no f\u00e5tt opplysningar om at samsvaret mellom fagrapportar og samandrag i konsekvensutgreiinga for ny kraftline p\u00e5 Tjeldbergodden p\u00e5 nokre punkt er d\u00e5rleg. Etter dei opplysningane vi har f\u00e5tt er det og ein tendens ved at samandraget har mindre alvorlege negative konsekvensar enn det fagrapporten legg opp til. Det tyder p\u00e5 at det er medvite handling som ligg bak, og ikkje tilfeldige feil. Naturvernforbundet ber NVE unders\u00f8ke dette.<\/p>\n","protected":false},"author":38,"featured_media":0,"comment_status":"closed","ping_status":"closed","sticky":false,"template":"","format":"standard","meta":{"_relevanssi_hide_post":"","_relevanssi_hide_content":"","_relevanssi_pin_for_all":"","_relevanssi_pin_keywords":"","_relevanssi_unpin_keywords":"","_relevanssi_related_keywords":"","_relevanssi_related_include_ids":"","_relevanssi_related_exclude_ids":"","_relevanssi_related_no_append":"","_relevanssi_related_not_related":"","_relevanssi_related_posts":"","_relevanssi_noindex_reason":"","hide_logo":false,"footnotes":""},"categories":[16],"tags":[],"local":[],"class_list":["post-2083","post","type-post","status-publish","format-standard","hentry","category-naturmangfold"],"acf":[],"yoast_head":"<!-- This site is optimized with the Yoast SEO plugin v24.9 - https:\/\/yoast.com\/wordpress\/plugins\/seo\/ -->\n<title>D\u00e5rleg samsvar mellom fagrapportar og samandrag i kraftlinesak - M\u00f8re og Romsdal<\/title>\n<meta name=\"robots\" content=\"index, follow, max-snippet:-1, max-image-preview:large, max-video-preview:-1\" \/>\n<link rel=\"canonical\" href=\"https:\/\/naturvernforbundet.no\/moreogromsdal\/darleg-samsvar-mellom-fagrapportar-og-samandrag-i-kraftlinesak\/\" \/>\n<meta property=\"og:locale\" content=\"nb_NO\" \/>\n<meta property=\"og:type\" content=\"article\" \/>\n<meta property=\"og:title\" content=\"D\u00e5rleg samsvar mellom fagrapportar og samandrag i kraftlinesak - M\u00f8re og Romsdal\" \/>\n<meta property=\"og:description\" content=\"Naturvernforbundet har no f\u00e5tt opplysningar om at samsvaret mellom fagrapportar og samandrag i konsekvensutgreiinga for ny kraftline p\u00e5 Tjeldbergodden p\u00e5 nokre punkt er d\u00e5rleg. Etter dei opplysningane vi har f\u00e5tt er det og ein tendens ved at samandraget har mindre alvorlege negative konsekvensar enn det fagrapporten legg opp til. Det tyder p\u00e5 at det er medvite handling som ligg bak, og ikkje tilfeldige feil. Naturvernforbundet ber NVE unders\u00f8ke dette.\" \/>\n<meta property=\"og:url\" content=\"https:\/\/naturvernforbundet.no\/moreogromsdal\/darleg-samsvar-mellom-fagrapportar-og-samandrag-i-kraftlinesak\/\" \/>\n<meta property=\"og:site_name\" content=\"M\u00f8re og Romsdal\" \/>\n<meta property=\"article:published_time\" content=\"2005-07-17T10:09:00+00:00\" \/>\n<meta name=\"author\" content=\"Artikkelimport\u00f8r\" \/>\n<meta name=\"twitter:card\" content=\"summary_large_image\" \/>\n<meta name=\"twitter:label1\" content=\"Skrevet av\" \/>\n\t<meta name=\"twitter:data1\" content=\"Artikkelimport\u00f8r\" \/>\n<script type=\"application\/ld+json\" class=\"yoast-schema-graph\">{\"@context\":\"https:\/\/schema.org\",\"@graph\":[{\"@type\":\"WebPage\",\"@id\":\"https:\/\/naturvernforbundet.no\/moreogromsdal\/darleg-samsvar-mellom-fagrapportar-og-samandrag-i-kraftlinesak\/\",\"url\":\"https:\/\/naturvernforbundet.no\/moreogromsdal\/darleg-samsvar-mellom-fagrapportar-og-samandrag-i-kraftlinesak\/\",\"name\":\"D\u00e5rleg samsvar mellom fagrapportar og samandrag i kraftlinesak - M\u00f8re og Romsdal\",\"isPartOf\":{\"@id\":\"https:\/\/naturvernforbundet.no\/moreogromsdal\/#website\"},\"datePublished\":\"2005-07-17T10:09:00+00:00\",\"author\":{\"@id\":\"https:\/\/naturvernforbundet.no\/moreogromsdal\/#\/schema\/person\/c72f198205979084bf071deedb6205f4\"},\"breadcrumb\":{\"@id\":\"https:\/\/naturvernforbundet.no\/moreogromsdal\/darleg-samsvar-mellom-fagrapportar-og-samandrag-i-kraftlinesak\/#breadcrumb\"},\"inLanguage\":\"nb-NO\",\"potentialAction\":[{\"@type\":\"ReadAction\",\"target\":[\"https:\/\/naturvernforbundet.no\/moreogromsdal\/darleg-samsvar-mellom-fagrapportar-og-samandrag-i-kraftlinesak\/\"]}]},{\"@type\":\"BreadcrumbList\",\"@id\":\"https:\/\/naturvernforbundet.no\/moreogromsdal\/darleg-samsvar-mellom-fagrapportar-og-samandrag-i-kraftlinesak\/#breadcrumb\",\"itemListElement\":[{\"@type\":\"ListItem\",\"position\":1,\"name\":\"Till naturvernforbundet.no\",\"item\":\"https:\/\/naturvernforbundet.no\/\"},{\"@type\":\"ListItem\",\"position\":2,\"name\":\"M\u00f8re og Romsdal\",\"item\":\"https:\/\/naturvernforbundet.no\/moreogromsdal\/\"},{\"@type\":\"ListItem\",\"position\":3,\"name\":\"D\u00e5rleg samsvar mellom fagrapportar og samandrag i kraftlinesak\"}]},{\"@type\":\"WebSite\",\"@id\":\"https:\/\/naturvernforbundet.no\/moreogromsdal\/#website\",\"url\":\"https:\/\/naturvernforbundet.no\/moreogromsdal\/\",\"name\":\"M\u00f8re og Romsdal\",\"description\":\"Bare enda et Naturvernforbundet Sites-nettsted\",\"potentialAction\":[{\"@type\":\"SearchAction\",\"target\":{\"@type\":\"EntryPoint\",\"urlTemplate\":\"https:\/\/naturvernforbundet.no\/moreogromsdal\/?s={search_term_string}\"},\"query-input\":{\"@type\":\"PropertyValueSpecification\",\"valueRequired\":true,\"valueName\":\"search_term_string\"}}],\"inLanguage\":\"nb-NO\"},{\"@type\":\"Person\",\"@id\":\"https:\/\/naturvernforbundet.no\/moreogromsdal\/#\/schema\/person\/c72f198205979084bf071deedb6205f4\",\"name\":\"Artikkelimport\u00f8r\",\"image\":{\"@type\":\"ImageObject\",\"inLanguage\":\"nb-NO\",\"@id\":\"https:\/\/naturvernforbundet.no\/moreogromsdal\/#\/schema\/person\/image\/\",\"url\":\"https:\/\/secure.gravatar.com\/avatar\/015fa491b9ed1c823ef16a5c930294d1?s=96&d=mm&r=g\",\"contentUrl\":\"https:\/\/secure.gravatar.com\/avatar\/015fa491b9ed1c823ef16a5c930294d1?s=96&d=mm&r=g\",\"caption\":\"Artikkelimport\u00f8r\"},\"url\":\"https:\/\/naturvernforbundet.no\/moreogromsdal\/author\/artikkelimportor\/\"}]}<\/script>\n<!-- \/ Yoast SEO plugin. -->","yoast_head_json":{"title":"D\u00e5rleg samsvar mellom fagrapportar og samandrag i kraftlinesak - M\u00f8re og Romsdal","robots":{"index":"index","follow":"follow","max-snippet":"max-snippet:-1","max-image-preview":"max-image-preview:large","max-video-preview":"max-video-preview:-1"},"canonical":"https:\/\/naturvernforbundet.no\/moreogromsdal\/darleg-samsvar-mellom-fagrapportar-og-samandrag-i-kraftlinesak\/","og_locale":"nb_NO","og_type":"article","og_title":"D\u00e5rleg samsvar mellom fagrapportar og samandrag i kraftlinesak - M\u00f8re og Romsdal","og_description":"Naturvernforbundet har no f\u00e5tt opplysningar om at samsvaret mellom fagrapportar og samandrag i konsekvensutgreiinga for ny kraftline p\u00e5 Tjeldbergodden p\u00e5 nokre punkt er d\u00e5rleg. Etter dei opplysningane vi har f\u00e5tt er det og ein tendens ved at samandraget har mindre alvorlege negative konsekvensar enn det fagrapporten legg opp til. Det tyder p\u00e5 at det er medvite handling som ligg bak, og ikkje tilfeldige feil. Naturvernforbundet ber NVE unders\u00f8ke dette.","og_url":"https:\/\/naturvernforbundet.no\/moreogromsdal\/darleg-samsvar-mellom-fagrapportar-og-samandrag-i-kraftlinesak\/","og_site_name":"M\u00f8re og Romsdal","article_published_time":"2005-07-17T10:09:00+00:00","author":"Artikkelimport\u00f8r","twitter_card":"summary_large_image","twitter_misc":{"Skrevet av":"Artikkelimport\u00f8r"},"schema":{"@context":"https:\/\/schema.org","@graph":[{"@type":"WebPage","@id":"https:\/\/naturvernforbundet.no\/moreogromsdal\/darleg-samsvar-mellom-fagrapportar-og-samandrag-i-kraftlinesak\/","url":"https:\/\/naturvernforbundet.no\/moreogromsdal\/darleg-samsvar-mellom-fagrapportar-og-samandrag-i-kraftlinesak\/","name":"D\u00e5rleg samsvar mellom fagrapportar og samandrag i kraftlinesak - M\u00f8re og Romsdal","isPartOf":{"@id":"https:\/\/naturvernforbundet.no\/moreogromsdal\/#website"},"datePublished":"2005-07-17T10:09:00+00:00","author":{"@id":"https:\/\/naturvernforbundet.no\/moreogromsdal\/#\/schema\/person\/c72f198205979084bf071deedb6205f4"},"breadcrumb":{"@id":"https:\/\/naturvernforbundet.no\/moreogromsdal\/darleg-samsvar-mellom-fagrapportar-og-samandrag-i-kraftlinesak\/#breadcrumb"},"inLanguage":"nb-NO","potentialAction":[{"@type":"ReadAction","target":["https:\/\/naturvernforbundet.no\/moreogromsdal\/darleg-samsvar-mellom-fagrapportar-og-samandrag-i-kraftlinesak\/"]}]},{"@type":"BreadcrumbList","@id":"https:\/\/naturvernforbundet.no\/moreogromsdal\/darleg-samsvar-mellom-fagrapportar-og-samandrag-i-kraftlinesak\/#breadcrumb","itemListElement":[{"@type":"ListItem","position":1,"name":"Till naturvernforbundet.no","item":"https:\/\/naturvernforbundet.no\/"},{"@type":"ListItem","position":2,"name":"M\u00f8re og Romsdal","item":"https:\/\/naturvernforbundet.no\/moreogromsdal\/"},{"@type":"ListItem","position":3,"name":"D\u00e5rleg samsvar mellom fagrapportar og samandrag i kraftlinesak"}]},{"@type":"WebSite","@id":"https:\/\/naturvernforbundet.no\/moreogromsdal\/#website","url":"https:\/\/naturvernforbundet.no\/moreogromsdal\/","name":"M\u00f8re og Romsdal","description":"Bare enda et Naturvernforbundet Sites-nettsted","potentialAction":[{"@type":"SearchAction","target":{"@type":"EntryPoint","urlTemplate":"https:\/\/naturvernforbundet.no\/moreogromsdal\/?s={search_term_string}"},"query-input":{"@type":"PropertyValueSpecification","valueRequired":true,"valueName":"search_term_string"}}],"inLanguage":"nb-NO"},{"@type":"Person","@id":"https:\/\/naturvernforbundet.no\/moreogromsdal\/#\/schema\/person\/c72f198205979084bf071deedb6205f4","name":"Artikkelimport\u00f8r","image":{"@type":"ImageObject","inLanguage":"nb-NO","@id":"https:\/\/naturvernforbundet.no\/moreogromsdal\/#\/schema\/person\/image\/","url":"https:\/\/secure.gravatar.com\/avatar\/015fa491b9ed1c823ef16a5c930294d1?s=96&d=mm&r=g","contentUrl":"https:\/\/secure.gravatar.com\/avatar\/015fa491b9ed1c823ef16a5c930294d1?s=96&d=mm&r=g","caption":"Artikkelimport\u00f8r"},"url":"https:\/\/naturvernforbundet.no\/moreogromsdal\/author\/artikkelimportor\/"}]}},"_links":{"self":[{"href":"https:\/\/naturvernforbundet.no\/moreogromsdal\/wp-json\/wp\/v2\/posts\/2083","targetHints":{"allow":["GET"]}}],"collection":[{"href":"https:\/\/naturvernforbundet.no\/moreogromsdal\/wp-json\/wp\/v2\/posts"}],"about":[{"href":"https:\/\/naturvernforbundet.no\/moreogromsdal\/wp-json\/wp\/v2\/types\/post"}],"author":[{"embeddable":true,"href":"https:\/\/naturvernforbundet.no\/moreogromsdal\/wp-json\/wp\/v2\/users\/38"}],"replies":[{"embeddable":true,"href":"https:\/\/naturvernforbundet.no\/moreogromsdal\/wp-json\/wp\/v2\/comments?post=2083"}],"version-history":[{"count":0,"href":"https:\/\/naturvernforbundet.no\/moreogromsdal\/wp-json\/wp\/v2\/posts\/2083\/revisions"}],"wp:attachment":[{"href":"https:\/\/naturvernforbundet.no\/moreogromsdal\/wp-json\/wp\/v2\/media?parent=2083"}],"wp:term":[{"taxonomy":"category","embeddable":true,"href":"https:\/\/naturvernforbundet.no\/moreogromsdal\/wp-json\/wp\/v2\/categories?post=2083"},{"taxonomy":"post_tag","embeddable":true,"href":"https:\/\/naturvernforbundet.no\/moreogromsdal\/wp-json\/wp\/v2\/tags?post=2083"},{"taxonomy":"local","embeddable":true,"href":"https:\/\/naturvernforbundet.no\/moreogromsdal\/wp-json\/wp\/v2\/local?post=2083"}],"curies":[{"name":"wp","href":"https:\/\/api.w.org\/{rel}","templated":true}]}}