{"id":2085,"date":"2006-09-04T21:53:00","date_gmt":"2006-09-04T19:53:00","guid":{"rendered":"https:\/\/naturvernforbundet.no\/moreogromsdal\/naturvernforbundet-vil-gjerne-mote-bjornoy\/"},"modified":"2006-09-04T21:53:00","modified_gmt":"2006-09-04T19:53:00","slug":"naturvernforbundet-vil-gjerne-mote-bjornoy","status":"publish","type":"post","link":"https:\/\/naturvernforbundet.no\/moreogromsdal\/naturvernforbundet-vil-gjerne-mote-bjornoy\/","title":{"rendered":"Naturvernforbundet vil gjerne m\u00f8te Bj\u00f8rn\u00f8y"},"content":{"rendered":"\t<div class=\"template-post alignfull wp-block-naturvern-hero\">\n\t\t<div class=\"hero__inner\">\n\t\t\t<div class=\"hero__inner_blocks\">\n\t\t\t\t\t\t\t\t\n\t\t\t\t\t<h1 class=\"wp-block-post-title\">Naturvernforbundet vil gjerne m\u00f8te Bj\u00f8rn\u00f8y<\/h1>\n\n\t\t\t\t\t<div class=\"wp-block-post-excerpt\"><p class=\"wp-block-post-excerpt__excerpt\">Epost til milj\u00f8vernministeren 4. september 2006. <\/p><\/div>\n\n\t\t\t\t\t\n\n\t\t\t\t\t<div class=\"wp-block-naturvern-byline\">\n\t\t\t<div class=\"authors\">By <span class=\"t2-byline__author-link\">Artikkelimport\u00f8r<\/span><\/div>\n\t\t\t<small class=\"entry-date\">04.09.2006 21:53<\/small>\n\t\t<\/div>\n\t\t\t\t\t\t\t\t<\/div>\n\t\t\t\t\t<\/div>\n\t\t\t<\/div>\n\t\n<p>Ut fr\u00e5 vekeplanen til milj\u00f8vernministeren kan vi sj\u00e5 at det er ulike interesser som \u00f8nskjer \u00e5 melde inn tema n\u00e5r det gjeld planane om Reinheimen nasjonalpark. \n \nNaturvernforbundet i M\u00f8re og Romsdal og Naturvernforbundet i Oppland har ogs\u00e5 sterke interesser i denne saka, men vi har nok ikkje h\u00f8ve til \u00e5 reise til Oslo for \u00e5 promotere dei nett no. \n \nDersom milj\u00f8vernministeren er p\u00e5 v\u00e5re kantar kan vi derimot godt tenke oss eit m\u00f8te om desse nasjonalparkplanane. \n \nVi legg ved uttalen v\u00e5r til saka.\n<\/p>\n\n\n\n<p>Med vennleg helsing\n<br> \n\u00d8ystein Solev\u00e5g<br>Naturvernforbundet i M\u00f8re og Romsdal<br>Epost <a href=\"mailto:moreromsdal@naturvern.no\">moreromsdal(a)naturvern.no<\/a>\nInternett <a href=\"\/moreromsdal\">www.naturvern.no\/moreromsdal<\/a><br><\/p>\n\n\n\n<blockquote dir=\"ltr\"><h1 align=\"left\">Milj\u00f8vernministerens kalender<\/h1><p><a name=\"dok1.0.1\"><\/a><a name=\"dok.ing.0.1\"><\/a><\/p><h3 align=\"left\"><img decoding=\"async\" alt=\"Milj\u00f8vernminister\nHelen Bj\u00f8rn\u00f8y. Foto: Kirkens Bymisjon\" hspace=\"2\" src=\"http:\/\/odin.dep.no\/filarkiv\/260605\/Helen_Bjornoy110.jpg\" align=\"left\" vspace=\"2\" border=\"0\"><\/h3><p><a name=\"dok1.0.2\"><\/a><a name=\"dok.ing.0.2\"><\/a><\/p><h3 align=\"left\">Milj\u00f8vernministerens ukeplan<\/h3><p><a name=\"dok1.0.3\"><\/a><a name=\"dok.ing.0.3\"><\/a><\/p><h3 align=\"left\">Uke 36 &#8211; 37<\/h3><p align=\"left\"><i>Statsministeren og statsr\u00e5dene har f\u00f8lgende faste poster i sine ukeprogram: Regjeringskonferanse p\u00e5 Statsministerens kontor mandag og torsdag kl 12.15 og Statsr\u00e5dets m\u00f8te p\u00e5 slottet fredag kl 11.00.<\/i><i><\/i>\n<\/p><p align=\"left\">05. september \n\n<\/p><p align=\"left\">Milj\u00f8vernminister Helen Bj\u00f8rn\u00f8y bes\u00f8ker Norsk institutt for by- og regionforskning (NIBR). \n\n\n<\/p><p align=\"left\">05. september\n\n<\/p><p align=\"left\">Statsr\u00e5den m\u00f8ter representanter fra Sametinget for \u00e5 diskutere bl.a. nasjonalparker i samiske omr\u00e5der. M\u00f8tet finner sted kl. 12.00 i Milj\u00f8verndepartementet. \n\n\n<\/p><p align=\"left\">05. september\n\n<\/p><p align=\"left\">Representanter fra Norddal kommune m\u00f8ter milj\u00f8vernministeren for \u00e5 dr\u00f8fte planforsalget i \u00f8vre del av Valldal. \n\n\n<\/p><p align=\"left\">05. september\n\n<\/p><p align=\"left\">Helen Bj\u00f8rn\u00f8y m\u00f8ter Kontaktutvalget for Reinheimen (KUR), kl. 14.00 p\u00e5 statsr\u00e5dens kontor. \n\n\n<\/p><p align=\"left\">05. september\n\n<\/p><p align=\"left\">Milj\u00f8vernminister Helen Bj\u00f8rn\u00f8y m\u00f8ter styret og prosjektleder for prosjektet &laquo;Villreinfangsten som verdensarv&raquo;, kl. 15.00. \n\n\n<\/p><p align=\"left\">05. september\n\n<\/p><p align=\"left\">Al Gore kommer til Norge 5. september for \u00e5 presentere sin film \u201dAn Inconvenient Truth&raquo; som har Norges-premiere 8. september. Milj\u00f8verndepartementet og filmselskapet UIP, United International Pictures, har invitert representanter fra milj\u00f8bevegelsen, media, forskningsmilj\u00f8er, n\u00e6ringsliv og det offentlige samt politikere til en visning av filmen p\u00e5 Frogner kino i Oslo, 5. september. Etter filmen vil Al Gore svare p\u00e5 noen sp\u00f8rsm\u00e5l. \n<\/p><p align=\"left\">Om kvelden holder Regjeringen mottagelse for Al Gore i Regjeringens representasjonsbolig i Parkveien, der statsminister Jens Stoltenberg er vert. \n\n\n<\/p><p align=\"left\">06. september\n\n<\/p><p align=\"left\">Statsministeren og milj\u00f8vernministeren skal ha samtaler med Al Gore p\u00e5 statsministerens kontor. Det blir en fotomulighet ved begynnelsen av m\u00f8tet kl. 09.00. \n\n\n<\/p><p align=\"left\">06.september\n\n<\/p><p align=\"left\">Statsr\u00e5d Helen Bj\u00f8rn\u00f8y lederen av Mellomkirkelig r\u00e5d, Olav Fyksetveit, vedr verdens milj\u00f8dag 2007. \n\n\n<\/p><p align=\"left\">07. september\n\n<\/p><p align=\"left\">Helen Bj\u00f8rn\u00f8y m\u00f8ter Lena Ek torsdag den 7. september, kl. 11.00 p\u00e5 statsr\u00e5den kontor. Hensikten er \u00e5 diskutere det nye europeiske kjemikalieregelverket, REACH, og formidle norsk synspunkter p\u00e5 dette. Lena Ek er medlem av Europaparlamentet og leder diskusjonene om REACH i parlamentets industrikomite, en komite som har en viktig rolle i 2. gangs behandling av REACH-forslaget i Europaparlamentet. \n\n\n<\/p><p align=\"left\">07. september\n\n<\/p><p align=\"left\">Helen Bj\u00f8rn\u00f8y m\u00f8ter representanter fra Forsand kommune for \u00e5 bli orientert om en konflikt mellom vern av gravhauger p\u00e5 Forsandmoen og lokale planer om utvidelse av grusuttak. \n\n\n<\/p><p align=\"left\">08. september\n\n<\/p><p align=\"left\">Statsr\u00e5den m\u00f8ter representanter fra WWF, Sabima og Norsk Industri om naturmangfold. \n\n\n<\/p><p align=\"left\">08. september\n\n<\/p><p align=\"left\">Statsr\u00e5d Helen Bj\u00f8rn\u00f8y holder sammen med Friluftslivets fellesorganisasjon (FRIFO) et miniseminar i R-5 fra kl.12.30 &#8211; 14.00 om &laquo;Friluftslivets \u00e5r 2005 og veien videre&raquo;.  En fersk evalueringsrapport vil bli offentliggjort. Arrangementet er \u00e5pent for pressen. \n\n\n<\/p><p align=\"left\">11. september\n\n<\/p><p align=\"left\">Milj\u00f8vernministeren bes\u00f8ker Norges vassdrags- og energidirektorat sammen med olje- og energiminister Odd Roger En\u00f8ksen. NVE vil bl.a. orientere generelt om NVEs forvaltning, og spesielt om kraftsituasjonen. \n\n\n<\/p><p align=\"left\">11. september\n\n<\/p><p align=\"left\">Milj\u00f8vernminister Helen Bj\u00f8rn\u00f8y mottar en delegasjon fra milj\u00f8myndighetene i provinsen Guizhou i Kina, der Statens forurensningstilsyn gjennomf\u00f8rer et prosjekt innen forurensningskontroll. Bj\u00f8rn\u00f8y vil bes\u00f8ke denne provinsen p\u00e5 sin reise til Kina i uke 39. M\u00f8tet finner sted i Milj\u00f8verndepartementet kl. 10.45. \n\n\n<\/p><p align=\"left\">12.september\n\n<\/p><p align=\"left\">Milj\u00f8vernministeren er invitert av Statoil til \u00e5 bes\u00f8ke Sleipnerplattformen. Hun vil blant annet f\u00e5 orienteringer om CO2-seperasjon og deponering p\u00e5 Sleipner. Statoil vil kvelden f\u00f8r ta opp aktuelle saker, som Statoils felles CO2-prosjekt med Shell, biodrivstoff for transportsektoren og varmekraftverket p\u00e5 Mongstad. \n\n\n<\/p><p align=\"left\">13. september\n\n<\/p><p align=\"left\">Milj\u00f8vernminister Helen Bj\u00f8rn\u00f8y deler ut Bymilj\u00f8prisen som i \u00e5r g\u00e5r til Stavanger og Sandnes. Utdelingen skjer i Sandnes. <\/p><table cellspacing=\"0\" cellpadding=\"0\" border=\"0\">\n\n\n \n \n\n\n<\/table><p align=\"left\"><b>Kontaktperson: <br clear=\"all\"><\/b>Informasjonssjef Eva Nordvik, tlf 22 24 57 18 eller mobil 90 99 66 72\n<\/p><p><a href=\"http:\/\/odin.dep.no\/md\/norsk\/aktuelt\/pressesenter\/kalender\/022011-990023\/dok-bn.html\">http:\/\/odin.dep.no\/md\/norsk\/aktuelt\/pressesenter\/kalender\/022011-990023\/dok-bn.html<\/a><br>  \n<strong>Naturvernforbundet st\u00f8tter forslaget om opprettelsen av Reinheimen nasjonalpark<\/strong>\n<strong>Forslag til vernebestemmelser og forvaltningsplan for Reinheimen i fylkene Oppland og M\u00f8re og Romsdal har v\u00e6rt ute p\u00e5 h\u00f8ring. Naturvernforbundet st\u00f8tter forslaget om opprettelsen av Reinheimen nasjonalpark og de seks tilgrensende landskapsvernomr\u00e5dene. \u2013 Dette vil v\u00e6re den absolutt beste m\u00e5ten \u00e5 sikre et av det aller st\u00f8rste ur\u00f8rte naturomr\u00e5dene i S\u00f8r-Norge mot \u00f8deleggelser og st\u00f8y, sier Erik Solheim, leder i Norges Naturvernforbund.<\/strong>\n<\/p><figure><img loading=\"lazy\" decoding=\"async\" height=\"6\" src=\"\/themes\/nnv\/imakergrf\/pix.gif\" width=\"1\"><\/figure><p><img loading=\"lazy\" decoding=\"async\" height=\"1\" src=\"\/themes\/nnv\/imakergrf\/pix.gif\" width=\"1\"><\/p><p>\n03.12.2004<br><img loading=\"lazy\" decoding=\"async\" height=\"1\" src=\"\/themes\/nnv\/imakergrf\/pix.gif\" width=\"1\"><br><\/p><table cellspacing=\"0\" cellpadding=\"0\" width=\"100%\" border=\"0\">\n\n\n\n\n\n\n<\/table><p><img loading=\"lazy\" decoding=\"async\" height=\"6\" src=\"\/themes\/nnv\/imakergrf\/pix.gif\" width=\"1\"><br><\/p><p>Den nye nasjonalparken m\u00e5 forvaltes med det for \u00f8yet \u00e5 sikre nasjonale og internasjonale naturverdier. Av den grunn mener Naturvernforbundet at staten ved fylkesmannsembetet m\u00e5 v\u00e6re forvaltningsmyndighet i nasjonalparken. I materialet som er sendt ut p\u00e5 h\u00f8ring, foresl\u00e5s det som et alternativ \u00e5 gi kommunene forvaltningsmyndighet i nasjonalparken. \u2013 Naturvernforbundet er skeptisk til dette s\u00e5 lenge en slik forvaltningsmodell ikke er konkretisert, og s\u00e5 lenge det ikke er presisert n\u00e6rmere hvordan kommunene skal ivareta nasjonal naturvernm\u00e5l, noe som er hovedhensikten med opprettelsen av nasjonalparken, sier Solheim. \n<\/p><p>Naturvernforbundet mener staten b\u00f8r inn med betydelige midler slik at tradisjonelle driftsformer som for eksempel setring, beiting og sl\u00e5tt kan videref\u00f8res i de foresl\u00e5tte landskapsvernomr\u00e5dene. Dette gjelder ogs\u00e5 midler til sikring av eksisterende bygningsmasse. \u2013 Det er viktig at tradisjonelle driftsformer blir videref\u00f8rt ettersom flere dyre- og planterater er avhengige av slik drift. Det er ogs\u00e5 viktig \u00e5 presisere at slike st\u00f8tteordninger m\u00e5 demme opp for moderniserte driftsformer, som kan virke \u00f8deleggende p\u00e5 naturverdiene, avslutter Solheim.<u><\/u> \n<\/p><p><u>For mer informasjon, kontakt:<br><\/u>Erik Solheim, leder i Norges Naturvernforbund Tlf. privat: 57 72 45 31 Tlf. mobil: 95 25 69 50 \n<a>Les h\u00f8ringsuttalelsen<\/a><br><\/p><table cellspacing=\"0\" cellpadding=\"0\" border=\"0\">\n\n\n\n<\/table><p><a>Les artikkel om gjengroing<\/a><br><\/p><table cellspacing=\"0\" cellpadding=\"0\" border=\"0\">\n\n\n\n<\/table><p><a>Les opprop om nasjonalparker og reiseliv<\/a><\/p><table cellspacing=\"0\" cellpadding=\"0\" border=\"0\">\n\n\n\n<\/table><p><a href=\"\/cgi-bin\/naturvern\/imaker?id=24844\">\/cgi-bin\/naturvern\/imaker?id=24844<\/a><\/p><\/blockquote>\n","protected":false},"excerpt":{"rendered":"<p>Epost til milj\u00f8vernministeren 4. september 2006.<\/p>\n","protected":false},"author":38,"featured_media":0,"comment_status":"closed","ping_status":"closed","sticky":false,"template":"","format":"standard","meta":{"_relevanssi_hide_post":"","_relevanssi_hide_content":"","_relevanssi_pin_for_all":"","_relevanssi_pin_keywords":"","_relevanssi_unpin_keywords":"","_relevanssi_related_keywords":"","_relevanssi_related_include_ids":"","_relevanssi_related_exclude_ids":"","_relevanssi_related_no_append":"","_relevanssi_related_not_related":"","_relevanssi_related_posts":"","_relevanssi_noindex_reason":"","hide_logo":false,"footnotes":""},"categories":[16],"tags":[],"local":[],"class_list":["post-2085","post","type-post","status-publish","format-standard","hentry","category-naturmangfold"],"acf":[],"yoast_head":"<!-- This site is optimized with the Yoast SEO plugin v24.9 - https:\/\/yoast.com\/wordpress\/plugins\/seo\/ -->\n<title>Naturvernforbundet vil gjerne m\u00f8te Bj\u00f8rn\u00f8y - M\u00f8re og Romsdal<\/title>\n<meta name=\"robots\" content=\"index, follow, max-snippet:-1, max-image-preview:large, max-video-preview:-1\" \/>\n<link rel=\"canonical\" href=\"https:\/\/naturvernforbundet.no\/moreogromsdal\/naturvernforbundet-vil-gjerne-mote-bjornoy\/\" \/>\n<meta property=\"og:locale\" content=\"nb_NO\" \/>\n<meta property=\"og:type\" content=\"article\" \/>\n<meta property=\"og:title\" content=\"Naturvernforbundet vil gjerne m\u00f8te Bj\u00f8rn\u00f8y - M\u00f8re og Romsdal\" \/>\n<meta property=\"og:description\" content=\"Epost til milj\u00f8vernministeren 4. september 2006.\" \/>\n<meta property=\"og:url\" content=\"https:\/\/naturvernforbundet.no\/moreogromsdal\/naturvernforbundet-vil-gjerne-mote-bjornoy\/\" \/>\n<meta property=\"og:site_name\" content=\"M\u00f8re og Romsdal\" \/>\n<meta property=\"article:published_time\" content=\"2006-09-04T19:53:00+00:00\" \/>\n<meta property=\"og:image\" content=\"http:\/\/odin.dep.no\/filarkiv\/260605\/Helen_Bjornoy110.jpg\" \/>\n<meta name=\"author\" content=\"Artikkelimport\u00f8r\" \/>\n<meta name=\"twitter:card\" content=\"summary_large_image\" \/>\n<meta name=\"twitter:label1\" content=\"Skrevet av\" \/>\n\t<meta name=\"twitter:data1\" content=\"Artikkelimport\u00f8r\" \/>\n\t<meta name=\"twitter:label2\" content=\"Ansl. lesetid\" \/>\n\t<meta name=\"twitter:data2\" content=\"5 minutter\" \/>\n<script type=\"application\/ld+json\" class=\"yoast-schema-graph\">{\"@context\":\"https:\/\/schema.org\",\"@graph\":[{\"@type\":\"WebPage\",\"@id\":\"https:\/\/naturvernforbundet.no\/moreogromsdal\/naturvernforbundet-vil-gjerne-mote-bjornoy\/\",\"url\":\"https:\/\/naturvernforbundet.no\/moreogromsdal\/naturvernforbundet-vil-gjerne-mote-bjornoy\/\",\"name\":\"Naturvernforbundet vil gjerne m\u00f8te Bj\u00f8rn\u00f8y - M\u00f8re og Romsdal\",\"isPartOf\":{\"@id\":\"https:\/\/naturvernforbundet.no\/moreogromsdal\/#website\"},\"primaryImageOfPage\":{\"@id\":\"https:\/\/naturvernforbundet.no\/moreogromsdal\/naturvernforbundet-vil-gjerne-mote-bjornoy\/#primaryimage\"},\"image\":{\"@id\":\"https:\/\/naturvernforbundet.no\/moreogromsdal\/naturvernforbundet-vil-gjerne-mote-bjornoy\/#primaryimage\"},\"thumbnailUrl\":\"http:\/\/odin.dep.no\/filarkiv\/260605\/Helen_Bjornoy110.jpg\",\"datePublished\":\"2006-09-04T19:53:00+00:00\",\"author\":{\"@id\":\"https:\/\/naturvernforbundet.no\/moreogromsdal\/#\/schema\/person\/c72f198205979084bf071deedb6205f4\"},\"breadcrumb\":{\"@id\":\"https:\/\/naturvernforbundet.no\/moreogromsdal\/naturvernforbundet-vil-gjerne-mote-bjornoy\/#breadcrumb\"},\"inLanguage\":\"nb-NO\",\"potentialAction\":[{\"@type\":\"ReadAction\",\"target\":[\"https:\/\/naturvernforbundet.no\/moreogromsdal\/naturvernforbundet-vil-gjerne-mote-bjornoy\/\"]}]},{\"@type\":\"ImageObject\",\"inLanguage\":\"nb-NO\",\"@id\":\"https:\/\/naturvernforbundet.no\/moreogromsdal\/naturvernforbundet-vil-gjerne-mote-bjornoy\/#primaryimage\",\"url\":\"http:\/\/odin.dep.no\/filarkiv\/260605\/Helen_Bjornoy110.jpg\",\"contentUrl\":\"http:\/\/odin.dep.no\/filarkiv\/260605\/Helen_Bjornoy110.jpg\"},{\"@type\":\"BreadcrumbList\",\"@id\":\"https:\/\/naturvernforbundet.no\/moreogromsdal\/naturvernforbundet-vil-gjerne-mote-bjornoy\/#breadcrumb\",\"itemListElement\":[{\"@type\":\"ListItem\",\"position\":1,\"name\":\"Till naturvernforbundet.no\",\"item\":\"https:\/\/naturvernforbundet.no\/\"},{\"@type\":\"ListItem\",\"position\":2,\"name\":\"M\u00f8re og Romsdal\",\"item\":\"https:\/\/naturvernforbundet.no\/moreogromsdal\/\"},{\"@type\":\"ListItem\",\"position\":3,\"name\":\"Naturvernforbundet vil gjerne m\u00f8te Bj\u00f8rn\u00f8y\"}]},{\"@type\":\"WebSite\",\"@id\":\"https:\/\/naturvernforbundet.no\/moreogromsdal\/#website\",\"url\":\"https:\/\/naturvernforbundet.no\/moreogromsdal\/\",\"name\":\"M\u00f8re og Romsdal\",\"description\":\"Bare enda et Naturvernforbundet Sites-nettsted\",\"potentialAction\":[{\"@type\":\"SearchAction\",\"target\":{\"@type\":\"EntryPoint\",\"urlTemplate\":\"https:\/\/naturvernforbundet.no\/moreogromsdal\/?s={search_term_string}\"},\"query-input\":{\"@type\":\"PropertyValueSpecification\",\"valueRequired\":true,\"valueName\":\"search_term_string\"}}],\"inLanguage\":\"nb-NO\"},{\"@type\":\"Person\",\"@id\":\"https:\/\/naturvernforbundet.no\/moreogromsdal\/#\/schema\/person\/c72f198205979084bf071deedb6205f4\",\"name\":\"Artikkelimport\u00f8r\",\"image\":{\"@type\":\"ImageObject\",\"inLanguage\":\"nb-NO\",\"@id\":\"https:\/\/naturvernforbundet.no\/moreogromsdal\/#\/schema\/person\/image\/\",\"url\":\"https:\/\/secure.gravatar.com\/avatar\/015fa491b9ed1c823ef16a5c930294d1?s=96&d=mm&r=g\",\"contentUrl\":\"https:\/\/secure.gravatar.com\/avatar\/015fa491b9ed1c823ef16a5c930294d1?s=96&d=mm&r=g\",\"caption\":\"Artikkelimport\u00f8r\"},\"url\":\"https:\/\/naturvernforbundet.no\/moreogromsdal\/author\/artikkelimportor\/\"}]}<\/script>\n<!-- \/ Yoast SEO plugin. -->","yoast_head_json":{"title":"Naturvernforbundet vil gjerne m\u00f8te Bj\u00f8rn\u00f8y - M\u00f8re og Romsdal","robots":{"index":"index","follow":"follow","max-snippet":"max-snippet:-1","max-image-preview":"max-image-preview:large","max-video-preview":"max-video-preview:-1"},"canonical":"https:\/\/naturvernforbundet.no\/moreogromsdal\/naturvernforbundet-vil-gjerne-mote-bjornoy\/","og_locale":"nb_NO","og_type":"article","og_title":"Naturvernforbundet vil gjerne m\u00f8te Bj\u00f8rn\u00f8y - M\u00f8re og Romsdal","og_description":"Epost til milj\u00f8vernministeren 4. september 2006.","og_url":"https:\/\/naturvernforbundet.no\/moreogromsdal\/naturvernforbundet-vil-gjerne-mote-bjornoy\/","og_site_name":"M\u00f8re og Romsdal","article_published_time":"2006-09-04T19:53:00+00:00","og_image":[{"url":"http:\/\/odin.dep.no\/filarkiv\/260605\/Helen_Bjornoy110.jpg","type":"","width":"","height":""}],"author":"Artikkelimport\u00f8r","twitter_card":"summary_large_image","twitter_misc":{"Skrevet av":"Artikkelimport\u00f8r","Ansl. lesetid":"5 minutter"},"schema":{"@context":"https:\/\/schema.org","@graph":[{"@type":"WebPage","@id":"https:\/\/naturvernforbundet.no\/moreogromsdal\/naturvernforbundet-vil-gjerne-mote-bjornoy\/","url":"https:\/\/naturvernforbundet.no\/moreogromsdal\/naturvernforbundet-vil-gjerne-mote-bjornoy\/","name":"Naturvernforbundet vil gjerne m\u00f8te Bj\u00f8rn\u00f8y - M\u00f8re og Romsdal","isPartOf":{"@id":"https:\/\/naturvernforbundet.no\/moreogromsdal\/#website"},"primaryImageOfPage":{"@id":"https:\/\/naturvernforbundet.no\/moreogromsdal\/naturvernforbundet-vil-gjerne-mote-bjornoy\/#primaryimage"},"image":{"@id":"https:\/\/naturvernforbundet.no\/moreogromsdal\/naturvernforbundet-vil-gjerne-mote-bjornoy\/#primaryimage"},"thumbnailUrl":"http:\/\/odin.dep.no\/filarkiv\/260605\/Helen_Bjornoy110.jpg","datePublished":"2006-09-04T19:53:00+00:00","author":{"@id":"https:\/\/naturvernforbundet.no\/moreogromsdal\/#\/schema\/person\/c72f198205979084bf071deedb6205f4"},"breadcrumb":{"@id":"https:\/\/naturvernforbundet.no\/moreogromsdal\/naturvernforbundet-vil-gjerne-mote-bjornoy\/#breadcrumb"},"inLanguage":"nb-NO","potentialAction":[{"@type":"ReadAction","target":["https:\/\/naturvernforbundet.no\/moreogromsdal\/naturvernforbundet-vil-gjerne-mote-bjornoy\/"]}]},{"@type":"ImageObject","inLanguage":"nb-NO","@id":"https:\/\/naturvernforbundet.no\/moreogromsdal\/naturvernforbundet-vil-gjerne-mote-bjornoy\/#primaryimage","url":"http:\/\/odin.dep.no\/filarkiv\/260605\/Helen_Bjornoy110.jpg","contentUrl":"http:\/\/odin.dep.no\/filarkiv\/260605\/Helen_Bjornoy110.jpg"},{"@type":"BreadcrumbList","@id":"https:\/\/naturvernforbundet.no\/moreogromsdal\/naturvernforbundet-vil-gjerne-mote-bjornoy\/#breadcrumb","itemListElement":[{"@type":"ListItem","position":1,"name":"Till naturvernforbundet.no","item":"https:\/\/naturvernforbundet.no\/"},{"@type":"ListItem","position":2,"name":"M\u00f8re og Romsdal","item":"https:\/\/naturvernforbundet.no\/moreogromsdal\/"},{"@type":"ListItem","position":3,"name":"Naturvernforbundet vil gjerne m\u00f8te Bj\u00f8rn\u00f8y"}]},{"@type":"WebSite","@id":"https:\/\/naturvernforbundet.no\/moreogromsdal\/#website","url":"https:\/\/naturvernforbundet.no\/moreogromsdal\/","name":"M\u00f8re og Romsdal","description":"Bare enda et Naturvernforbundet Sites-nettsted","potentialAction":[{"@type":"SearchAction","target":{"@type":"EntryPoint","urlTemplate":"https:\/\/naturvernforbundet.no\/moreogromsdal\/?s={search_term_string}"},"query-input":{"@type":"PropertyValueSpecification","valueRequired":true,"valueName":"search_term_string"}}],"inLanguage":"nb-NO"},{"@type":"Person","@id":"https:\/\/naturvernforbundet.no\/moreogromsdal\/#\/schema\/person\/c72f198205979084bf071deedb6205f4","name":"Artikkelimport\u00f8r","image":{"@type":"ImageObject","inLanguage":"nb-NO","@id":"https:\/\/naturvernforbundet.no\/moreogromsdal\/#\/schema\/person\/image\/","url":"https:\/\/secure.gravatar.com\/avatar\/015fa491b9ed1c823ef16a5c930294d1?s=96&d=mm&r=g","contentUrl":"https:\/\/secure.gravatar.com\/avatar\/015fa491b9ed1c823ef16a5c930294d1?s=96&d=mm&r=g","caption":"Artikkelimport\u00f8r"},"url":"https:\/\/naturvernforbundet.no\/moreogromsdal\/author\/artikkelimportor\/"}]}},"_links":{"self":[{"href":"https:\/\/naturvernforbundet.no\/moreogromsdal\/wp-json\/wp\/v2\/posts\/2085","targetHints":{"allow":["GET"]}}],"collection":[{"href":"https:\/\/naturvernforbundet.no\/moreogromsdal\/wp-json\/wp\/v2\/posts"}],"about":[{"href":"https:\/\/naturvernforbundet.no\/moreogromsdal\/wp-json\/wp\/v2\/types\/post"}],"author":[{"embeddable":true,"href":"https:\/\/naturvernforbundet.no\/moreogromsdal\/wp-json\/wp\/v2\/users\/38"}],"replies":[{"embeddable":true,"href":"https:\/\/naturvernforbundet.no\/moreogromsdal\/wp-json\/wp\/v2\/comments?post=2085"}],"version-history":[{"count":0,"href":"https:\/\/naturvernforbundet.no\/moreogromsdal\/wp-json\/wp\/v2\/posts\/2085\/revisions"}],"wp:attachment":[{"href":"https:\/\/naturvernforbundet.no\/moreogromsdal\/wp-json\/wp\/v2\/media?parent=2085"}],"wp:term":[{"taxonomy":"category","embeddable":true,"href":"https:\/\/naturvernforbundet.no\/moreogromsdal\/wp-json\/wp\/v2\/categories?post=2085"},{"taxonomy":"post_tag","embeddable":true,"href":"https:\/\/naturvernforbundet.no\/moreogromsdal\/wp-json\/wp\/v2\/tags?post=2085"},{"taxonomy":"local","embeddable":true,"href":"https:\/\/naturvernforbundet.no\/moreogromsdal\/wp-json\/wp\/v2\/local?post=2085"}],"curies":[{"name":"wp","href":"https:\/\/api.w.org\/{rel}","templated":true}]}}