{"id":2110,"date":"2006-04-10T12:14:00","date_gmt":"2006-04-10T10:14:00","guid":{"rendered":"https:\/\/naturvernforbundet.no\/moreogromsdal\/naturvernforbundet-vil-ikkje-ha-haugshornet-vindpark\/"},"modified":"2006-04-10T12:14:00","modified_gmt":"2006-04-10T10:14:00","slug":"naturvernforbundet-vil-ikkje-ha-haugshornet-vindpark","status":"publish","type":"post","link":"https:\/\/naturvernforbundet.no\/moreogromsdal\/naturvernforbundet-vil-ikkje-ha-haugshornet-vindpark\/","title":{"rendered":"Naturvernforbundet vil ikkje ha Haugshornet vindpark"},"content":{"rendered":"\t<div class=\"template-post alignfull wp-block-naturvern-hero\">\n\t\t<div class=\"hero__inner\">\n\t\t\t<div class=\"hero__inner_blocks\">\n\t\t\t\t\t\t\t\t\n\t\t\t\t\t<h1 class=\"wp-block-post-title\">Naturvernforbundet vil ikkje ha Haugshornet vindpark<\/h1>\n\n\t\t\t\t\t<div class=\"wp-block-post-excerpt\"><p class=\"wp-block-post-excerpt__excerpt\">Naturvernforbundet konkluderer med at inngrepet som Haugshornet vindpark representerer vil ha for alvorlege konsekvensar til at det kan gjennomf\u00f8rast. Naturvernforbundet meiner dessutan at det er n\u00f8dvendig \u00e5 f\u00e5 utarbeidd fylkesvis vurdering av kva areal som skal vere fri for denne typen inngrep, og antar at omr\u00e5det mellom Stad og Runde sannsynlegvis vil kome ut som&hellip; <\/p><\/div>\n\n\t\t\t\t\t\n\n\t\t\t\t\t<div class=\"wp-block-naturvern-byline\">\n\t\t\t<div class=\"authors\">By <span class=\"t2-byline__author-link\">Artikkelimport\u00f8r<\/span><\/div>\n\t\t\t<small class=\"entry-date\">10.04.2006 12:14<\/small>\n\t\t<\/div>\n\t\t\t\t\t\t\t\t<\/div>\n\t\t\t\t\t<\/div>\n\t\t\t<\/div>\n\t\n<p>Naturvernforbundet i M\u00f8re og Romsdal meiner b\u00e5de verknadene p\u00e5 fugl, friluftsliv, landskap og ur\u00f8rt natur er for alvorlege til at tiltaket kan aksepterast. \n<\/p>\n\n\n\n<p>Elles er Naturvernforbundet kritiske til Norsk Hydro sine lettvinte p\u00e5stander om at vindkraft erstatter kolkraft. Naturvernforbundet ber Hydro slutte med denne typen rosemaling. \n<\/p>\n\n\n\n<p><em>Fylkesleiar \u00d8ystein Folden i Naturvernforbundet har telefon 91 81 25 42.<\/em> \n<a>Ja, dette er ein viktig sak. Eg vil bli medlem<\/a><br><\/p>\n\n\n\n\n\n<p><a>Eg vil gjerne st\u00f8tte arbeidet Naturvernforbundet gj\u00f8r med vindkraft<\/a><\/p>\n\n\n\n\n\n<p><a href=\"\/imakerdata\/f\/0\/83\/48\/0_2401_0\/Hoyringsfraasegn_Haugshornet.pdf\">Les uttalen fr\u00e5 Naturvernforbundet til NVE<\/a><\/p>\n\n\n\n<p><a href=\"\/imakerdata\/f\/0\/83\/52\/9_2401_0\/VoegelRegEnergien.pdf\">Tysk rapport om vindkraft og fugl<\/a><\/p>\n\n\n\n<p><a href=\"\/imakerdata\/f\/0\/88\/72\/4_2401_0\/SRAK_hoyringsut_Haugshornet_Vindpark.pdf\">Uttale fr\u00e5 Landsorganisasjonen Stopp rasering av Kysten<\/a><\/p>\n\n\n\n<p><a href=\"\/imakerdata\/f\/0\/99\/98\/3_2401_0\/011106.pdf\">Uttale fr\u00e5 DNT<\/a><\/p>\n","protected":false},"excerpt":{"rendered":"<p>Naturvernforbundet konkluderer med at inngrepet som Haugshornet vindpark representerer vil ha for alvorlege konsekvensar til at det kan gjennomf\u00f8rast. Naturvernforbundet meiner dessutan at det er n\u00f8dvendig \u00e5 f\u00e5 utarbeidd fylkesvis vurdering av kva areal som skal vere fri for denne typen inngrep, og antar at omr\u00e5det mellom Stad og Runde sannsynlegvis vil kome ut som vindm\u00f8llefri strekning.<\/p>\n","protected":false},"author":38,"featured_media":0,"comment_status":"closed","ping_status":"closed","sticky":false,"template":"","format":"standard","meta":{"_relevanssi_hide_post":"","_relevanssi_hide_content":"","_relevanssi_pin_for_all":"","_relevanssi_pin_keywords":"","_relevanssi_unpin_keywords":"","_relevanssi_related_keywords":"","_relevanssi_related_include_ids":"","_relevanssi_related_exclude_ids":"","_relevanssi_related_no_append":"","_relevanssi_related_not_related":"","_relevanssi_related_posts":"","_relevanssi_noindex_reason":"","hide_logo":false,"footnotes":""},"categories":[25],"tags":[],"local":[],"class_list":["post-2110","post","type-post","status-publish","format-standard","hentry","category-vindkraft"],"acf":[],"yoast_head":"<!-- This site is optimized with the Yoast SEO plugin v24.9 - https:\/\/yoast.com\/wordpress\/plugins\/seo\/ -->\n<title>Naturvernforbundet vil ikkje ha Haugshornet vindpark - M\u00f8re og Romsdal<\/title>\n<meta name=\"robots\" content=\"index, follow, max-snippet:-1, max-image-preview:large, max-video-preview:-1\" \/>\n<link rel=\"canonical\" href=\"https:\/\/naturvernforbundet.no\/moreogromsdal\/naturvernforbundet-vil-ikkje-ha-haugshornet-vindpark\/\" \/>\n<meta property=\"og:locale\" content=\"nb_NO\" \/>\n<meta property=\"og:type\" content=\"article\" \/>\n<meta property=\"og:title\" content=\"Naturvernforbundet vil ikkje ha Haugshornet vindpark - M\u00f8re og Romsdal\" \/>\n<meta property=\"og:description\" content=\"Naturvernforbundet konkluderer med at inngrepet som Haugshornet vindpark representerer vil ha for alvorlege konsekvensar til at det kan gjennomf\u00f8rast. Naturvernforbundet meiner dessutan at det er n\u00f8dvendig \u00e5 f\u00e5 utarbeidd fylkesvis vurdering av kva areal som skal vere fri for denne typen inngrep, og antar at omr\u00e5det mellom Stad og Runde sannsynlegvis vil kome ut som vindm\u00f8llefri strekning.\" \/>\n<meta property=\"og:url\" content=\"https:\/\/naturvernforbundet.no\/moreogromsdal\/naturvernforbundet-vil-ikkje-ha-haugshornet-vindpark\/\" \/>\n<meta property=\"og:site_name\" content=\"M\u00f8re og Romsdal\" \/>\n<meta property=\"article:published_time\" content=\"2006-04-10T10:14:00+00:00\" \/>\n<meta name=\"author\" content=\"Artikkelimport\u00f8r\" \/>\n<meta name=\"twitter:card\" content=\"summary_large_image\" \/>\n<meta name=\"twitter:label1\" content=\"Skrevet av\" \/>\n\t<meta name=\"twitter:data1\" content=\"Artikkelimport\u00f8r\" \/>\n\t<meta name=\"twitter:label2\" content=\"Ansl. lesetid\" \/>\n\t<meta name=\"twitter:data2\" content=\"1 minutt\" \/>\n<script type=\"application\/ld+json\" class=\"yoast-schema-graph\">{\"@context\":\"https:\/\/schema.org\",\"@graph\":[{\"@type\":\"WebPage\",\"@id\":\"https:\/\/naturvernforbundet.no\/moreogromsdal\/naturvernforbundet-vil-ikkje-ha-haugshornet-vindpark\/\",\"url\":\"https:\/\/naturvernforbundet.no\/moreogromsdal\/naturvernforbundet-vil-ikkje-ha-haugshornet-vindpark\/\",\"name\":\"Naturvernforbundet vil ikkje ha Haugshornet vindpark - M\u00f8re og Romsdal\",\"isPartOf\":{\"@id\":\"https:\/\/naturvernforbundet.no\/moreogromsdal\/#website\"},\"datePublished\":\"2006-04-10T10:14:00+00:00\",\"author\":{\"@id\":\"https:\/\/naturvernforbundet.no\/moreogromsdal\/#\/schema\/person\/c72f198205979084bf071deedb6205f4\"},\"breadcrumb\":{\"@id\":\"https:\/\/naturvernforbundet.no\/moreogromsdal\/naturvernforbundet-vil-ikkje-ha-haugshornet-vindpark\/#breadcrumb\"},\"inLanguage\":\"nb-NO\",\"potentialAction\":[{\"@type\":\"ReadAction\",\"target\":[\"https:\/\/naturvernforbundet.no\/moreogromsdal\/naturvernforbundet-vil-ikkje-ha-haugshornet-vindpark\/\"]}]},{\"@type\":\"BreadcrumbList\",\"@id\":\"https:\/\/naturvernforbundet.no\/moreogromsdal\/naturvernforbundet-vil-ikkje-ha-haugshornet-vindpark\/#breadcrumb\",\"itemListElement\":[{\"@type\":\"ListItem\",\"position\":1,\"name\":\"Till naturvernforbundet.no\",\"item\":\"https:\/\/naturvernforbundet.no\/\"},{\"@type\":\"ListItem\",\"position\":2,\"name\":\"M\u00f8re og Romsdal\",\"item\":\"https:\/\/naturvernforbundet.no\/moreogromsdal\/\"},{\"@type\":\"ListItem\",\"position\":3,\"name\":\"Naturvernforbundet vil ikkje ha Haugshornet vindpark\"}]},{\"@type\":\"WebSite\",\"@id\":\"https:\/\/naturvernforbundet.no\/moreogromsdal\/#website\",\"url\":\"https:\/\/naturvernforbundet.no\/moreogromsdal\/\",\"name\":\"M\u00f8re og Romsdal\",\"description\":\"Bare enda et Naturvernforbundet Sites-nettsted\",\"potentialAction\":[{\"@type\":\"SearchAction\",\"target\":{\"@type\":\"EntryPoint\",\"urlTemplate\":\"https:\/\/naturvernforbundet.no\/moreogromsdal\/?s={search_term_string}\"},\"query-input\":{\"@type\":\"PropertyValueSpecification\",\"valueRequired\":true,\"valueName\":\"search_term_string\"}}],\"inLanguage\":\"nb-NO\"},{\"@type\":\"Person\",\"@id\":\"https:\/\/naturvernforbundet.no\/moreogromsdal\/#\/schema\/person\/c72f198205979084bf071deedb6205f4\",\"name\":\"Artikkelimport\u00f8r\",\"image\":{\"@type\":\"ImageObject\",\"inLanguage\":\"nb-NO\",\"@id\":\"https:\/\/naturvernforbundet.no\/moreogromsdal\/#\/schema\/person\/image\/\",\"url\":\"https:\/\/secure.gravatar.com\/avatar\/015fa491b9ed1c823ef16a5c930294d1?s=96&d=mm&r=g\",\"contentUrl\":\"https:\/\/secure.gravatar.com\/avatar\/015fa491b9ed1c823ef16a5c930294d1?s=96&d=mm&r=g\",\"caption\":\"Artikkelimport\u00f8r\"},\"url\":\"https:\/\/naturvernforbundet.no\/moreogromsdal\/author\/artikkelimportor\/\"}]}<\/script>\n<!-- \/ Yoast SEO plugin. -->","yoast_head_json":{"title":"Naturvernforbundet vil ikkje ha Haugshornet vindpark - M\u00f8re og Romsdal","robots":{"index":"index","follow":"follow","max-snippet":"max-snippet:-1","max-image-preview":"max-image-preview:large","max-video-preview":"max-video-preview:-1"},"canonical":"https:\/\/naturvernforbundet.no\/moreogromsdal\/naturvernforbundet-vil-ikkje-ha-haugshornet-vindpark\/","og_locale":"nb_NO","og_type":"article","og_title":"Naturvernforbundet vil ikkje ha Haugshornet vindpark - M\u00f8re og Romsdal","og_description":"Naturvernforbundet konkluderer med at inngrepet som Haugshornet vindpark representerer vil ha for alvorlege konsekvensar til at det kan gjennomf\u00f8rast. Naturvernforbundet meiner dessutan at det er n\u00f8dvendig \u00e5 f\u00e5 utarbeidd fylkesvis vurdering av kva areal som skal vere fri for denne typen inngrep, og antar at omr\u00e5det mellom Stad og Runde sannsynlegvis vil kome ut som vindm\u00f8llefri strekning.","og_url":"https:\/\/naturvernforbundet.no\/moreogromsdal\/naturvernforbundet-vil-ikkje-ha-haugshornet-vindpark\/","og_site_name":"M\u00f8re og Romsdal","article_published_time":"2006-04-10T10:14:00+00:00","author":"Artikkelimport\u00f8r","twitter_card":"summary_large_image","twitter_misc":{"Skrevet av":"Artikkelimport\u00f8r","Ansl. lesetid":"1 minutt"},"schema":{"@context":"https:\/\/schema.org","@graph":[{"@type":"WebPage","@id":"https:\/\/naturvernforbundet.no\/moreogromsdal\/naturvernforbundet-vil-ikkje-ha-haugshornet-vindpark\/","url":"https:\/\/naturvernforbundet.no\/moreogromsdal\/naturvernforbundet-vil-ikkje-ha-haugshornet-vindpark\/","name":"Naturvernforbundet vil ikkje ha Haugshornet vindpark - M\u00f8re og Romsdal","isPartOf":{"@id":"https:\/\/naturvernforbundet.no\/moreogromsdal\/#website"},"datePublished":"2006-04-10T10:14:00+00:00","author":{"@id":"https:\/\/naturvernforbundet.no\/moreogromsdal\/#\/schema\/person\/c72f198205979084bf071deedb6205f4"},"breadcrumb":{"@id":"https:\/\/naturvernforbundet.no\/moreogromsdal\/naturvernforbundet-vil-ikkje-ha-haugshornet-vindpark\/#breadcrumb"},"inLanguage":"nb-NO","potentialAction":[{"@type":"ReadAction","target":["https:\/\/naturvernforbundet.no\/moreogromsdal\/naturvernforbundet-vil-ikkje-ha-haugshornet-vindpark\/"]}]},{"@type":"BreadcrumbList","@id":"https:\/\/naturvernforbundet.no\/moreogromsdal\/naturvernforbundet-vil-ikkje-ha-haugshornet-vindpark\/#breadcrumb","itemListElement":[{"@type":"ListItem","position":1,"name":"Till naturvernforbundet.no","item":"https:\/\/naturvernforbundet.no\/"},{"@type":"ListItem","position":2,"name":"M\u00f8re og Romsdal","item":"https:\/\/naturvernforbundet.no\/moreogromsdal\/"},{"@type":"ListItem","position":3,"name":"Naturvernforbundet vil ikkje ha Haugshornet vindpark"}]},{"@type":"WebSite","@id":"https:\/\/naturvernforbundet.no\/moreogromsdal\/#website","url":"https:\/\/naturvernforbundet.no\/moreogromsdal\/","name":"M\u00f8re og Romsdal","description":"Bare enda et Naturvernforbundet Sites-nettsted","potentialAction":[{"@type":"SearchAction","target":{"@type":"EntryPoint","urlTemplate":"https:\/\/naturvernforbundet.no\/moreogromsdal\/?s={search_term_string}"},"query-input":{"@type":"PropertyValueSpecification","valueRequired":true,"valueName":"search_term_string"}}],"inLanguage":"nb-NO"},{"@type":"Person","@id":"https:\/\/naturvernforbundet.no\/moreogromsdal\/#\/schema\/person\/c72f198205979084bf071deedb6205f4","name":"Artikkelimport\u00f8r","image":{"@type":"ImageObject","inLanguage":"nb-NO","@id":"https:\/\/naturvernforbundet.no\/moreogromsdal\/#\/schema\/person\/image\/","url":"https:\/\/secure.gravatar.com\/avatar\/015fa491b9ed1c823ef16a5c930294d1?s=96&d=mm&r=g","contentUrl":"https:\/\/secure.gravatar.com\/avatar\/015fa491b9ed1c823ef16a5c930294d1?s=96&d=mm&r=g","caption":"Artikkelimport\u00f8r"},"url":"https:\/\/naturvernforbundet.no\/moreogromsdal\/author\/artikkelimportor\/"}]}},"_links":{"self":[{"href":"https:\/\/naturvernforbundet.no\/moreogromsdal\/wp-json\/wp\/v2\/posts\/2110","targetHints":{"allow":["GET"]}}],"collection":[{"href":"https:\/\/naturvernforbundet.no\/moreogromsdal\/wp-json\/wp\/v2\/posts"}],"about":[{"href":"https:\/\/naturvernforbundet.no\/moreogromsdal\/wp-json\/wp\/v2\/types\/post"}],"author":[{"embeddable":true,"href":"https:\/\/naturvernforbundet.no\/moreogromsdal\/wp-json\/wp\/v2\/users\/38"}],"replies":[{"embeddable":true,"href":"https:\/\/naturvernforbundet.no\/moreogromsdal\/wp-json\/wp\/v2\/comments?post=2110"}],"version-history":[{"count":0,"href":"https:\/\/naturvernforbundet.no\/moreogromsdal\/wp-json\/wp\/v2\/posts\/2110\/revisions"}],"wp:attachment":[{"href":"https:\/\/naturvernforbundet.no\/moreogromsdal\/wp-json\/wp\/v2\/media?parent=2110"}],"wp:term":[{"taxonomy":"category","embeddable":true,"href":"https:\/\/naturvernforbundet.no\/moreogromsdal\/wp-json\/wp\/v2\/categories?post=2110"},{"taxonomy":"post_tag","embeddable":true,"href":"https:\/\/naturvernforbundet.no\/moreogromsdal\/wp-json\/wp\/v2\/tags?post=2110"},{"taxonomy":"local","embeddable":true,"href":"https:\/\/naturvernforbundet.no\/moreogromsdal\/wp-json\/wp\/v2\/local?post=2110"}],"curies":[{"name":"wp","href":"https:\/\/api.w.org\/{rel}","templated":true}]}}