{"id":2124,"date":"2006-02-14T20:10:00","date_gmt":"2006-02-14T19:10:00","guid":{"rendered":"https:\/\/naturvernforbundet.no\/moreogromsdal\/naturvernforbundet-pa-pressekonferanse-om-borgundfjorden-onsdag\/"},"modified":"2006-02-14T20:10:00","modified_gmt":"2006-02-14T19:10:00","slug":"naturvernforbundet-pa-pressekonferanse-om-borgundfjorden-onsdag","status":"publish","type":"post","link":"https:\/\/naturvernforbundet.no\/moreogromsdal\/naturvernforbundet-pa-pressekonferanse-om-borgundfjorden-onsdag\/","title":{"rendered":"Naturvernforbundet p\u00e5 pressekonferanse om Borgundfjorden onsdag"},"content":{"rendered":"\t<div class=\"template-post alignfull wp-block-naturvern-hero\">\n\t\t<div class=\"hero__inner\">\n\t\t\t<div class=\"hero__inner_blocks\">\n\t\t\t\t\t\t\t\t\n\t\t\t\t\t<h1 class=\"wp-block-post-title\">Naturvernforbundet p\u00e5 pressekonferanse om Borgundfjorden onsdag<\/h1>\n\n\t\t\t\t\t<div class=\"wp-block-post-excerpt\"><p class=\"wp-block-post-excerpt__excerpt\">Naturvernforbundet i \u00c5lesund og omegn m\u00f8ter opp p\u00e5 pressekonferansen om forurensning i Borgundfjorden. Pressekonferansen holdes p\u00e5 R\u00e5dhuset i \u00c5lesund onsdag 15. februar kl. 1300. <\/p><\/div>\n\n\t\t\t\t\t\n\n\t\t\t\t\t<div class=\"wp-block-naturvern-byline\">\n\t\t\t<div class=\"authors\">By <span class=\"t2-byline__author-link\">Artikkelimport\u00f8r<\/span><\/div>\n\t\t\t<small class=\"entry-date\">14.02.2006 20:10<\/small>\n\t\t<\/div>\n\t\t\t\t\t\t\t\t<\/div>\n\t\t\t\t\t<\/div>\n\t\t\t<\/div>\n\t\n<p>Hensikten med pressekonferansen er todelt. For det f\u00f8rste presenterer Statens forurensningstilsyn to nye rapporter om forurensningssituasjonen. Tidligere er verdens h\u00f8yeste niv\u00e5er av bromerte flammehemmere p\u00e5vist i fjorden. Naturvernforbundet har engasjert seg i denne saken i lang tid, og ser fram til \u00e5 f\u00e5 de nye resultatene p\u00e5 bordet. \n<\/p>\n\n\n\n<p>Det andre hovedtemaet p\u00e5 pressekonferansen er at M\u00f8re og Romsdal fylke presenterer et forslag til en oppryddingsplan for fjorden. Naturvernforbundet er kritisk til m\u00e5ten denne planen har blitt utarbeidet p\u00e5. Til tross for gjentatte foresp\u00f8rsler og st\u00f8tte fra Statens forurensningstilsyn har Naturvernforbundet blitt nektet alle former for innsyn eller deltakelse i dette arbeidet. Det er derfor usikkert om Naturvernforbundet kan ha tillit til fylkets forslag. \n<\/p>\n\n\n\n<p>Det er viktig i denne sammenhengen \u00e5 v\u00e6re klar over at en viktig \u00e5rsak til forurensningsproblemene i fjordene v\u00e5re er at kontrollmyndighetene, Statens forurensningstilsyn, fylkene og kommunene, ikke har gjort jobben sin. N\u00e5r disse myndighetene etterp\u00e5 stenger seg inne p\u00e5 et rom for \u00e5 lage planer, mener Naturvernforbundet det er grunn til \u00e5 f\u00f8lge n\u00f8ye med. \n<\/p>\n\n\n\n<p><i>For \u00e5 komme i kontakt med Naturvernforbundet kan Hildur R\u00f8dst\u00f8l kontaktes p\u00e5 telefon 70 15 42 94 eller <\/i><i>Kjersti Finholt<\/i><i> p\u00e5 telefon 92 29 97 38. Deltakerne kan ogs\u00e5 n\u00e5s p\u00e5 epost alesund(a)naturvern.no. <\/i>\n<i><a>Ja, dette er viktig. Jeg vil bli medlem i Naturvernforbundet<\/a><br><\/i><\/p>\n\n\n\n\n\n<p><i><br>\n<a>Jeg vil gjerne st\u00f8tte Naturvernforbundets arbeid for \u00e5 ta vare p\u00e5 naturen<\/a><\/i><\/p>\n\n\n\n\n\n<p><\/p>\n\n\n\n<p>Invitasjonen til pressekonferanse som har g\u00e5tt ut ser slik ut: \n<\/p>\n\n\n\n<p><b>INFORMASJONSM\u00d8TE PRESSEKONFERANSE<\/b><b> <\/b><\/p>\n\n\n\n\n\n<p>Onsdag den 15. februar 2006 arrangeres det informasjonsm\u00f8te \/ pressekonferanse om milj\u00f8situasjonen i Borgundfjorden basert p\u00e5 unders\u00f8kelsene som ble gjennomf\u00f8rt h\u00f8sten 2005. \n<\/p>\n\n\n\n<p>Tidspunkt: <strong>15.02.2006<\/strong> <strong>kl. 13.00<\/strong> \n<\/p>\n\n\n\n<p>Sted: <strong>\u00c5lesund r\u00e5dhus, m\u00f8terom 463 (lavblokka)<\/strong> \n<\/p>\n\n\n\n<p><strong>Agenda<\/strong> \n<\/p>\n\n\n\n<p>* Kort presentasjon om bakgrunnen for m\u00f8tet \n<\/p>\n\n\n\n<p>* Presentasjon av milj\u00f8unders\u00f8kelsene i Borgundfjorden (&laquo;Tiltaksplan for forurensede sedimenter i Borgundfjorden &#8211; fase 2&raquo; &#8211; NIVA\/Multiconsult, &laquo;Kartlegging av utvalgte milj\u00f8gifter i \u00c5sefjorden og omkringliggende omr\u00e5der&raquo; &#8211; NIVA i samarbeid med NILU, Multiconsult og M\u00f8reforsking, &laquo;Utslipp av bromerte flammehemmere til luft i \u00c5lesund&raquo; &#8211; NILU. \n<\/p>\n\n\n\n<p>* Informasjon om kostholdsr\u00e5d \n<\/p>\n\n\n\n<p>* Tiltaksplaner &#8211; videre arbeid \n<\/p>\n\n\n\n<p>* Tid til sp\u00f8rsm\u00e5l &#8211; dr\u00f8fting \n<\/p>\n\n\n\n<p>Til stede p\u00e5 m\u00f8tet blir: Grete Strand, Jon L. Fuglestad og Reidar Evensen fra Statens forurensningstilsyn (SFT), John Artur Berge fra Norsk institutt for vannforskning (NIVA), Arne Sletta fra Mattilsynet, Kolbj\u00f8rn Meg\u00e5rd, Per Fredrik Brun og Bj\u00f8rn L. Rusken fra M\u00f8re og Romsdal fylke, Morten Ugelvik fra Sula kommune og Gunnar God\u00f8 fra \u00c5lesund kommune.<\/p>\n\n\n\n<p><a href=\"\/imakerdata\/f\/0\/81\/54\/9_2401_0\/Tiltaksplanen.pdf\">Leder i Nytt i uka<\/a><\/p>\n\n\n\n<p><a href=\"\/imakerdata\/f\/0\/80\/11\/0_2401_0\/borgund.pdf\">Sunnm\u00f8rsposten 16. februar 2006<\/a><\/p>\n\n\n\n<p><a href=\"\/imakerdata\/f\/0\/80\/12\/3_2401_0\/5142.pdf\">Tiltaksplanen<\/a><\/p>\n\n\n\n<p><a href=\"\/imakerdata\/f\/0\/80\/12\/4_2401_0\/ta2146.pdf\">Kartlegging av utvalgte milj\u00f8gifter i \u00c5sefjorden og omkringliggende omr\u00e5der.<\/a><\/p>\n\n\n\n<p><a href=\"\/imakerdata\/f\/0\/80\/12\/5_2401_0\/ta2136.pdf\">Utslipp av bromerte flammehemmere til luft i \u00c5lesund<\/a><\/p>\n","protected":false},"excerpt":{"rendered":"<p>Naturvernforbundet i \u00c5lesund og omegn m\u00f8ter opp p\u00e5 pressekonferansen om forurensning i Borgundfjorden. Pressekonferansen holdes p\u00e5 R\u00e5dhuset i \u00c5lesund onsdag 15. februar kl. 1300.<\/p>\n","protected":false},"author":38,"featured_media":0,"comment_status":"closed","ping_status":"closed","sticky":false,"template":"","format":"standard","meta":{"_relevanssi_hide_post":"","_relevanssi_hide_content":"","_relevanssi_pin_for_all":"","_relevanssi_pin_keywords":"","_relevanssi_unpin_keywords":"","_relevanssi_related_keywords":"","_relevanssi_related_include_ids":"","_relevanssi_related_exclude_ids":"","_relevanssi_related_no_append":"","_relevanssi_related_not_related":"","_relevanssi_related_posts":"","_relevanssi_noindex_reason":"","hide_logo":false,"footnotes":""},"categories":[45],"tags":[],"local":[],"class_list":["post-2124","post","type-post","status-publish","format-standard","hentry","category-naturvernforbundet"],"acf":[],"yoast_head":"<!-- This site is optimized with the Yoast SEO plugin v24.9 - https:\/\/yoast.com\/wordpress\/plugins\/seo\/ -->\n<title>Naturvernforbundet p\u00e5 pressekonferanse om Borgundfjorden onsdag - M\u00f8re og Romsdal<\/title>\n<meta name=\"robots\" content=\"index, follow, max-snippet:-1, max-image-preview:large, max-video-preview:-1\" \/>\n<link rel=\"canonical\" href=\"https:\/\/naturvernforbundet.no\/moreogromsdal\/naturvernforbundet-pa-pressekonferanse-om-borgundfjorden-onsdag\/\" \/>\n<meta property=\"og:locale\" content=\"nb_NO\" \/>\n<meta property=\"og:type\" content=\"article\" \/>\n<meta property=\"og:title\" content=\"Naturvernforbundet p\u00e5 pressekonferanse om Borgundfjorden onsdag - M\u00f8re og Romsdal\" \/>\n<meta property=\"og:description\" content=\"Naturvernforbundet i \u00c5lesund og omegn m\u00f8ter opp p\u00e5 pressekonferansen om forurensning i Borgundfjorden. Pressekonferansen holdes p\u00e5 R\u00e5dhuset i \u00c5lesund onsdag 15. februar kl. 1300.\" \/>\n<meta property=\"og:url\" content=\"https:\/\/naturvernforbundet.no\/moreogromsdal\/naturvernforbundet-pa-pressekonferanse-om-borgundfjorden-onsdag\/\" \/>\n<meta property=\"og:site_name\" content=\"M\u00f8re og Romsdal\" \/>\n<meta property=\"article:published_time\" content=\"2006-02-14T19:10:00+00:00\" \/>\n<meta name=\"author\" content=\"Artikkelimport\u00f8r\" \/>\n<meta name=\"twitter:card\" content=\"summary_large_image\" \/>\n<meta name=\"twitter:label1\" content=\"Skrevet av\" \/>\n\t<meta name=\"twitter:data1\" content=\"Artikkelimport\u00f8r\" \/>\n\t<meta name=\"twitter:label2\" content=\"Ansl. lesetid\" \/>\n\t<meta name=\"twitter:data2\" content=\"2 minutter\" \/>\n<script type=\"application\/ld+json\" class=\"yoast-schema-graph\">{\"@context\":\"https:\/\/schema.org\",\"@graph\":[{\"@type\":\"WebPage\",\"@id\":\"https:\/\/naturvernforbundet.no\/moreogromsdal\/naturvernforbundet-pa-pressekonferanse-om-borgundfjorden-onsdag\/\",\"url\":\"https:\/\/naturvernforbundet.no\/moreogromsdal\/naturvernforbundet-pa-pressekonferanse-om-borgundfjorden-onsdag\/\",\"name\":\"Naturvernforbundet p\u00e5 pressekonferanse om Borgundfjorden onsdag - M\u00f8re og Romsdal\",\"isPartOf\":{\"@id\":\"https:\/\/naturvernforbundet.no\/moreogromsdal\/#website\"},\"datePublished\":\"2006-02-14T19:10:00+00:00\",\"author\":{\"@id\":\"https:\/\/naturvernforbundet.no\/moreogromsdal\/#\/schema\/person\/c72f198205979084bf071deedb6205f4\"},\"breadcrumb\":{\"@id\":\"https:\/\/naturvernforbundet.no\/moreogromsdal\/naturvernforbundet-pa-pressekonferanse-om-borgundfjorden-onsdag\/#breadcrumb\"},\"inLanguage\":\"nb-NO\",\"potentialAction\":[{\"@type\":\"ReadAction\",\"target\":[\"https:\/\/naturvernforbundet.no\/moreogromsdal\/naturvernforbundet-pa-pressekonferanse-om-borgundfjorden-onsdag\/\"]}]},{\"@type\":\"BreadcrumbList\",\"@id\":\"https:\/\/naturvernforbundet.no\/moreogromsdal\/naturvernforbundet-pa-pressekonferanse-om-borgundfjorden-onsdag\/#breadcrumb\",\"itemListElement\":[{\"@type\":\"ListItem\",\"position\":1,\"name\":\"Till naturvernforbundet.no\",\"item\":\"https:\/\/naturvernforbundet.no\/\"},{\"@type\":\"ListItem\",\"position\":2,\"name\":\"M\u00f8re og Romsdal\",\"item\":\"https:\/\/naturvernforbundet.no\/moreogromsdal\/\"},{\"@type\":\"ListItem\",\"position\":3,\"name\":\"Naturvernforbundet p\u00e5 pressekonferanse om Borgundfjorden onsdag\"}]},{\"@type\":\"WebSite\",\"@id\":\"https:\/\/naturvernforbundet.no\/moreogromsdal\/#website\",\"url\":\"https:\/\/naturvernforbundet.no\/moreogromsdal\/\",\"name\":\"M\u00f8re og Romsdal\",\"description\":\"Bare enda et Naturvernforbundet Sites-nettsted\",\"potentialAction\":[{\"@type\":\"SearchAction\",\"target\":{\"@type\":\"EntryPoint\",\"urlTemplate\":\"https:\/\/naturvernforbundet.no\/moreogromsdal\/?s={search_term_string}\"},\"query-input\":{\"@type\":\"PropertyValueSpecification\",\"valueRequired\":true,\"valueName\":\"search_term_string\"}}],\"inLanguage\":\"nb-NO\"},{\"@type\":\"Person\",\"@id\":\"https:\/\/naturvernforbundet.no\/moreogromsdal\/#\/schema\/person\/c72f198205979084bf071deedb6205f4\",\"name\":\"Artikkelimport\u00f8r\",\"image\":{\"@type\":\"ImageObject\",\"inLanguage\":\"nb-NO\",\"@id\":\"https:\/\/naturvernforbundet.no\/moreogromsdal\/#\/schema\/person\/image\/\",\"url\":\"https:\/\/secure.gravatar.com\/avatar\/015fa491b9ed1c823ef16a5c930294d1?s=96&d=mm&r=g\",\"contentUrl\":\"https:\/\/secure.gravatar.com\/avatar\/015fa491b9ed1c823ef16a5c930294d1?s=96&d=mm&r=g\",\"caption\":\"Artikkelimport\u00f8r\"},\"url\":\"https:\/\/naturvernforbundet.no\/moreogromsdal\/author\/artikkelimportor\/\"}]}<\/script>\n<!-- \/ Yoast SEO plugin. -->","yoast_head_json":{"title":"Naturvernforbundet p\u00e5 pressekonferanse om Borgundfjorden onsdag - M\u00f8re og Romsdal","robots":{"index":"index","follow":"follow","max-snippet":"max-snippet:-1","max-image-preview":"max-image-preview:large","max-video-preview":"max-video-preview:-1"},"canonical":"https:\/\/naturvernforbundet.no\/moreogromsdal\/naturvernforbundet-pa-pressekonferanse-om-borgundfjorden-onsdag\/","og_locale":"nb_NO","og_type":"article","og_title":"Naturvernforbundet p\u00e5 pressekonferanse om Borgundfjorden onsdag - M\u00f8re og Romsdal","og_description":"Naturvernforbundet i \u00c5lesund og omegn m\u00f8ter opp p\u00e5 pressekonferansen om forurensning i Borgundfjorden. Pressekonferansen holdes p\u00e5 R\u00e5dhuset i \u00c5lesund onsdag 15. februar kl. 1300.","og_url":"https:\/\/naturvernforbundet.no\/moreogromsdal\/naturvernforbundet-pa-pressekonferanse-om-borgundfjorden-onsdag\/","og_site_name":"M\u00f8re og Romsdal","article_published_time":"2006-02-14T19:10:00+00:00","author":"Artikkelimport\u00f8r","twitter_card":"summary_large_image","twitter_misc":{"Skrevet av":"Artikkelimport\u00f8r","Ansl. lesetid":"2 minutter"},"schema":{"@context":"https:\/\/schema.org","@graph":[{"@type":"WebPage","@id":"https:\/\/naturvernforbundet.no\/moreogromsdal\/naturvernforbundet-pa-pressekonferanse-om-borgundfjorden-onsdag\/","url":"https:\/\/naturvernforbundet.no\/moreogromsdal\/naturvernforbundet-pa-pressekonferanse-om-borgundfjorden-onsdag\/","name":"Naturvernforbundet p\u00e5 pressekonferanse om Borgundfjorden onsdag - M\u00f8re og Romsdal","isPartOf":{"@id":"https:\/\/naturvernforbundet.no\/moreogromsdal\/#website"},"datePublished":"2006-02-14T19:10:00+00:00","author":{"@id":"https:\/\/naturvernforbundet.no\/moreogromsdal\/#\/schema\/person\/c72f198205979084bf071deedb6205f4"},"breadcrumb":{"@id":"https:\/\/naturvernforbundet.no\/moreogromsdal\/naturvernforbundet-pa-pressekonferanse-om-borgundfjorden-onsdag\/#breadcrumb"},"inLanguage":"nb-NO","potentialAction":[{"@type":"ReadAction","target":["https:\/\/naturvernforbundet.no\/moreogromsdal\/naturvernforbundet-pa-pressekonferanse-om-borgundfjorden-onsdag\/"]}]},{"@type":"BreadcrumbList","@id":"https:\/\/naturvernforbundet.no\/moreogromsdal\/naturvernforbundet-pa-pressekonferanse-om-borgundfjorden-onsdag\/#breadcrumb","itemListElement":[{"@type":"ListItem","position":1,"name":"Till naturvernforbundet.no","item":"https:\/\/naturvernforbundet.no\/"},{"@type":"ListItem","position":2,"name":"M\u00f8re og Romsdal","item":"https:\/\/naturvernforbundet.no\/moreogromsdal\/"},{"@type":"ListItem","position":3,"name":"Naturvernforbundet p\u00e5 pressekonferanse om Borgundfjorden onsdag"}]},{"@type":"WebSite","@id":"https:\/\/naturvernforbundet.no\/moreogromsdal\/#website","url":"https:\/\/naturvernforbundet.no\/moreogromsdal\/","name":"M\u00f8re og Romsdal","description":"Bare enda et Naturvernforbundet Sites-nettsted","potentialAction":[{"@type":"SearchAction","target":{"@type":"EntryPoint","urlTemplate":"https:\/\/naturvernforbundet.no\/moreogromsdal\/?s={search_term_string}"},"query-input":{"@type":"PropertyValueSpecification","valueRequired":true,"valueName":"search_term_string"}}],"inLanguage":"nb-NO"},{"@type":"Person","@id":"https:\/\/naturvernforbundet.no\/moreogromsdal\/#\/schema\/person\/c72f198205979084bf071deedb6205f4","name":"Artikkelimport\u00f8r","image":{"@type":"ImageObject","inLanguage":"nb-NO","@id":"https:\/\/naturvernforbundet.no\/moreogromsdal\/#\/schema\/person\/image\/","url":"https:\/\/secure.gravatar.com\/avatar\/015fa491b9ed1c823ef16a5c930294d1?s=96&d=mm&r=g","contentUrl":"https:\/\/secure.gravatar.com\/avatar\/015fa491b9ed1c823ef16a5c930294d1?s=96&d=mm&r=g","caption":"Artikkelimport\u00f8r"},"url":"https:\/\/naturvernforbundet.no\/moreogromsdal\/author\/artikkelimportor\/"}]}},"_links":{"self":[{"href":"https:\/\/naturvernforbundet.no\/moreogromsdal\/wp-json\/wp\/v2\/posts\/2124","targetHints":{"allow":["GET"]}}],"collection":[{"href":"https:\/\/naturvernforbundet.no\/moreogromsdal\/wp-json\/wp\/v2\/posts"}],"about":[{"href":"https:\/\/naturvernforbundet.no\/moreogromsdal\/wp-json\/wp\/v2\/types\/post"}],"author":[{"embeddable":true,"href":"https:\/\/naturvernforbundet.no\/moreogromsdal\/wp-json\/wp\/v2\/users\/38"}],"replies":[{"embeddable":true,"href":"https:\/\/naturvernforbundet.no\/moreogromsdal\/wp-json\/wp\/v2\/comments?post=2124"}],"version-history":[{"count":0,"href":"https:\/\/naturvernforbundet.no\/moreogromsdal\/wp-json\/wp\/v2\/posts\/2124\/revisions"}],"wp:attachment":[{"href":"https:\/\/naturvernforbundet.no\/moreogromsdal\/wp-json\/wp\/v2\/media?parent=2124"}],"wp:term":[{"taxonomy":"category","embeddable":true,"href":"https:\/\/naturvernforbundet.no\/moreogromsdal\/wp-json\/wp\/v2\/categories?post=2124"},{"taxonomy":"post_tag","embeddable":true,"href":"https:\/\/naturvernforbundet.no\/moreogromsdal\/wp-json\/wp\/v2\/tags?post=2124"},{"taxonomy":"local","embeddable":true,"href":"https:\/\/naturvernforbundet.no\/moreogromsdal\/wp-json\/wp\/v2\/local?post=2124"}],"curies":[{"name":"wp","href":"https:\/\/api.w.org\/{rel}","templated":true}]}}