{"id":2126,"date":"2005-10-05T18:00:00","date_gmt":"2005-10-05T16:00:00","guid":{"rendered":"https:\/\/naturvernforbundet.no\/moreogromsdal\/spennende-miljogiftseminar-i-alesund-i-helga\/"},"modified":"2005-10-05T18:00:00","modified_gmt":"2005-10-05T16:00:00","slug":"spennende-miljogiftseminar-i-alesund-i-helga","status":"publish","type":"post","link":"https:\/\/naturvernforbundet.no\/moreogromsdal\/spennende-miljogiftseminar-i-alesund-i-helga\/","title":{"rendered":"Spennende milj\u00f8giftseminar i \u00c5lesund i helga"},"content":{"rendered":"\t<div class=\"template-post alignfull wp-block-naturvern-hero\">\n\t\t<div class=\"hero__inner\">\n\t\t\t<div class=\"hero__inner_blocks\">\n\t\t\t\t\t\t\t\t\n\t\t\t\t\t<h1 class=\"wp-block-post-title\">Spennende milj\u00f8giftseminar i \u00c5lesund i helga<\/h1>\n\n\t\t\t\t\t<div class=\"wp-block-post-excerpt\"><p class=\"wp-block-post-excerpt__excerpt\">L\u00f8rdag 8. og s\u00f8ndag 9. oktober arrangerer Naturvernforbundet milj\u00f8giftseminar i \u00c5lesund. Programmet er n\u00e5 klart. L\u00f8rdagen er presse og andre interesserte velkommen til \u00e5 komme og delta. S\u00f8ndagen er et internt arrangement for Naturvernforbundets og Natur og Ungdoms medlemmer. <\/p><\/div>\n\n\t\t\t\t\t\n\n\t\t\t\t\t<div class=\"wp-block-naturvern-byline\">\n\t\t\t<div class=\"authors\">By <span class=\"t2-byline__author-link\">Artikkelimport\u00f8r<\/span><\/div>\n\t\t\t<small class=\"entry-date\">05.10.2005 18:00<\/small>\n\t\t<\/div>\n\t\t\t\t\t\t\t\t<\/div>\n\t\t\t\t\t<\/div>\n\t\t\t<\/div>\n\t\n<p>Mange av deltakerne p\u00e5 seminaret vil v\u00e6re medlemmer i Naturvernforbundets nasjonale milj\u00f8giftutvalg. Bakgrunnen for at seminaret er lagt til \u00c5lesund er nok den store oppmerksomheten utslippene av bromerte flammehemmere til \u00c5sefjorden har f\u00e5tt. Det er ogs\u00e5 ventet deltakere fra Naturvernforbundet i Nordhordaland, som har v\u00e6rt involvert i arbeidet med den tyske ub\u00e5ten utenfor Fedje.<br><br>\n<b>NATURVERNFORBUNDETS MILJ\u00d8GIFTSEMINAR, \u00c5LESUND 8. &#8211; 9. OKTOBER<\/b><br><br><b>Program:<\/b><br><br>Sted: Rogne trafikkskole, Storev\u00e5gen p\u00e5 Blindheim i \u00c5lesund<br><br><i>L\u00f8rdag 8.oktober (\u00c5pent for alle)<\/i><br><br>11.15 Tom Erik \u00d8kland: Milj\u00f8gifter i sj\u00f8mat (rapport)\n11.55 Per-Erik Schulze: Milj\u00f8gifteffekter p\u00e5 fauna og flora\n12.30 Lunsj\n13.30 Jens Skei (NIVA): Resultatene fra pilotprosjektene for sedimentopprydding\n14.15 Arne Anders Sandnes (SFT): Hvor er det aktuelt med opprydding og utfordringer i arbeidet\n15.00 kaffe og tepause\n15.15 Jon Bjartnes: Motgift mot ansvarspulver \u2013 politikk mot nye milj\u00f8gifter.\n16.00 sp\u00f8rsm\u00e5l og diskusjon<br><br>Ca 19.30 Felles middag<br><br>\n<i>S\u00f8ndag 9.oktober (internt for NNV og NU)<\/i><br><br>9.30 Gruppediskusjon, planlegging av framtidig arbeid med milj\u00f8gifter i NNV og NU\n11.00 liten pause\n11.10 \u2013 forts. diskusjon, Oppsummering og avslutning\n12.30  Lunsj for de som \u00f8nsker, <br><br>\nMer informasjon: \nLeder Maiken Pollestad Sele i Milj\u00f8giftutvalget i Naturvernforbundet treffes p\u00e5 telefon 41 20 22 40.<\/p>\n\n\n\n<p><a href=\"\/imakerdata\/f\/0\/78\/72\/3_2401_0\/DEHP_opprydding_Litlevatnet.pdf\">Foredrag om DEHP-forurensningen<\/a><\/p>\n\n\n\n<p><a href=\"\/imakerdata\/f\/0\/78\/72\/4_2401_0\/DEHP_opprydding_Litlevatnet.ppt\">Foredrag om DEHP-opprydding<\/a><\/p>\n\n\n\n<p><a href=\"\/imakerdata\/f\/1\/04\/16\/5_2401_0\/Global_Report.pdf\">Vurdering av milj\u00f8giftsituasjonen i verda<\/a><\/p>\n\n\n\n<figure class=\"wp-block-image\"><img decoding=\"async\" src=\"\/imakerdata\/b\/0\/78\/72\/1_2701_0.jpg\" alt=\"\"\/><\/figure>\n\n\n\n<p>Deltakere p\u00e5 Naturvernforbundets milj\u00f8giftseminar i \u00c5lesund&nbsp;i oktober&nbsp;2005 bes\u00f8ker anleggsomr\u00e5det for opprydding av DEHP-forurenset jord p\u00e5 Blindheim.<\/p>\n\n\n\n<figure class=\"wp-block-image\"><img decoding=\"async\" src=\"\/imakerdata\/b\/0\/78\/72\/2_2701_0.jpg\" alt=\"\"\/><\/figure>\n\n\n\n<p>Deltakere p\u00e5 Naturvernforbundets milj\u00f8giftseminar i \u00c5lesund&nbsp;i oktober&nbsp;2005 bes\u00f8ker anleggsomr\u00e5det for opprydding av DEHP-forurenset jord p\u00e5 Blindheim.<\/p>\n","protected":false},"excerpt":{"rendered":"<p>L\u00f8rdag 8. og s\u00f8ndag 9. oktober arrangerer Naturvernforbundet milj\u00f8giftseminar i \u00c5lesund. Programmet er n\u00e5 klart. L\u00f8rdagen er presse og andre interesserte velkommen til \u00e5 komme og delta. S\u00f8ndagen er et internt arrangement for Naturvernforbundets og Natur og Ungdoms medlemmer.<\/p>\n","protected":false},"author":38,"featured_media":0,"comment_status":"closed","ping_status":"closed","sticky":false,"template":"","format":"standard","meta":{"_relevanssi_hide_post":"","_relevanssi_hide_content":"","_relevanssi_pin_for_all":"","_relevanssi_pin_keywords":"","_relevanssi_unpin_keywords":"","_relevanssi_related_keywords":"","_relevanssi_related_include_ids":"","_relevanssi_related_exclude_ids":"","_relevanssi_related_no_append":"","_relevanssi_related_not_related":"","_relevanssi_related_posts":"","_relevanssi_noindex_reason":"","hide_logo":false,"footnotes":""},"categories":[30],"tags":[],"local":[],"class_list":["post-2126","post","type-post","status-publish","format-standard","hentry","category-miljogifter"],"acf":[],"yoast_head":"<!-- This site is optimized with the Yoast SEO plugin v24.9 - https:\/\/yoast.com\/wordpress\/plugins\/seo\/ -->\n<title>Spennende milj\u00f8giftseminar i \u00c5lesund i helga - M\u00f8re og Romsdal<\/title>\n<meta name=\"robots\" content=\"index, follow, max-snippet:-1, max-image-preview:large, max-video-preview:-1\" \/>\n<link rel=\"canonical\" href=\"https:\/\/naturvernforbundet.no\/moreogromsdal\/spennende-miljogiftseminar-i-alesund-i-helga\/\" \/>\n<meta property=\"og:locale\" content=\"nb_NO\" \/>\n<meta property=\"og:type\" content=\"article\" \/>\n<meta property=\"og:title\" content=\"Spennende milj\u00f8giftseminar i \u00c5lesund i helga - M\u00f8re og Romsdal\" \/>\n<meta property=\"og:description\" content=\"L\u00f8rdag 8. og s\u00f8ndag 9. oktober arrangerer Naturvernforbundet milj\u00f8giftseminar i \u00c5lesund. Programmet er n\u00e5 klart. L\u00f8rdagen er presse og andre interesserte velkommen til \u00e5 komme og delta. S\u00f8ndagen er et internt arrangement for Naturvernforbundets og Natur og Ungdoms medlemmer.\" \/>\n<meta property=\"og:url\" content=\"https:\/\/naturvernforbundet.no\/moreogromsdal\/spennende-miljogiftseminar-i-alesund-i-helga\/\" \/>\n<meta property=\"og:site_name\" content=\"M\u00f8re og Romsdal\" \/>\n<meta property=\"article:published_time\" content=\"2005-10-05T16:00:00+00:00\" \/>\n<meta name=\"author\" content=\"Artikkelimport\u00f8r\" \/>\n<meta name=\"twitter:card\" content=\"summary_large_image\" \/>\n<meta name=\"twitter:label1\" content=\"Skrevet av\" \/>\n\t<meta name=\"twitter:data1\" content=\"Artikkelimport\u00f8r\" \/>\n\t<meta name=\"twitter:label2\" content=\"Ansl. lesetid\" \/>\n\t<meta name=\"twitter:data2\" content=\"1 minutt\" \/>\n<script type=\"application\/ld+json\" class=\"yoast-schema-graph\">{\"@context\":\"https:\/\/schema.org\",\"@graph\":[{\"@type\":\"WebPage\",\"@id\":\"https:\/\/naturvernforbundet.no\/moreogromsdal\/spennende-miljogiftseminar-i-alesund-i-helga\/\",\"url\":\"https:\/\/naturvernforbundet.no\/moreogromsdal\/spennende-miljogiftseminar-i-alesund-i-helga\/\",\"name\":\"Spennende milj\u00f8giftseminar i \u00c5lesund i helga - M\u00f8re og Romsdal\",\"isPartOf\":{\"@id\":\"https:\/\/naturvernforbundet.no\/moreogromsdal\/#website\"},\"datePublished\":\"2005-10-05T16:00:00+00:00\",\"author\":{\"@id\":\"https:\/\/naturvernforbundet.no\/moreogromsdal\/#\/schema\/person\/c72f198205979084bf071deedb6205f4\"},\"breadcrumb\":{\"@id\":\"https:\/\/naturvernforbundet.no\/moreogromsdal\/spennende-miljogiftseminar-i-alesund-i-helga\/#breadcrumb\"},\"inLanguage\":\"nb-NO\",\"potentialAction\":[{\"@type\":\"ReadAction\",\"target\":[\"https:\/\/naturvernforbundet.no\/moreogromsdal\/spennende-miljogiftseminar-i-alesund-i-helga\/\"]}]},{\"@type\":\"BreadcrumbList\",\"@id\":\"https:\/\/naturvernforbundet.no\/moreogromsdal\/spennende-miljogiftseminar-i-alesund-i-helga\/#breadcrumb\",\"itemListElement\":[{\"@type\":\"ListItem\",\"position\":1,\"name\":\"Till naturvernforbundet.no\",\"item\":\"https:\/\/naturvernforbundet.no\/\"},{\"@type\":\"ListItem\",\"position\":2,\"name\":\"M\u00f8re og Romsdal\",\"item\":\"https:\/\/naturvernforbundet.no\/moreogromsdal\/\"},{\"@type\":\"ListItem\",\"position\":3,\"name\":\"Spennende milj\u00f8giftseminar i \u00c5lesund i helga\"}]},{\"@type\":\"WebSite\",\"@id\":\"https:\/\/naturvernforbundet.no\/moreogromsdal\/#website\",\"url\":\"https:\/\/naturvernforbundet.no\/moreogromsdal\/\",\"name\":\"M\u00f8re og Romsdal\",\"description\":\"Bare enda et Naturvernforbundet Sites-nettsted\",\"potentialAction\":[{\"@type\":\"SearchAction\",\"target\":{\"@type\":\"EntryPoint\",\"urlTemplate\":\"https:\/\/naturvernforbundet.no\/moreogromsdal\/?s={search_term_string}\"},\"query-input\":{\"@type\":\"PropertyValueSpecification\",\"valueRequired\":true,\"valueName\":\"search_term_string\"}}],\"inLanguage\":\"nb-NO\"},{\"@type\":\"Person\",\"@id\":\"https:\/\/naturvernforbundet.no\/moreogromsdal\/#\/schema\/person\/c72f198205979084bf071deedb6205f4\",\"name\":\"Artikkelimport\u00f8r\",\"image\":{\"@type\":\"ImageObject\",\"inLanguage\":\"nb-NO\",\"@id\":\"https:\/\/naturvernforbundet.no\/moreogromsdal\/#\/schema\/person\/image\/\",\"url\":\"https:\/\/secure.gravatar.com\/avatar\/015fa491b9ed1c823ef16a5c930294d1?s=96&d=mm&r=g\",\"contentUrl\":\"https:\/\/secure.gravatar.com\/avatar\/015fa491b9ed1c823ef16a5c930294d1?s=96&d=mm&r=g\",\"caption\":\"Artikkelimport\u00f8r\"},\"url\":\"https:\/\/naturvernforbundet.no\/moreogromsdal\/author\/artikkelimportor\/\"}]}<\/script>\n<!-- \/ Yoast SEO plugin. -->","yoast_head_json":{"title":"Spennende milj\u00f8giftseminar i \u00c5lesund i helga - M\u00f8re og Romsdal","robots":{"index":"index","follow":"follow","max-snippet":"max-snippet:-1","max-image-preview":"max-image-preview:large","max-video-preview":"max-video-preview:-1"},"canonical":"https:\/\/naturvernforbundet.no\/moreogromsdal\/spennende-miljogiftseminar-i-alesund-i-helga\/","og_locale":"nb_NO","og_type":"article","og_title":"Spennende milj\u00f8giftseminar i \u00c5lesund i helga - M\u00f8re og Romsdal","og_description":"L\u00f8rdag 8. og s\u00f8ndag 9. oktober arrangerer Naturvernforbundet milj\u00f8giftseminar i \u00c5lesund. Programmet er n\u00e5 klart. L\u00f8rdagen er presse og andre interesserte velkommen til \u00e5 komme og delta. S\u00f8ndagen er et internt arrangement for Naturvernforbundets og Natur og Ungdoms medlemmer.","og_url":"https:\/\/naturvernforbundet.no\/moreogromsdal\/spennende-miljogiftseminar-i-alesund-i-helga\/","og_site_name":"M\u00f8re og Romsdal","article_published_time":"2005-10-05T16:00:00+00:00","author":"Artikkelimport\u00f8r","twitter_card":"summary_large_image","twitter_misc":{"Skrevet av":"Artikkelimport\u00f8r","Ansl. lesetid":"1 minutt"},"schema":{"@context":"https:\/\/schema.org","@graph":[{"@type":"WebPage","@id":"https:\/\/naturvernforbundet.no\/moreogromsdal\/spennende-miljogiftseminar-i-alesund-i-helga\/","url":"https:\/\/naturvernforbundet.no\/moreogromsdal\/spennende-miljogiftseminar-i-alesund-i-helga\/","name":"Spennende milj\u00f8giftseminar i \u00c5lesund i helga - M\u00f8re og Romsdal","isPartOf":{"@id":"https:\/\/naturvernforbundet.no\/moreogromsdal\/#website"},"datePublished":"2005-10-05T16:00:00+00:00","author":{"@id":"https:\/\/naturvernforbundet.no\/moreogromsdal\/#\/schema\/person\/c72f198205979084bf071deedb6205f4"},"breadcrumb":{"@id":"https:\/\/naturvernforbundet.no\/moreogromsdal\/spennende-miljogiftseminar-i-alesund-i-helga\/#breadcrumb"},"inLanguage":"nb-NO","potentialAction":[{"@type":"ReadAction","target":["https:\/\/naturvernforbundet.no\/moreogromsdal\/spennende-miljogiftseminar-i-alesund-i-helga\/"]}]},{"@type":"BreadcrumbList","@id":"https:\/\/naturvernforbundet.no\/moreogromsdal\/spennende-miljogiftseminar-i-alesund-i-helga\/#breadcrumb","itemListElement":[{"@type":"ListItem","position":1,"name":"Till naturvernforbundet.no","item":"https:\/\/naturvernforbundet.no\/"},{"@type":"ListItem","position":2,"name":"M\u00f8re og Romsdal","item":"https:\/\/naturvernforbundet.no\/moreogromsdal\/"},{"@type":"ListItem","position":3,"name":"Spennende milj\u00f8giftseminar i \u00c5lesund i helga"}]},{"@type":"WebSite","@id":"https:\/\/naturvernforbundet.no\/moreogromsdal\/#website","url":"https:\/\/naturvernforbundet.no\/moreogromsdal\/","name":"M\u00f8re og Romsdal","description":"Bare enda et Naturvernforbundet Sites-nettsted","potentialAction":[{"@type":"SearchAction","target":{"@type":"EntryPoint","urlTemplate":"https:\/\/naturvernforbundet.no\/moreogromsdal\/?s={search_term_string}"},"query-input":{"@type":"PropertyValueSpecification","valueRequired":true,"valueName":"search_term_string"}}],"inLanguage":"nb-NO"},{"@type":"Person","@id":"https:\/\/naturvernforbundet.no\/moreogromsdal\/#\/schema\/person\/c72f198205979084bf071deedb6205f4","name":"Artikkelimport\u00f8r","image":{"@type":"ImageObject","inLanguage":"nb-NO","@id":"https:\/\/naturvernforbundet.no\/moreogromsdal\/#\/schema\/person\/image\/","url":"https:\/\/secure.gravatar.com\/avatar\/015fa491b9ed1c823ef16a5c930294d1?s=96&d=mm&r=g","contentUrl":"https:\/\/secure.gravatar.com\/avatar\/015fa491b9ed1c823ef16a5c930294d1?s=96&d=mm&r=g","caption":"Artikkelimport\u00f8r"},"url":"https:\/\/naturvernforbundet.no\/moreogromsdal\/author\/artikkelimportor\/"}]}},"_links":{"self":[{"href":"https:\/\/naturvernforbundet.no\/moreogromsdal\/wp-json\/wp\/v2\/posts\/2126","targetHints":{"allow":["GET"]}}],"collection":[{"href":"https:\/\/naturvernforbundet.no\/moreogromsdal\/wp-json\/wp\/v2\/posts"}],"about":[{"href":"https:\/\/naturvernforbundet.no\/moreogromsdal\/wp-json\/wp\/v2\/types\/post"}],"author":[{"embeddable":true,"href":"https:\/\/naturvernforbundet.no\/moreogromsdal\/wp-json\/wp\/v2\/users\/38"}],"replies":[{"embeddable":true,"href":"https:\/\/naturvernforbundet.no\/moreogromsdal\/wp-json\/wp\/v2\/comments?post=2126"}],"version-history":[{"count":0,"href":"https:\/\/naturvernforbundet.no\/moreogromsdal\/wp-json\/wp\/v2\/posts\/2126\/revisions"}],"wp:attachment":[{"href":"https:\/\/naturvernforbundet.no\/moreogromsdal\/wp-json\/wp\/v2\/media?parent=2126"}],"wp:term":[{"taxonomy":"category","embeddable":true,"href":"https:\/\/naturvernforbundet.no\/moreogromsdal\/wp-json\/wp\/v2\/categories?post=2126"},{"taxonomy":"post_tag","embeddable":true,"href":"https:\/\/naturvernforbundet.no\/moreogromsdal\/wp-json\/wp\/v2\/tags?post=2126"},{"taxonomy":"local","embeddable":true,"href":"https:\/\/naturvernforbundet.no\/moreogromsdal\/wp-json\/wp\/v2\/local?post=2126"}],"curies":[{"name":"wp","href":"https:\/\/api.w.org\/{rel}","templated":true}]}}