{"id":2134,"date":"2006-11-06T11:25:00","date_gmt":"2006-11-06T10:25:00","guid":{"rendered":"https:\/\/naturvernforbundet.no\/moreogromsdal\/naturvernforbundet-klagar-pa-rognskarvegen-i-skodje\/"},"modified":"2006-11-06T11:25:00","modified_gmt":"2006-11-06T10:25:00","slug":"naturvernforbundet-klagar-pa-rognskarvegen-i-skodje","status":"publish","type":"post","link":"https:\/\/naturvernforbundet.no\/moreogromsdal\/naturvernforbundet-klagar-pa-rognskarvegen-i-skodje\/","title":{"rendered":"Naturvernforbundet klagar p\u00e5 Rognskarvegen i Skodje"},"content":{"rendered":"\t<div class=\"template-post alignfull wp-block-naturvern-hero\">\n\t\t<div class=\"hero__inner\">\n\t\t\t<div class=\"hero__inner_blocks\">\n\t\t\t\t\t\t\t\t\n\t\t\t\t\t<h1 class=\"wp-block-post-title\">Naturvernforbundet klagar p\u00e5 Rognskarvegen i Skodje<\/h1>\n\n\t\t\t\t\t<div class=\"wp-block-post-excerpt\"><p class=\"wp-block-post-excerpt__excerpt\">Skogbrukssjefen i Skodje har gitt l\u00f8yve til ein skogsveg opp Rognskaret mot Nihusen i Skodje. Naturvernforbundet klagar no p\u00e5 dette vedtaket. <\/p><\/div>\n\n\t\t\t\t\t\n\n\t\t\t\t\t<div class=\"wp-block-naturvern-byline\">\n\t\t\t<div class=\"authors\">By <span class=\"t2-byline__author-link\">Artikkelimport\u00f8r<\/span><\/div>\n\t\t\t<small class=\"entry-date\">06.11.2006 11:25<\/small>\n\t\t<\/div>\n\t\t\t\t\t\t\t\t<\/div>\n\t\t\t\t\t<\/div>\n\t\t\t<\/div>\n\t\n<p>Naturvernforbundet reagerer p\u00e5 at natur- og friluftsinteresser ikkje er h\u00f8yrt i saka. Dessutan sp\u00f8r Naturvernforbundet om skogbrukssjefen eigenleg hadde h\u00f8ve til \u00e5 gi l\u00f8yve til heile vegen, sidan delar av vegen ikkje kan forsvarast bygd som landbruksveg. Andre vegar enn landbruksvegar m\u00e5 til behandling etter plan- og bygningslova, noko som ikkje har skjedd i denne saka. \n<\/p>\n\n\n\n<p><em>\u00d8ystein Folden har telefon 91 81 25 42.<\/em> \n<a>Ja, dette er ein viktig sak! Eg vil bli medlem i Naturvernforbundet<\/a><br><\/p>\n\n\n\n\n\n<p><a>Eg vil gjerne st\u00f8tte arbeidet Naturvernforbundet gj\u00f8r for \u00e5 ta vare p\u00e5 naturen<\/a><\/p>\n\n\n\n\n\n<p><a href=\"\/imakerdata\/f\/0\/95\/62\/8_2401_0\/Klage_til_kommunen_Rognskarvegen.pdf\">Klagen fr\u00e5 Naturvernforbundet<\/a><\/p>\n","protected":false},"excerpt":{"rendered":"<p>Skogbrukssjefen i Skodje har gitt l\u00f8yve til ein skogsveg opp Rognskaret mot Nihusen i Skodje. Naturvernforbundet klagar no p\u00e5 dette vedtaket.<\/p>\n","protected":false},"author":38,"featured_media":0,"comment_status":"closed","ping_status":"closed","sticky":false,"template":"","format":"standard","meta":{"_relevanssi_hide_post":"","_relevanssi_hide_content":"","_relevanssi_pin_for_all":"","_relevanssi_pin_keywords":"","_relevanssi_unpin_keywords":"","_relevanssi_related_keywords":"","_relevanssi_related_include_ids":"","_relevanssi_related_exclude_ids":"","_relevanssi_related_no_append":"","_relevanssi_related_not_related":"","_relevanssi_related_posts":"","_relevanssi_noindex_reason":"","hide_logo":false,"footnotes":""},"categories":[16],"tags":[],"local":[],"class_list":["post-2134","post","type-post","status-publish","format-standard","hentry","category-naturmangfold"],"acf":[],"yoast_head":"<!-- This site is optimized with the Yoast SEO plugin v24.9 - https:\/\/yoast.com\/wordpress\/plugins\/seo\/ -->\n<title>Naturvernforbundet klagar p\u00e5 Rognskarvegen i Skodje - M\u00f8re og Romsdal<\/title>\n<meta name=\"robots\" content=\"index, follow, max-snippet:-1, max-image-preview:large, max-video-preview:-1\" \/>\n<link rel=\"canonical\" href=\"https:\/\/naturvernforbundet.no\/moreogromsdal\/naturvernforbundet-klagar-pa-rognskarvegen-i-skodje\/\" \/>\n<meta property=\"og:locale\" content=\"nb_NO\" \/>\n<meta property=\"og:type\" content=\"article\" \/>\n<meta property=\"og:title\" content=\"Naturvernforbundet klagar p\u00e5 Rognskarvegen i Skodje - M\u00f8re og Romsdal\" \/>\n<meta property=\"og:description\" content=\"Skogbrukssjefen i Skodje har gitt l\u00f8yve til ein skogsveg opp Rognskaret mot Nihusen i Skodje. Naturvernforbundet klagar no p\u00e5 dette vedtaket.\" \/>\n<meta property=\"og:url\" content=\"https:\/\/naturvernforbundet.no\/moreogromsdal\/naturvernforbundet-klagar-pa-rognskarvegen-i-skodje\/\" \/>\n<meta property=\"og:site_name\" content=\"M\u00f8re og Romsdal\" \/>\n<meta property=\"article:published_time\" content=\"2006-11-06T10:25:00+00:00\" \/>\n<meta name=\"author\" content=\"Artikkelimport\u00f8r\" \/>\n<meta name=\"twitter:card\" content=\"summary_large_image\" \/>\n<meta name=\"twitter:label1\" content=\"Skrevet av\" \/>\n\t<meta name=\"twitter:data1\" content=\"Artikkelimport\u00f8r\" \/>\n<script type=\"application\/ld+json\" class=\"yoast-schema-graph\">{\"@context\":\"https:\/\/schema.org\",\"@graph\":[{\"@type\":\"WebPage\",\"@id\":\"https:\/\/naturvernforbundet.no\/moreogromsdal\/naturvernforbundet-klagar-pa-rognskarvegen-i-skodje\/\",\"url\":\"https:\/\/naturvernforbundet.no\/moreogromsdal\/naturvernforbundet-klagar-pa-rognskarvegen-i-skodje\/\",\"name\":\"Naturvernforbundet klagar p\u00e5 Rognskarvegen i Skodje - M\u00f8re og Romsdal\",\"isPartOf\":{\"@id\":\"https:\/\/naturvernforbundet.no\/moreogromsdal\/#website\"},\"datePublished\":\"2006-11-06T10:25:00+00:00\",\"author\":{\"@id\":\"https:\/\/naturvernforbundet.no\/moreogromsdal\/#\/schema\/person\/c72f198205979084bf071deedb6205f4\"},\"breadcrumb\":{\"@id\":\"https:\/\/naturvernforbundet.no\/moreogromsdal\/naturvernforbundet-klagar-pa-rognskarvegen-i-skodje\/#breadcrumb\"},\"inLanguage\":\"nb-NO\",\"potentialAction\":[{\"@type\":\"ReadAction\",\"target\":[\"https:\/\/naturvernforbundet.no\/moreogromsdal\/naturvernforbundet-klagar-pa-rognskarvegen-i-skodje\/\"]}]},{\"@type\":\"BreadcrumbList\",\"@id\":\"https:\/\/naturvernforbundet.no\/moreogromsdal\/naturvernforbundet-klagar-pa-rognskarvegen-i-skodje\/#breadcrumb\",\"itemListElement\":[{\"@type\":\"ListItem\",\"position\":1,\"name\":\"Till naturvernforbundet.no\",\"item\":\"https:\/\/naturvernforbundet.no\/\"},{\"@type\":\"ListItem\",\"position\":2,\"name\":\"M\u00f8re og Romsdal\",\"item\":\"https:\/\/naturvernforbundet.no\/moreogromsdal\/\"},{\"@type\":\"ListItem\",\"position\":3,\"name\":\"Naturvernforbundet klagar p\u00e5 Rognskarvegen i Skodje\"}]},{\"@type\":\"WebSite\",\"@id\":\"https:\/\/naturvernforbundet.no\/moreogromsdal\/#website\",\"url\":\"https:\/\/naturvernforbundet.no\/moreogromsdal\/\",\"name\":\"M\u00f8re og Romsdal\",\"description\":\"Bare enda et Naturvernforbundet Sites-nettsted\",\"potentialAction\":[{\"@type\":\"SearchAction\",\"target\":{\"@type\":\"EntryPoint\",\"urlTemplate\":\"https:\/\/naturvernforbundet.no\/moreogromsdal\/?s={search_term_string}\"},\"query-input\":{\"@type\":\"PropertyValueSpecification\",\"valueRequired\":true,\"valueName\":\"search_term_string\"}}],\"inLanguage\":\"nb-NO\"},{\"@type\":\"Person\",\"@id\":\"https:\/\/naturvernforbundet.no\/moreogromsdal\/#\/schema\/person\/c72f198205979084bf071deedb6205f4\",\"name\":\"Artikkelimport\u00f8r\",\"image\":{\"@type\":\"ImageObject\",\"inLanguage\":\"nb-NO\",\"@id\":\"https:\/\/naturvernforbundet.no\/moreogromsdal\/#\/schema\/person\/image\/\",\"url\":\"https:\/\/secure.gravatar.com\/avatar\/015fa491b9ed1c823ef16a5c930294d1?s=96&d=mm&r=g\",\"contentUrl\":\"https:\/\/secure.gravatar.com\/avatar\/015fa491b9ed1c823ef16a5c930294d1?s=96&d=mm&r=g\",\"caption\":\"Artikkelimport\u00f8r\"},\"url\":\"https:\/\/naturvernforbundet.no\/moreogromsdal\/author\/artikkelimportor\/\"}]}<\/script>\n<!-- \/ Yoast SEO plugin. -->","yoast_head_json":{"title":"Naturvernforbundet klagar p\u00e5 Rognskarvegen i Skodje - M\u00f8re og Romsdal","robots":{"index":"index","follow":"follow","max-snippet":"max-snippet:-1","max-image-preview":"max-image-preview:large","max-video-preview":"max-video-preview:-1"},"canonical":"https:\/\/naturvernforbundet.no\/moreogromsdal\/naturvernforbundet-klagar-pa-rognskarvegen-i-skodje\/","og_locale":"nb_NO","og_type":"article","og_title":"Naturvernforbundet klagar p\u00e5 Rognskarvegen i Skodje - M\u00f8re og Romsdal","og_description":"Skogbrukssjefen i Skodje har gitt l\u00f8yve til ein skogsveg opp Rognskaret mot Nihusen i Skodje. Naturvernforbundet klagar no p\u00e5 dette vedtaket.","og_url":"https:\/\/naturvernforbundet.no\/moreogromsdal\/naturvernforbundet-klagar-pa-rognskarvegen-i-skodje\/","og_site_name":"M\u00f8re og Romsdal","article_published_time":"2006-11-06T10:25:00+00:00","author":"Artikkelimport\u00f8r","twitter_card":"summary_large_image","twitter_misc":{"Skrevet av":"Artikkelimport\u00f8r"},"schema":{"@context":"https:\/\/schema.org","@graph":[{"@type":"WebPage","@id":"https:\/\/naturvernforbundet.no\/moreogromsdal\/naturvernforbundet-klagar-pa-rognskarvegen-i-skodje\/","url":"https:\/\/naturvernforbundet.no\/moreogromsdal\/naturvernforbundet-klagar-pa-rognskarvegen-i-skodje\/","name":"Naturvernforbundet klagar p\u00e5 Rognskarvegen i Skodje - M\u00f8re og Romsdal","isPartOf":{"@id":"https:\/\/naturvernforbundet.no\/moreogromsdal\/#website"},"datePublished":"2006-11-06T10:25:00+00:00","author":{"@id":"https:\/\/naturvernforbundet.no\/moreogromsdal\/#\/schema\/person\/c72f198205979084bf071deedb6205f4"},"breadcrumb":{"@id":"https:\/\/naturvernforbundet.no\/moreogromsdal\/naturvernforbundet-klagar-pa-rognskarvegen-i-skodje\/#breadcrumb"},"inLanguage":"nb-NO","potentialAction":[{"@type":"ReadAction","target":["https:\/\/naturvernforbundet.no\/moreogromsdal\/naturvernforbundet-klagar-pa-rognskarvegen-i-skodje\/"]}]},{"@type":"BreadcrumbList","@id":"https:\/\/naturvernforbundet.no\/moreogromsdal\/naturvernforbundet-klagar-pa-rognskarvegen-i-skodje\/#breadcrumb","itemListElement":[{"@type":"ListItem","position":1,"name":"Till naturvernforbundet.no","item":"https:\/\/naturvernforbundet.no\/"},{"@type":"ListItem","position":2,"name":"M\u00f8re og Romsdal","item":"https:\/\/naturvernforbundet.no\/moreogromsdal\/"},{"@type":"ListItem","position":3,"name":"Naturvernforbundet klagar p\u00e5 Rognskarvegen i Skodje"}]},{"@type":"WebSite","@id":"https:\/\/naturvernforbundet.no\/moreogromsdal\/#website","url":"https:\/\/naturvernforbundet.no\/moreogromsdal\/","name":"M\u00f8re og Romsdal","description":"Bare enda et Naturvernforbundet Sites-nettsted","potentialAction":[{"@type":"SearchAction","target":{"@type":"EntryPoint","urlTemplate":"https:\/\/naturvernforbundet.no\/moreogromsdal\/?s={search_term_string}"},"query-input":{"@type":"PropertyValueSpecification","valueRequired":true,"valueName":"search_term_string"}}],"inLanguage":"nb-NO"},{"@type":"Person","@id":"https:\/\/naturvernforbundet.no\/moreogromsdal\/#\/schema\/person\/c72f198205979084bf071deedb6205f4","name":"Artikkelimport\u00f8r","image":{"@type":"ImageObject","inLanguage":"nb-NO","@id":"https:\/\/naturvernforbundet.no\/moreogromsdal\/#\/schema\/person\/image\/","url":"https:\/\/secure.gravatar.com\/avatar\/015fa491b9ed1c823ef16a5c930294d1?s=96&d=mm&r=g","contentUrl":"https:\/\/secure.gravatar.com\/avatar\/015fa491b9ed1c823ef16a5c930294d1?s=96&d=mm&r=g","caption":"Artikkelimport\u00f8r"},"url":"https:\/\/naturvernforbundet.no\/moreogromsdal\/author\/artikkelimportor\/"}]}},"_links":{"self":[{"href":"https:\/\/naturvernforbundet.no\/moreogromsdal\/wp-json\/wp\/v2\/posts\/2134","targetHints":{"allow":["GET"]}}],"collection":[{"href":"https:\/\/naturvernforbundet.no\/moreogromsdal\/wp-json\/wp\/v2\/posts"}],"about":[{"href":"https:\/\/naturvernforbundet.no\/moreogromsdal\/wp-json\/wp\/v2\/types\/post"}],"author":[{"embeddable":true,"href":"https:\/\/naturvernforbundet.no\/moreogromsdal\/wp-json\/wp\/v2\/users\/38"}],"replies":[{"embeddable":true,"href":"https:\/\/naturvernforbundet.no\/moreogromsdal\/wp-json\/wp\/v2\/comments?post=2134"}],"version-history":[{"count":0,"href":"https:\/\/naturvernforbundet.no\/moreogromsdal\/wp-json\/wp\/v2\/posts\/2134\/revisions"}],"wp:attachment":[{"href":"https:\/\/naturvernforbundet.no\/moreogromsdal\/wp-json\/wp\/v2\/media?parent=2134"}],"wp:term":[{"taxonomy":"category","embeddable":true,"href":"https:\/\/naturvernforbundet.no\/moreogromsdal\/wp-json\/wp\/v2\/categories?post=2134"},{"taxonomy":"post_tag","embeddable":true,"href":"https:\/\/naturvernforbundet.no\/moreogromsdal\/wp-json\/wp\/v2\/tags?post=2134"},{"taxonomy":"local","embeddable":true,"href":"https:\/\/naturvernforbundet.no\/moreogromsdal\/wp-json\/wp\/v2\/local?post=2134"}],"curies":[{"name":"wp","href":"https:\/\/api.w.org\/{rel}","templated":true}]}}