{"id":2152,"date":"2006-01-16T18:56:00","date_gmt":"2006-01-16T17:56:00","guid":{"rendered":"https:\/\/naturvernforbundet.no\/moreogromsdal\/naturvernforbundet-spor-enoksen-kvifor-fekk-ikkje-sula-stotte\/"},"modified":"2006-01-16T18:56:00","modified_gmt":"2006-01-16T17:56:00","slug":"naturvernforbundet-spor-enoksen-kvifor-fekk-ikkje-sula-stotte","status":"publish","type":"post","link":"https:\/\/naturvernforbundet.no\/moreogromsdal\/naturvernforbundet-spor-enoksen-kvifor-fekk-ikkje-sula-stotte\/","title":{"rendered":"Naturvernforbundet sp\u00f8r Enoksen: Kvifor fekk ikkje Sula st\u00f8tte?"},"content":{"rendered":"\t<div class=\"template-post alignfull wp-block-naturvern-hero\">\n\t\t<div class=\"hero__inner\">\n\t\t\t<div class=\"hero__inner_blocks\">\n\t\t\t\t\t\t\t\t\n\t\t\t\t\t<h1 class=\"wp-block-post-title\">Naturvernforbundet sp\u00f8r Enoksen: Kvifor fekk ikkje Sula st\u00f8tte?<\/h1>\n\n\t\t\t\t\t<div class=\"wp-block-post-excerpt\"><p class=\"wp-block-post-excerpt__excerpt\">Naturvernforbundet i M\u00f8re og Romsdal fekk h\u00f8ve til ein prat med olje- og energiminister Odd Roger Enoksen p\u00e5 ferga mellom Hollingsholmen og Aukra tysdag 10. januar. No ber Naturvernforbundet om eit nytt m\u00f8te om energisituasjonen i Midt-Noreg. <\/p><\/div>\n\n\t\t\t\t\t\n\n\t\t\t\t\t<div class=\"wp-block-naturvern-byline\">\n\t\t\t<div class=\"authors\">By <span class=\"t2-byline__author-link\">Artikkelimport\u00f8r<\/span><\/div>\n\t\t\t<small class=\"entry-date\">16.01.2006 18:56<\/small>\n\t\t<\/div>\n\t\t\t\t\t\t\t\t<\/div>\n\t\t\t\t\t<\/div>\n\t\t\t<\/div>\n\t\n<p>Naturvernforbundet p\u00e5peiker at Enoksen har \u00f8nskja \u00e5 m\u00f8te b\u00e5de politikarar og energiselskap i Midt-Noreg, og sp\u00f8r om det ogs\u00e5 er aktuelt \u00e5 m\u00f8te milj\u00f8vernarar. I brevet tek Naturvernforbundet dessutan opp dei tre krava Enoksen fekk p\u00e5 ferga: \n<\/p>\n\n\n\n<p>1. M\u00f8re og Romsdal b\u00f8r bli pilotfylke i energisparing \n<\/p>\n\n\n\n<p>2. M\u00f8re og Romsdal treng planar for vind og vatn \n<\/p>\n\n\n\n<p>3. Gasskraft utan klimagassreinsing kjem ikkje p\u00e5 tale \n<\/p>\n\n\n\n<p>Naturvernforbundet p\u00e5peiker den manglande samanhengen mellom p\u00e5standane om kraftmangel i Midt-Norge og det faktum at Sula kommune tidlegare i \u00e5r fekk avslag p\u00e5 ein godt grunngjeve s\u00f8knad om str\u00f8msparetiltak. Det er n\u00f8dvendig \u00e5 f\u00e5 eit betre svar p\u00e5 kvifor nokre statlege etater framstiller situasjonen som sv\u00e6rt kritisk medan andre ikkje \u00f8nskjer \u00e5 st\u00f8tte energisparetiltak som vil vere n\u00f8dvendige i fylket. \n<\/p>\n\n\n\n<p>Naturvernforbundet minner ogs\u00e5 olje- og energiministeren om at to av dei fire CO2-handteringstiltaka til Industrikraft M\u00f8re ikkje er reell CO2-handtering. \n<\/p>\n\n\n\n<p>For meir informasjon kan fylkesleiar \u00d8ystein Folden kontaktast p\u00e5 telefon 91 81 25 42.<\/p>\n\n\n\n<p><a href=\"\/imakerdata\/f\/0\/75\/27\/8_2401_0\/brev_Enoksen.pdf\">Les brevet til olje- og energiminister Odd Roger Enoksen<\/a><\/p>\n\n\n\n<p><a href=\"\/imakerdata\/f\/0\/75\/28\/3_2401_0\/8291_1_P_.pdf\">Sula kommune med s\u00f8knad til Enova<\/a><\/p>\n\n\n\n<p><a href=\"\/imakerdata\/f\/0\/75\/28\/4_2401_0\/avslag_Sula_Enova.pdf\">Avslag fr\u00e5 Enova<\/a><\/p>\n\n\n\n<p><a href=\"\/imakerdata\/f\/0\/75\/28\/5_2401_0\/varmepum.pdf\">Oppslag i Sulaposten<\/a><\/p>\n\n\n\n<p><a href=\"\/imakerdata\/f\/0\/83\/07\/3_2401_0\/Sulaposten_20060330.pdf\">Sulaposten 30. mars 2006: En\u00f8k-kommunen Sula<\/a><\/p>\n","protected":false},"excerpt":{"rendered":"<p>Naturvernforbundet i M\u00f8re og Romsdal fekk h\u00f8ve til ein prat med olje- og energiminister Odd Roger Enoksen p\u00e5 ferga mellom Hollingsholmen og Aukra tysdag 10. januar. No ber Naturvernforbundet om eit nytt m\u00f8te om energisituasjonen i Midt-Noreg.<\/p>\n","protected":false},"author":38,"featured_media":0,"comment_status":"closed","ping_status":"closed","sticky":false,"template":"","format":"standard","meta":{"_relevanssi_hide_post":"","_relevanssi_hide_content":"","_relevanssi_pin_for_all":"","_relevanssi_pin_keywords":"","_relevanssi_unpin_keywords":"","_relevanssi_related_keywords":"","_relevanssi_related_include_ids":"","_relevanssi_related_exclude_ids":"","_relevanssi_related_no_append":"","_relevanssi_related_not_related":"","_relevanssi_related_posts":"","_relevanssi_noindex_reason":"","hide_logo":false,"footnotes":""},"categories":[25],"tags":[],"local":[],"class_list":["post-2152","post","type-post","status-publish","format-standard","hentry","category-vindkraft"],"acf":[],"yoast_head":"<!-- This site is optimized with the Yoast SEO plugin v24.9 - https:\/\/yoast.com\/wordpress\/plugins\/seo\/ -->\n<title>Naturvernforbundet sp\u00f8r Enoksen: Kvifor fekk ikkje Sula st\u00f8tte? - M\u00f8re og Romsdal<\/title>\n<meta name=\"robots\" content=\"index, follow, max-snippet:-1, max-image-preview:large, max-video-preview:-1\" \/>\n<link rel=\"canonical\" href=\"https:\/\/naturvernforbundet.no\/moreogromsdal\/naturvernforbundet-spor-enoksen-kvifor-fekk-ikkje-sula-stotte\/\" \/>\n<meta property=\"og:locale\" content=\"nb_NO\" \/>\n<meta property=\"og:type\" content=\"article\" \/>\n<meta property=\"og:title\" content=\"Naturvernforbundet sp\u00f8r Enoksen: Kvifor fekk ikkje Sula st\u00f8tte? - M\u00f8re og Romsdal\" \/>\n<meta property=\"og:description\" content=\"Naturvernforbundet i M\u00f8re og Romsdal fekk h\u00f8ve til ein prat med olje- og energiminister Odd Roger Enoksen p\u00e5 ferga mellom Hollingsholmen og Aukra tysdag 10. januar. No ber Naturvernforbundet om eit nytt m\u00f8te om energisituasjonen i Midt-Noreg.\" \/>\n<meta property=\"og:url\" content=\"https:\/\/naturvernforbundet.no\/moreogromsdal\/naturvernforbundet-spor-enoksen-kvifor-fekk-ikkje-sula-stotte\/\" \/>\n<meta property=\"og:site_name\" content=\"M\u00f8re og Romsdal\" \/>\n<meta property=\"article:published_time\" content=\"2006-01-16T17:56:00+00:00\" \/>\n<meta name=\"author\" content=\"Artikkelimport\u00f8r\" \/>\n<meta name=\"twitter:card\" content=\"summary_large_image\" \/>\n<meta name=\"twitter:label1\" content=\"Skrevet av\" \/>\n\t<meta name=\"twitter:data1\" content=\"Artikkelimport\u00f8r\" \/>\n\t<meta name=\"twitter:label2\" content=\"Ansl. lesetid\" \/>\n\t<meta name=\"twitter:data2\" content=\"1 minutt\" \/>\n<script type=\"application\/ld+json\" class=\"yoast-schema-graph\">{\"@context\":\"https:\/\/schema.org\",\"@graph\":[{\"@type\":\"WebPage\",\"@id\":\"https:\/\/naturvernforbundet.no\/moreogromsdal\/naturvernforbundet-spor-enoksen-kvifor-fekk-ikkje-sula-stotte\/\",\"url\":\"https:\/\/naturvernforbundet.no\/moreogromsdal\/naturvernforbundet-spor-enoksen-kvifor-fekk-ikkje-sula-stotte\/\",\"name\":\"Naturvernforbundet sp\u00f8r Enoksen: Kvifor fekk ikkje Sula st\u00f8tte? - M\u00f8re og Romsdal\",\"isPartOf\":{\"@id\":\"https:\/\/naturvernforbundet.no\/moreogromsdal\/#website\"},\"datePublished\":\"2006-01-16T17:56:00+00:00\",\"author\":{\"@id\":\"https:\/\/naturvernforbundet.no\/moreogromsdal\/#\/schema\/person\/c72f198205979084bf071deedb6205f4\"},\"breadcrumb\":{\"@id\":\"https:\/\/naturvernforbundet.no\/moreogromsdal\/naturvernforbundet-spor-enoksen-kvifor-fekk-ikkje-sula-stotte\/#breadcrumb\"},\"inLanguage\":\"nb-NO\",\"potentialAction\":[{\"@type\":\"ReadAction\",\"target\":[\"https:\/\/naturvernforbundet.no\/moreogromsdal\/naturvernforbundet-spor-enoksen-kvifor-fekk-ikkje-sula-stotte\/\"]}]},{\"@type\":\"BreadcrumbList\",\"@id\":\"https:\/\/naturvernforbundet.no\/moreogromsdal\/naturvernforbundet-spor-enoksen-kvifor-fekk-ikkje-sula-stotte\/#breadcrumb\",\"itemListElement\":[{\"@type\":\"ListItem\",\"position\":1,\"name\":\"Till naturvernforbundet.no\",\"item\":\"https:\/\/naturvernforbundet.no\/\"},{\"@type\":\"ListItem\",\"position\":2,\"name\":\"M\u00f8re og Romsdal\",\"item\":\"https:\/\/naturvernforbundet.no\/moreogromsdal\/\"},{\"@type\":\"ListItem\",\"position\":3,\"name\":\"Naturvernforbundet sp\u00f8r Enoksen: Kvifor fekk ikkje Sula st\u00f8tte?\"}]},{\"@type\":\"WebSite\",\"@id\":\"https:\/\/naturvernforbundet.no\/moreogromsdal\/#website\",\"url\":\"https:\/\/naturvernforbundet.no\/moreogromsdal\/\",\"name\":\"M\u00f8re og Romsdal\",\"description\":\"Bare enda et Naturvernforbundet Sites-nettsted\",\"potentialAction\":[{\"@type\":\"SearchAction\",\"target\":{\"@type\":\"EntryPoint\",\"urlTemplate\":\"https:\/\/naturvernforbundet.no\/moreogromsdal\/?s={search_term_string}\"},\"query-input\":{\"@type\":\"PropertyValueSpecification\",\"valueRequired\":true,\"valueName\":\"search_term_string\"}}],\"inLanguage\":\"nb-NO\"},{\"@type\":\"Person\",\"@id\":\"https:\/\/naturvernforbundet.no\/moreogromsdal\/#\/schema\/person\/c72f198205979084bf071deedb6205f4\",\"name\":\"Artikkelimport\u00f8r\",\"image\":{\"@type\":\"ImageObject\",\"inLanguage\":\"nb-NO\",\"@id\":\"https:\/\/naturvernforbundet.no\/moreogromsdal\/#\/schema\/person\/image\/\",\"url\":\"https:\/\/secure.gravatar.com\/avatar\/015fa491b9ed1c823ef16a5c930294d1?s=96&d=mm&r=g\",\"contentUrl\":\"https:\/\/secure.gravatar.com\/avatar\/015fa491b9ed1c823ef16a5c930294d1?s=96&d=mm&r=g\",\"caption\":\"Artikkelimport\u00f8r\"},\"url\":\"https:\/\/naturvernforbundet.no\/moreogromsdal\/author\/artikkelimportor\/\"}]}<\/script>\n<!-- \/ Yoast SEO plugin. -->","yoast_head_json":{"title":"Naturvernforbundet sp\u00f8r Enoksen: Kvifor fekk ikkje Sula st\u00f8tte? - M\u00f8re og Romsdal","robots":{"index":"index","follow":"follow","max-snippet":"max-snippet:-1","max-image-preview":"max-image-preview:large","max-video-preview":"max-video-preview:-1"},"canonical":"https:\/\/naturvernforbundet.no\/moreogromsdal\/naturvernforbundet-spor-enoksen-kvifor-fekk-ikkje-sula-stotte\/","og_locale":"nb_NO","og_type":"article","og_title":"Naturvernforbundet sp\u00f8r Enoksen: Kvifor fekk ikkje Sula st\u00f8tte? - M\u00f8re og Romsdal","og_description":"Naturvernforbundet i M\u00f8re og Romsdal fekk h\u00f8ve til ein prat med olje- og energiminister Odd Roger Enoksen p\u00e5 ferga mellom Hollingsholmen og Aukra tysdag 10. januar. No ber Naturvernforbundet om eit nytt m\u00f8te om energisituasjonen i Midt-Noreg.","og_url":"https:\/\/naturvernforbundet.no\/moreogromsdal\/naturvernforbundet-spor-enoksen-kvifor-fekk-ikkje-sula-stotte\/","og_site_name":"M\u00f8re og Romsdal","article_published_time":"2006-01-16T17:56:00+00:00","author":"Artikkelimport\u00f8r","twitter_card":"summary_large_image","twitter_misc":{"Skrevet av":"Artikkelimport\u00f8r","Ansl. lesetid":"1 minutt"},"schema":{"@context":"https:\/\/schema.org","@graph":[{"@type":"WebPage","@id":"https:\/\/naturvernforbundet.no\/moreogromsdal\/naturvernforbundet-spor-enoksen-kvifor-fekk-ikkje-sula-stotte\/","url":"https:\/\/naturvernforbundet.no\/moreogromsdal\/naturvernforbundet-spor-enoksen-kvifor-fekk-ikkje-sula-stotte\/","name":"Naturvernforbundet sp\u00f8r Enoksen: Kvifor fekk ikkje Sula st\u00f8tte? - M\u00f8re og Romsdal","isPartOf":{"@id":"https:\/\/naturvernforbundet.no\/moreogromsdal\/#website"},"datePublished":"2006-01-16T17:56:00+00:00","author":{"@id":"https:\/\/naturvernforbundet.no\/moreogromsdal\/#\/schema\/person\/c72f198205979084bf071deedb6205f4"},"breadcrumb":{"@id":"https:\/\/naturvernforbundet.no\/moreogromsdal\/naturvernforbundet-spor-enoksen-kvifor-fekk-ikkje-sula-stotte\/#breadcrumb"},"inLanguage":"nb-NO","potentialAction":[{"@type":"ReadAction","target":["https:\/\/naturvernforbundet.no\/moreogromsdal\/naturvernforbundet-spor-enoksen-kvifor-fekk-ikkje-sula-stotte\/"]}]},{"@type":"BreadcrumbList","@id":"https:\/\/naturvernforbundet.no\/moreogromsdal\/naturvernforbundet-spor-enoksen-kvifor-fekk-ikkje-sula-stotte\/#breadcrumb","itemListElement":[{"@type":"ListItem","position":1,"name":"Till naturvernforbundet.no","item":"https:\/\/naturvernforbundet.no\/"},{"@type":"ListItem","position":2,"name":"M\u00f8re og Romsdal","item":"https:\/\/naturvernforbundet.no\/moreogromsdal\/"},{"@type":"ListItem","position":3,"name":"Naturvernforbundet sp\u00f8r Enoksen: Kvifor fekk ikkje Sula st\u00f8tte?"}]},{"@type":"WebSite","@id":"https:\/\/naturvernforbundet.no\/moreogromsdal\/#website","url":"https:\/\/naturvernforbundet.no\/moreogromsdal\/","name":"M\u00f8re og Romsdal","description":"Bare enda et Naturvernforbundet Sites-nettsted","potentialAction":[{"@type":"SearchAction","target":{"@type":"EntryPoint","urlTemplate":"https:\/\/naturvernforbundet.no\/moreogromsdal\/?s={search_term_string}"},"query-input":{"@type":"PropertyValueSpecification","valueRequired":true,"valueName":"search_term_string"}}],"inLanguage":"nb-NO"},{"@type":"Person","@id":"https:\/\/naturvernforbundet.no\/moreogromsdal\/#\/schema\/person\/c72f198205979084bf071deedb6205f4","name":"Artikkelimport\u00f8r","image":{"@type":"ImageObject","inLanguage":"nb-NO","@id":"https:\/\/naturvernforbundet.no\/moreogromsdal\/#\/schema\/person\/image\/","url":"https:\/\/secure.gravatar.com\/avatar\/015fa491b9ed1c823ef16a5c930294d1?s=96&d=mm&r=g","contentUrl":"https:\/\/secure.gravatar.com\/avatar\/015fa491b9ed1c823ef16a5c930294d1?s=96&d=mm&r=g","caption":"Artikkelimport\u00f8r"},"url":"https:\/\/naturvernforbundet.no\/moreogromsdal\/author\/artikkelimportor\/"}]}},"_links":{"self":[{"href":"https:\/\/naturvernforbundet.no\/moreogromsdal\/wp-json\/wp\/v2\/posts\/2152","targetHints":{"allow":["GET"]}}],"collection":[{"href":"https:\/\/naturvernforbundet.no\/moreogromsdal\/wp-json\/wp\/v2\/posts"}],"about":[{"href":"https:\/\/naturvernforbundet.no\/moreogromsdal\/wp-json\/wp\/v2\/types\/post"}],"author":[{"embeddable":true,"href":"https:\/\/naturvernforbundet.no\/moreogromsdal\/wp-json\/wp\/v2\/users\/38"}],"replies":[{"embeddable":true,"href":"https:\/\/naturvernforbundet.no\/moreogromsdal\/wp-json\/wp\/v2\/comments?post=2152"}],"version-history":[{"count":0,"href":"https:\/\/naturvernforbundet.no\/moreogromsdal\/wp-json\/wp\/v2\/posts\/2152\/revisions"}],"wp:attachment":[{"href":"https:\/\/naturvernforbundet.no\/moreogromsdal\/wp-json\/wp\/v2\/media?parent=2152"}],"wp:term":[{"taxonomy":"category","embeddable":true,"href":"https:\/\/naturvernforbundet.no\/moreogromsdal\/wp-json\/wp\/v2\/categories?post=2152"},{"taxonomy":"post_tag","embeddable":true,"href":"https:\/\/naturvernforbundet.no\/moreogromsdal\/wp-json\/wp\/v2\/tags?post=2152"},{"taxonomy":"local","embeddable":true,"href":"https:\/\/naturvernforbundet.no\/moreogromsdal\/wp-json\/wp\/v2\/local?post=2152"}],"curies":[{"name":"wp","href":"https:\/\/api.w.org\/{rel}","templated":true}]}}