{"id":2153,"date":"2005-08-29T12:45:00","date_gmt":"2005-08-29T10:45:00","guid":{"rendered":"https:\/\/naturvernforbundet.no\/moreogromsdal\/tjervaag-kraftverk-i-heroy-kommune-utsett-frist\/"},"modified":"2005-08-29T12:45:00","modified_gmt":"2005-08-29T10:45:00","slug":"tjervaag-kraftverk-i-heroy-kommune-utsett-frist","status":"publish","type":"post","link":"https:\/\/naturvernforbundet.no\/moreogromsdal\/tjervaag-kraftverk-i-heroy-kommune-utsett-frist\/","title":{"rendered":"Tjervaag kraftverk i Her\u00f8y kommune &#8211; utsett frist"},"content":{"rendered":"\t<div class=\"template-post alignfull wp-block-naturvern-hero\">\n\t\t<div class=\"hero__inner\">\n\t\t\t<div class=\"hero__inner_blocks\">\n\t\t\t\t\t\t\t\t\n\t\t\t\t\t<h1 class=\"wp-block-post-title\">Tjervaag kraftverk i Her\u00f8y kommune &#8211; utsett frist<\/h1>\n\n\t\t\t\t\t<div class=\"wp-block-post-excerpt\"><p class=\"wp-block-post-excerpt__excerpt\">Kopi av mailkorrespondanse med NVE og Her\u00f8y kommune <\/p><\/div>\n\n\t\t\t\t\t\n\n\t\t\t\t\t<div class=\"wp-block-naturvern-byline\">\n\t\t\t<div class=\"authors\">By <span class=\"t2-byline__author-link\">Artikkelimport\u00f8r<\/span><\/div>\n\t\t\t<small class=\"entry-date\">29.08.2005 12:45<\/small>\n\t\t<\/div>\n\t\t\t\t\t\t\t\t<\/div>\n\t\t\t\t\t<\/div>\n\t\t\t<\/div>\n\t\n<p>\u00d8ystein Folden, Naturvernforbundet:\nVi kunne gjerne tenkt oss \u00e5 vere med p\u00e5 synfaringa, men d\u00e5 m\u00e5 vi verve 50 nye medlemmer for \u00e5 f\u00e5 \u00f8konomisk dekning for det. S\u00e5 vi blir n\u00f8ydde til \u00e5 halde oss heime og i ordin\u00e6r jobb i staden. Det er ikkje berre kommunane som har trange budsjett.<br><br>Vi har for ei tid tilbake bede kommunane om \u00e5 sortere vassdraga sine i raudt, gult og gr\u00f8nt, dvs. meir og mindre verdifulle vassdrag. Eg skal ikkje seie for sikkert om Her\u00f8y fekk brevet, det er mogleg vi ikkje trudde det var vassdrag som var aktuelle. Brevet ligg i alle fall vedlagt no. Men no hadde det vore sv\u00e6rt verdifullt om ei slik sortering hadde vore der. Det er vel truleg maksimalt 5 vassdrag som er teknisk\/\u00f8konomisk utbyggbare. Viss 4 av dei blir bygd ut og ein til slutt registrerer at det minst verdifulle med omsyn \ntil verdiar som biologisk mangfald, kultur osb. er att, vil ein sj\u00e5 at det er gjort ei tabbe. Viss kommunen har ei form for registreringar av verdiar knytt til dei aktuelle vassdraga, ville vi vere takksame for \u00e5 f\u00e5 tilgang til \nmaterialet.<br><br>Naturvernforbundet meiner kommunen kan seie i si uttale at ei slik registrering m\u00e5 finne stad f\u00f8r s\u00f8knaden kan handsamast ferdig. Rauma kommune har gjort ei slik registrering i \u00e5r, s\u00e5 metoden finst. <br><br>Helsing \u00d8ystein Folden<br><br>\nTanja Rafteseth :<br><br>\nHer\u00f8y kokmmune har motteke Dykkar mail om utsett uttalefrist, og vil opplyse om at ogs\u00e5 Her\u00f8y kommune har bede om uttalefrist til 21.09.05 av same grunn og at saka m\u00e5 handsamast politisk. Ein har ikkje motteke svar fr\u00e5 NVE om dette er greit. \n \nKjem De til  \u00e5 vere representerte p\u00e5 synfaringa den 6. september?\n \nMvh Tanja Rafteseth\nPlanleggar\nTlf direkte: 70 08 13 54\ne-mail adr: tanja.rafteseth@heroy.kommune.no\n <br><br>\u00d8ystein Folden  \n28.08.2005 15:50<br><br>Til rv@nve.no\ncc postmottak@heroy.kommune.no\nEmne Tjervaag Kraftverk &#8211; uttalefrist<br><br>\nNaturvernforbundet i M\u00f8re og Romsdal har mottatt h\u00f8yringsdokument for Tjervaag Kraftverk &#8211; Her\u00f8y kommune i M\u00f8re og Romsdal. Dokumentet er dagsett 4.8.08 og mottatt nokre dagar seinare, med uttalefrist 31.8.05. <br><br>Sidan vi ikkje har avdelingskontor i Her\u00f8y (verksemda v\u00e5r er \ndugnadsbasert, og berre nokre f\u00e5 personar har h\u00f8ve til \u00e5 arbeide med denne typen saker), ser vi at vi treng litt meir tid for \u00e5 kome med ei h\u00f8yringsuttale med dei krava til kvalitet som vi \u00f8nskjer. Det er f\u00e5 vassdrag i Her\u00f8y, og vi har ei kjensle av at dette kan vere det mest verdifulle av dei som kan vere mogleg \u00e5 bygge ut. <br><br>Sidan det ikkje er nokon som har laga eit samla oversyn, treng vi difor meir tid for \u00e5 finne ut noko meir om det sp\u00f8rsm\u00e5let.<br><br>Mindre enn 3 veker frist som det var i utgangspunktet i denne saka er dessutan uh\u00f8yrt lite. Vi har ogs\u00e5 ei slik sak i \u00d8rsta med frist no i september, s\u00e5 vi ber om \u00e5 f\u00e5 utsett fristen i alle fall til 20.9.05.<br><br>Med helsing<br><br>\u00d8ystein Folden,\nleiar, Naturvernforbundet i M\u00f8re og Romsdal\n<\/p>\n","protected":false},"excerpt":{"rendered":"<p>Kopi av mailkorrespondanse med NVE og Her\u00f8y kommune<\/p>\n","protected":false},"author":38,"featured_media":0,"comment_status":"closed","ping_status":"closed","sticky":false,"template":"","format":"standard","meta":{"_relevanssi_hide_post":"","_relevanssi_hide_content":"","_relevanssi_pin_for_all":"","_relevanssi_pin_keywords":"","_relevanssi_unpin_keywords":"","_relevanssi_related_keywords":"","_relevanssi_related_include_ids":"","_relevanssi_related_exclude_ids":"","_relevanssi_related_no_append":"","_relevanssi_related_not_related":"","_relevanssi_related_posts":"","_relevanssi_noindex_reason":"","hide_logo":false,"footnotes":""},"categories":[13],"tags":[],"local":[],"class_list":["post-2153","post","type-post","status-publish","format-standard","hentry","category-vasskraft"],"acf":[],"yoast_head":"<!-- This site is optimized with the Yoast SEO plugin v24.9 - https:\/\/yoast.com\/wordpress\/plugins\/seo\/ -->\n<title>Tjervaag kraftverk i Her\u00f8y kommune - utsett frist - M\u00f8re og Romsdal<\/title>\n<meta name=\"robots\" content=\"index, follow, max-snippet:-1, max-image-preview:large, max-video-preview:-1\" \/>\n<link rel=\"canonical\" href=\"https:\/\/naturvernforbundet.no\/moreogromsdal\/tjervaag-kraftverk-i-heroy-kommune-utsett-frist\/\" \/>\n<meta property=\"og:locale\" content=\"nb_NO\" \/>\n<meta property=\"og:type\" content=\"article\" \/>\n<meta property=\"og:title\" content=\"Tjervaag kraftverk i Her\u00f8y kommune - utsett frist - M\u00f8re og Romsdal\" \/>\n<meta property=\"og:description\" content=\"Kopi av mailkorrespondanse med NVE og Her\u00f8y kommune\" \/>\n<meta property=\"og:url\" content=\"https:\/\/naturvernforbundet.no\/moreogromsdal\/tjervaag-kraftverk-i-heroy-kommune-utsett-frist\/\" \/>\n<meta property=\"og:site_name\" content=\"M\u00f8re og Romsdal\" \/>\n<meta property=\"article:published_time\" content=\"2005-08-29T10:45:00+00:00\" \/>\n<meta name=\"author\" content=\"Artikkelimport\u00f8r\" \/>\n<meta name=\"twitter:card\" content=\"summary_large_image\" \/>\n<meta name=\"twitter:label1\" content=\"Skrevet av\" \/>\n\t<meta name=\"twitter:data1\" content=\"Artikkelimport\u00f8r\" \/>\n\t<meta name=\"twitter:label2\" content=\"Ansl. lesetid\" \/>\n\t<meta name=\"twitter:data2\" content=\"2 minutter\" \/>\n<script type=\"application\/ld+json\" class=\"yoast-schema-graph\">{\"@context\":\"https:\/\/schema.org\",\"@graph\":[{\"@type\":\"WebPage\",\"@id\":\"https:\/\/naturvernforbundet.no\/moreogromsdal\/tjervaag-kraftverk-i-heroy-kommune-utsett-frist\/\",\"url\":\"https:\/\/naturvernforbundet.no\/moreogromsdal\/tjervaag-kraftverk-i-heroy-kommune-utsett-frist\/\",\"name\":\"Tjervaag kraftverk i Her\u00f8y kommune - utsett frist - M\u00f8re og Romsdal\",\"isPartOf\":{\"@id\":\"https:\/\/naturvernforbundet.no\/moreogromsdal\/#website\"},\"datePublished\":\"2005-08-29T10:45:00+00:00\",\"author\":{\"@id\":\"https:\/\/naturvernforbundet.no\/moreogromsdal\/#\/schema\/person\/c72f198205979084bf071deedb6205f4\"},\"breadcrumb\":{\"@id\":\"https:\/\/naturvernforbundet.no\/moreogromsdal\/tjervaag-kraftverk-i-heroy-kommune-utsett-frist\/#breadcrumb\"},\"inLanguage\":\"nb-NO\",\"potentialAction\":[{\"@type\":\"ReadAction\",\"target\":[\"https:\/\/naturvernforbundet.no\/moreogromsdal\/tjervaag-kraftverk-i-heroy-kommune-utsett-frist\/\"]}]},{\"@type\":\"BreadcrumbList\",\"@id\":\"https:\/\/naturvernforbundet.no\/moreogromsdal\/tjervaag-kraftverk-i-heroy-kommune-utsett-frist\/#breadcrumb\",\"itemListElement\":[{\"@type\":\"ListItem\",\"position\":1,\"name\":\"Till naturvernforbundet.no\",\"item\":\"https:\/\/naturvernforbundet.no\/\"},{\"@type\":\"ListItem\",\"position\":2,\"name\":\"M\u00f8re og Romsdal\",\"item\":\"https:\/\/naturvernforbundet.no\/moreogromsdal\/\"},{\"@type\":\"ListItem\",\"position\":3,\"name\":\"Tjervaag kraftverk i Her\u00f8y kommune &#8211; utsett frist\"}]},{\"@type\":\"WebSite\",\"@id\":\"https:\/\/naturvernforbundet.no\/moreogromsdal\/#website\",\"url\":\"https:\/\/naturvernforbundet.no\/moreogromsdal\/\",\"name\":\"M\u00f8re og Romsdal\",\"description\":\"Bare enda et Naturvernforbundet Sites-nettsted\",\"potentialAction\":[{\"@type\":\"SearchAction\",\"target\":{\"@type\":\"EntryPoint\",\"urlTemplate\":\"https:\/\/naturvernforbundet.no\/moreogromsdal\/?s={search_term_string}\"},\"query-input\":{\"@type\":\"PropertyValueSpecification\",\"valueRequired\":true,\"valueName\":\"search_term_string\"}}],\"inLanguage\":\"nb-NO\"},{\"@type\":\"Person\",\"@id\":\"https:\/\/naturvernforbundet.no\/moreogromsdal\/#\/schema\/person\/c72f198205979084bf071deedb6205f4\",\"name\":\"Artikkelimport\u00f8r\",\"image\":{\"@type\":\"ImageObject\",\"inLanguage\":\"nb-NO\",\"@id\":\"https:\/\/naturvernforbundet.no\/moreogromsdal\/#\/schema\/person\/image\/\",\"url\":\"https:\/\/secure.gravatar.com\/avatar\/015fa491b9ed1c823ef16a5c930294d1?s=96&d=mm&r=g\",\"contentUrl\":\"https:\/\/secure.gravatar.com\/avatar\/015fa491b9ed1c823ef16a5c930294d1?s=96&d=mm&r=g\",\"caption\":\"Artikkelimport\u00f8r\"},\"url\":\"https:\/\/naturvernforbundet.no\/moreogromsdal\/author\/artikkelimportor\/\"}]}<\/script>\n<!-- \/ Yoast SEO plugin. -->","yoast_head_json":{"title":"Tjervaag kraftverk i Her\u00f8y kommune - utsett frist - M\u00f8re og Romsdal","robots":{"index":"index","follow":"follow","max-snippet":"max-snippet:-1","max-image-preview":"max-image-preview:large","max-video-preview":"max-video-preview:-1"},"canonical":"https:\/\/naturvernforbundet.no\/moreogromsdal\/tjervaag-kraftverk-i-heroy-kommune-utsett-frist\/","og_locale":"nb_NO","og_type":"article","og_title":"Tjervaag kraftverk i Her\u00f8y kommune - utsett frist - M\u00f8re og Romsdal","og_description":"Kopi av mailkorrespondanse med NVE og Her\u00f8y kommune","og_url":"https:\/\/naturvernforbundet.no\/moreogromsdal\/tjervaag-kraftverk-i-heroy-kommune-utsett-frist\/","og_site_name":"M\u00f8re og Romsdal","article_published_time":"2005-08-29T10:45:00+00:00","author":"Artikkelimport\u00f8r","twitter_card":"summary_large_image","twitter_misc":{"Skrevet av":"Artikkelimport\u00f8r","Ansl. lesetid":"2 minutter"},"schema":{"@context":"https:\/\/schema.org","@graph":[{"@type":"WebPage","@id":"https:\/\/naturvernforbundet.no\/moreogromsdal\/tjervaag-kraftverk-i-heroy-kommune-utsett-frist\/","url":"https:\/\/naturvernforbundet.no\/moreogromsdal\/tjervaag-kraftverk-i-heroy-kommune-utsett-frist\/","name":"Tjervaag kraftverk i Her\u00f8y kommune - utsett frist - M\u00f8re og Romsdal","isPartOf":{"@id":"https:\/\/naturvernforbundet.no\/moreogromsdal\/#website"},"datePublished":"2005-08-29T10:45:00+00:00","author":{"@id":"https:\/\/naturvernforbundet.no\/moreogromsdal\/#\/schema\/person\/c72f198205979084bf071deedb6205f4"},"breadcrumb":{"@id":"https:\/\/naturvernforbundet.no\/moreogromsdal\/tjervaag-kraftverk-i-heroy-kommune-utsett-frist\/#breadcrumb"},"inLanguage":"nb-NO","potentialAction":[{"@type":"ReadAction","target":["https:\/\/naturvernforbundet.no\/moreogromsdal\/tjervaag-kraftverk-i-heroy-kommune-utsett-frist\/"]}]},{"@type":"BreadcrumbList","@id":"https:\/\/naturvernforbundet.no\/moreogromsdal\/tjervaag-kraftverk-i-heroy-kommune-utsett-frist\/#breadcrumb","itemListElement":[{"@type":"ListItem","position":1,"name":"Till naturvernforbundet.no","item":"https:\/\/naturvernforbundet.no\/"},{"@type":"ListItem","position":2,"name":"M\u00f8re og Romsdal","item":"https:\/\/naturvernforbundet.no\/moreogromsdal\/"},{"@type":"ListItem","position":3,"name":"Tjervaag kraftverk i Her\u00f8y kommune &#8211; utsett frist"}]},{"@type":"WebSite","@id":"https:\/\/naturvernforbundet.no\/moreogromsdal\/#website","url":"https:\/\/naturvernforbundet.no\/moreogromsdal\/","name":"M\u00f8re og Romsdal","description":"Bare enda et Naturvernforbundet Sites-nettsted","potentialAction":[{"@type":"SearchAction","target":{"@type":"EntryPoint","urlTemplate":"https:\/\/naturvernforbundet.no\/moreogromsdal\/?s={search_term_string}"},"query-input":{"@type":"PropertyValueSpecification","valueRequired":true,"valueName":"search_term_string"}}],"inLanguage":"nb-NO"},{"@type":"Person","@id":"https:\/\/naturvernforbundet.no\/moreogromsdal\/#\/schema\/person\/c72f198205979084bf071deedb6205f4","name":"Artikkelimport\u00f8r","image":{"@type":"ImageObject","inLanguage":"nb-NO","@id":"https:\/\/naturvernforbundet.no\/moreogromsdal\/#\/schema\/person\/image\/","url":"https:\/\/secure.gravatar.com\/avatar\/015fa491b9ed1c823ef16a5c930294d1?s=96&d=mm&r=g","contentUrl":"https:\/\/secure.gravatar.com\/avatar\/015fa491b9ed1c823ef16a5c930294d1?s=96&d=mm&r=g","caption":"Artikkelimport\u00f8r"},"url":"https:\/\/naturvernforbundet.no\/moreogromsdal\/author\/artikkelimportor\/"}]}},"_links":{"self":[{"href":"https:\/\/naturvernforbundet.no\/moreogromsdal\/wp-json\/wp\/v2\/posts\/2153","targetHints":{"allow":["GET"]}}],"collection":[{"href":"https:\/\/naturvernforbundet.no\/moreogromsdal\/wp-json\/wp\/v2\/posts"}],"about":[{"href":"https:\/\/naturvernforbundet.no\/moreogromsdal\/wp-json\/wp\/v2\/types\/post"}],"author":[{"embeddable":true,"href":"https:\/\/naturvernforbundet.no\/moreogromsdal\/wp-json\/wp\/v2\/users\/38"}],"replies":[{"embeddable":true,"href":"https:\/\/naturvernforbundet.no\/moreogromsdal\/wp-json\/wp\/v2\/comments?post=2153"}],"version-history":[{"count":0,"href":"https:\/\/naturvernforbundet.no\/moreogromsdal\/wp-json\/wp\/v2\/posts\/2153\/revisions"}],"wp:attachment":[{"href":"https:\/\/naturvernforbundet.no\/moreogromsdal\/wp-json\/wp\/v2\/media?parent=2153"}],"wp:term":[{"taxonomy":"category","embeddable":true,"href":"https:\/\/naturvernforbundet.no\/moreogromsdal\/wp-json\/wp\/v2\/categories?post=2153"},{"taxonomy":"post_tag","embeddable":true,"href":"https:\/\/naturvernforbundet.no\/moreogromsdal\/wp-json\/wp\/v2\/tags?post=2153"},{"taxonomy":"local","embeddable":true,"href":"https:\/\/naturvernforbundet.no\/moreogromsdal\/wp-json\/wp\/v2\/local?post=2153"}],"curies":[{"name":"wp","href":"https:\/\/api.w.org\/{rel}","templated":true}]}}