{"id":2165,"date":"2006-06-27T22:17:00","date_gmt":"2006-06-27T20:17:00","guid":{"rendered":"https:\/\/naturvernforbundet.no\/moreogromsdal\/kraftverk-i-innerdalen\/"},"modified":"2006-06-27T22:17:00","modified_gmt":"2006-06-27T20:17:00","slug":"kraftverk-i-innerdalen","status":"publish","type":"post","link":"https:\/\/naturvernforbundet.no\/moreogromsdal\/kraftverk-i-innerdalen\/","title":{"rendered":"Kraftverk i Innerdalen?"},"content":{"rendered":"\t<div class=\"template-post alignfull wp-block-naturvern-hero\">\n\t\t<div class=\"hero__inner\">\n\t\t\t<div class=\"hero__inner_blocks\">\n\t\t\t\t\t\t\t\t\n\t\t\t\t\t<h1 class=\"wp-block-post-title\">Kraftverk i Innerdalen?<\/h1>\n\n\t\t\t\t\t<div class=\"wp-block-post-excerpt\"><p class=\"wp-block-post-excerpt__excerpt\">Politikarane i Sunndal er opptatt av kraftsituasjonen. S\u00e5 opptatt at b\u00e5de reknekunnskapar og alminneleg vurderingsevne ser ut til \u00e5 ha tatt skade. <\/p><\/div>\n\n\t\t\t\t\t\n\n\t\t\t\t\t<div class=\"wp-block-naturvern-byline\">\n\t\t\t<div class=\"authors\">By <span class=\"t2-byline__author-link\">Artikkelimport\u00f8r<\/span><\/div>\n\t\t\t<small class=\"entry-date\">27.06.2006 22:17<\/small>\n\t\t<\/div>\n\t\t\t\t\t\t\t\t<\/div>\n\t\t\t\t\t<\/div>\n\t\t\t<\/div>\n\t\n<p>Kommunestyret ber om at det blir bygd gasskraftverk i Skogn, Tjeldbergodden og i Fr\u00e6na. Dessutan skal det brukast spillvarme fr\u00e5 Verket og biobrensel der spillvarmen er for langt unna. Vindm\u00f8ller kan vere vel og bra, og nye kraftleidningar m\u00e5 vi ogs\u00e5 ha. Dessutan renn det mykje vatn i Sunndal som ikkje g\u00e5r gjennom turbinar, og det m\u00e5 og nyttast ut.\n<\/p>\n\n\n\n<p>Dette er tiltak som er meir enn 2 gongar forbruket p\u00e5 Hydro Sunndal i dag. Kva skal vi med all denne krafta? Skal vi kaste all natur p\u00e5 b\u00e5ten og produsere kilowatt til vi lyser b\u00e5de p\u00e5 framsida og baksida?\n<\/p>\n\n\n\n<p>Men det stoggar ikkje med det. I mange \u00e5r har det vore stor kamp for at dei mest verdifulle vassdraga skulle vernast mot kraftutbygging. Mot r\u00f8ystene til Trond Hansen Riise fr\u00e5 Venstre og Idar Hansen fr\u00e5 Arbeidarpartiet vedtok Sunndalspolitikarane: \u201dKommunestyret ber likeeins om at ikkje utbygde vassdrag i Samla Plan blir vurdert delvis utbygd med nye og meir milj\u00f8vennlege metodar enn ved tidlegare vasskraftutbyggingar. Verneplanane for vassdrag; I \u2013 IV, b\u00f8r ogs\u00e5 revurderast\u201d\n<\/p>\n\n\n\n<p>Naturvernforbundet har den seinare tida sl\u00e5st for at nokre av sm\u00e5vassdraga skal f\u00e5 renne vilt og vakkert ogs\u00e5 i framtida, men politikarane si uvilje har vore heller stor til \u00e5 finne ut kva vassdrag som b\u00f8r sparast. S\u00e5 har vi gleda oss over at det i alle fall finst nokre vassdrag som dei moderne vassdragsutbyggarane ikkje f\u00e5r kloa i. I Sunndal er det Gr\u00f8vu og Ulv\u00e5a ned til \u00c5lvund som er verna i Samla Plan. Det er ikkje noko for mykje. Andre stader er det p\u00e5 omlag same viset. Det er mogleg vassdraga i Samla Plan kunne ha vore vurdert p\u00e5 nytt i heilskap, men ikkje med siktem\u00e5l at meir skal byggast ut totalt sett. \n<\/p>\n\n\n\n<p>Sj\u00f8lv moderne kraftutbygging har det ved seg at vatnet blir meir eller mindre borte fr\u00e5 utbygde vassdrag og blir f\u00f8rte i r\u00f8yr og tunnelar i staden. Sk\u00e5nsame utbyggingar finst s\u00e5leis ikkje. \n<\/p>\n\n\n\n<p>No sa visst politikarane i Sunndal at det var ikkje Innerdalen og Gr\u00f8vu som skulle byggast ut. Det er vel andre sine skattar dei har i tankane d\u00e5? Entusiasmen for Sunndal sin aluminiumsproduksjon og kraftforbruk blir vel ikkje st\u00f8rre med dette vedtaket.\n<\/p>\n\n\n\n<p>Det er kommuneval om eit \u00e5r. I Sunndal kommunestyre er det ganske mange som i denne saka har levert inn s\u00f8knad om \u00e5 f\u00e5 sleppe ein ny periode. \n<\/p>\n\n\n\n<p>\u00d8ystein Folden\n<\/p>\n\n\n\n<p>Leiar, Naturvernforbundet i M\u00f8re og Romsdal\n<a>Ja, dette er viktig. Eg vil bli medlem i Naturvernforbundet<\/a><br><\/p>\n\n\n\n\n\n<p><a>Eg vil gjerne st\u00f8tte arbeidet Naturvernforbundets gj\u00f8r for \u00e5 redusere energibruk og klimaendringar<\/a><\/p>\n\n\n\n\n\n<p><a href=\"\/imakerdata\/f\/0\/88\/29\/7_2401_0\/Sak_46-2006_ENERGISITUASJONEN_I_MIDT-NORGE.pdf\">Vedtaket i Sunndal kommunestyre<\/a><\/p>\n","protected":false},"excerpt":{"rendered":"<p>Politikarane i Sunndal er opptatt av kraftsituasjonen. S\u00e5 opptatt at b\u00e5de reknekunnskapar og alminneleg vurderingsevne ser ut til \u00e5 ha tatt skade.<\/p>\n","protected":false},"author":38,"featured_media":0,"comment_status":"closed","ping_status":"closed","sticky":false,"template":"","format":"standard","meta":{"_relevanssi_hide_post":"","_relevanssi_hide_content":"","_relevanssi_pin_for_all":"","_relevanssi_pin_keywords":"","_relevanssi_unpin_keywords":"","_relevanssi_related_keywords":"","_relevanssi_related_include_ids":"","_relevanssi_related_exclude_ids":"","_relevanssi_related_no_append":"","_relevanssi_related_not_related":"","_relevanssi_related_posts":"","_relevanssi_noindex_reason":"","hide_logo":false,"footnotes":""},"categories":[13],"tags":[],"local":[],"class_list":["post-2165","post","type-post","status-publish","format-standard","hentry","category-vasskraft"],"acf":[],"yoast_head":"<!-- This site is optimized with the Yoast SEO plugin v24.9 - https:\/\/yoast.com\/wordpress\/plugins\/seo\/ -->\n<title>Kraftverk i Innerdalen? - M\u00f8re og Romsdal<\/title>\n<meta name=\"robots\" content=\"index, follow, max-snippet:-1, max-image-preview:large, max-video-preview:-1\" \/>\n<link rel=\"canonical\" href=\"https:\/\/naturvernforbundet.no\/moreogromsdal\/kraftverk-i-innerdalen\/\" \/>\n<meta property=\"og:locale\" content=\"nb_NO\" \/>\n<meta property=\"og:type\" content=\"article\" \/>\n<meta property=\"og:title\" content=\"Kraftverk i Innerdalen? - M\u00f8re og Romsdal\" \/>\n<meta property=\"og:description\" content=\"Politikarane i Sunndal er opptatt av kraftsituasjonen. S\u00e5 opptatt at b\u00e5de reknekunnskapar og alminneleg vurderingsevne ser ut til \u00e5 ha tatt skade.\" \/>\n<meta property=\"og:url\" content=\"https:\/\/naturvernforbundet.no\/moreogromsdal\/kraftverk-i-innerdalen\/\" \/>\n<meta property=\"og:site_name\" content=\"M\u00f8re og Romsdal\" \/>\n<meta property=\"article:published_time\" content=\"2006-06-27T20:17:00+00:00\" \/>\n<meta name=\"author\" content=\"Artikkelimport\u00f8r\" \/>\n<meta name=\"twitter:card\" content=\"summary_large_image\" \/>\n<meta name=\"twitter:label1\" content=\"Skrevet av\" \/>\n\t<meta name=\"twitter:data1\" content=\"Artikkelimport\u00f8r\" \/>\n\t<meta name=\"twitter:label2\" content=\"Ansl. lesetid\" \/>\n\t<meta name=\"twitter:data2\" content=\"2 minutter\" \/>\n<script type=\"application\/ld+json\" class=\"yoast-schema-graph\">{\"@context\":\"https:\/\/schema.org\",\"@graph\":[{\"@type\":\"WebPage\",\"@id\":\"https:\/\/naturvernforbundet.no\/moreogromsdal\/kraftverk-i-innerdalen\/\",\"url\":\"https:\/\/naturvernforbundet.no\/moreogromsdal\/kraftverk-i-innerdalen\/\",\"name\":\"Kraftverk i Innerdalen? - M\u00f8re og Romsdal\",\"isPartOf\":{\"@id\":\"https:\/\/naturvernforbundet.no\/moreogromsdal\/#website\"},\"datePublished\":\"2006-06-27T20:17:00+00:00\",\"author\":{\"@id\":\"https:\/\/naturvernforbundet.no\/moreogromsdal\/#\/schema\/person\/c72f198205979084bf071deedb6205f4\"},\"breadcrumb\":{\"@id\":\"https:\/\/naturvernforbundet.no\/moreogromsdal\/kraftverk-i-innerdalen\/#breadcrumb\"},\"inLanguage\":\"nb-NO\",\"potentialAction\":[{\"@type\":\"ReadAction\",\"target\":[\"https:\/\/naturvernforbundet.no\/moreogromsdal\/kraftverk-i-innerdalen\/\"]}]},{\"@type\":\"BreadcrumbList\",\"@id\":\"https:\/\/naturvernforbundet.no\/moreogromsdal\/kraftverk-i-innerdalen\/#breadcrumb\",\"itemListElement\":[{\"@type\":\"ListItem\",\"position\":1,\"name\":\"Till naturvernforbundet.no\",\"item\":\"https:\/\/naturvernforbundet.no\/\"},{\"@type\":\"ListItem\",\"position\":2,\"name\":\"M\u00f8re og Romsdal\",\"item\":\"https:\/\/naturvernforbundet.no\/moreogromsdal\/\"},{\"@type\":\"ListItem\",\"position\":3,\"name\":\"Kraftverk i Innerdalen?\"}]},{\"@type\":\"WebSite\",\"@id\":\"https:\/\/naturvernforbundet.no\/moreogromsdal\/#website\",\"url\":\"https:\/\/naturvernforbundet.no\/moreogromsdal\/\",\"name\":\"M\u00f8re og Romsdal\",\"description\":\"Bare enda et Naturvernforbundet Sites-nettsted\",\"potentialAction\":[{\"@type\":\"SearchAction\",\"target\":{\"@type\":\"EntryPoint\",\"urlTemplate\":\"https:\/\/naturvernforbundet.no\/moreogromsdal\/?s={search_term_string}\"},\"query-input\":{\"@type\":\"PropertyValueSpecification\",\"valueRequired\":true,\"valueName\":\"search_term_string\"}}],\"inLanguage\":\"nb-NO\"},{\"@type\":\"Person\",\"@id\":\"https:\/\/naturvernforbundet.no\/moreogromsdal\/#\/schema\/person\/c72f198205979084bf071deedb6205f4\",\"name\":\"Artikkelimport\u00f8r\",\"image\":{\"@type\":\"ImageObject\",\"inLanguage\":\"nb-NO\",\"@id\":\"https:\/\/naturvernforbundet.no\/moreogromsdal\/#\/schema\/person\/image\/\",\"url\":\"https:\/\/secure.gravatar.com\/avatar\/015fa491b9ed1c823ef16a5c930294d1?s=96&d=mm&r=g\",\"contentUrl\":\"https:\/\/secure.gravatar.com\/avatar\/015fa491b9ed1c823ef16a5c930294d1?s=96&d=mm&r=g\",\"caption\":\"Artikkelimport\u00f8r\"},\"url\":\"https:\/\/naturvernforbundet.no\/moreogromsdal\/author\/artikkelimportor\/\"}]}<\/script>\n<!-- \/ Yoast SEO plugin. -->","yoast_head_json":{"title":"Kraftverk i Innerdalen? - M\u00f8re og Romsdal","robots":{"index":"index","follow":"follow","max-snippet":"max-snippet:-1","max-image-preview":"max-image-preview:large","max-video-preview":"max-video-preview:-1"},"canonical":"https:\/\/naturvernforbundet.no\/moreogromsdal\/kraftverk-i-innerdalen\/","og_locale":"nb_NO","og_type":"article","og_title":"Kraftverk i Innerdalen? - M\u00f8re og Romsdal","og_description":"Politikarane i Sunndal er opptatt av kraftsituasjonen. S\u00e5 opptatt at b\u00e5de reknekunnskapar og alminneleg vurderingsevne ser ut til \u00e5 ha tatt skade.","og_url":"https:\/\/naturvernforbundet.no\/moreogromsdal\/kraftverk-i-innerdalen\/","og_site_name":"M\u00f8re og Romsdal","article_published_time":"2006-06-27T20:17:00+00:00","author":"Artikkelimport\u00f8r","twitter_card":"summary_large_image","twitter_misc":{"Skrevet av":"Artikkelimport\u00f8r","Ansl. lesetid":"2 minutter"},"schema":{"@context":"https:\/\/schema.org","@graph":[{"@type":"WebPage","@id":"https:\/\/naturvernforbundet.no\/moreogromsdal\/kraftverk-i-innerdalen\/","url":"https:\/\/naturvernforbundet.no\/moreogromsdal\/kraftverk-i-innerdalen\/","name":"Kraftverk i Innerdalen? - M\u00f8re og Romsdal","isPartOf":{"@id":"https:\/\/naturvernforbundet.no\/moreogromsdal\/#website"},"datePublished":"2006-06-27T20:17:00+00:00","author":{"@id":"https:\/\/naturvernforbundet.no\/moreogromsdal\/#\/schema\/person\/c72f198205979084bf071deedb6205f4"},"breadcrumb":{"@id":"https:\/\/naturvernforbundet.no\/moreogromsdal\/kraftverk-i-innerdalen\/#breadcrumb"},"inLanguage":"nb-NO","potentialAction":[{"@type":"ReadAction","target":["https:\/\/naturvernforbundet.no\/moreogromsdal\/kraftverk-i-innerdalen\/"]}]},{"@type":"BreadcrumbList","@id":"https:\/\/naturvernforbundet.no\/moreogromsdal\/kraftverk-i-innerdalen\/#breadcrumb","itemListElement":[{"@type":"ListItem","position":1,"name":"Till naturvernforbundet.no","item":"https:\/\/naturvernforbundet.no\/"},{"@type":"ListItem","position":2,"name":"M\u00f8re og Romsdal","item":"https:\/\/naturvernforbundet.no\/moreogromsdal\/"},{"@type":"ListItem","position":3,"name":"Kraftverk i Innerdalen?"}]},{"@type":"WebSite","@id":"https:\/\/naturvernforbundet.no\/moreogromsdal\/#website","url":"https:\/\/naturvernforbundet.no\/moreogromsdal\/","name":"M\u00f8re og Romsdal","description":"Bare enda et Naturvernforbundet Sites-nettsted","potentialAction":[{"@type":"SearchAction","target":{"@type":"EntryPoint","urlTemplate":"https:\/\/naturvernforbundet.no\/moreogromsdal\/?s={search_term_string}"},"query-input":{"@type":"PropertyValueSpecification","valueRequired":true,"valueName":"search_term_string"}}],"inLanguage":"nb-NO"},{"@type":"Person","@id":"https:\/\/naturvernforbundet.no\/moreogromsdal\/#\/schema\/person\/c72f198205979084bf071deedb6205f4","name":"Artikkelimport\u00f8r","image":{"@type":"ImageObject","inLanguage":"nb-NO","@id":"https:\/\/naturvernforbundet.no\/moreogromsdal\/#\/schema\/person\/image\/","url":"https:\/\/secure.gravatar.com\/avatar\/015fa491b9ed1c823ef16a5c930294d1?s=96&d=mm&r=g","contentUrl":"https:\/\/secure.gravatar.com\/avatar\/015fa491b9ed1c823ef16a5c930294d1?s=96&d=mm&r=g","caption":"Artikkelimport\u00f8r"},"url":"https:\/\/naturvernforbundet.no\/moreogromsdal\/author\/artikkelimportor\/"}]}},"_links":{"self":[{"href":"https:\/\/naturvernforbundet.no\/moreogromsdal\/wp-json\/wp\/v2\/posts\/2165","targetHints":{"allow":["GET"]}}],"collection":[{"href":"https:\/\/naturvernforbundet.no\/moreogromsdal\/wp-json\/wp\/v2\/posts"}],"about":[{"href":"https:\/\/naturvernforbundet.no\/moreogromsdal\/wp-json\/wp\/v2\/types\/post"}],"author":[{"embeddable":true,"href":"https:\/\/naturvernforbundet.no\/moreogromsdal\/wp-json\/wp\/v2\/users\/38"}],"replies":[{"embeddable":true,"href":"https:\/\/naturvernforbundet.no\/moreogromsdal\/wp-json\/wp\/v2\/comments?post=2165"}],"version-history":[{"count":0,"href":"https:\/\/naturvernforbundet.no\/moreogromsdal\/wp-json\/wp\/v2\/posts\/2165\/revisions"}],"wp:attachment":[{"href":"https:\/\/naturvernforbundet.no\/moreogromsdal\/wp-json\/wp\/v2\/media?parent=2165"}],"wp:term":[{"taxonomy":"category","embeddable":true,"href":"https:\/\/naturvernforbundet.no\/moreogromsdal\/wp-json\/wp\/v2\/categories?post=2165"},{"taxonomy":"post_tag","embeddable":true,"href":"https:\/\/naturvernforbundet.no\/moreogromsdal\/wp-json\/wp\/v2\/tags?post=2165"},{"taxonomy":"local","embeddable":true,"href":"https:\/\/naturvernforbundet.no\/moreogromsdal\/wp-json\/wp\/v2\/local?post=2165"}],"curies":[{"name":"wp","href":"https:\/\/api.w.org\/{rel}","templated":true}]}}