{"id":2166,"date":"2005-08-18T06:33:00","date_gmt":"2005-08-18T04:33:00","guid":{"rendered":"https:\/\/naturvernforbundet.no\/moreogromsdal\/er-fuglar-verdt-meir-enn-menneske\/"},"modified":"2005-08-18T06:33:00","modified_gmt":"2005-08-18T04:33:00","slug":"er-fuglar-verdt-meir-enn-menneske","status":"publish","type":"post","link":"https:\/\/naturvernforbundet.no\/moreogromsdal\/er-fuglar-verdt-meir-enn-menneske\/","title":{"rendered":"Er fuglar verdt meir enn menneske?"},"content":{"rendered":"\t<div class=\"template-post alignfull wp-block-naturvern-hero\">\n\t\t<div class=\"hero__inner\">\n\t\t\t<div class=\"hero__inner_blocks\">\n\t\t\t\t\t\t\t\t\n\t\t\t\t\t<h1 class=\"wp-block-post-title\">Er fuglar verdt meir enn menneske?<\/h1>\n\n\t\t\t\t\t<div class=\"wp-block-post-excerpt\"><p class=\"wp-block-post-excerpt__excerpt\">Olje- og energidepartementet har avgjort at den nye kraftlina gjennom Hareid skal g\u00e5 i kabel forbi Grimstadvatnet naturreservat og i luftspenn forbi bustadfelt i Hareid. Avisa Nytt i Uka er forarga p\u00e5 leiarplass 17. august. <\/p><\/div>\n\n\t\t\t\t\t\n\n\t\t\t\t\t<div class=\"wp-block-naturvern-byline\">\n\t\t\t<div class=\"authors\">By <span class=\"t2-byline__author-link\">Artikkelimport\u00f8r<\/span><\/div>\n\t\t\t<small class=\"entry-date\">18.08.2005 06:33<\/small>\n\t\t<\/div>\n\t\t\t\t\t\t\t\t<\/div>\n\t\t\t\t\t<\/div>\n\t\t\t<\/div>\n\t\n<p>Naturvernforbundet har arbeidd i mange \u00e5r for \u00e5 f\u00e5 kabling av h\u00f8gspentliner, b\u00e5de i naturomr\u00e5de og bustadomr\u00e5de. B\u00e5de kraftnettbransjen, NVE og Olje- og energidepartementet har vore ihuga motstandarar av ei kvar form for kabling. Dei har frykta at det \u00e5 gi seg ein plass kan f\u00f8re til eit ras av nye krav om kabling av kraftliner. Det er difor gledeleg at milj\u00f8interessene no har f\u00e5tt medhald i Hareid, sj\u00f8lv om dette f\u00f8rebels berre er ein delsigar. No m\u00e5 vi sette v\u00e5r lit til Tussa.<br><br>Naturvernforbundet vil \u00e5tvare mot at det er fuglane som blir syndebukk, store stygge ulvar eller andre d\u00e5rlege metaforar i denne saka, slik leiaren i Nytt i Uka litt lettvint kan tolkast. Dersom vi skal f\u00e5 fleire h\u00f8gspentlinar i kabel i Noreg m\u00e5 dei som vil ta vare p\u00e5 dyr og dei som vil ta vare p\u00e5 folk og vi som vil ta vare p\u00e5 beggje deler st\u00e5 samla. Motkreftene er framleis sterke, sj\u00f8lv om vi no ser tegn p\u00e5 at kabling faktisk kan vere eit alternativ til luftspenn.<br><br>\u00d8ystein Folden\nleiar i Naturvernforbundet i M\u00f8re og Romsdal<\/p>\n\n\n\n<p><a href=\"\/imakerdata\/f\/0\/69\/73\/3_2401_0\/Nytt_i_uka_20050817.jpg\">Leiaren i Nytt i Uka 17. august 2005<\/a><\/p>\n","protected":false},"excerpt":{"rendered":"<p>Olje- og energidepartementet har avgjort at den nye kraftlina gjennom Hareid skal g\u00e5 i kabel forbi Grimstadvatnet naturreservat og i luftspenn forbi bustadfelt i Hareid. Avisa Nytt i Uka er forarga p\u00e5 leiarplass 17. august.<\/p>\n","protected":false},"author":38,"featured_media":0,"comment_status":"closed","ping_status":"closed","sticky":false,"template":"","format":"standard","meta":{"_relevanssi_hide_post":"","_relevanssi_hide_content":"","_relevanssi_pin_for_all":"","_relevanssi_pin_keywords":"","_relevanssi_unpin_keywords":"","_relevanssi_related_keywords":"","_relevanssi_related_include_ids":"","_relevanssi_related_exclude_ids":"","_relevanssi_related_no_append":"","_relevanssi_related_not_related":"","_relevanssi_related_posts":"","_relevanssi_noindex_reason":"","hide_logo":false,"footnotes":""},"categories":[16],"tags":[],"local":[],"class_list":["post-2166","post","type-post","status-publish","format-standard","hentry","category-naturmangfold"],"acf":[],"yoast_head":"<!-- This site is optimized with the Yoast SEO plugin v24.9 - https:\/\/yoast.com\/wordpress\/plugins\/seo\/ -->\n<title>Er fuglar verdt meir enn menneske? - M\u00f8re og Romsdal<\/title>\n<meta name=\"robots\" content=\"index, follow, max-snippet:-1, max-image-preview:large, max-video-preview:-1\" \/>\n<link rel=\"canonical\" href=\"https:\/\/naturvernforbundet.no\/moreogromsdal\/er-fuglar-verdt-meir-enn-menneske\/\" \/>\n<meta property=\"og:locale\" content=\"nb_NO\" \/>\n<meta property=\"og:type\" content=\"article\" \/>\n<meta property=\"og:title\" content=\"Er fuglar verdt meir enn menneske? - M\u00f8re og Romsdal\" \/>\n<meta property=\"og:description\" content=\"Olje- og energidepartementet har avgjort at den nye kraftlina gjennom Hareid skal g\u00e5 i kabel forbi Grimstadvatnet naturreservat og i luftspenn forbi bustadfelt i Hareid. Avisa Nytt i Uka er forarga p\u00e5 leiarplass 17. august.\" \/>\n<meta property=\"og:url\" content=\"https:\/\/naturvernforbundet.no\/moreogromsdal\/er-fuglar-verdt-meir-enn-menneske\/\" \/>\n<meta property=\"og:site_name\" content=\"M\u00f8re og Romsdal\" \/>\n<meta property=\"article:published_time\" content=\"2005-08-18T04:33:00+00:00\" \/>\n<meta name=\"author\" content=\"Artikkelimport\u00f8r\" \/>\n<meta name=\"twitter:card\" content=\"summary_large_image\" \/>\n<meta name=\"twitter:label1\" content=\"Skrevet av\" \/>\n\t<meta name=\"twitter:data1\" content=\"Artikkelimport\u00f8r\" \/>\n\t<meta name=\"twitter:label2\" content=\"Ansl. lesetid\" \/>\n\t<meta name=\"twitter:data2\" content=\"1 minutt\" \/>\n<script type=\"application\/ld+json\" class=\"yoast-schema-graph\">{\"@context\":\"https:\/\/schema.org\",\"@graph\":[{\"@type\":\"WebPage\",\"@id\":\"https:\/\/naturvernforbundet.no\/moreogromsdal\/er-fuglar-verdt-meir-enn-menneske\/\",\"url\":\"https:\/\/naturvernforbundet.no\/moreogromsdal\/er-fuglar-verdt-meir-enn-menneske\/\",\"name\":\"Er fuglar verdt meir enn menneske? - M\u00f8re og Romsdal\",\"isPartOf\":{\"@id\":\"https:\/\/naturvernforbundet.no\/moreogromsdal\/#website\"},\"datePublished\":\"2005-08-18T04:33:00+00:00\",\"author\":{\"@id\":\"https:\/\/naturvernforbundet.no\/moreogromsdal\/#\/schema\/person\/c72f198205979084bf071deedb6205f4\"},\"breadcrumb\":{\"@id\":\"https:\/\/naturvernforbundet.no\/moreogromsdal\/er-fuglar-verdt-meir-enn-menneske\/#breadcrumb\"},\"inLanguage\":\"nb-NO\",\"potentialAction\":[{\"@type\":\"ReadAction\",\"target\":[\"https:\/\/naturvernforbundet.no\/moreogromsdal\/er-fuglar-verdt-meir-enn-menneske\/\"]}]},{\"@type\":\"BreadcrumbList\",\"@id\":\"https:\/\/naturvernforbundet.no\/moreogromsdal\/er-fuglar-verdt-meir-enn-menneske\/#breadcrumb\",\"itemListElement\":[{\"@type\":\"ListItem\",\"position\":1,\"name\":\"Till naturvernforbundet.no\",\"item\":\"https:\/\/naturvernforbundet.no\/\"},{\"@type\":\"ListItem\",\"position\":2,\"name\":\"M\u00f8re og Romsdal\",\"item\":\"https:\/\/naturvernforbundet.no\/moreogromsdal\/\"},{\"@type\":\"ListItem\",\"position\":3,\"name\":\"Er fuglar verdt meir enn menneske?\"}]},{\"@type\":\"WebSite\",\"@id\":\"https:\/\/naturvernforbundet.no\/moreogromsdal\/#website\",\"url\":\"https:\/\/naturvernforbundet.no\/moreogromsdal\/\",\"name\":\"M\u00f8re og Romsdal\",\"description\":\"Bare enda et Naturvernforbundet Sites-nettsted\",\"potentialAction\":[{\"@type\":\"SearchAction\",\"target\":{\"@type\":\"EntryPoint\",\"urlTemplate\":\"https:\/\/naturvernforbundet.no\/moreogromsdal\/?s={search_term_string}\"},\"query-input\":{\"@type\":\"PropertyValueSpecification\",\"valueRequired\":true,\"valueName\":\"search_term_string\"}}],\"inLanguage\":\"nb-NO\"},{\"@type\":\"Person\",\"@id\":\"https:\/\/naturvernforbundet.no\/moreogromsdal\/#\/schema\/person\/c72f198205979084bf071deedb6205f4\",\"name\":\"Artikkelimport\u00f8r\",\"image\":{\"@type\":\"ImageObject\",\"inLanguage\":\"nb-NO\",\"@id\":\"https:\/\/naturvernforbundet.no\/moreogromsdal\/#\/schema\/person\/image\/\",\"url\":\"https:\/\/secure.gravatar.com\/avatar\/015fa491b9ed1c823ef16a5c930294d1?s=96&d=mm&r=g\",\"contentUrl\":\"https:\/\/secure.gravatar.com\/avatar\/015fa491b9ed1c823ef16a5c930294d1?s=96&d=mm&r=g\",\"caption\":\"Artikkelimport\u00f8r\"},\"url\":\"https:\/\/naturvernforbundet.no\/moreogromsdal\/author\/artikkelimportor\/\"}]}<\/script>\n<!-- \/ Yoast SEO plugin. -->","yoast_head_json":{"title":"Er fuglar verdt meir enn menneske? - M\u00f8re og Romsdal","robots":{"index":"index","follow":"follow","max-snippet":"max-snippet:-1","max-image-preview":"max-image-preview:large","max-video-preview":"max-video-preview:-1"},"canonical":"https:\/\/naturvernforbundet.no\/moreogromsdal\/er-fuglar-verdt-meir-enn-menneske\/","og_locale":"nb_NO","og_type":"article","og_title":"Er fuglar verdt meir enn menneske? - M\u00f8re og Romsdal","og_description":"Olje- og energidepartementet har avgjort at den nye kraftlina gjennom Hareid skal g\u00e5 i kabel forbi Grimstadvatnet naturreservat og i luftspenn forbi bustadfelt i Hareid. Avisa Nytt i Uka er forarga p\u00e5 leiarplass 17. august.","og_url":"https:\/\/naturvernforbundet.no\/moreogromsdal\/er-fuglar-verdt-meir-enn-menneske\/","og_site_name":"M\u00f8re og Romsdal","article_published_time":"2005-08-18T04:33:00+00:00","author":"Artikkelimport\u00f8r","twitter_card":"summary_large_image","twitter_misc":{"Skrevet av":"Artikkelimport\u00f8r","Ansl. lesetid":"1 minutt"},"schema":{"@context":"https:\/\/schema.org","@graph":[{"@type":"WebPage","@id":"https:\/\/naturvernforbundet.no\/moreogromsdal\/er-fuglar-verdt-meir-enn-menneske\/","url":"https:\/\/naturvernforbundet.no\/moreogromsdal\/er-fuglar-verdt-meir-enn-menneske\/","name":"Er fuglar verdt meir enn menneske? - M\u00f8re og Romsdal","isPartOf":{"@id":"https:\/\/naturvernforbundet.no\/moreogromsdal\/#website"},"datePublished":"2005-08-18T04:33:00+00:00","author":{"@id":"https:\/\/naturvernforbundet.no\/moreogromsdal\/#\/schema\/person\/c72f198205979084bf071deedb6205f4"},"breadcrumb":{"@id":"https:\/\/naturvernforbundet.no\/moreogromsdal\/er-fuglar-verdt-meir-enn-menneske\/#breadcrumb"},"inLanguage":"nb-NO","potentialAction":[{"@type":"ReadAction","target":["https:\/\/naturvernforbundet.no\/moreogromsdal\/er-fuglar-verdt-meir-enn-menneske\/"]}]},{"@type":"BreadcrumbList","@id":"https:\/\/naturvernforbundet.no\/moreogromsdal\/er-fuglar-verdt-meir-enn-menneske\/#breadcrumb","itemListElement":[{"@type":"ListItem","position":1,"name":"Till naturvernforbundet.no","item":"https:\/\/naturvernforbundet.no\/"},{"@type":"ListItem","position":2,"name":"M\u00f8re og Romsdal","item":"https:\/\/naturvernforbundet.no\/moreogromsdal\/"},{"@type":"ListItem","position":3,"name":"Er fuglar verdt meir enn menneske?"}]},{"@type":"WebSite","@id":"https:\/\/naturvernforbundet.no\/moreogromsdal\/#website","url":"https:\/\/naturvernforbundet.no\/moreogromsdal\/","name":"M\u00f8re og Romsdal","description":"Bare enda et Naturvernforbundet Sites-nettsted","potentialAction":[{"@type":"SearchAction","target":{"@type":"EntryPoint","urlTemplate":"https:\/\/naturvernforbundet.no\/moreogromsdal\/?s={search_term_string}"},"query-input":{"@type":"PropertyValueSpecification","valueRequired":true,"valueName":"search_term_string"}}],"inLanguage":"nb-NO"},{"@type":"Person","@id":"https:\/\/naturvernforbundet.no\/moreogromsdal\/#\/schema\/person\/c72f198205979084bf071deedb6205f4","name":"Artikkelimport\u00f8r","image":{"@type":"ImageObject","inLanguage":"nb-NO","@id":"https:\/\/naturvernforbundet.no\/moreogromsdal\/#\/schema\/person\/image\/","url":"https:\/\/secure.gravatar.com\/avatar\/015fa491b9ed1c823ef16a5c930294d1?s=96&d=mm&r=g","contentUrl":"https:\/\/secure.gravatar.com\/avatar\/015fa491b9ed1c823ef16a5c930294d1?s=96&d=mm&r=g","caption":"Artikkelimport\u00f8r"},"url":"https:\/\/naturvernforbundet.no\/moreogromsdal\/author\/artikkelimportor\/"}]}},"_links":{"self":[{"href":"https:\/\/naturvernforbundet.no\/moreogromsdal\/wp-json\/wp\/v2\/posts\/2166","targetHints":{"allow":["GET"]}}],"collection":[{"href":"https:\/\/naturvernforbundet.no\/moreogromsdal\/wp-json\/wp\/v2\/posts"}],"about":[{"href":"https:\/\/naturvernforbundet.no\/moreogromsdal\/wp-json\/wp\/v2\/types\/post"}],"author":[{"embeddable":true,"href":"https:\/\/naturvernforbundet.no\/moreogromsdal\/wp-json\/wp\/v2\/users\/38"}],"replies":[{"embeddable":true,"href":"https:\/\/naturvernforbundet.no\/moreogromsdal\/wp-json\/wp\/v2\/comments?post=2166"}],"version-history":[{"count":0,"href":"https:\/\/naturvernforbundet.no\/moreogromsdal\/wp-json\/wp\/v2\/posts\/2166\/revisions"}],"wp:attachment":[{"href":"https:\/\/naturvernforbundet.no\/moreogromsdal\/wp-json\/wp\/v2\/media?parent=2166"}],"wp:term":[{"taxonomy":"category","embeddable":true,"href":"https:\/\/naturvernforbundet.no\/moreogromsdal\/wp-json\/wp\/v2\/categories?post=2166"},{"taxonomy":"post_tag","embeddable":true,"href":"https:\/\/naturvernforbundet.no\/moreogromsdal\/wp-json\/wp\/v2\/tags?post=2166"},{"taxonomy":"local","embeddable":true,"href":"https:\/\/naturvernforbundet.no\/moreogromsdal\/wp-json\/wp\/v2\/local?post=2166"}],"curies":[{"name":"wp","href":"https:\/\/api.w.org\/{rel}","templated":true}]}}