{"id":2186,"date":"2005-02-01T11:17:00","date_gmt":"2005-02-01T10:17:00","guid":{"rendered":"https:\/\/naturvernforbundet.no\/moreogromsdal\/utbygging-av-urkeelva-i-orsta\/"},"modified":"2005-02-01T11:17:00","modified_gmt":"2005-02-01T10:17:00","slug":"utbygging-av-urkeelva-i-orsta","status":"publish","type":"post","link":"https:\/\/naturvernforbundet.no\/moreogromsdal\/utbygging-av-urkeelva-i-orsta\/","title":{"rendered":"Utbygging av Urkeelva i \u00d8rsta"},"content":{"rendered":"\t<div class=\"template-post alignfull wp-block-naturvern-hero\">\n\t\t<div class=\"hero__inner\">\n\t\t\t<div class=\"hero__inner_blocks\">\n\t\t\t\t\t\t\t\t\n\t\t\t\t\t<h1 class=\"wp-block-post-title\">Utbygging av Urkeelva i \u00d8rsta<\/h1>\n\n\t\t\t\t\t<div class=\"wp-block-post-excerpt\"><p class=\"wp-block-post-excerpt__excerpt\">Det som no skjer, er at typiske trekk ved sunnm\u00f8rsnaturen forsvinn. Dette er trekk som nasjonalt og globalt er einest\u00e5ande. Det er ikkje dei uvanlege naturelementa som er utsette for utrydding\/ forvandling, men dei typiske. Det er fr\u00e5 desse dei kulturelle r\u00f8tene v\u00e5re spring ut. Det er desse vi nyttar i kunst og litteratur for&hellip; <\/p><\/div>\n\n\t\t\t\t\t\n\n\t\t\t\t\t<div class=\"wp-block-naturvern-byline\">\n\t\t\t<div class=\"authors\">By <span class=\"t2-byline__author-link\">Artikkelimport\u00f8r<\/span><\/div>\n\t\t\t<small class=\"entry-date\">01.02.2005 11:17<\/small>\n\t\t<\/div>\n\t\t\t\t\t\t\t\t<\/div>\n\t\t\t\t\t<\/div>\n\t\t\t<\/div>\n\t\n<p>B\u00e5de resten av Urkeelva og landskapet rundt b\u00f8r vernast, meiner Naturvernforbundet. Dersom ei rekke avb\u00f8tande tiltak blir sett i verk kan vi likevel akseptere ei sk\u00e5nsom utbygging her.\n<\/p>\n\n\n\n<p><em>Kontaktperson for denne saka er Knut Fest\u00f8, telefon 98 46 98 34. <\/em>\n<a title=\"\/cgi-bin\/naturvern\/imaker?id=32&amp;visdybde=1&amp;aktiv=32\" href=\"\/cgi-bin\/naturvern\/imaker?id=32&amp;visdybde=1&amp;aktiv=32\" target=\"linkvindu\" rel=\"noopener\">Ja, dette er viktig. Eg vil bli medlem i Naturvernforbundet<\/a><br><\/p>\n\n\n\n\n\n<p><a title=\"\/cgi-bin\/naturvern\/imaker?id=25252\" href=\"\/fastgiver\/\" target=\"linkvindu\" rel=\"noopener\">Eg vil gjerne st\u00f8tte arbeidet Naturvernforbundet gj\u00f8r for \u00e5 ta vare p\u00e5 naturen<\/a><\/p>\n\n\n\n\n\n<p><a href=\"\/imakerdata\/f\/1\/30\/86\/9_2401_0\/Urke_kraftverk.pdf\">Les fr\u00e5segna fr\u00e5 Naturvernforbundet i Volda og \u00d8rsta<\/a><\/p>\n","protected":false},"excerpt":{"rendered":"<p>Det som no skjer, er at typiske trekk ved sunnm\u00f8rsnaturen forsvinn. Dette er trekk som nasjonalt og globalt er einest\u00e5ande. Det er ikkje dei uvanlege naturelementa som er utsette for utrydding\/ forvandling, men dei typiske. Det er fr\u00e5 desse dei kulturelle r\u00f8tene v\u00e5re spring ut. Det er desse vi nyttar i kunst og litteratur for \u00e5 fortelje kven vi er, og det er desse vi nyttar for \u00e5 f\u00e5 turistar og nye busetjarar til Sunnm\u00f8re. Naturvernforbundet \u00f8nskjer ogs\u00e5 \u00e5 f\u00e5 &laquo;sanert&raquo; eksisterande veg.<\/p>\n","protected":false},"author":38,"featured_media":0,"comment_status":"closed","ping_status":"closed","sticky":false,"template":"","format":"standard","meta":{"_relevanssi_hide_post":"","_relevanssi_hide_content":"","_relevanssi_pin_for_all":"","_relevanssi_pin_keywords":"","_relevanssi_unpin_keywords":"","_relevanssi_related_keywords":"","_relevanssi_related_include_ids":"","_relevanssi_related_exclude_ids":"","_relevanssi_related_no_append":"","_relevanssi_related_not_related":"","_relevanssi_related_posts":"","_relevanssi_noindex_reason":"","hide_logo":false,"footnotes":""},"categories":[13],"tags":[],"local":[],"class_list":["post-2186","post","type-post","status-publish","format-standard","hentry","category-vasskraft"],"acf":[],"yoast_head":"<!-- This site is optimized with the Yoast SEO plugin v24.9 - https:\/\/yoast.com\/wordpress\/plugins\/seo\/ -->\n<title>Utbygging av Urkeelva i \u00d8rsta - M\u00f8re og Romsdal<\/title>\n<meta name=\"robots\" content=\"index, follow, max-snippet:-1, max-image-preview:large, max-video-preview:-1\" \/>\n<link rel=\"canonical\" href=\"https:\/\/naturvernforbundet.no\/moreogromsdal\/utbygging-av-urkeelva-i-orsta\/\" \/>\n<meta property=\"og:locale\" content=\"nb_NO\" \/>\n<meta property=\"og:type\" content=\"article\" \/>\n<meta property=\"og:title\" content=\"Utbygging av Urkeelva i \u00d8rsta - M\u00f8re og Romsdal\" \/>\n<meta property=\"og:description\" content=\"Det som no skjer, er at typiske trekk ved sunnm\u00f8rsnaturen forsvinn. Dette er trekk som nasjonalt og globalt er einest\u00e5ande. Det er ikkje dei uvanlege naturelementa som er utsette for utrydding\/ forvandling, men dei typiske. Det er fr\u00e5 desse dei kulturelle r\u00f8tene v\u00e5re spring ut. Det er desse vi nyttar i kunst og litteratur for \u00e5 fortelje kven vi er, og det er desse vi nyttar for \u00e5 f\u00e5 turistar og nye busetjarar til Sunnm\u00f8re. Naturvernforbundet \u00f8nskjer ogs\u00e5 \u00e5 f\u00e5 &quot;sanert&quot; eksisterande veg.\" \/>\n<meta property=\"og:url\" content=\"https:\/\/naturvernforbundet.no\/moreogromsdal\/utbygging-av-urkeelva-i-orsta\/\" \/>\n<meta property=\"og:site_name\" content=\"M\u00f8re og Romsdal\" \/>\n<meta property=\"article:published_time\" content=\"2005-02-01T10:17:00+00:00\" \/>\n<meta name=\"author\" content=\"Artikkelimport\u00f8r\" \/>\n<meta name=\"twitter:card\" content=\"summary_large_image\" \/>\n<meta name=\"twitter:label1\" content=\"Skrevet av\" \/>\n\t<meta name=\"twitter:data1\" content=\"Artikkelimport\u00f8r\" \/>\n<script type=\"application\/ld+json\" class=\"yoast-schema-graph\">{\"@context\":\"https:\/\/schema.org\",\"@graph\":[{\"@type\":\"WebPage\",\"@id\":\"https:\/\/naturvernforbundet.no\/moreogromsdal\/utbygging-av-urkeelva-i-orsta\/\",\"url\":\"https:\/\/naturvernforbundet.no\/moreogromsdal\/utbygging-av-urkeelva-i-orsta\/\",\"name\":\"Utbygging av Urkeelva i \u00d8rsta - M\u00f8re og Romsdal\",\"isPartOf\":{\"@id\":\"https:\/\/naturvernforbundet.no\/moreogromsdal\/#website\"},\"datePublished\":\"2005-02-01T10:17:00+00:00\",\"author\":{\"@id\":\"https:\/\/naturvernforbundet.no\/moreogromsdal\/#\/schema\/person\/c72f198205979084bf071deedb6205f4\"},\"breadcrumb\":{\"@id\":\"https:\/\/naturvernforbundet.no\/moreogromsdal\/utbygging-av-urkeelva-i-orsta\/#breadcrumb\"},\"inLanguage\":\"nb-NO\",\"potentialAction\":[{\"@type\":\"ReadAction\",\"target\":[\"https:\/\/naturvernforbundet.no\/moreogromsdal\/utbygging-av-urkeelva-i-orsta\/\"]}]},{\"@type\":\"BreadcrumbList\",\"@id\":\"https:\/\/naturvernforbundet.no\/moreogromsdal\/utbygging-av-urkeelva-i-orsta\/#breadcrumb\",\"itemListElement\":[{\"@type\":\"ListItem\",\"position\":1,\"name\":\"Till naturvernforbundet.no\",\"item\":\"https:\/\/naturvernforbundet.no\/\"},{\"@type\":\"ListItem\",\"position\":2,\"name\":\"M\u00f8re og Romsdal\",\"item\":\"https:\/\/naturvernforbundet.no\/moreogromsdal\/\"},{\"@type\":\"ListItem\",\"position\":3,\"name\":\"Utbygging av Urkeelva i \u00d8rsta\"}]},{\"@type\":\"WebSite\",\"@id\":\"https:\/\/naturvernforbundet.no\/moreogromsdal\/#website\",\"url\":\"https:\/\/naturvernforbundet.no\/moreogromsdal\/\",\"name\":\"M\u00f8re og Romsdal\",\"description\":\"Bare enda et Naturvernforbundet Sites-nettsted\",\"potentialAction\":[{\"@type\":\"SearchAction\",\"target\":{\"@type\":\"EntryPoint\",\"urlTemplate\":\"https:\/\/naturvernforbundet.no\/moreogromsdal\/?s={search_term_string}\"},\"query-input\":{\"@type\":\"PropertyValueSpecification\",\"valueRequired\":true,\"valueName\":\"search_term_string\"}}],\"inLanguage\":\"nb-NO\"},{\"@type\":\"Person\",\"@id\":\"https:\/\/naturvernforbundet.no\/moreogromsdal\/#\/schema\/person\/c72f198205979084bf071deedb6205f4\",\"name\":\"Artikkelimport\u00f8r\",\"image\":{\"@type\":\"ImageObject\",\"inLanguage\":\"nb-NO\",\"@id\":\"https:\/\/naturvernforbundet.no\/moreogromsdal\/#\/schema\/person\/image\/\",\"url\":\"https:\/\/secure.gravatar.com\/avatar\/015fa491b9ed1c823ef16a5c930294d1?s=96&d=mm&r=g\",\"contentUrl\":\"https:\/\/secure.gravatar.com\/avatar\/015fa491b9ed1c823ef16a5c930294d1?s=96&d=mm&r=g\",\"caption\":\"Artikkelimport\u00f8r\"},\"url\":\"https:\/\/naturvernforbundet.no\/moreogromsdal\/author\/artikkelimportor\/\"}]}<\/script>\n<!-- \/ Yoast SEO plugin. -->","yoast_head_json":{"title":"Utbygging av Urkeelva i \u00d8rsta - M\u00f8re og Romsdal","robots":{"index":"index","follow":"follow","max-snippet":"max-snippet:-1","max-image-preview":"max-image-preview:large","max-video-preview":"max-video-preview:-1"},"canonical":"https:\/\/naturvernforbundet.no\/moreogromsdal\/utbygging-av-urkeelva-i-orsta\/","og_locale":"nb_NO","og_type":"article","og_title":"Utbygging av Urkeelva i \u00d8rsta - M\u00f8re og Romsdal","og_description":"Det som no skjer, er at typiske trekk ved sunnm\u00f8rsnaturen forsvinn. Dette er trekk som nasjonalt og globalt er einest\u00e5ande. Det er ikkje dei uvanlege naturelementa som er utsette for utrydding\/ forvandling, men dei typiske. Det er fr\u00e5 desse dei kulturelle r\u00f8tene v\u00e5re spring ut. Det er desse vi nyttar i kunst og litteratur for \u00e5 fortelje kven vi er, og det er desse vi nyttar for \u00e5 f\u00e5 turistar og nye busetjarar til Sunnm\u00f8re. Naturvernforbundet \u00f8nskjer ogs\u00e5 \u00e5 f\u00e5 \"sanert\" eksisterande veg.","og_url":"https:\/\/naturvernforbundet.no\/moreogromsdal\/utbygging-av-urkeelva-i-orsta\/","og_site_name":"M\u00f8re og Romsdal","article_published_time":"2005-02-01T10:17:00+00:00","author":"Artikkelimport\u00f8r","twitter_card":"summary_large_image","twitter_misc":{"Skrevet av":"Artikkelimport\u00f8r"},"schema":{"@context":"https:\/\/schema.org","@graph":[{"@type":"WebPage","@id":"https:\/\/naturvernforbundet.no\/moreogromsdal\/utbygging-av-urkeelva-i-orsta\/","url":"https:\/\/naturvernforbundet.no\/moreogromsdal\/utbygging-av-urkeelva-i-orsta\/","name":"Utbygging av Urkeelva i \u00d8rsta - M\u00f8re og Romsdal","isPartOf":{"@id":"https:\/\/naturvernforbundet.no\/moreogromsdal\/#website"},"datePublished":"2005-02-01T10:17:00+00:00","author":{"@id":"https:\/\/naturvernforbundet.no\/moreogromsdal\/#\/schema\/person\/c72f198205979084bf071deedb6205f4"},"breadcrumb":{"@id":"https:\/\/naturvernforbundet.no\/moreogromsdal\/utbygging-av-urkeelva-i-orsta\/#breadcrumb"},"inLanguage":"nb-NO","potentialAction":[{"@type":"ReadAction","target":["https:\/\/naturvernforbundet.no\/moreogromsdal\/utbygging-av-urkeelva-i-orsta\/"]}]},{"@type":"BreadcrumbList","@id":"https:\/\/naturvernforbundet.no\/moreogromsdal\/utbygging-av-urkeelva-i-orsta\/#breadcrumb","itemListElement":[{"@type":"ListItem","position":1,"name":"Till naturvernforbundet.no","item":"https:\/\/naturvernforbundet.no\/"},{"@type":"ListItem","position":2,"name":"M\u00f8re og Romsdal","item":"https:\/\/naturvernforbundet.no\/moreogromsdal\/"},{"@type":"ListItem","position":3,"name":"Utbygging av Urkeelva i \u00d8rsta"}]},{"@type":"WebSite","@id":"https:\/\/naturvernforbundet.no\/moreogromsdal\/#website","url":"https:\/\/naturvernforbundet.no\/moreogromsdal\/","name":"M\u00f8re og Romsdal","description":"Bare enda et Naturvernforbundet Sites-nettsted","potentialAction":[{"@type":"SearchAction","target":{"@type":"EntryPoint","urlTemplate":"https:\/\/naturvernforbundet.no\/moreogromsdal\/?s={search_term_string}"},"query-input":{"@type":"PropertyValueSpecification","valueRequired":true,"valueName":"search_term_string"}}],"inLanguage":"nb-NO"},{"@type":"Person","@id":"https:\/\/naturvernforbundet.no\/moreogromsdal\/#\/schema\/person\/c72f198205979084bf071deedb6205f4","name":"Artikkelimport\u00f8r","image":{"@type":"ImageObject","inLanguage":"nb-NO","@id":"https:\/\/naturvernforbundet.no\/moreogromsdal\/#\/schema\/person\/image\/","url":"https:\/\/secure.gravatar.com\/avatar\/015fa491b9ed1c823ef16a5c930294d1?s=96&d=mm&r=g","contentUrl":"https:\/\/secure.gravatar.com\/avatar\/015fa491b9ed1c823ef16a5c930294d1?s=96&d=mm&r=g","caption":"Artikkelimport\u00f8r"},"url":"https:\/\/naturvernforbundet.no\/moreogromsdal\/author\/artikkelimportor\/"}]}},"_links":{"self":[{"href":"https:\/\/naturvernforbundet.no\/moreogromsdal\/wp-json\/wp\/v2\/posts\/2186","targetHints":{"allow":["GET"]}}],"collection":[{"href":"https:\/\/naturvernforbundet.no\/moreogromsdal\/wp-json\/wp\/v2\/posts"}],"about":[{"href":"https:\/\/naturvernforbundet.no\/moreogromsdal\/wp-json\/wp\/v2\/types\/post"}],"author":[{"embeddable":true,"href":"https:\/\/naturvernforbundet.no\/moreogromsdal\/wp-json\/wp\/v2\/users\/38"}],"replies":[{"embeddable":true,"href":"https:\/\/naturvernforbundet.no\/moreogromsdal\/wp-json\/wp\/v2\/comments?post=2186"}],"version-history":[{"count":0,"href":"https:\/\/naturvernforbundet.no\/moreogromsdal\/wp-json\/wp\/v2\/posts\/2186\/revisions"}],"wp:attachment":[{"href":"https:\/\/naturvernforbundet.no\/moreogromsdal\/wp-json\/wp\/v2\/media?parent=2186"}],"wp:term":[{"taxonomy":"category","embeddable":true,"href":"https:\/\/naturvernforbundet.no\/moreogromsdal\/wp-json\/wp\/v2\/categories?post=2186"},{"taxonomy":"post_tag","embeddable":true,"href":"https:\/\/naturvernforbundet.no\/moreogromsdal\/wp-json\/wp\/v2\/tags?post=2186"},{"taxonomy":"local","embeddable":true,"href":"https:\/\/naturvernforbundet.no\/moreogromsdal\/wp-json\/wp\/v2\/local?post=2186"}],"curies":[{"name":"wp","href":"https:\/\/api.w.org\/{rel}","templated":true}]}}