{"id":2193,"date":"2005-12-21T12:29:00","date_gmt":"2005-12-21T11:29:00","guid":{"rendered":"https:\/\/naturvernforbundet.no\/moreogromsdal\/naturvernforbundet-med-krav-til-kraftline-i-haram\/"},"modified":"2005-12-21T12:29:00","modified_gmt":"2005-12-21T11:29:00","slug":"naturvernforbundet-med-krav-til-kraftline-i-haram","status":"publish","type":"post","link":"https:\/\/naturvernforbundet.no\/moreogromsdal\/naturvernforbundet-med-krav-til-kraftline-i-haram\/","title":{"rendered":"Naturvernforbundet med krav til kraftline i Haram"},"content":{"rendered":"\t<div class=\"template-post alignfull wp-block-naturvern-hero\">\n\t\t<div class=\"hero__inner\">\n\t\t\t<div class=\"hero__inner_blocks\">\n\t\t\t\t\t\t\t\t\n\t\t\t\t\t<h1 class=\"wp-block-post-title\">Naturvernforbundet med krav til kraftline i Haram<\/h1>\n\n\t\t\t\t\t<div class=\"wp-block-post-excerpt\"><p class=\"wp-block-post-excerpt__excerpt\">Naturvernforbundet stiller fire klare krav til ei eventuell ny kraftline fr\u00e5 Havsul, vindm\u00f8llene utanfor kysten av Giske, Haram og Sand\u00f8y. Dette kjem fram i ein uttale til Norges vassdrags- og energidirektorat. <\/p><\/div>\n\n\t\t\t\t\t\n\n\t\t\t\t\t<div class=\"wp-block-naturvern-byline\">\n\t\t\t<div class=\"authors\">By <span class=\"t2-byline__author-link\">Artikkelimport\u00f8r<\/span><\/div>\n\t\t\t<small class=\"entry-date\">21.12.2005 12:29<\/small>\n\t\t<\/div>\n\t\t\t\t\t\t\t\t<\/div>\n\t\t\t\t\t<\/div>\n\t\t\t<\/div>\n\t\n<p>Dei fire krava er:\n<\/p>\n\n\n\n<p>1) Det m\u00e5 utgreiast om det kan leggast kraftline fr\u00e5 Havgul sine anlegg direkte til Aukra og om det d\u00e5 let seg gjere \u00e5 sl\u00f8yfe planlagd kraftline mellom \u00d8rskog og Aukra. \n<\/p>\n\n\n\n<p>2) Sumeffektar for ulike naturtypar m\u00e5 vurderast.\n<\/p>\n\n\n\n<p>3) Kraftlinesaka m\u00e5 sj\u00e5ast i samanheng med vindkraftprosjektet.\n<\/p>\n\n\n\n<p>4) Gamlemsmyra ved Skjelten m\u00e5 unders\u00f8kast n\u00e6rare f\u00f8r ho eventuelt blir industriomr\u00e5de.\n<\/p>\n\n\n\n<p><em>For meir informasjon kan leiar i Naturvernforbundet i M\u00f8re og Romsdal, \u00d8ystein Folden, kontaktast p\u00e5 telefon 91 81 25 42.<\/em><\/p>\n\n\n\n<p><a href=\"\/imakerdata\/f\/0\/74\/39\/3_2401_0\/316504384-00234381.pdf\">H\u00f8ringsbrev for kraftliner<\/a><\/p>\n\n\n\n<p><a href=\"\/imakerdata\/f\/0\/74\/50\/5_2401_0\/Uttale_til_tilleggsmelding_om_kraftline_Havgul_-_sendt.pdf\">Les uttalen fr\u00e5 Naturvernforbundet i M\u00f8re og Romsdal<\/a><\/p>\n\n\n\n<p><a href=\"\/imakerdata\/f\/0\/74\/39\/1_2401_0\/Utredningsprogram_Havsul_I_II_IV.pdf\">Fastsatt utredningsprogram<\/a><\/p>\n\n\n\n<p><a href=\"\/imakerdata\/f\/0\/74\/39\/2_2401_0\/Forhaandsmelding_16_sept_05.pdf\">Forh\u00e5ndsmelding for kraftliner Haram &#8211; \u00d8rskog<\/a><\/p>\n","protected":false},"excerpt":{"rendered":"<p>Naturvernforbundet stiller fire klare krav til ei eventuell ny kraftline fr\u00e5 Havsul, vindm\u00f8llene utanfor kysten av Giske, Haram og Sand\u00f8y. Dette kjem fram i ein uttale til Norges vassdrags- og energidirektorat.<\/p>\n","protected":false},"author":38,"featured_media":0,"comment_status":"closed","ping_status":"closed","sticky":false,"template":"","format":"standard","meta":{"_relevanssi_hide_post":"","_relevanssi_hide_content":"","_relevanssi_pin_for_all":"","_relevanssi_pin_keywords":"","_relevanssi_unpin_keywords":"","_relevanssi_related_keywords":"","_relevanssi_related_include_ids":"","_relevanssi_related_exclude_ids":"","_relevanssi_related_no_append":"","_relevanssi_related_not_related":"","_relevanssi_related_posts":"","_relevanssi_noindex_reason":"","hide_logo":false,"footnotes":""},"categories":[25],"tags":[],"local":[],"class_list":["post-2193","post","type-post","status-publish","format-standard","hentry","category-vindkraft"],"acf":[],"yoast_head":"<!-- This site is optimized with the Yoast SEO plugin v24.9 - https:\/\/yoast.com\/wordpress\/plugins\/seo\/ -->\n<title>Naturvernforbundet med krav til kraftline i Haram - M\u00f8re og Romsdal<\/title>\n<meta name=\"robots\" content=\"index, follow, max-snippet:-1, max-image-preview:large, max-video-preview:-1\" \/>\n<link rel=\"canonical\" href=\"https:\/\/naturvernforbundet.no\/moreogromsdal\/naturvernforbundet-med-krav-til-kraftline-i-haram\/\" \/>\n<meta property=\"og:locale\" content=\"nb_NO\" \/>\n<meta property=\"og:type\" content=\"article\" \/>\n<meta property=\"og:title\" content=\"Naturvernforbundet med krav til kraftline i Haram - M\u00f8re og Romsdal\" \/>\n<meta property=\"og:description\" content=\"Naturvernforbundet stiller fire klare krav til ei eventuell ny kraftline fr\u00e5 Havsul, vindm\u00f8llene utanfor kysten av Giske, Haram og Sand\u00f8y. Dette kjem fram i ein uttale til Norges vassdrags- og energidirektorat.\" \/>\n<meta property=\"og:url\" content=\"https:\/\/naturvernforbundet.no\/moreogromsdal\/naturvernforbundet-med-krav-til-kraftline-i-haram\/\" \/>\n<meta property=\"og:site_name\" content=\"M\u00f8re og Romsdal\" \/>\n<meta property=\"article:published_time\" content=\"2005-12-21T11:29:00+00:00\" \/>\n<meta name=\"author\" content=\"Artikkelimport\u00f8r\" \/>\n<meta name=\"twitter:card\" content=\"summary_large_image\" \/>\n<meta name=\"twitter:label1\" content=\"Skrevet av\" \/>\n\t<meta name=\"twitter:data1\" content=\"Artikkelimport\u00f8r\" \/>\n\t<meta name=\"twitter:label2\" content=\"Ansl. lesetid\" \/>\n\t<meta name=\"twitter:data2\" content=\"1 minutt\" \/>\n<script type=\"application\/ld+json\" class=\"yoast-schema-graph\">{\"@context\":\"https:\/\/schema.org\",\"@graph\":[{\"@type\":\"WebPage\",\"@id\":\"https:\/\/naturvernforbundet.no\/moreogromsdal\/naturvernforbundet-med-krav-til-kraftline-i-haram\/\",\"url\":\"https:\/\/naturvernforbundet.no\/moreogromsdal\/naturvernforbundet-med-krav-til-kraftline-i-haram\/\",\"name\":\"Naturvernforbundet med krav til kraftline i Haram - M\u00f8re og Romsdal\",\"isPartOf\":{\"@id\":\"https:\/\/naturvernforbundet.no\/moreogromsdal\/#website\"},\"datePublished\":\"2005-12-21T11:29:00+00:00\",\"author\":{\"@id\":\"https:\/\/naturvernforbundet.no\/moreogromsdal\/#\/schema\/person\/c72f198205979084bf071deedb6205f4\"},\"breadcrumb\":{\"@id\":\"https:\/\/naturvernforbundet.no\/moreogromsdal\/naturvernforbundet-med-krav-til-kraftline-i-haram\/#breadcrumb\"},\"inLanguage\":\"nb-NO\",\"potentialAction\":[{\"@type\":\"ReadAction\",\"target\":[\"https:\/\/naturvernforbundet.no\/moreogromsdal\/naturvernforbundet-med-krav-til-kraftline-i-haram\/\"]}]},{\"@type\":\"BreadcrumbList\",\"@id\":\"https:\/\/naturvernforbundet.no\/moreogromsdal\/naturvernforbundet-med-krav-til-kraftline-i-haram\/#breadcrumb\",\"itemListElement\":[{\"@type\":\"ListItem\",\"position\":1,\"name\":\"Till naturvernforbundet.no\",\"item\":\"https:\/\/naturvernforbundet.no\/\"},{\"@type\":\"ListItem\",\"position\":2,\"name\":\"M\u00f8re og Romsdal\",\"item\":\"https:\/\/naturvernforbundet.no\/moreogromsdal\/\"},{\"@type\":\"ListItem\",\"position\":3,\"name\":\"Naturvernforbundet med krav til kraftline i Haram\"}]},{\"@type\":\"WebSite\",\"@id\":\"https:\/\/naturvernforbundet.no\/moreogromsdal\/#website\",\"url\":\"https:\/\/naturvernforbundet.no\/moreogromsdal\/\",\"name\":\"M\u00f8re og Romsdal\",\"description\":\"Bare enda et Naturvernforbundet Sites-nettsted\",\"potentialAction\":[{\"@type\":\"SearchAction\",\"target\":{\"@type\":\"EntryPoint\",\"urlTemplate\":\"https:\/\/naturvernforbundet.no\/moreogromsdal\/?s={search_term_string}\"},\"query-input\":{\"@type\":\"PropertyValueSpecification\",\"valueRequired\":true,\"valueName\":\"search_term_string\"}}],\"inLanguage\":\"nb-NO\"},{\"@type\":\"Person\",\"@id\":\"https:\/\/naturvernforbundet.no\/moreogromsdal\/#\/schema\/person\/c72f198205979084bf071deedb6205f4\",\"name\":\"Artikkelimport\u00f8r\",\"image\":{\"@type\":\"ImageObject\",\"inLanguage\":\"nb-NO\",\"@id\":\"https:\/\/naturvernforbundet.no\/moreogromsdal\/#\/schema\/person\/image\/\",\"url\":\"https:\/\/secure.gravatar.com\/avatar\/015fa491b9ed1c823ef16a5c930294d1?s=96&d=mm&r=g\",\"contentUrl\":\"https:\/\/secure.gravatar.com\/avatar\/015fa491b9ed1c823ef16a5c930294d1?s=96&d=mm&r=g\",\"caption\":\"Artikkelimport\u00f8r\"},\"url\":\"https:\/\/naturvernforbundet.no\/moreogromsdal\/author\/artikkelimportor\/\"}]}<\/script>\n<!-- \/ Yoast SEO plugin. -->","yoast_head_json":{"title":"Naturvernforbundet med krav til kraftline i Haram - M\u00f8re og Romsdal","robots":{"index":"index","follow":"follow","max-snippet":"max-snippet:-1","max-image-preview":"max-image-preview:large","max-video-preview":"max-video-preview:-1"},"canonical":"https:\/\/naturvernforbundet.no\/moreogromsdal\/naturvernforbundet-med-krav-til-kraftline-i-haram\/","og_locale":"nb_NO","og_type":"article","og_title":"Naturvernforbundet med krav til kraftline i Haram - M\u00f8re og Romsdal","og_description":"Naturvernforbundet stiller fire klare krav til ei eventuell ny kraftline fr\u00e5 Havsul, vindm\u00f8llene utanfor kysten av Giske, Haram og Sand\u00f8y. Dette kjem fram i ein uttale til Norges vassdrags- og energidirektorat.","og_url":"https:\/\/naturvernforbundet.no\/moreogromsdal\/naturvernforbundet-med-krav-til-kraftline-i-haram\/","og_site_name":"M\u00f8re og Romsdal","article_published_time":"2005-12-21T11:29:00+00:00","author":"Artikkelimport\u00f8r","twitter_card":"summary_large_image","twitter_misc":{"Skrevet av":"Artikkelimport\u00f8r","Ansl. lesetid":"1 minutt"},"schema":{"@context":"https:\/\/schema.org","@graph":[{"@type":"WebPage","@id":"https:\/\/naturvernforbundet.no\/moreogromsdal\/naturvernforbundet-med-krav-til-kraftline-i-haram\/","url":"https:\/\/naturvernforbundet.no\/moreogromsdal\/naturvernforbundet-med-krav-til-kraftline-i-haram\/","name":"Naturvernforbundet med krav til kraftline i Haram - M\u00f8re og Romsdal","isPartOf":{"@id":"https:\/\/naturvernforbundet.no\/moreogromsdal\/#website"},"datePublished":"2005-12-21T11:29:00+00:00","author":{"@id":"https:\/\/naturvernforbundet.no\/moreogromsdal\/#\/schema\/person\/c72f198205979084bf071deedb6205f4"},"breadcrumb":{"@id":"https:\/\/naturvernforbundet.no\/moreogromsdal\/naturvernforbundet-med-krav-til-kraftline-i-haram\/#breadcrumb"},"inLanguage":"nb-NO","potentialAction":[{"@type":"ReadAction","target":["https:\/\/naturvernforbundet.no\/moreogromsdal\/naturvernforbundet-med-krav-til-kraftline-i-haram\/"]}]},{"@type":"BreadcrumbList","@id":"https:\/\/naturvernforbundet.no\/moreogromsdal\/naturvernforbundet-med-krav-til-kraftline-i-haram\/#breadcrumb","itemListElement":[{"@type":"ListItem","position":1,"name":"Till naturvernforbundet.no","item":"https:\/\/naturvernforbundet.no\/"},{"@type":"ListItem","position":2,"name":"M\u00f8re og Romsdal","item":"https:\/\/naturvernforbundet.no\/moreogromsdal\/"},{"@type":"ListItem","position":3,"name":"Naturvernforbundet med krav til kraftline i Haram"}]},{"@type":"WebSite","@id":"https:\/\/naturvernforbundet.no\/moreogromsdal\/#website","url":"https:\/\/naturvernforbundet.no\/moreogromsdal\/","name":"M\u00f8re og Romsdal","description":"Bare enda et Naturvernforbundet Sites-nettsted","potentialAction":[{"@type":"SearchAction","target":{"@type":"EntryPoint","urlTemplate":"https:\/\/naturvernforbundet.no\/moreogromsdal\/?s={search_term_string}"},"query-input":{"@type":"PropertyValueSpecification","valueRequired":true,"valueName":"search_term_string"}}],"inLanguage":"nb-NO"},{"@type":"Person","@id":"https:\/\/naturvernforbundet.no\/moreogromsdal\/#\/schema\/person\/c72f198205979084bf071deedb6205f4","name":"Artikkelimport\u00f8r","image":{"@type":"ImageObject","inLanguage":"nb-NO","@id":"https:\/\/naturvernforbundet.no\/moreogromsdal\/#\/schema\/person\/image\/","url":"https:\/\/secure.gravatar.com\/avatar\/015fa491b9ed1c823ef16a5c930294d1?s=96&d=mm&r=g","contentUrl":"https:\/\/secure.gravatar.com\/avatar\/015fa491b9ed1c823ef16a5c930294d1?s=96&d=mm&r=g","caption":"Artikkelimport\u00f8r"},"url":"https:\/\/naturvernforbundet.no\/moreogromsdal\/author\/artikkelimportor\/"}]}},"_links":{"self":[{"href":"https:\/\/naturvernforbundet.no\/moreogromsdal\/wp-json\/wp\/v2\/posts\/2193","targetHints":{"allow":["GET"]}}],"collection":[{"href":"https:\/\/naturvernforbundet.no\/moreogromsdal\/wp-json\/wp\/v2\/posts"}],"about":[{"href":"https:\/\/naturvernforbundet.no\/moreogromsdal\/wp-json\/wp\/v2\/types\/post"}],"author":[{"embeddable":true,"href":"https:\/\/naturvernforbundet.no\/moreogromsdal\/wp-json\/wp\/v2\/users\/38"}],"replies":[{"embeddable":true,"href":"https:\/\/naturvernforbundet.no\/moreogromsdal\/wp-json\/wp\/v2\/comments?post=2193"}],"version-history":[{"count":0,"href":"https:\/\/naturvernforbundet.no\/moreogromsdal\/wp-json\/wp\/v2\/posts\/2193\/revisions"}],"wp:attachment":[{"href":"https:\/\/naturvernforbundet.no\/moreogromsdal\/wp-json\/wp\/v2\/media?parent=2193"}],"wp:term":[{"taxonomy":"category","embeddable":true,"href":"https:\/\/naturvernforbundet.no\/moreogromsdal\/wp-json\/wp\/v2\/categories?post=2193"},{"taxonomy":"post_tag","embeddable":true,"href":"https:\/\/naturvernforbundet.no\/moreogromsdal\/wp-json\/wp\/v2\/tags?post=2193"},{"taxonomy":"local","embeddable":true,"href":"https:\/\/naturvernforbundet.no\/moreogromsdal\/wp-json\/wp\/v2\/local?post=2193"}],"curies":[{"name":"wp","href":"https:\/\/api.w.org\/{rel}","templated":true}]}}