{"id":2202,"date":"2005-02-09T21:00:00","date_gmt":"2005-02-09T20:00:00","guid":{"rendered":"https:\/\/naturvernforbundet.no\/moreogromsdal\/norsk-gasskraft-er-ikkje-bra-for-europa\/"},"modified":"2005-02-09T21:00:00","modified_gmt":"2005-02-09T20:00:00","slug":"norsk-gasskraft-er-ikkje-bra-for-europa","status":"publish","type":"post","link":"https:\/\/naturvernforbundet.no\/moreogromsdal\/norsk-gasskraft-er-ikkje-bra-for-europa\/","title":{"rendered":"Norsk gasskraft er ikkje bra for Europa"},"content":{"rendered":"\t<div class=\"template-post alignfull wp-block-naturvern-hero\">\n\t\t<div class=\"hero__inner\">\n\t\t\t<div class=\"hero__inner_blocks\">\n\t\t\t\t\t\t\t\t\n\t\t\t\t\t<h1 class=\"wp-block-post-title\">Norsk gasskraft er ikkje bra for Europa<\/h1>\n\n\t\t\t\t\t<div class=\"wp-block-post-excerpt\"><p class=\"wp-block-post-excerpt__excerpt\">To av konsulentane til Hustadmarmor, Kristian Lien og Arne Festervoll, har eit innlegg i Sunnm\u00f8rsposten 9. februar der dei hevdar at det \u00e5 byggje eit gasskraftverk i Fr\u00e6na er bra for milj\u00f8et i Europa, for d\u00e5 kan vi eksportere meir vasskraft og det skal vere bra. Dette er eit svar p\u00e5 det innlegget. <\/p><\/div>\n\n\t\t\t\t\t\n\n\t\t\t\t\t<div class=\"wp-block-naturvern-byline\">\n\t\t\t<div class=\"authors\">By <span class=\"t2-byline__author-link\">Artikkelimport\u00f8r<\/span><\/div>\n\t\t\t<small class=\"entry-date\">09.02.2005 21:00<\/small>\n\t\t<\/div>\n\t\t\t\t\t\t\t\t<\/div>\n\t\t\t\t\t<\/div>\n\t\t\t<\/div>\n\t\n<p>Vi i Naturvernforbundet meiner det er viktig \u00e5 redusere klimagassutsleppa b\u00e5de fr\u00e5 Noreg og fr\u00e5 Europa. No ser vi at Noreg er i ferd med \u00e5 bli eit av landa i Europa som aukar klimagassutsleppa v\u00e5re raskast ? sidan 1990 har utsleppa v\u00e5re auka med ni prosent medan vi berre har lov til \u00e5 auke utsleppa v\u00e5re med ein prosent innan 2012. Gasskraft er ikkje akkurat svaret p\u00e5 denne utfordringa.\n<\/p>\n\n\n\n<p>Dessutan er det slik at vi allereie eksporterer kraft kvar einaste dag og importerer kraft kvar einaste natt. Dermed fungerer Noreg allereie i dag som ein regulator for utanlandsk kraft. Grensa for reguleringar ligg allereie i dag i overf\u00f8ringskapasiteten. Naturvernforbundet kan difor ikkje sj\u00e5 at \u00e5 byggje ut meir grunnlast i Noreg vil gi noko s\u00e6rleg auka samdrift med den europeiske kraftmarknaden. \n<\/p>\n\n\n\n<p>Gasskraft p\u00e5 kontinentet blir dessuten nytta mykje betre enn nokon har sett det mogleg i Noreg. P\u00e5 kontinentet blir energiproduksjonen optimalisert med s\u00e5kalla Combined Heat Power-teknologi (CHP) der ogs\u00e5 varmen fr\u00e5 gasskraftproduksjonen blir nytta. Dermed er det ein virkningsgrad p\u00e5 over 90 % i nye gasskraftverk p\u00e5 kontinentet, medan vi i Noreg berre produserer elektrisitet fr\u00e5 gassen og difor berre tek ut dr\u00f8ye 50 % energien av gassen. Sagt p\u00e5 ein annan m\u00e5te: Dei planlagte norske gasskraftverka slepp ut dobbelt s\u00e5 mykje CO2 som moderne europeiske gasskraftverk. Det er faktisk tvilsomt om dei planlagte norske gasskraftverka er betre enn ny europeiske kolkraftverk, utan at Naturvernforbundet \u00f8nskjer meir av den sorten heller. Norske gasskraftverk sl\u00f8sar uansett s\u00e5 mykje med energien at det ikkje er sikkert dei er lovlige etter EU-lovgivinga. \n<\/p>\n\n\n\n<p>Kanskje Hustadmarmor skal sj\u00e5 seg om etter milj\u00f8messig betre m\u00e5tar \u00e5 skaffe energi p\u00e5?\n<\/p>\n\n\n\n<p>\u00d8ystein Folden, leiar i Naturvernforbundet i M\u00f8re og Romsdal<\/p>\n","protected":false},"excerpt":{"rendered":"<p>To av konsulentane til Hustadmarmor, Kristian Lien og Arne Festervoll, har eit innlegg i Sunnm\u00f8rsposten 9. februar der dei hevdar at det \u00e5 byggje eit gasskraftverk i Fr\u00e6na er bra for milj\u00f8et i Europa, for d\u00e5 kan vi eksportere meir vasskraft og det skal vere bra. Dette er eit svar p\u00e5 det innlegget.<\/p>\n","protected":false},"author":38,"featured_media":0,"comment_status":"closed","ping_status":"closed","sticky":false,"template":"","format":"standard","meta":{"_relevanssi_hide_post":"","_relevanssi_hide_content":"","_relevanssi_pin_for_all":"","_relevanssi_pin_keywords":"","_relevanssi_unpin_keywords":"","_relevanssi_related_keywords":"","_relevanssi_related_include_ids":"","_relevanssi_related_exclude_ids":"","_relevanssi_related_no_append":"","_relevanssi_related_not_related":"","_relevanssi_related_posts":"","_relevanssi_noindex_reason":"","hide_logo":false,"footnotes":""},"categories":[19],"tags":[],"local":[],"class_list":["post-2202","post","type-post","status-publish","format-standard","hentry","category-klima"],"acf":[],"yoast_head":"<!-- This site is optimized with the Yoast SEO plugin v24.9 - https:\/\/yoast.com\/wordpress\/plugins\/seo\/ -->\n<title>Norsk gasskraft er ikkje bra for Europa - M\u00f8re og Romsdal<\/title>\n<meta name=\"robots\" content=\"index, follow, max-snippet:-1, max-image-preview:large, max-video-preview:-1\" \/>\n<link rel=\"canonical\" href=\"https:\/\/naturvernforbundet.no\/moreogromsdal\/norsk-gasskraft-er-ikkje-bra-for-europa\/\" \/>\n<meta property=\"og:locale\" content=\"nb_NO\" \/>\n<meta property=\"og:type\" content=\"article\" \/>\n<meta property=\"og:title\" content=\"Norsk gasskraft er ikkje bra for Europa - M\u00f8re og Romsdal\" \/>\n<meta property=\"og:description\" content=\"To av konsulentane til Hustadmarmor, Kristian Lien og Arne Festervoll, har eit innlegg i Sunnm\u00f8rsposten 9. februar der dei hevdar at det \u00e5 byggje eit gasskraftverk i Fr\u00e6na er bra for milj\u00f8et i Europa, for d\u00e5 kan vi eksportere meir vasskraft og det skal vere bra. Dette er eit svar p\u00e5 det innlegget.\" \/>\n<meta property=\"og:url\" content=\"https:\/\/naturvernforbundet.no\/moreogromsdal\/norsk-gasskraft-er-ikkje-bra-for-europa\/\" \/>\n<meta property=\"og:site_name\" content=\"M\u00f8re og Romsdal\" \/>\n<meta property=\"article:published_time\" content=\"2005-02-09T20:00:00+00:00\" \/>\n<meta name=\"author\" content=\"Artikkelimport\u00f8r\" \/>\n<meta name=\"twitter:card\" content=\"summary_large_image\" \/>\n<meta name=\"twitter:label1\" content=\"Skrevet av\" \/>\n\t<meta name=\"twitter:data1\" content=\"Artikkelimport\u00f8r\" \/>\n\t<meta name=\"twitter:label2\" content=\"Ansl. lesetid\" \/>\n\t<meta name=\"twitter:data2\" content=\"1 minutt\" \/>\n<script type=\"application\/ld+json\" class=\"yoast-schema-graph\">{\"@context\":\"https:\/\/schema.org\",\"@graph\":[{\"@type\":\"WebPage\",\"@id\":\"https:\/\/naturvernforbundet.no\/moreogromsdal\/norsk-gasskraft-er-ikkje-bra-for-europa\/\",\"url\":\"https:\/\/naturvernforbundet.no\/moreogromsdal\/norsk-gasskraft-er-ikkje-bra-for-europa\/\",\"name\":\"Norsk gasskraft er ikkje bra for Europa - M\u00f8re og Romsdal\",\"isPartOf\":{\"@id\":\"https:\/\/naturvernforbundet.no\/moreogromsdal\/#website\"},\"datePublished\":\"2005-02-09T20:00:00+00:00\",\"author\":{\"@id\":\"https:\/\/naturvernforbundet.no\/moreogromsdal\/#\/schema\/person\/c72f198205979084bf071deedb6205f4\"},\"breadcrumb\":{\"@id\":\"https:\/\/naturvernforbundet.no\/moreogromsdal\/norsk-gasskraft-er-ikkje-bra-for-europa\/#breadcrumb\"},\"inLanguage\":\"nb-NO\",\"potentialAction\":[{\"@type\":\"ReadAction\",\"target\":[\"https:\/\/naturvernforbundet.no\/moreogromsdal\/norsk-gasskraft-er-ikkje-bra-for-europa\/\"]}]},{\"@type\":\"BreadcrumbList\",\"@id\":\"https:\/\/naturvernforbundet.no\/moreogromsdal\/norsk-gasskraft-er-ikkje-bra-for-europa\/#breadcrumb\",\"itemListElement\":[{\"@type\":\"ListItem\",\"position\":1,\"name\":\"Till naturvernforbundet.no\",\"item\":\"https:\/\/naturvernforbundet.no\/\"},{\"@type\":\"ListItem\",\"position\":2,\"name\":\"M\u00f8re og Romsdal\",\"item\":\"https:\/\/naturvernforbundet.no\/moreogromsdal\/\"},{\"@type\":\"ListItem\",\"position\":3,\"name\":\"Norsk gasskraft er ikkje bra for Europa\"}]},{\"@type\":\"WebSite\",\"@id\":\"https:\/\/naturvernforbundet.no\/moreogromsdal\/#website\",\"url\":\"https:\/\/naturvernforbundet.no\/moreogromsdal\/\",\"name\":\"M\u00f8re og Romsdal\",\"description\":\"Bare enda et Naturvernforbundet Sites-nettsted\",\"potentialAction\":[{\"@type\":\"SearchAction\",\"target\":{\"@type\":\"EntryPoint\",\"urlTemplate\":\"https:\/\/naturvernforbundet.no\/moreogromsdal\/?s={search_term_string}\"},\"query-input\":{\"@type\":\"PropertyValueSpecification\",\"valueRequired\":true,\"valueName\":\"search_term_string\"}}],\"inLanguage\":\"nb-NO\"},{\"@type\":\"Person\",\"@id\":\"https:\/\/naturvernforbundet.no\/moreogromsdal\/#\/schema\/person\/c72f198205979084bf071deedb6205f4\",\"name\":\"Artikkelimport\u00f8r\",\"image\":{\"@type\":\"ImageObject\",\"inLanguage\":\"nb-NO\",\"@id\":\"https:\/\/naturvernforbundet.no\/moreogromsdal\/#\/schema\/person\/image\/\",\"url\":\"https:\/\/secure.gravatar.com\/avatar\/015fa491b9ed1c823ef16a5c930294d1?s=96&d=mm&r=g\",\"contentUrl\":\"https:\/\/secure.gravatar.com\/avatar\/015fa491b9ed1c823ef16a5c930294d1?s=96&d=mm&r=g\",\"caption\":\"Artikkelimport\u00f8r\"},\"url\":\"https:\/\/naturvernforbundet.no\/moreogromsdal\/author\/artikkelimportor\/\"}]}<\/script>\n<!-- \/ Yoast SEO plugin. -->","yoast_head_json":{"title":"Norsk gasskraft er ikkje bra for Europa - M\u00f8re og Romsdal","robots":{"index":"index","follow":"follow","max-snippet":"max-snippet:-1","max-image-preview":"max-image-preview:large","max-video-preview":"max-video-preview:-1"},"canonical":"https:\/\/naturvernforbundet.no\/moreogromsdal\/norsk-gasskraft-er-ikkje-bra-for-europa\/","og_locale":"nb_NO","og_type":"article","og_title":"Norsk gasskraft er ikkje bra for Europa - M\u00f8re og Romsdal","og_description":"To av konsulentane til Hustadmarmor, Kristian Lien og Arne Festervoll, har eit innlegg i Sunnm\u00f8rsposten 9. februar der dei hevdar at det \u00e5 byggje eit gasskraftverk i Fr\u00e6na er bra for milj\u00f8et i Europa, for d\u00e5 kan vi eksportere meir vasskraft og det skal vere bra. Dette er eit svar p\u00e5 det innlegget.","og_url":"https:\/\/naturvernforbundet.no\/moreogromsdal\/norsk-gasskraft-er-ikkje-bra-for-europa\/","og_site_name":"M\u00f8re og Romsdal","article_published_time":"2005-02-09T20:00:00+00:00","author":"Artikkelimport\u00f8r","twitter_card":"summary_large_image","twitter_misc":{"Skrevet av":"Artikkelimport\u00f8r","Ansl. lesetid":"1 minutt"},"schema":{"@context":"https:\/\/schema.org","@graph":[{"@type":"WebPage","@id":"https:\/\/naturvernforbundet.no\/moreogromsdal\/norsk-gasskraft-er-ikkje-bra-for-europa\/","url":"https:\/\/naturvernforbundet.no\/moreogromsdal\/norsk-gasskraft-er-ikkje-bra-for-europa\/","name":"Norsk gasskraft er ikkje bra for Europa - M\u00f8re og Romsdal","isPartOf":{"@id":"https:\/\/naturvernforbundet.no\/moreogromsdal\/#website"},"datePublished":"2005-02-09T20:00:00+00:00","author":{"@id":"https:\/\/naturvernforbundet.no\/moreogromsdal\/#\/schema\/person\/c72f198205979084bf071deedb6205f4"},"breadcrumb":{"@id":"https:\/\/naturvernforbundet.no\/moreogromsdal\/norsk-gasskraft-er-ikkje-bra-for-europa\/#breadcrumb"},"inLanguage":"nb-NO","potentialAction":[{"@type":"ReadAction","target":["https:\/\/naturvernforbundet.no\/moreogromsdal\/norsk-gasskraft-er-ikkje-bra-for-europa\/"]}]},{"@type":"BreadcrumbList","@id":"https:\/\/naturvernforbundet.no\/moreogromsdal\/norsk-gasskraft-er-ikkje-bra-for-europa\/#breadcrumb","itemListElement":[{"@type":"ListItem","position":1,"name":"Till naturvernforbundet.no","item":"https:\/\/naturvernforbundet.no\/"},{"@type":"ListItem","position":2,"name":"M\u00f8re og Romsdal","item":"https:\/\/naturvernforbundet.no\/moreogromsdal\/"},{"@type":"ListItem","position":3,"name":"Norsk gasskraft er ikkje bra for Europa"}]},{"@type":"WebSite","@id":"https:\/\/naturvernforbundet.no\/moreogromsdal\/#website","url":"https:\/\/naturvernforbundet.no\/moreogromsdal\/","name":"M\u00f8re og Romsdal","description":"Bare enda et Naturvernforbundet Sites-nettsted","potentialAction":[{"@type":"SearchAction","target":{"@type":"EntryPoint","urlTemplate":"https:\/\/naturvernforbundet.no\/moreogromsdal\/?s={search_term_string}"},"query-input":{"@type":"PropertyValueSpecification","valueRequired":true,"valueName":"search_term_string"}}],"inLanguage":"nb-NO"},{"@type":"Person","@id":"https:\/\/naturvernforbundet.no\/moreogromsdal\/#\/schema\/person\/c72f198205979084bf071deedb6205f4","name":"Artikkelimport\u00f8r","image":{"@type":"ImageObject","inLanguage":"nb-NO","@id":"https:\/\/naturvernforbundet.no\/moreogromsdal\/#\/schema\/person\/image\/","url":"https:\/\/secure.gravatar.com\/avatar\/015fa491b9ed1c823ef16a5c930294d1?s=96&d=mm&r=g","contentUrl":"https:\/\/secure.gravatar.com\/avatar\/015fa491b9ed1c823ef16a5c930294d1?s=96&d=mm&r=g","caption":"Artikkelimport\u00f8r"},"url":"https:\/\/naturvernforbundet.no\/moreogromsdal\/author\/artikkelimportor\/"}]}},"_links":{"self":[{"href":"https:\/\/naturvernforbundet.no\/moreogromsdal\/wp-json\/wp\/v2\/posts\/2202","targetHints":{"allow":["GET"]}}],"collection":[{"href":"https:\/\/naturvernforbundet.no\/moreogromsdal\/wp-json\/wp\/v2\/posts"}],"about":[{"href":"https:\/\/naturvernforbundet.no\/moreogromsdal\/wp-json\/wp\/v2\/types\/post"}],"author":[{"embeddable":true,"href":"https:\/\/naturvernforbundet.no\/moreogromsdal\/wp-json\/wp\/v2\/users\/38"}],"replies":[{"embeddable":true,"href":"https:\/\/naturvernforbundet.no\/moreogromsdal\/wp-json\/wp\/v2\/comments?post=2202"}],"version-history":[{"count":0,"href":"https:\/\/naturvernforbundet.no\/moreogromsdal\/wp-json\/wp\/v2\/posts\/2202\/revisions"}],"wp:attachment":[{"href":"https:\/\/naturvernforbundet.no\/moreogromsdal\/wp-json\/wp\/v2\/media?parent=2202"}],"wp:term":[{"taxonomy":"category","embeddable":true,"href":"https:\/\/naturvernforbundet.no\/moreogromsdal\/wp-json\/wp\/v2\/categories?post=2202"},{"taxonomy":"post_tag","embeddable":true,"href":"https:\/\/naturvernforbundet.no\/moreogromsdal\/wp-json\/wp\/v2\/tags?post=2202"},{"taxonomy":"local","embeddable":true,"href":"https:\/\/naturvernforbundet.no\/moreogromsdal\/wp-json\/wp\/v2\/local?post=2202"}],"curies":[{"name":"wp","href":"https:\/\/api.w.org\/{rel}","templated":true}]}}