{"id":2242,"date":"2006-08-14T22:01:00","date_gmt":"2006-08-14T20:01:00","guid":{"rendered":"https:\/\/naturvernforbundet.no\/moreogromsdal\/redd-for-lite-og-dyr-straum-til-vinteren\/"},"modified":"2006-08-14T22:01:00","modified_gmt":"2006-08-14T20:01:00","slug":"redd-for-lite-og-dyr-straum-til-vinteren","status":"publish","type":"post","link":"https:\/\/naturvernforbundet.no\/moreogromsdal\/redd-for-lite-og-dyr-straum-til-vinteren\/","title":{"rendered":"Redd for lite og dyr straum til vinteren?"},"content":{"rendered":"\t<div class=\"template-post alignfull wp-block-naturvern-hero\">\n\t\t<div class=\"hero__inner\">\n\t\t\t<div class=\"hero__inner_blocks\">\n\t\t\t\t\t\t\t\t\n\t\t\t\t\t<h1 class=\"wp-block-post-title\">Redd for lite og dyr straum til vinteren?<\/h1>\n\n\t\t\t\t\t<div class=\"wp-block-post-excerpt\"><p class=\"wp-block-post-excerpt__excerpt\">Energidebatten n\u00e5r nye h\u00f8gder, men det er lite \u00e5 bli klok av. Tiltak som blir framstilt som den store berginga kan kanskje st\u00e5 klart i 2009, og milj\u00f8sida av saka er heller d\u00e5rleg. Medan vi venter kan vi kvar for oss l\u00f8yse ein heil del av problemet n\u00e6rast p\u00e5 eiga hand. <\/p><\/div>\n\n\t\t\t\t\t\n\n\t\t\t\t\t<div class=\"wp-block-naturvern-byline\">\n\t\t\t<div class=\"authors\">By <span class=\"t2-byline__author-link\">Artikkelimport\u00f8r<\/span><\/div>\n\t\t\t<small class=\"entry-date\">14.08.2006 22:01<\/small>\n\t\t<\/div>\n\t\t\t\t\t\t\t\t<\/div>\n\t\t\t\t\t<\/div>\n\t\t\t<\/div>\n\t\n<p>Kj\u00f8per du 8000 kWh straum til oppvarming no og gjer ingenting, kjem du til \u00e5 kj\u00f8pe same mengde neste \u00e5r ogs\u00e5. G\u00e5r prisen opp med 50 \u00f8re pr. kWh s\u00e5 er det tale om ei auke p\u00e5 4000 kroner for \u00e5ret. Det kan fort bli meir.\n<\/p>\n\n\n\n<p>Leverer du panelomnane til attvinning og kj\u00f8per ein pelletskamin i staden, er det lite som tyder p\u00e5 prisauke av nokon storleik p\u00e5 brenselet. D\u00e5 kan du ha n\u00e6rare 10000 kroner til \u00e5 kj\u00f8pe pellets for og betale ned p\u00e5 omnen. Det blir l\u00f8nsamt ganske snart. Gjer mange nok det same, s\u00e5 vil ein del av energiproblemet ogs\u00e5 vere l\u00f8yst. Er du flittig til \u00e5 legge i omnen og har tilgang p\u00e5 ved, er nye, effektive og reintbrennande vedomnar end\u00e5 betre l\u00f8ysing.\n<\/p>\n\n\n\n<p>Er du meir makeleg er varmepumpe eit alternativ. D\u00e5 m\u00e5 du framleis kj\u00f8pe ein god slump med straum, men mykje mindre enn om du held p\u00e5 panelomnar og varmekablar som varmekjelde. Varmepumpene er vel l\u00f8nsame alt no, og h\u00f8gare energipris gjer l\u00f8nsemda betre.\n<\/p>\n\n\n\n<p>B\u00e5de pelletskamin og varmepumpe kan kj\u00f8past p\u00e5 enkel m\u00e5te og vere i drift i l\u00f8pet av f\u00e5 dagar. D\u00e5 veit du at det er varme i huset ogs\u00e5 i 2007 og 2008.\n<\/p>\n\n\n\n<p>Naturvernforbundet hadde gjerne sett at regjeringa kom med tydelege signal i denne saka, i form av premiering til dei som vil gjere noko med v\u00e5r felles energisituasjon alt no. Samfunnet har mykje \u00e5 spare sidan desse l\u00f8ysingane ikkje krev nye og st\u00f8rre kraftliner. Ein del politikarar og samfunnstoppar trur visst ikkje p\u00e5 at det hjelper. Dei satsar p\u00e5 store l\u00f8ysingar og bryr seg lite med milj\u00f8verknadene. \n<\/p>\n\n\n\n<p>Det er p\u00e5 tide \u00e5 vise straumsparing i praktisk gjerning, slik at vi ikkje blir p\u00e5dytta energiproduksjon i form av gasskraftverk, vindm\u00f8ller, sm\u00e5kraftverk med tilh\u00f8yrande nye kraftliner og anna galskap i kvar ei bygd.\n<\/p>\n\n\n\n<p>Difor seier no Naturvernforbundet (for ein gongs skuld): L\u00f8p og kj\u00f8p! Kj\u00f8p pelletskamin eller varmepumpe. Det meste av det andre som har den oppmodinga aukar berre forbruket v\u00e5rt og b\u00f8r ikkje kj\u00f8past om ein tenkjer p\u00e5 milj\u00f8et. Ha ein god og varm vinter!\n<\/p>\n\n\n\n<p>\u00d8ystein Folden\n<\/p>\n\n\n\n<p>Leiar, Naturvernforbundet i M\u00f8re og Romsdal\n<a>Ja, dette er viktig. Eg vil bli medlem i Naturvernforbundet<\/a><br><\/p>\n\n\n\n\n\n<p><a>Eg vil gjerne st\u00f8tte arbeidet Naturvernforbundets gj\u00f8r for \u00e5 redusere energibruk og klimaendringar<\/a><\/p>\n\n\n","protected":false},"excerpt":{"rendered":"<p>Energidebatten n\u00e5r nye h\u00f8gder, men det er lite \u00e5 bli klok av. Tiltak som blir framstilt som den store berginga kan kanskje st\u00e5 klart i 2009, og milj\u00f8sida av saka er heller d\u00e5rleg. Medan vi venter kan vi kvar for oss l\u00f8yse ein heil del av problemet n\u00e6rast p\u00e5 eiga hand.<\/p>\n","protected":false},"author":38,"featured_media":0,"comment_status":"closed","ping_status":"closed","sticky":false,"template":"","format":"standard","meta":{"_relevanssi_hide_post":"","_relevanssi_hide_content":"","_relevanssi_pin_for_all":"","_relevanssi_pin_keywords":"","_relevanssi_unpin_keywords":"","_relevanssi_related_keywords":"","_relevanssi_related_include_ids":"","_relevanssi_related_exclude_ids":"","_relevanssi_related_no_append":"","_relevanssi_related_not_related":"","_relevanssi_related_posts":"","_relevanssi_noindex_reason":"","hide_logo":false,"footnotes":""},"categories":[19],"tags":[],"local":[],"class_list":["post-2242","post","type-post","status-publish","format-standard","hentry","category-klima"],"acf":[],"yoast_head":"<!-- This site is optimized with the Yoast SEO plugin v24.9 - https:\/\/yoast.com\/wordpress\/plugins\/seo\/ -->\n<title>Redd for lite og dyr straum til vinteren? - M\u00f8re og Romsdal<\/title>\n<meta name=\"robots\" content=\"index, follow, max-snippet:-1, max-image-preview:large, max-video-preview:-1\" \/>\n<link rel=\"canonical\" href=\"https:\/\/naturvernforbundet.no\/moreogromsdal\/redd-for-lite-og-dyr-straum-til-vinteren\/\" \/>\n<meta property=\"og:locale\" content=\"nb_NO\" \/>\n<meta property=\"og:type\" content=\"article\" \/>\n<meta property=\"og:title\" content=\"Redd for lite og dyr straum til vinteren? - M\u00f8re og Romsdal\" \/>\n<meta property=\"og:description\" content=\"Energidebatten n\u00e5r nye h\u00f8gder, men det er lite \u00e5 bli klok av. Tiltak som blir framstilt som den store berginga kan kanskje st\u00e5 klart i 2009, og milj\u00f8sida av saka er heller d\u00e5rleg. Medan vi venter kan vi kvar for oss l\u00f8yse ein heil del av problemet n\u00e6rast p\u00e5 eiga hand.\" \/>\n<meta property=\"og:url\" content=\"https:\/\/naturvernforbundet.no\/moreogromsdal\/redd-for-lite-og-dyr-straum-til-vinteren\/\" \/>\n<meta property=\"og:site_name\" content=\"M\u00f8re og Romsdal\" \/>\n<meta property=\"article:published_time\" content=\"2006-08-14T20:01:00+00:00\" \/>\n<meta name=\"author\" content=\"Artikkelimport\u00f8r\" \/>\n<meta name=\"twitter:card\" content=\"summary_large_image\" \/>\n<meta name=\"twitter:label1\" content=\"Skrevet av\" \/>\n\t<meta name=\"twitter:data1\" content=\"Artikkelimport\u00f8r\" \/>\n\t<meta name=\"twitter:label2\" content=\"Ansl. lesetid\" \/>\n\t<meta name=\"twitter:data2\" content=\"2 minutter\" \/>\n<script type=\"application\/ld+json\" class=\"yoast-schema-graph\">{\"@context\":\"https:\/\/schema.org\",\"@graph\":[{\"@type\":\"WebPage\",\"@id\":\"https:\/\/naturvernforbundet.no\/moreogromsdal\/redd-for-lite-og-dyr-straum-til-vinteren\/\",\"url\":\"https:\/\/naturvernforbundet.no\/moreogromsdal\/redd-for-lite-og-dyr-straum-til-vinteren\/\",\"name\":\"Redd for lite og dyr straum til vinteren? - M\u00f8re og Romsdal\",\"isPartOf\":{\"@id\":\"https:\/\/naturvernforbundet.no\/moreogromsdal\/#website\"},\"datePublished\":\"2006-08-14T20:01:00+00:00\",\"author\":{\"@id\":\"https:\/\/naturvernforbundet.no\/moreogromsdal\/#\/schema\/person\/c72f198205979084bf071deedb6205f4\"},\"breadcrumb\":{\"@id\":\"https:\/\/naturvernforbundet.no\/moreogromsdal\/redd-for-lite-og-dyr-straum-til-vinteren\/#breadcrumb\"},\"inLanguage\":\"nb-NO\",\"potentialAction\":[{\"@type\":\"ReadAction\",\"target\":[\"https:\/\/naturvernforbundet.no\/moreogromsdal\/redd-for-lite-og-dyr-straum-til-vinteren\/\"]}]},{\"@type\":\"BreadcrumbList\",\"@id\":\"https:\/\/naturvernforbundet.no\/moreogromsdal\/redd-for-lite-og-dyr-straum-til-vinteren\/#breadcrumb\",\"itemListElement\":[{\"@type\":\"ListItem\",\"position\":1,\"name\":\"Till naturvernforbundet.no\",\"item\":\"https:\/\/naturvernforbundet.no\/\"},{\"@type\":\"ListItem\",\"position\":2,\"name\":\"M\u00f8re og Romsdal\",\"item\":\"https:\/\/naturvernforbundet.no\/moreogromsdal\/\"},{\"@type\":\"ListItem\",\"position\":3,\"name\":\"Redd for lite og dyr straum til vinteren?\"}]},{\"@type\":\"WebSite\",\"@id\":\"https:\/\/naturvernforbundet.no\/moreogromsdal\/#website\",\"url\":\"https:\/\/naturvernforbundet.no\/moreogromsdal\/\",\"name\":\"M\u00f8re og Romsdal\",\"description\":\"Bare enda et Naturvernforbundet Sites-nettsted\",\"potentialAction\":[{\"@type\":\"SearchAction\",\"target\":{\"@type\":\"EntryPoint\",\"urlTemplate\":\"https:\/\/naturvernforbundet.no\/moreogromsdal\/?s={search_term_string}\"},\"query-input\":{\"@type\":\"PropertyValueSpecification\",\"valueRequired\":true,\"valueName\":\"search_term_string\"}}],\"inLanguage\":\"nb-NO\"},{\"@type\":\"Person\",\"@id\":\"https:\/\/naturvernforbundet.no\/moreogromsdal\/#\/schema\/person\/c72f198205979084bf071deedb6205f4\",\"name\":\"Artikkelimport\u00f8r\",\"image\":{\"@type\":\"ImageObject\",\"inLanguage\":\"nb-NO\",\"@id\":\"https:\/\/naturvernforbundet.no\/moreogromsdal\/#\/schema\/person\/image\/\",\"url\":\"https:\/\/secure.gravatar.com\/avatar\/015fa491b9ed1c823ef16a5c930294d1?s=96&d=mm&r=g\",\"contentUrl\":\"https:\/\/secure.gravatar.com\/avatar\/015fa491b9ed1c823ef16a5c930294d1?s=96&d=mm&r=g\",\"caption\":\"Artikkelimport\u00f8r\"},\"url\":\"https:\/\/naturvernforbundet.no\/moreogromsdal\/author\/artikkelimportor\/\"}]}<\/script>\n<!-- \/ Yoast SEO plugin. -->","yoast_head_json":{"title":"Redd for lite og dyr straum til vinteren? - M\u00f8re og Romsdal","robots":{"index":"index","follow":"follow","max-snippet":"max-snippet:-1","max-image-preview":"max-image-preview:large","max-video-preview":"max-video-preview:-1"},"canonical":"https:\/\/naturvernforbundet.no\/moreogromsdal\/redd-for-lite-og-dyr-straum-til-vinteren\/","og_locale":"nb_NO","og_type":"article","og_title":"Redd for lite og dyr straum til vinteren? - M\u00f8re og Romsdal","og_description":"Energidebatten n\u00e5r nye h\u00f8gder, men det er lite \u00e5 bli klok av. Tiltak som blir framstilt som den store berginga kan kanskje st\u00e5 klart i 2009, og milj\u00f8sida av saka er heller d\u00e5rleg. Medan vi venter kan vi kvar for oss l\u00f8yse ein heil del av problemet n\u00e6rast p\u00e5 eiga hand.","og_url":"https:\/\/naturvernforbundet.no\/moreogromsdal\/redd-for-lite-og-dyr-straum-til-vinteren\/","og_site_name":"M\u00f8re og Romsdal","article_published_time":"2006-08-14T20:01:00+00:00","author":"Artikkelimport\u00f8r","twitter_card":"summary_large_image","twitter_misc":{"Skrevet av":"Artikkelimport\u00f8r","Ansl. lesetid":"2 minutter"},"schema":{"@context":"https:\/\/schema.org","@graph":[{"@type":"WebPage","@id":"https:\/\/naturvernforbundet.no\/moreogromsdal\/redd-for-lite-og-dyr-straum-til-vinteren\/","url":"https:\/\/naturvernforbundet.no\/moreogromsdal\/redd-for-lite-og-dyr-straum-til-vinteren\/","name":"Redd for lite og dyr straum til vinteren? - M\u00f8re og Romsdal","isPartOf":{"@id":"https:\/\/naturvernforbundet.no\/moreogromsdal\/#website"},"datePublished":"2006-08-14T20:01:00+00:00","author":{"@id":"https:\/\/naturvernforbundet.no\/moreogromsdal\/#\/schema\/person\/c72f198205979084bf071deedb6205f4"},"breadcrumb":{"@id":"https:\/\/naturvernforbundet.no\/moreogromsdal\/redd-for-lite-og-dyr-straum-til-vinteren\/#breadcrumb"},"inLanguage":"nb-NO","potentialAction":[{"@type":"ReadAction","target":["https:\/\/naturvernforbundet.no\/moreogromsdal\/redd-for-lite-og-dyr-straum-til-vinteren\/"]}]},{"@type":"BreadcrumbList","@id":"https:\/\/naturvernforbundet.no\/moreogromsdal\/redd-for-lite-og-dyr-straum-til-vinteren\/#breadcrumb","itemListElement":[{"@type":"ListItem","position":1,"name":"Till naturvernforbundet.no","item":"https:\/\/naturvernforbundet.no\/"},{"@type":"ListItem","position":2,"name":"M\u00f8re og Romsdal","item":"https:\/\/naturvernforbundet.no\/moreogromsdal\/"},{"@type":"ListItem","position":3,"name":"Redd for lite og dyr straum til vinteren?"}]},{"@type":"WebSite","@id":"https:\/\/naturvernforbundet.no\/moreogromsdal\/#website","url":"https:\/\/naturvernforbundet.no\/moreogromsdal\/","name":"M\u00f8re og Romsdal","description":"Bare enda et Naturvernforbundet Sites-nettsted","potentialAction":[{"@type":"SearchAction","target":{"@type":"EntryPoint","urlTemplate":"https:\/\/naturvernforbundet.no\/moreogromsdal\/?s={search_term_string}"},"query-input":{"@type":"PropertyValueSpecification","valueRequired":true,"valueName":"search_term_string"}}],"inLanguage":"nb-NO"},{"@type":"Person","@id":"https:\/\/naturvernforbundet.no\/moreogromsdal\/#\/schema\/person\/c72f198205979084bf071deedb6205f4","name":"Artikkelimport\u00f8r","image":{"@type":"ImageObject","inLanguage":"nb-NO","@id":"https:\/\/naturvernforbundet.no\/moreogromsdal\/#\/schema\/person\/image\/","url":"https:\/\/secure.gravatar.com\/avatar\/015fa491b9ed1c823ef16a5c930294d1?s=96&d=mm&r=g","contentUrl":"https:\/\/secure.gravatar.com\/avatar\/015fa491b9ed1c823ef16a5c930294d1?s=96&d=mm&r=g","caption":"Artikkelimport\u00f8r"},"url":"https:\/\/naturvernforbundet.no\/moreogromsdal\/author\/artikkelimportor\/"}]}},"_links":{"self":[{"href":"https:\/\/naturvernforbundet.no\/moreogromsdal\/wp-json\/wp\/v2\/posts\/2242","targetHints":{"allow":["GET"]}}],"collection":[{"href":"https:\/\/naturvernforbundet.no\/moreogromsdal\/wp-json\/wp\/v2\/posts"}],"about":[{"href":"https:\/\/naturvernforbundet.no\/moreogromsdal\/wp-json\/wp\/v2\/types\/post"}],"author":[{"embeddable":true,"href":"https:\/\/naturvernforbundet.no\/moreogromsdal\/wp-json\/wp\/v2\/users\/38"}],"replies":[{"embeddable":true,"href":"https:\/\/naturvernforbundet.no\/moreogromsdal\/wp-json\/wp\/v2\/comments?post=2242"}],"version-history":[{"count":0,"href":"https:\/\/naturvernforbundet.no\/moreogromsdal\/wp-json\/wp\/v2\/posts\/2242\/revisions"}],"wp:attachment":[{"href":"https:\/\/naturvernforbundet.no\/moreogromsdal\/wp-json\/wp\/v2\/media?parent=2242"}],"wp:term":[{"taxonomy":"category","embeddable":true,"href":"https:\/\/naturvernforbundet.no\/moreogromsdal\/wp-json\/wp\/v2\/categories?post=2242"},{"taxonomy":"post_tag","embeddable":true,"href":"https:\/\/naturvernforbundet.no\/moreogromsdal\/wp-json\/wp\/v2\/tags?post=2242"},{"taxonomy":"local","embeddable":true,"href":"https:\/\/naturvernforbundet.no\/moreogromsdal\/wp-json\/wp\/v2\/local?post=2242"}],"curies":[{"name":"wp","href":"https:\/\/api.w.org\/{rel}","templated":true}]}}