{"id":2247,"date":"2006-09-25T07:58:32","date_gmt":"2006-09-25T05:58:32","guid":{"rendered":"https:\/\/naturvernforbundet.no\/moreogromsdal\/inntrykk-etter-synfaring-i-sunnylven\/"},"modified":"2006-09-25T07:58:32","modified_gmt":"2006-09-25T05:58:32","slug":"inntrykk-etter-synfaring-i-sunnylven","status":"publish","type":"post","link":"https:\/\/naturvernforbundet.no\/moreogromsdal\/inntrykk-etter-synfaring-i-sunnylven\/","title":{"rendered":"Inntrykk etter synfaring i Sunnylven"},"content":{"rendered":"\t<div class=\"template-post alignfull wp-block-naturvern-hero\">\n\t\t<div class=\"hero__inner\">\n\t\t\t<div class=\"hero__inner_blocks\">\n\t\t\t\t\t\t\t\t\n\t\t\t\t\t<h1 class=\"wp-block-post-title\">Inntrykk etter synfaring i Sunnylven<\/h1>\n\n\t\t\t\t\t<div class=\"wp-block-post-excerpt\"><p class=\"wp-block-post-excerpt__excerpt\">&#8211; Det er viktig at Naturvernforbundet held p\u00e5 sitt syn om at disse m\u00e5 nektast konsesjon, og at ein m\u00e5 f\u00e5 verna heile Langedalsvassdraget. Det skriv Per Ingebrigt Karb\u00f8 som representerte Naturvernforbundet i M\u00f8re og Romsdal p\u00e5 to synfaringar fredag 22. september 2006. <\/p><\/div>\n\n\t\t\t\t\t\n\n\t\t\t\t\t<div class=\"wp-block-naturvern-byline\">\n\t\t\t<div class=\"authors\">By <span class=\"t2-byline__author-link\">Artikkelimport\u00f8r<\/span><\/div>\n\t\t\t<small class=\"entry-date\">25.09.2006 07:58<\/small>\n\t\t<\/div>\n\t\t\t\t\t\t\t\t<\/div>\n\t\t\t\t\t<\/div>\n\t\t\t<\/div>\n\t\n<p>Synfaring Ringdal kraftverk 22\/9-2006:\n<\/p>\n\n\n\n<p>Alternativt utl\u00f8p i Langedalselva og kryssinga av Trondhjemske postveg diskutert. Evt. nedgravet r\u00f8yr eller sprengt tunnel forbi Bygdetunet. Plassering av kraftstasjon sprengt i fjell, eller i dagen ved Langedalselva. Kabel til trafo i stolpe. Atkomstveg ned fr\u00e5 riksveg 60.\n<\/p>\n\n\n\n<p>Vi k\u00f8yrde til inntaket. Vegen skal opprustast fr\u00e5 Ringdal til inntaket. Kort veg ned til inntaksdam. Demning, nedgravet r\u00f8yr eller sprengt i fjell ned heile j\u00f8let.\n<\/p>\n\n\n\n<p>Vi s\u00e5g p\u00e5 trase ved Humlemyra. Djupt j\u00f8l.\n<\/p>\n\n\n\n<p>Diskuterte vassverk som kommunen skal lage, og evt. om det skal konsesjonshandsamast. \n<\/p>\n\n\n\n<p>Diskuterte problematikk kring linjenett. Dersom alle tre oms\u00f8kte kraftverk i Langedalselva f\u00e5r konsesjon, m\u00e5 linja Tryggestad-Tomasgard forsterkast eller byggjast om.(Dette i f\u00f8lgje repr. fr\u00e5 Stranda energiverk.) Auka straumtransport gir varmeutvikling og auka motstand i straumleiarane.\n<\/p>\n\n\n\n<p>Synfaring S\u00e6tredalen kraftverk 22\/9-2006:\n<\/p>\n\n\n\n<p>Gikk stien opp til inntaket. Hard tur (for nokre) opp gjennom bj\u00f8rkebeltet, p\u00e5 fin sti. Inntaket er planlagt over skoggrensa, der terrenget flater ut. Evt alternativt inntak ved \u00e5 la liten bekk kome nedafor inntaket.\n<\/p>\n\n\n\n<p>S\u00e5g p\u00e5 r\u00f8yrtraseen ned gjennom lia. Framlegg om \u00e5 svinge nordover og lage kraftstasjonen lenger nord enn p\u00e5 konsesjonss\u00f8knaden.\n<\/p>\n\n\n\n<p>Dei fleste var einige om at det store problemet med dette kraftverket var landskapsbildet. Den flotte fossen ned lia er landemerke, og sv\u00e6rt synleg.<\/p>\n\n\n\n<p><a href=\"\/imakerdata\/f\/1\/26\/38\/2_2401_0\/OED_klagevedtak_Ringdal_kraftverk_11-12-2008_001.tif\">Olje- og energidepartementet sitt vedtak om Ringdal kraftverk<\/a><\/p>\n","protected":false},"excerpt":{"rendered":"<p>&#8211; Det er viktig at Naturvernforbundet held p\u00e5 sitt syn om at disse m\u00e5 nektast konsesjon, og at ein m\u00e5 f\u00e5 verna heile Langedalsvassdraget. Det skriv Per Ingebrigt Karb\u00f8 som representerte Naturvernforbundet i M\u00f8re og Romsdal p\u00e5 to synfaringar fredag 22. september 2006.<\/p>\n","protected":false},"author":38,"featured_media":0,"comment_status":"closed","ping_status":"closed","sticky":false,"template":"","format":"standard","meta":{"_relevanssi_hide_post":"","_relevanssi_hide_content":"","_relevanssi_pin_for_all":"","_relevanssi_pin_keywords":"","_relevanssi_unpin_keywords":"","_relevanssi_related_keywords":"","_relevanssi_related_include_ids":"","_relevanssi_related_exclude_ids":"","_relevanssi_related_no_append":"","_relevanssi_related_not_related":"","_relevanssi_related_posts":"","_relevanssi_noindex_reason":"","hide_logo":false,"footnotes":""},"categories":[13],"tags":[],"local":[],"class_list":["post-2247","post","type-post","status-publish","format-standard","hentry","category-vasskraft"],"acf":[],"yoast_head":"<!-- This site is optimized with the Yoast SEO plugin v24.9 - https:\/\/yoast.com\/wordpress\/plugins\/seo\/ -->\n<title>Inntrykk etter synfaring i Sunnylven - M\u00f8re og Romsdal<\/title>\n<meta name=\"robots\" content=\"index, follow, max-snippet:-1, max-image-preview:large, max-video-preview:-1\" \/>\n<link rel=\"canonical\" href=\"https:\/\/naturvernforbundet.no\/moreogromsdal\/inntrykk-etter-synfaring-i-sunnylven\/\" \/>\n<meta property=\"og:locale\" content=\"nb_NO\" \/>\n<meta property=\"og:type\" content=\"article\" \/>\n<meta property=\"og:title\" content=\"Inntrykk etter synfaring i Sunnylven - M\u00f8re og Romsdal\" \/>\n<meta property=\"og:description\" content=\"- Det er viktig at Naturvernforbundet held p\u00e5 sitt syn om at disse m\u00e5 nektast konsesjon, og at ein m\u00e5 f\u00e5 verna heile Langedalsvassdraget. Det skriv Per Ingebrigt Karb\u00f8 som representerte Naturvernforbundet i M\u00f8re og Romsdal p\u00e5 to synfaringar fredag 22. september 2006.\" \/>\n<meta property=\"og:url\" content=\"https:\/\/naturvernforbundet.no\/moreogromsdal\/inntrykk-etter-synfaring-i-sunnylven\/\" \/>\n<meta property=\"og:site_name\" content=\"M\u00f8re og Romsdal\" \/>\n<meta property=\"article:published_time\" content=\"2006-09-25T05:58:32+00:00\" \/>\n<meta name=\"author\" content=\"Artikkelimport\u00f8r\" \/>\n<meta name=\"twitter:card\" content=\"summary_large_image\" \/>\n<meta name=\"twitter:label1\" content=\"Skrevet av\" \/>\n\t<meta name=\"twitter:data1\" content=\"Artikkelimport\u00f8r\" \/>\n\t<meta name=\"twitter:label2\" content=\"Ansl. lesetid\" \/>\n\t<meta name=\"twitter:data2\" content=\"1 minutt\" \/>\n<script type=\"application\/ld+json\" class=\"yoast-schema-graph\">{\"@context\":\"https:\/\/schema.org\",\"@graph\":[{\"@type\":\"WebPage\",\"@id\":\"https:\/\/naturvernforbundet.no\/moreogromsdal\/inntrykk-etter-synfaring-i-sunnylven\/\",\"url\":\"https:\/\/naturvernforbundet.no\/moreogromsdal\/inntrykk-etter-synfaring-i-sunnylven\/\",\"name\":\"Inntrykk etter synfaring i Sunnylven - M\u00f8re og Romsdal\",\"isPartOf\":{\"@id\":\"https:\/\/naturvernforbundet.no\/moreogromsdal\/#website\"},\"datePublished\":\"2006-09-25T05:58:32+00:00\",\"author\":{\"@id\":\"https:\/\/naturvernforbundet.no\/moreogromsdal\/#\/schema\/person\/c72f198205979084bf071deedb6205f4\"},\"breadcrumb\":{\"@id\":\"https:\/\/naturvernforbundet.no\/moreogromsdal\/inntrykk-etter-synfaring-i-sunnylven\/#breadcrumb\"},\"inLanguage\":\"nb-NO\",\"potentialAction\":[{\"@type\":\"ReadAction\",\"target\":[\"https:\/\/naturvernforbundet.no\/moreogromsdal\/inntrykk-etter-synfaring-i-sunnylven\/\"]}]},{\"@type\":\"BreadcrumbList\",\"@id\":\"https:\/\/naturvernforbundet.no\/moreogromsdal\/inntrykk-etter-synfaring-i-sunnylven\/#breadcrumb\",\"itemListElement\":[{\"@type\":\"ListItem\",\"position\":1,\"name\":\"Till naturvernforbundet.no\",\"item\":\"https:\/\/naturvernforbundet.no\/\"},{\"@type\":\"ListItem\",\"position\":2,\"name\":\"M\u00f8re og Romsdal\",\"item\":\"https:\/\/naturvernforbundet.no\/moreogromsdal\/\"},{\"@type\":\"ListItem\",\"position\":3,\"name\":\"Inntrykk etter synfaring i Sunnylven\"}]},{\"@type\":\"WebSite\",\"@id\":\"https:\/\/naturvernforbundet.no\/moreogromsdal\/#website\",\"url\":\"https:\/\/naturvernforbundet.no\/moreogromsdal\/\",\"name\":\"M\u00f8re og Romsdal\",\"description\":\"Bare enda et Naturvernforbundet Sites-nettsted\",\"potentialAction\":[{\"@type\":\"SearchAction\",\"target\":{\"@type\":\"EntryPoint\",\"urlTemplate\":\"https:\/\/naturvernforbundet.no\/moreogromsdal\/?s={search_term_string}\"},\"query-input\":{\"@type\":\"PropertyValueSpecification\",\"valueRequired\":true,\"valueName\":\"search_term_string\"}}],\"inLanguage\":\"nb-NO\"},{\"@type\":\"Person\",\"@id\":\"https:\/\/naturvernforbundet.no\/moreogromsdal\/#\/schema\/person\/c72f198205979084bf071deedb6205f4\",\"name\":\"Artikkelimport\u00f8r\",\"image\":{\"@type\":\"ImageObject\",\"inLanguage\":\"nb-NO\",\"@id\":\"https:\/\/naturvernforbundet.no\/moreogromsdal\/#\/schema\/person\/image\/\",\"url\":\"https:\/\/secure.gravatar.com\/avatar\/015fa491b9ed1c823ef16a5c930294d1?s=96&d=mm&r=g\",\"contentUrl\":\"https:\/\/secure.gravatar.com\/avatar\/015fa491b9ed1c823ef16a5c930294d1?s=96&d=mm&r=g\",\"caption\":\"Artikkelimport\u00f8r\"},\"url\":\"https:\/\/naturvernforbundet.no\/moreogromsdal\/author\/artikkelimportor\/\"}]}<\/script>\n<!-- \/ Yoast SEO plugin. -->","yoast_head_json":{"title":"Inntrykk etter synfaring i Sunnylven - M\u00f8re og Romsdal","robots":{"index":"index","follow":"follow","max-snippet":"max-snippet:-1","max-image-preview":"max-image-preview:large","max-video-preview":"max-video-preview:-1"},"canonical":"https:\/\/naturvernforbundet.no\/moreogromsdal\/inntrykk-etter-synfaring-i-sunnylven\/","og_locale":"nb_NO","og_type":"article","og_title":"Inntrykk etter synfaring i Sunnylven - M\u00f8re og Romsdal","og_description":"- Det er viktig at Naturvernforbundet held p\u00e5 sitt syn om at disse m\u00e5 nektast konsesjon, og at ein m\u00e5 f\u00e5 verna heile Langedalsvassdraget. Det skriv Per Ingebrigt Karb\u00f8 som representerte Naturvernforbundet i M\u00f8re og Romsdal p\u00e5 to synfaringar fredag 22. september 2006.","og_url":"https:\/\/naturvernforbundet.no\/moreogromsdal\/inntrykk-etter-synfaring-i-sunnylven\/","og_site_name":"M\u00f8re og Romsdal","article_published_time":"2006-09-25T05:58:32+00:00","author":"Artikkelimport\u00f8r","twitter_card":"summary_large_image","twitter_misc":{"Skrevet av":"Artikkelimport\u00f8r","Ansl. lesetid":"1 minutt"},"schema":{"@context":"https:\/\/schema.org","@graph":[{"@type":"WebPage","@id":"https:\/\/naturvernforbundet.no\/moreogromsdal\/inntrykk-etter-synfaring-i-sunnylven\/","url":"https:\/\/naturvernforbundet.no\/moreogromsdal\/inntrykk-etter-synfaring-i-sunnylven\/","name":"Inntrykk etter synfaring i Sunnylven - M\u00f8re og Romsdal","isPartOf":{"@id":"https:\/\/naturvernforbundet.no\/moreogromsdal\/#website"},"datePublished":"2006-09-25T05:58:32+00:00","author":{"@id":"https:\/\/naturvernforbundet.no\/moreogromsdal\/#\/schema\/person\/c72f198205979084bf071deedb6205f4"},"breadcrumb":{"@id":"https:\/\/naturvernforbundet.no\/moreogromsdal\/inntrykk-etter-synfaring-i-sunnylven\/#breadcrumb"},"inLanguage":"nb-NO","potentialAction":[{"@type":"ReadAction","target":["https:\/\/naturvernforbundet.no\/moreogromsdal\/inntrykk-etter-synfaring-i-sunnylven\/"]}]},{"@type":"BreadcrumbList","@id":"https:\/\/naturvernforbundet.no\/moreogromsdal\/inntrykk-etter-synfaring-i-sunnylven\/#breadcrumb","itemListElement":[{"@type":"ListItem","position":1,"name":"Till naturvernforbundet.no","item":"https:\/\/naturvernforbundet.no\/"},{"@type":"ListItem","position":2,"name":"M\u00f8re og Romsdal","item":"https:\/\/naturvernforbundet.no\/moreogromsdal\/"},{"@type":"ListItem","position":3,"name":"Inntrykk etter synfaring i Sunnylven"}]},{"@type":"WebSite","@id":"https:\/\/naturvernforbundet.no\/moreogromsdal\/#website","url":"https:\/\/naturvernforbundet.no\/moreogromsdal\/","name":"M\u00f8re og Romsdal","description":"Bare enda et Naturvernforbundet Sites-nettsted","potentialAction":[{"@type":"SearchAction","target":{"@type":"EntryPoint","urlTemplate":"https:\/\/naturvernforbundet.no\/moreogromsdal\/?s={search_term_string}"},"query-input":{"@type":"PropertyValueSpecification","valueRequired":true,"valueName":"search_term_string"}}],"inLanguage":"nb-NO"},{"@type":"Person","@id":"https:\/\/naturvernforbundet.no\/moreogromsdal\/#\/schema\/person\/c72f198205979084bf071deedb6205f4","name":"Artikkelimport\u00f8r","image":{"@type":"ImageObject","inLanguage":"nb-NO","@id":"https:\/\/naturvernforbundet.no\/moreogromsdal\/#\/schema\/person\/image\/","url":"https:\/\/secure.gravatar.com\/avatar\/015fa491b9ed1c823ef16a5c930294d1?s=96&d=mm&r=g","contentUrl":"https:\/\/secure.gravatar.com\/avatar\/015fa491b9ed1c823ef16a5c930294d1?s=96&d=mm&r=g","caption":"Artikkelimport\u00f8r"},"url":"https:\/\/naturvernforbundet.no\/moreogromsdal\/author\/artikkelimportor\/"}]}},"_links":{"self":[{"href":"https:\/\/naturvernforbundet.no\/moreogromsdal\/wp-json\/wp\/v2\/posts\/2247","targetHints":{"allow":["GET"]}}],"collection":[{"href":"https:\/\/naturvernforbundet.no\/moreogromsdal\/wp-json\/wp\/v2\/posts"}],"about":[{"href":"https:\/\/naturvernforbundet.no\/moreogromsdal\/wp-json\/wp\/v2\/types\/post"}],"author":[{"embeddable":true,"href":"https:\/\/naturvernforbundet.no\/moreogromsdal\/wp-json\/wp\/v2\/users\/38"}],"replies":[{"embeddable":true,"href":"https:\/\/naturvernforbundet.no\/moreogromsdal\/wp-json\/wp\/v2\/comments?post=2247"}],"version-history":[{"count":0,"href":"https:\/\/naturvernforbundet.no\/moreogromsdal\/wp-json\/wp\/v2\/posts\/2247\/revisions"}],"wp:attachment":[{"href":"https:\/\/naturvernforbundet.no\/moreogromsdal\/wp-json\/wp\/v2\/media?parent=2247"}],"wp:term":[{"taxonomy":"category","embeddable":true,"href":"https:\/\/naturvernforbundet.no\/moreogromsdal\/wp-json\/wp\/v2\/categories?post=2247"},{"taxonomy":"post_tag","embeddable":true,"href":"https:\/\/naturvernforbundet.no\/moreogromsdal\/wp-json\/wp\/v2\/tags?post=2247"},{"taxonomy":"local","embeddable":true,"href":"https:\/\/naturvernforbundet.no\/moreogromsdal\/wp-json\/wp\/v2\/local?post=2247"}],"curies":[{"name":"wp","href":"https:\/\/api.w.org\/{rel}","templated":true}]}}