{"id":2257,"date":"2006-01-11T11:40:00","date_gmt":"2006-01-11T10:40:00","guid":{"rendered":"https:\/\/naturvernforbundet.no\/moreogromsdal\/kraftproblem-og-loysingar\/"},"modified":"2006-01-11T11:40:00","modified_gmt":"2006-01-11T10:40:00","slug":"kraftproblem-og-loysingar","status":"publish","type":"post","link":"https:\/\/naturvernforbundet.no\/moreogromsdal\/kraftproblem-og-loysingar\/","title":{"rendered":"Kraftproblem og l\u00f8ysingar"},"content":{"rendered":"\t<div class=\"template-post alignfull wp-block-naturvern-hero\">\n\t\t<div class=\"hero__inner\">\n\t\t\t<div class=\"hero__inner_blocks\">\n\t\t\t\t\t\t\t\t\n\t\t\t\t\t<h1 class=\"wp-block-post-title\">Kraftproblem og l\u00f8ysingar<\/h1>\n\n\t\t\t\t\t<div class=\"wp-block-post-excerpt\"><p class=\"wp-block-post-excerpt__excerpt\">Aura Avis etterlysar p\u00e5 leiarplass meir konkrete l\u00f8ysingar p\u00e5 energiproblema. <\/p><\/div>\n\n\t\t\t\t\t\n\n\t\t\t\t\t<div class=\"wp-block-naturvern-byline\">\n\t\t\t<div class=\"authors\">By <span class=\"t2-byline__author-link\">Artikkelimport\u00f8r<\/span><\/div>\n\t\t\t<small class=\"entry-date\">11.01.2006 11:40<\/small>\n\t\t<\/div>\n\t\t\t\t\t\t\t\t<\/div>\n\t\t\t\t\t<\/div>\n\t\t\t<\/div>\n\t\n<p>Naturvernforbundet avlyser gjerne kraftkrisa. Vi har eit energiproblem i fylket. Krisa er det andre som har. Dei som bur i Bangladesh og p\u00e5 paradis\u00f8yar i Stillehavet blir sett under vatn viss vi held fram som vi har gjort. Hos dei er det energikrise. Det finst og ei anna krise. N\u00e5r nokon i ramme alvor meiner vi skal l\u00f8yse v\u00e5re problem p\u00e5 energifronten kortsiktig utan reinsing av utslepp, d\u00e5 vitnar det om ein tankegang og moral som er i stor krise.\n<\/p>\n\n\n\n<p>\u00c5 velte skulda for problema over p\u00e5 milj\u00f8r\u00f8rslene, er ogs\u00e5 litt lettvint. Milj\u00f8r\u00f8rslene seier fr\u00e5 om at utbyggar m\u00e5 finne l\u00f8ysingar p\u00e5 energisida f\u00f8r tiltaket kan godkjennast. Det er utbyggingsinteressene sitt ansvar \u00e5 gjennomf\u00f8re eit prosjekt som ogs\u00e5 har ei etisk og milj\u00f8messig akseptabel l\u00f8ysing p\u00e5 energisida. Politikarane som klappar desse utbyggingsprosjekta fram kan gjerne ta sin del av ansvaret ogs\u00e5.\n<\/p>\n\n\n\n<p>Hydro Sunndal tener pengar s\u00e5 det susar p\u00e5 \u00e5 bruke energi i Sunndal. Kva gjer dei for \u00e5 fullf\u00f8re sitt ansvar? Dei kunne t.d. l\u00f8yvd 20 millionar til tiltak for \u00e5 auke biobrenselbruken i Noreg. N\u00e5r Naturvernforbundet er opptatt av dette og tar seg fri fr\u00e5 jobb for \u00e5 finne konstruktive l\u00f8ysingar, d\u00e5 gjer vi noko som andre burde ha gjort. Vi arbeidar dugnad for \u00e5 f\u00e5 det til og samlar inn pengar for \u00e5 dekke v\u00e5re utgifter. Dei siste 2 \u00e5ra har vi ikkje f\u00e5tt ei krone i offentleg st\u00f8tte i Naturvernforbundet i M\u00f8re og Romsdal. Vi har sendt s\u00f8knad til fylket for \u00e5 f\u00e5 i gong eit energiprosjekt, s\u00e5 vi kan ta oss fri fr\u00e5 jobb og jobbe grundigare med dette, men fylket har brukt snart to \u00e5r p\u00e5 \u00e5 handsame s\u00f8knaden, og framleis har vi ikkje h\u00f8yrt noko. \n<\/p>\n\n\n\n<p>For \u00e5 l\u00f8yse problema i M\u00f8re og Romsdal m\u00e5 vi arbeide p\u00e5 fleire frontar for til saman \u00e5 finne l\u00f8ysinga. Naturvernforbundet har sagt tidlegare at det truleg er n\u00f8dvendig med ei kraftline til inn i fylket. Det er sj\u00f8lvsagt at ein d\u00e5 m\u00e5 velje ein del l\u00f8ysingar som kan vere dyre med ein del kabling, for at milj\u00f8konsekvensane ikkje skal bli for store. \n<\/p>\n\n\n\n<p>Ny kraftproduksjon i fylket er aleine ikkje nok, men eit bidrag. F\u00f8resetnadene her er \u00e5 bygge b\u00e5de vasskraft og vindkraft der det er tilr\u00e5deleg og ikkje andre stader. Slik vindkraftprodusentane har tura fram dei siste \u00e5ra, har denne produksjonsforma f\u00e5tt stor og fortent motstand. Her m\u00e5 fylket og etter kvart vindkraftinteressene setje seg ned \u00e5 finne fram til dei rette stadene for slik produksjon. Elles stoppar det opp. Det same gjeld vasskraft, ogs\u00e5 minikraftverk.\n<\/p>\n\n\n\n<p>I Noreg og i M\u00f8re og Romsdal bruker vi mykje straum til oppvarming. Oppvarming kan gjerast p\u00e5 andre m\u00e5tar, og straumen kan frigjerast til form\u00e5l der det ikkje er alternativ, som aluminiumsproduksjon. \n<\/p>\n\n\n\n<p>Svenskane dekker over 100 TWh med biobrensel, nesten like mykje som Noreg har av vasskraftproduksjon. Dei siste 2 \u00e5ra har dei auka med 7 TWh i \u00e5ret. I Noreg dekker vi kring 15 TWh med biobrensel. Her har vi eit kjempepotensiale. Ved \u00e5 produsere vedomnar og pelletsomnar og s\u00f8rge for at folk flest f\u00e5r ein motivasjon til \u00e5 installere dei, kan vi frigjere nokre TWh med straum og det p\u00e5 kort tid. Ved \u00e5 setje inn biobrenselfyrte kjelar p\u00e5 andre bygningar, er det ogs\u00e5 mykje \u00e5 hente. Biobrenselproduksjonen m\u00e5 og aukast. Men n\u00e5r svenskane kan, f\u00e5r vel ogs\u00e5 vi til det. Aukar vi biobrenselbruken her i landet med det halve av svenskane dei neste \u00e5ra, vil det vere straum tilgjengeleg til kraftlinene til M\u00f8re og Romsdal.\n<\/p>\n\n\n\n<p>Varmepumper hjelper ogs\u00e5. Sula kommune har s\u00f8kt Enova om st\u00f8tte slik at innbyggarar kan f\u00e5 hjelp til \u00e5 installere varmepumpe i kommunen. Dei fekk avslag, mellom anna grunngjeve med at andre kommunar kunne kome til \u00e5 finne p\u00e5 det same. Sulal\u00f8ysinga gjennomf\u00f8rt i heile fylket vil frigjere ca. 140 GWh. Framleis er det mykje \u00e5 g\u00e5 p\u00e5, for Sulal\u00f8ysinga gjeld ei varmepumpe for kvart tiande hus.\n<\/p>\n\n\n\n<p>No er dugnadarbeidskontoen brukt opp for i dag, og heile g\u00e5rsdagen gjekk p\u00e5 kontoen for resten av veka, s\u00e5 d\u00e5 blir det vel framleis litt stykkevis.\n<\/p>\n\n\n\n<p>\u00d8ystein Folden\n<\/p>\n\n\n\n<p>Leiar, Naturvernforbundet i M\u00f8re og Romsdal\n<\/p>\n\n\n\n<p>Telefon 91 81 25 42<\/p>\n\n\n\n<p><a href=\"\/imakerdata\/f\/0\/75\/31\/4_2401_0\/Aura_avis_leiar_om_energikrise_og_oppgaavefordeling_001.jpg\">Leiar i Aura Avis<\/a><\/p>\n\n\n\n<p><a href=\"\/imakerdata\/f\/0\/81\/75\/0_2401_0\/Tjeldbergodden_Konsesjonssoknad_121203_komplett.pdf\">S\u00f8knaden om mobile gasskraftverk fr\u00e5 2003<\/a><\/p>\n","protected":false},"excerpt":{"rendered":"<p>Aura Avis etterlysar p\u00e5 leiarplass meir konkrete l\u00f8ysingar p\u00e5 energiproblema.<\/p>\n","protected":false},"author":38,"featured_media":0,"comment_status":"closed","ping_status":"closed","sticky":false,"template":"","format":"standard","meta":{"_relevanssi_hide_post":"","_relevanssi_hide_content":"","_relevanssi_pin_for_all":"","_relevanssi_pin_keywords":"","_relevanssi_unpin_keywords":"","_relevanssi_related_keywords":"","_relevanssi_related_include_ids":"","_relevanssi_related_exclude_ids":"","_relevanssi_related_no_append":"","_relevanssi_related_not_related":"","_relevanssi_related_posts":"","_relevanssi_noindex_reason":"","hide_logo":false,"footnotes":""},"categories":[19],"tags":[],"local":[],"class_list":["post-2257","post","type-post","status-publish","format-standard","hentry","category-klima"],"acf":[],"yoast_head":"<!-- This site is optimized with the Yoast SEO plugin v24.9 - https:\/\/yoast.com\/wordpress\/plugins\/seo\/ -->\n<title>Kraftproblem og l\u00f8ysingar - M\u00f8re og Romsdal<\/title>\n<meta name=\"robots\" content=\"index, follow, max-snippet:-1, max-image-preview:large, max-video-preview:-1\" \/>\n<link rel=\"canonical\" href=\"https:\/\/naturvernforbundet.no\/moreogromsdal\/kraftproblem-og-loysingar\/\" \/>\n<meta property=\"og:locale\" content=\"nb_NO\" \/>\n<meta property=\"og:type\" content=\"article\" \/>\n<meta property=\"og:title\" content=\"Kraftproblem og l\u00f8ysingar - M\u00f8re og Romsdal\" \/>\n<meta property=\"og:description\" content=\"Aura Avis etterlysar p\u00e5 leiarplass meir konkrete l\u00f8ysingar p\u00e5 energiproblema.\" \/>\n<meta property=\"og:url\" content=\"https:\/\/naturvernforbundet.no\/moreogromsdal\/kraftproblem-og-loysingar\/\" \/>\n<meta property=\"og:site_name\" content=\"M\u00f8re og Romsdal\" \/>\n<meta property=\"article:published_time\" content=\"2006-01-11T10:40:00+00:00\" \/>\n<meta name=\"author\" content=\"Artikkelimport\u00f8r\" \/>\n<meta name=\"twitter:card\" content=\"summary_large_image\" \/>\n<meta name=\"twitter:label1\" content=\"Skrevet av\" \/>\n\t<meta name=\"twitter:data1\" content=\"Artikkelimport\u00f8r\" \/>\n\t<meta name=\"twitter:label2\" content=\"Ansl. lesetid\" \/>\n\t<meta name=\"twitter:data2\" content=\"4 minutter\" \/>\n<script type=\"application\/ld+json\" class=\"yoast-schema-graph\">{\"@context\":\"https:\/\/schema.org\",\"@graph\":[{\"@type\":\"WebPage\",\"@id\":\"https:\/\/naturvernforbundet.no\/moreogromsdal\/kraftproblem-og-loysingar\/\",\"url\":\"https:\/\/naturvernforbundet.no\/moreogromsdal\/kraftproblem-og-loysingar\/\",\"name\":\"Kraftproblem og l\u00f8ysingar - M\u00f8re og Romsdal\",\"isPartOf\":{\"@id\":\"https:\/\/naturvernforbundet.no\/moreogromsdal\/#website\"},\"datePublished\":\"2006-01-11T10:40:00+00:00\",\"author\":{\"@id\":\"https:\/\/naturvernforbundet.no\/moreogromsdal\/#\/schema\/person\/c72f198205979084bf071deedb6205f4\"},\"breadcrumb\":{\"@id\":\"https:\/\/naturvernforbundet.no\/moreogromsdal\/kraftproblem-og-loysingar\/#breadcrumb\"},\"inLanguage\":\"nb-NO\",\"potentialAction\":[{\"@type\":\"ReadAction\",\"target\":[\"https:\/\/naturvernforbundet.no\/moreogromsdal\/kraftproblem-og-loysingar\/\"]}]},{\"@type\":\"BreadcrumbList\",\"@id\":\"https:\/\/naturvernforbundet.no\/moreogromsdal\/kraftproblem-og-loysingar\/#breadcrumb\",\"itemListElement\":[{\"@type\":\"ListItem\",\"position\":1,\"name\":\"Till naturvernforbundet.no\",\"item\":\"https:\/\/naturvernforbundet.no\/\"},{\"@type\":\"ListItem\",\"position\":2,\"name\":\"M\u00f8re og Romsdal\",\"item\":\"https:\/\/naturvernforbundet.no\/moreogromsdal\/\"},{\"@type\":\"ListItem\",\"position\":3,\"name\":\"Kraftproblem og l\u00f8ysingar\"}]},{\"@type\":\"WebSite\",\"@id\":\"https:\/\/naturvernforbundet.no\/moreogromsdal\/#website\",\"url\":\"https:\/\/naturvernforbundet.no\/moreogromsdal\/\",\"name\":\"M\u00f8re og Romsdal\",\"description\":\"Bare enda et Naturvernforbundet Sites-nettsted\",\"potentialAction\":[{\"@type\":\"SearchAction\",\"target\":{\"@type\":\"EntryPoint\",\"urlTemplate\":\"https:\/\/naturvernforbundet.no\/moreogromsdal\/?s={search_term_string}\"},\"query-input\":{\"@type\":\"PropertyValueSpecification\",\"valueRequired\":true,\"valueName\":\"search_term_string\"}}],\"inLanguage\":\"nb-NO\"},{\"@type\":\"Person\",\"@id\":\"https:\/\/naturvernforbundet.no\/moreogromsdal\/#\/schema\/person\/c72f198205979084bf071deedb6205f4\",\"name\":\"Artikkelimport\u00f8r\",\"image\":{\"@type\":\"ImageObject\",\"inLanguage\":\"nb-NO\",\"@id\":\"https:\/\/naturvernforbundet.no\/moreogromsdal\/#\/schema\/person\/image\/\",\"url\":\"https:\/\/secure.gravatar.com\/avatar\/015fa491b9ed1c823ef16a5c930294d1?s=96&d=mm&r=g\",\"contentUrl\":\"https:\/\/secure.gravatar.com\/avatar\/015fa491b9ed1c823ef16a5c930294d1?s=96&d=mm&r=g\",\"caption\":\"Artikkelimport\u00f8r\"},\"url\":\"https:\/\/naturvernforbundet.no\/moreogromsdal\/author\/artikkelimportor\/\"}]}<\/script>\n<!-- \/ Yoast SEO plugin. -->","yoast_head_json":{"title":"Kraftproblem og l\u00f8ysingar - M\u00f8re og Romsdal","robots":{"index":"index","follow":"follow","max-snippet":"max-snippet:-1","max-image-preview":"max-image-preview:large","max-video-preview":"max-video-preview:-1"},"canonical":"https:\/\/naturvernforbundet.no\/moreogromsdal\/kraftproblem-og-loysingar\/","og_locale":"nb_NO","og_type":"article","og_title":"Kraftproblem og l\u00f8ysingar - M\u00f8re og Romsdal","og_description":"Aura Avis etterlysar p\u00e5 leiarplass meir konkrete l\u00f8ysingar p\u00e5 energiproblema.","og_url":"https:\/\/naturvernforbundet.no\/moreogromsdal\/kraftproblem-og-loysingar\/","og_site_name":"M\u00f8re og Romsdal","article_published_time":"2006-01-11T10:40:00+00:00","author":"Artikkelimport\u00f8r","twitter_card":"summary_large_image","twitter_misc":{"Skrevet av":"Artikkelimport\u00f8r","Ansl. lesetid":"4 minutter"},"schema":{"@context":"https:\/\/schema.org","@graph":[{"@type":"WebPage","@id":"https:\/\/naturvernforbundet.no\/moreogromsdal\/kraftproblem-og-loysingar\/","url":"https:\/\/naturvernforbundet.no\/moreogromsdal\/kraftproblem-og-loysingar\/","name":"Kraftproblem og l\u00f8ysingar - M\u00f8re og Romsdal","isPartOf":{"@id":"https:\/\/naturvernforbundet.no\/moreogromsdal\/#website"},"datePublished":"2006-01-11T10:40:00+00:00","author":{"@id":"https:\/\/naturvernforbundet.no\/moreogromsdal\/#\/schema\/person\/c72f198205979084bf071deedb6205f4"},"breadcrumb":{"@id":"https:\/\/naturvernforbundet.no\/moreogromsdal\/kraftproblem-og-loysingar\/#breadcrumb"},"inLanguage":"nb-NO","potentialAction":[{"@type":"ReadAction","target":["https:\/\/naturvernforbundet.no\/moreogromsdal\/kraftproblem-og-loysingar\/"]}]},{"@type":"BreadcrumbList","@id":"https:\/\/naturvernforbundet.no\/moreogromsdal\/kraftproblem-og-loysingar\/#breadcrumb","itemListElement":[{"@type":"ListItem","position":1,"name":"Till naturvernforbundet.no","item":"https:\/\/naturvernforbundet.no\/"},{"@type":"ListItem","position":2,"name":"M\u00f8re og Romsdal","item":"https:\/\/naturvernforbundet.no\/moreogromsdal\/"},{"@type":"ListItem","position":3,"name":"Kraftproblem og l\u00f8ysingar"}]},{"@type":"WebSite","@id":"https:\/\/naturvernforbundet.no\/moreogromsdal\/#website","url":"https:\/\/naturvernforbundet.no\/moreogromsdal\/","name":"M\u00f8re og Romsdal","description":"Bare enda et Naturvernforbundet Sites-nettsted","potentialAction":[{"@type":"SearchAction","target":{"@type":"EntryPoint","urlTemplate":"https:\/\/naturvernforbundet.no\/moreogromsdal\/?s={search_term_string}"},"query-input":{"@type":"PropertyValueSpecification","valueRequired":true,"valueName":"search_term_string"}}],"inLanguage":"nb-NO"},{"@type":"Person","@id":"https:\/\/naturvernforbundet.no\/moreogromsdal\/#\/schema\/person\/c72f198205979084bf071deedb6205f4","name":"Artikkelimport\u00f8r","image":{"@type":"ImageObject","inLanguage":"nb-NO","@id":"https:\/\/naturvernforbundet.no\/moreogromsdal\/#\/schema\/person\/image\/","url":"https:\/\/secure.gravatar.com\/avatar\/015fa491b9ed1c823ef16a5c930294d1?s=96&d=mm&r=g","contentUrl":"https:\/\/secure.gravatar.com\/avatar\/015fa491b9ed1c823ef16a5c930294d1?s=96&d=mm&r=g","caption":"Artikkelimport\u00f8r"},"url":"https:\/\/naturvernforbundet.no\/moreogromsdal\/author\/artikkelimportor\/"}]}},"_links":{"self":[{"href":"https:\/\/naturvernforbundet.no\/moreogromsdal\/wp-json\/wp\/v2\/posts\/2257","targetHints":{"allow":["GET"]}}],"collection":[{"href":"https:\/\/naturvernforbundet.no\/moreogromsdal\/wp-json\/wp\/v2\/posts"}],"about":[{"href":"https:\/\/naturvernforbundet.no\/moreogromsdal\/wp-json\/wp\/v2\/types\/post"}],"author":[{"embeddable":true,"href":"https:\/\/naturvernforbundet.no\/moreogromsdal\/wp-json\/wp\/v2\/users\/38"}],"replies":[{"embeddable":true,"href":"https:\/\/naturvernforbundet.no\/moreogromsdal\/wp-json\/wp\/v2\/comments?post=2257"}],"version-history":[{"count":0,"href":"https:\/\/naturvernforbundet.no\/moreogromsdal\/wp-json\/wp\/v2\/posts\/2257\/revisions"}],"wp:attachment":[{"href":"https:\/\/naturvernforbundet.no\/moreogromsdal\/wp-json\/wp\/v2\/media?parent=2257"}],"wp:term":[{"taxonomy":"category","embeddable":true,"href":"https:\/\/naturvernforbundet.no\/moreogromsdal\/wp-json\/wp\/v2\/categories?post=2257"},{"taxonomy":"post_tag","embeddable":true,"href":"https:\/\/naturvernforbundet.no\/moreogromsdal\/wp-json\/wp\/v2\/tags?post=2257"},{"taxonomy":"local","embeddable":true,"href":"https:\/\/naturvernforbundet.no\/moreogromsdal\/wp-json\/wp\/v2\/local?post=2257"}],"curies":[{"name":"wp","href":"https:\/\/api.w.org\/{rel}","templated":true}]}}