{"id":2258,"date":"2006-08-01T09:16:00","date_gmt":"2006-08-01T07:16:00","guid":{"rendered":"https:\/\/naturvernforbundet.no\/moreogromsdal\/spar-skinvikfossen\/"},"modified":"2006-08-01T09:16:00","modified_gmt":"2006-08-01T07:16:00","slug":"spar-skinvikfossen","status":"publish","type":"post","link":"https:\/\/naturvernforbundet.no\/moreogromsdal\/spar-skinvikfossen\/","title":{"rendered":"Spar Skinvikfossen!"},"content":{"rendered":"\t<div class=\"template-post alignfull wp-block-naturvern-hero\">\n\t\t<div class=\"hero__inner\">\n\t\t\t<div class=\"hero__inner_blocks\">\n\t\t\t\t\t\t\t\t\n\t\t\t\t\t<h1 class=\"wp-block-post-title\">Spar Skinvikfossen!<\/h1>\n\n\t\t\t\t\t<div class=\"wp-block-post-excerpt\"><p class=\"wp-block-post-excerpt__excerpt\">Det finst eit alternativ til utbygging som Naturvernforbundet meiner er bra. Og det finst eit alternativ Naturvernforbundet meiner er heilt uaktuelt. Det f\u00f8rste alternativet er det opprinnelege forslaget f\u00e5r utbyggar. Det siste alternativet er \u00e5 byggje ut Skinvikfossen. <\/p><\/div>\n\n\t\t\t\t\t\n\n\t\t\t\t\t<div class=\"wp-block-naturvern-byline\">\n\t\t\t<div class=\"authors\">By <span class=\"t2-byline__author-link\">Artikkelimport\u00f8r<\/span><\/div>\n\t\t\t<small class=\"entry-date\">01.08.2006 09:16<\/small>\n\t\t<\/div>\n\t\t\t\t\t\t\t\t<\/div>\n\t\t\t\t\t<\/div>\n\t\t\t<\/div>\n\t\n<p>Skinvikfossen er eit sv\u00e6rt viktig element i det visuelle bildet av fjordlandskapet i Austefjorden. Han heng logisk saman med Bl\u00e5breen under Eidskyrkja. Fossen er godt synleg over eit stort omr\u00e5de og fortel si historie om nedb\u00f8r, smelting og t\u00f8rke. \u2013B\u00e5de til folk som ferdast p\u00e5 fjorden, langs vegane og i fjellet. Han forsterkar naturopplevinga og understrekar det evige krinslaupet i naturen. Kombinasjonen av alpine fjell, Bl\u00e5breen, gr\u00f8ne dyrkingsfelt, frodig skog, fossen og fjorden er sj\u00f8lve ikonet p\u00e5 vestnorsk natur. \n<\/p>\n\n\n\n<p>Naturvernforbundet vil \u00f8nskje til lukke med utbygging etter den opphavlege s\u00f8knaden med inntak p\u00e5 kote 100. Men vi vil sterkt r\u00e5 fr\u00e5 at det vert gjeve konsesjon for inntak p\u00e5 kote 134. Om s\u00f8kjaren ikkje finn l\u00f8nsemd i prosjektet b\u00f8r det kvile nokre generasjonar. \n<\/p>\n\n\n\n<p>Naturvernforbundet saknar framleis ein samla plan for inngrepsfrie naturomr\u00e5de i \u00d8rsta\/Volda \u2013 og som del av ein slik plan; ei prioritering av elvar og fossar som skal f\u00e5 renne fritt i framtida. No skjer det ei bit for bit utbygging av naturomr\u00e5da ut fr\u00e5 ei privat\u00f8konomisk motivering. \n<\/p>\n\n\n\n<p><em>Knut Fest\u00f8 i Naturvernforbundet i Volda og \u00d8rsta har telefon 97 09 75 73.<\/em> \n<a>Ja, dette er viktig. Eg vil bli medlem i Naturvernforbundet<\/a><\/p>\n\n\n\n\n\n<p><a>Eg vil gjerne st\u00f8tte Naturvernforbundets arbeid for bevaring av vassdraga v\u00e5re<\/a><\/p>\n\n\n\n\n\n<p><a href=\"\/imakerdata\/f\/0\/88\/76\/5_2401_0\/Skinvikelva_planendring__-Uttale_Naturvernforbundet_i_Volda.pdf\">Les uttalen fr\u00e5 Naturvernforbundet i Volda og \u00d8rsta<\/a><\/p>\n\n\n\n<p><a href=\"\/imakerdata\/f\/0\/88\/76\/6_2401_0\/Skinvikfossen_Gruppe_i_Austefjord.pdf\">Uttale fr\u00e5 ei gruppe i Austefjorden<\/a><\/p>\n\n\n\n<p><a href=\"\/imakerdata\/f\/0\/88\/76\/7_2401_0\/Soknad_Skinnvikelva.PDF\">S\u00f8knaden<\/a><\/p>\n\n\n\n<p><a href=\"\/imakerdata\/f\/0\/88\/76\/8_2401_0\/Planendring_18.05.061.pdf\">Planendring<\/a><\/p>\n\n\n\n<p><a href=\"\/imakerdata\/f\/0\/88\/76\/9_2401_0\/Skinnvik_biologisk_rapport.PDF\">Fagrapport biologisk mangfold<\/a><\/p>\n","protected":false},"excerpt":{"rendered":"<p>Det finst eit alternativ til utbygging som Naturvernforbundet meiner er bra. Og det finst eit alternativ Naturvernforbundet meiner er heilt uaktuelt. Det f\u00f8rste alternativet er det opprinnelege forslaget f\u00e5r utbyggar. Det siste alternativet er \u00e5 byggje ut Skinvikfossen.<\/p>\n","protected":false},"author":38,"featured_media":0,"comment_status":"closed","ping_status":"closed","sticky":false,"template":"","format":"standard","meta":{"_relevanssi_hide_post":"","_relevanssi_hide_content":"","_relevanssi_pin_for_all":"","_relevanssi_pin_keywords":"","_relevanssi_unpin_keywords":"","_relevanssi_related_keywords":"","_relevanssi_related_include_ids":"","_relevanssi_related_exclude_ids":"","_relevanssi_related_no_append":"","_relevanssi_related_not_related":"","_relevanssi_related_posts":"","_relevanssi_noindex_reason":"","hide_logo":false,"footnotes":""},"categories":[13],"tags":[],"local":[],"class_list":["post-2258","post","type-post","status-publish","format-standard","hentry","category-vasskraft"],"acf":[],"yoast_head":"<!-- This site is optimized with the Yoast SEO plugin v24.9 - https:\/\/yoast.com\/wordpress\/plugins\/seo\/ -->\n<title>Spar Skinvikfossen! - M\u00f8re og Romsdal<\/title>\n<meta name=\"robots\" content=\"index, follow, max-snippet:-1, max-image-preview:large, max-video-preview:-1\" \/>\n<link rel=\"canonical\" href=\"https:\/\/naturvernforbundet.no\/moreogromsdal\/spar-skinvikfossen\/\" \/>\n<meta property=\"og:locale\" content=\"nb_NO\" \/>\n<meta property=\"og:type\" content=\"article\" \/>\n<meta property=\"og:title\" content=\"Spar Skinvikfossen! - M\u00f8re og Romsdal\" \/>\n<meta property=\"og:description\" content=\"Det finst eit alternativ til utbygging som Naturvernforbundet meiner er bra. Og det finst eit alternativ Naturvernforbundet meiner er heilt uaktuelt. Det f\u00f8rste alternativet er det opprinnelege forslaget f\u00e5r utbyggar. Det siste alternativet er \u00e5 byggje ut Skinvikfossen.\" \/>\n<meta property=\"og:url\" content=\"https:\/\/naturvernforbundet.no\/moreogromsdal\/spar-skinvikfossen\/\" \/>\n<meta property=\"og:site_name\" content=\"M\u00f8re og Romsdal\" \/>\n<meta property=\"article:published_time\" content=\"2006-08-01T07:16:00+00:00\" \/>\n<meta name=\"author\" content=\"Artikkelimport\u00f8r\" \/>\n<meta name=\"twitter:card\" content=\"summary_large_image\" \/>\n<meta name=\"twitter:label1\" content=\"Skrevet av\" \/>\n\t<meta name=\"twitter:data1\" content=\"Artikkelimport\u00f8r\" \/>\n\t<meta name=\"twitter:label2\" content=\"Ansl. lesetid\" \/>\n\t<meta name=\"twitter:data2\" content=\"1 minutt\" \/>\n<script type=\"application\/ld+json\" class=\"yoast-schema-graph\">{\"@context\":\"https:\/\/schema.org\",\"@graph\":[{\"@type\":\"WebPage\",\"@id\":\"https:\/\/naturvernforbundet.no\/moreogromsdal\/spar-skinvikfossen\/\",\"url\":\"https:\/\/naturvernforbundet.no\/moreogromsdal\/spar-skinvikfossen\/\",\"name\":\"Spar Skinvikfossen! - M\u00f8re og Romsdal\",\"isPartOf\":{\"@id\":\"https:\/\/naturvernforbundet.no\/moreogromsdal\/#website\"},\"datePublished\":\"2006-08-01T07:16:00+00:00\",\"author\":{\"@id\":\"https:\/\/naturvernforbundet.no\/moreogromsdal\/#\/schema\/person\/c72f198205979084bf071deedb6205f4\"},\"breadcrumb\":{\"@id\":\"https:\/\/naturvernforbundet.no\/moreogromsdal\/spar-skinvikfossen\/#breadcrumb\"},\"inLanguage\":\"nb-NO\",\"potentialAction\":[{\"@type\":\"ReadAction\",\"target\":[\"https:\/\/naturvernforbundet.no\/moreogromsdal\/spar-skinvikfossen\/\"]}]},{\"@type\":\"BreadcrumbList\",\"@id\":\"https:\/\/naturvernforbundet.no\/moreogromsdal\/spar-skinvikfossen\/#breadcrumb\",\"itemListElement\":[{\"@type\":\"ListItem\",\"position\":1,\"name\":\"Till naturvernforbundet.no\",\"item\":\"https:\/\/naturvernforbundet.no\/\"},{\"@type\":\"ListItem\",\"position\":2,\"name\":\"M\u00f8re og Romsdal\",\"item\":\"https:\/\/naturvernforbundet.no\/moreogromsdal\/\"},{\"@type\":\"ListItem\",\"position\":3,\"name\":\"Spar Skinvikfossen!\"}]},{\"@type\":\"WebSite\",\"@id\":\"https:\/\/naturvernforbundet.no\/moreogromsdal\/#website\",\"url\":\"https:\/\/naturvernforbundet.no\/moreogromsdal\/\",\"name\":\"M\u00f8re og Romsdal\",\"description\":\"Bare enda et Naturvernforbundet Sites-nettsted\",\"potentialAction\":[{\"@type\":\"SearchAction\",\"target\":{\"@type\":\"EntryPoint\",\"urlTemplate\":\"https:\/\/naturvernforbundet.no\/moreogromsdal\/?s={search_term_string}\"},\"query-input\":{\"@type\":\"PropertyValueSpecification\",\"valueRequired\":true,\"valueName\":\"search_term_string\"}}],\"inLanguage\":\"nb-NO\"},{\"@type\":\"Person\",\"@id\":\"https:\/\/naturvernforbundet.no\/moreogromsdal\/#\/schema\/person\/c72f198205979084bf071deedb6205f4\",\"name\":\"Artikkelimport\u00f8r\",\"image\":{\"@type\":\"ImageObject\",\"inLanguage\":\"nb-NO\",\"@id\":\"https:\/\/naturvernforbundet.no\/moreogromsdal\/#\/schema\/person\/image\/\",\"url\":\"https:\/\/secure.gravatar.com\/avatar\/015fa491b9ed1c823ef16a5c930294d1?s=96&d=mm&r=g\",\"contentUrl\":\"https:\/\/secure.gravatar.com\/avatar\/015fa491b9ed1c823ef16a5c930294d1?s=96&d=mm&r=g\",\"caption\":\"Artikkelimport\u00f8r\"},\"url\":\"https:\/\/naturvernforbundet.no\/moreogromsdal\/author\/artikkelimportor\/\"}]}<\/script>\n<!-- \/ Yoast SEO plugin. -->","yoast_head_json":{"title":"Spar Skinvikfossen! - M\u00f8re og Romsdal","robots":{"index":"index","follow":"follow","max-snippet":"max-snippet:-1","max-image-preview":"max-image-preview:large","max-video-preview":"max-video-preview:-1"},"canonical":"https:\/\/naturvernforbundet.no\/moreogromsdal\/spar-skinvikfossen\/","og_locale":"nb_NO","og_type":"article","og_title":"Spar Skinvikfossen! - M\u00f8re og Romsdal","og_description":"Det finst eit alternativ til utbygging som Naturvernforbundet meiner er bra. Og det finst eit alternativ Naturvernforbundet meiner er heilt uaktuelt. Det f\u00f8rste alternativet er det opprinnelege forslaget f\u00e5r utbyggar. Det siste alternativet er \u00e5 byggje ut Skinvikfossen.","og_url":"https:\/\/naturvernforbundet.no\/moreogromsdal\/spar-skinvikfossen\/","og_site_name":"M\u00f8re og Romsdal","article_published_time":"2006-08-01T07:16:00+00:00","author":"Artikkelimport\u00f8r","twitter_card":"summary_large_image","twitter_misc":{"Skrevet av":"Artikkelimport\u00f8r","Ansl. lesetid":"1 minutt"},"schema":{"@context":"https:\/\/schema.org","@graph":[{"@type":"WebPage","@id":"https:\/\/naturvernforbundet.no\/moreogromsdal\/spar-skinvikfossen\/","url":"https:\/\/naturvernforbundet.no\/moreogromsdal\/spar-skinvikfossen\/","name":"Spar Skinvikfossen! - M\u00f8re og Romsdal","isPartOf":{"@id":"https:\/\/naturvernforbundet.no\/moreogromsdal\/#website"},"datePublished":"2006-08-01T07:16:00+00:00","author":{"@id":"https:\/\/naturvernforbundet.no\/moreogromsdal\/#\/schema\/person\/c72f198205979084bf071deedb6205f4"},"breadcrumb":{"@id":"https:\/\/naturvernforbundet.no\/moreogromsdal\/spar-skinvikfossen\/#breadcrumb"},"inLanguage":"nb-NO","potentialAction":[{"@type":"ReadAction","target":["https:\/\/naturvernforbundet.no\/moreogromsdal\/spar-skinvikfossen\/"]}]},{"@type":"BreadcrumbList","@id":"https:\/\/naturvernforbundet.no\/moreogromsdal\/spar-skinvikfossen\/#breadcrumb","itemListElement":[{"@type":"ListItem","position":1,"name":"Till naturvernforbundet.no","item":"https:\/\/naturvernforbundet.no\/"},{"@type":"ListItem","position":2,"name":"M\u00f8re og Romsdal","item":"https:\/\/naturvernforbundet.no\/moreogromsdal\/"},{"@type":"ListItem","position":3,"name":"Spar Skinvikfossen!"}]},{"@type":"WebSite","@id":"https:\/\/naturvernforbundet.no\/moreogromsdal\/#website","url":"https:\/\/naturvernforbundet.no\/moreogromsdal\/","name":"M\u00f8re og Romsdal","description":"Bare enda et Naturvernforbundet Sites-nettsted","potentialAction":[{"@type":"SearchAction","target":{"@type":"EntryPoint","urlTemplate":"https:\/\/naturvernforbundet.no\/moreogromsdal\/?s={search_term_string}"},"query-input":{"@type":"PropertyValueSpecification","valueRequired":true,"valueName":"search_term_string"}}],"inLanguage":"nb-NO"},{"@type":"Person","@id":"https:\/\/naturvernforbundet.no\/moreogromsdal\/#\/schema\/person\/c72f198205979084bf071deedb6205f4","name":"Artikkelimport\u00f8r","image":{"@type":"ImageObject","inLanguage":"nb-NO","@id":"https:\/\/naturvernforbundet.no\/moreogromsdal\/#\/schema\/person\/image\/","url":"https:\/\/secure.gravatar.com\/avatar\/015fa491b9ed1c823ef16a5c930294d1?s=96&d=mm&r=g","contentUrl":"https:\/\/secure.gravatar.com\/avatar\/015fa491b9ed1c823ef16a5c930294d1?s=96&d=mm&r=g","caption":"Artikkelimport\u00f8r"},"url":"https:\/\/naturvernforbundet.no\/moreogromsdal\/author\/artikkelimportor\/"}]}},"_links":{"self":[{"href":"https:\/\/naturvernforbundet.no\/moreogromsdal\/wp-json\/wp\/v2\/posts\/2258","targetHints":{"allow":["GET"]}}],"collection":[{"href":"https:\/\/naturvernforbundet.no\/moreogromsdal\/wp-json\/wp\/v2\/posts"}],"about":[{"href":"https:\/\/naturvernforbundet.no\/moreogromsdal\/wp-json\/wp\/v2\/types\/post"}],"author":[{"embeddable":true,"href":"https:\/\/naturvernforbundet.no\/moreogromsdal\/wp-json\/wp\/v2\/users\/38"}],"replies":[{"embeddable":true,"href":"https:\/\/naturvernforbundet.no\/moreogromsdal\/wp-json\/wp\/v2\/comments?post=2258"}],"version-history":[{"count":0,"href":"https:\/\/naturvernforbundet.no\/moreogromsdal\/wp-json\/wp\/v2\/posts\/2258\/revisions"}],"wp:attachment":[{"href":"https:\/\/naturvernforbundet.no\/moreogromsdal\/wp-json\/wp\/v2\/media?parent=2258"}],"wp:term":[{"taxonomy":"category","embeddable":true,"href":"https:\/\/naturvernforbundet.no\/moreogromsdal\/wp-json\/wp\/v2\/categories?post=2258"},{"taxonomy":"post_tag","embeddable":true,"href":"https:\/\/naturvernforbundet.no\/moreogromsdal\/wp-json\/wp\/v2\/tags?post=2258"},{"taxonomy":"local","embeddable":true,"href":"https:\/\/naturvernforbundet.no\/moreogromsdal\/wp-json\/wp\/v2\/local?post=2258"}],"curies":[{"name":"wp","href":"https:\/\/api.w.org\/{rel}","templated":true}]}}