{"id":2361,"date":"2005-09-05T10:20:26","date_gmt":"2005-09-05T08:20:26","guid":{"rendered":"https:\/\/naturvernforbundet.no\/moreogromsdal\/avgift-pa-avfallsforbrenning-i-sverige-gir-nye-muligheter-i-more-og-romsdal\/"},"modified":"2005-09-05T10:20:26","modified_gmt":"2005-09-05T08:20:26","slug":"avgift-pa-avfallsforbrenning-i-sverige-gir-nye-muligheter-i-more-og-romsdal","status":"publish","type":"post","link":"https:\/\/naturvernforbundet.no\/moreogromsdal\/avgift-pa-avfallsforbrenning-i-sverige-gir-nye-muligheter-i-more-og-romsdal\/","title":{"rendered":"Avgift p\u00e5 avfallsforbrenning i Sverige gir nye muligheter i M\u00f8re og Romsdal"},"content":{"rendered":"\t<div class=\"template-post alignfull wp-block-naturvern-hero\">\n\t\t<div class=\"hero__inner\">\n\t\t\t<div class=\"hero__inner_blocks\">\n\t\t\t\t\t\t\t\t\n\t\t\t\t\t<h1 class=\"wp-block-post-title\">Avgift p\u00e5 avfallsforbrenning i Sverige gir nye muligheter i M\u00f8re og Romsdal<\/h1>\n\n\t\t\t\t\t<div class=\"wp-block-post-excerpt\"><p class=\"wp-block-post-excerpt__excerpt\">F\u00f8r helga meldte Sveriges Radio at det trolig blir avgifter p\u00e5 avfallsforbrenning i Sverige fra nytt\u00e5r. &#8211; Dette vil trolig redusere avfalltransporten fra Norge, og det b\u00f8r gj\u00f8re kildesortering og mer milj\u00f8vennlig avfallsh\u00e5ndtering mer aktuelt i M\u00f8re og Romsdal, sier leder i Naturvernforbundet i fylket, \u00d8ystein Folden. Han utfordrer kommunene. <\/p><\/div>\n\n\t\t\t\t\t\n\n\t\t\t\t\t<div class=\"wp-block-naturvern-byline\">\n\t\t\t<div class=\"authors\">By <span class=\"t2-byline__author-link\">Artikkelimport\u00f8r<\/span><\/div>\n\t\t\t<small class=\"entry-date\">05.09.2005 10:20<\/small>\n\t\t<\/div>\n\t\t\t\t\t\t\t\t<\/div>\n\t\t\t\t\t<\/div>\n\t\t\t<\/div>\n\t\n<p>Flere kommuner i fylket har den siste tiden begynt \u00e5 sende avfall til Sverige eller diskutert \u00e5 gj\u00f8re dette. Naturvernforbundet mener dette p\u00e5 mange m\u00e5ter er et blindspor i avfallspolitikken. &#8211; Innbyggerne i M\u00f8re og Romsdal trenger f\u00f8rst og fremst et bedre tilbud om kildesortering, sier Folden. &#8211; Spesielt gjelder dette matavfall, plast og farlig avfall. <br><br>Ordningene varierer litt i kommunene, men utenom Romsdal er situasjonen spesielt d\u00e5rlig n\u00e5r det gjelder matavfall. &#8211; Informasjonen til innbyggerne om avfallsh\u00e5ndtering, kildesortering og leveringsordninger for farlig avfall b\u00f8r ogs\u00e5 forbedres, mener Folden. <br><br>&#8211; Enkelte vil hevde at \u00f8kte svenske avgifter vil gi mer forbrenning og deponering i Norge. Naturvernforbundet vil derfor ogs\u00e5 ta opp behovet for \u00e5 f\u00e5 en milj\u00f8messig forsvarlig sluttbehandling, lover Folden. &#8211; B\u00e5de forbrenning og deponering vil ofte v\u00e6re d\u00e5rlige l\u00f8sninger for milj\u00f8et og for innbyggerne i v\u00e5rt omr\u00e5de. Agurker og andre matrester brenner like d\u00e5rlig her som i Sverige, og \u00e5 deponere ren mat skaper utslipp av klimagassen metan. <br><br>&#8211; Naturvernforbundet \u00f8nsker derfor at avfall som er egnet for gjenvinning skal gjenvinnes, sier \u00d8ystein Folden. Det \u00e5 gj\u00f8re om matrester til giftig aske er ikke gjenvinning. Det er derfor viktig at kommunene tar en ordentlig gjennomgang av hva slags sluttbehandling som skal gj\u00f8res for de ulike avfallsfraksjonene. Fordelen er selvsagt at \u00e5 f\u00e5 til avtaler om en milj\u00f8messig forsvarlig sluttbehandling blir mye enklere for kommunene n\u00e5r vi som innbyggere slipper \u00e5 blande for mange ulike typer avfall f\u00f8rst.<br><br>Det er ogs\u00e5 behov for at kommunene stimulerer til ordninger som kan gi mindre avfall totalt sett, som t\u00f8ybleier. Oppmuntring til heimekompostering vil i praksis ogs\u00e5 fungere p\u00e5 denne m\u00e5ten i v\u00e5rt fylke.<br><br>\u00d8ystein Folden kan kontaktes p\u00e5 telefon 91 81 25 42.<\/p>\n","protected":false},"excerpt":{"rendered":"<p>F\u00f8r helga meldte Sveriges Radio at det trolig blir avgifter p\u00e5 avfallsforbrenning i Sverige fra nytt\u00e5r. &#8211; Dette vil trolig redusere avfalltransporten fra Norge, og det b\u00f8r gj\u00f8re kildesortering og mer milj\u00f8vennlig avfallsh\u00e5ndtering mer aktuelt i M\u00f8re og Romsdal, sier leder i Naturvernforbundet i fylket, \u00d8ystein Folden. Han utfordrer kommunene.<\/p>\n","protected":false},"author":38,"featured_media":0,"comment_status":"closed","ping_status":"closed","sticky":false,"template":"","format":"standard","meta":{"_relevanssi_hide_post":"","_relevanssi_hide_content":"","_relevanssi_pin_for_all":"","_relevanssi_pin_keywords":"","_relevanssi_unpin_keywords":"","_relevanssi_related_keywords":"","_relevanssi_related_include_ids":"","_relevanssi_related_exclude_ids":"","_relevanssi_related_no_append":"","_relevanssi_related_not_related":"","_relevanssi_related_posts":"","_relevanssi_noindex_reason":"","hide_logo":false,"footnotes":""},"categories":[27],"tags":[],"local":[],"class_list":["post-2361","post","type-post","status-publish","format-standard","hentry","category-avfall-og-forbruk"],"acf":[],"yoast_head":"<!-- This site is optimized with the Yoast SEO plugin v24.9 - https:\/\/yoast.com\/wordpress\/plugins\/seo\/ -->\n<title>Avgift p\u00e5 avfallsforbrenning i Sverige gir nye muligheter i M\u00f8re og Romsdal - M\u00f8re og Romsdal<\/title>\n<meta name=\"robots\" content=\"index, follow, max-snippet:-1, max-image-preview:large, max-video-preview:-1\" \/>\n<link rel=\"canonical\" href=\"https:\/\/naturvernforbundet.no\/moreogromsdal\/avgift-pa-avfallsforbrenning-i-sverige-gir-nye-muligheter-i-more-og-romsdal\/\" \/>\n<meta property=\"og:locale\" content=\"nb_NO\" \/>\n<meta property=\"og:type\" content=\"article\" \/>\n<meta property=\"og:title\" content=\"Avgift p\u00e5 avfallsforbrenning i Sverige gir nye muligheter i M\u00f8re og Romsdal - M\u00f8re og Romsdal\" \/>\n<meta property=\"og:description\" content=\"F\u00f8r helga meldte Sveriges Radio at det trolig blir avgifter p\u00e5 avfallsforbrenning i Sverige fra nytt\u00e5r. - Dette vil trolig redusere avfalltransporten fra Norge, og det b\u00f8r gj\u00f8re kildesortering og mer milj\u00f8vennlig avfallsh\u00e5ndtering mer aktuelt i M\u00f8re og Romsdal, sier leder i Naturvernforbundet i fylket, \u00d8ystein Folden. Han utfordrer kommunene.\" \/>\n<meta property=\"og:url\" content=\"https:\/\/naturvernforbundet.no\/moreogromsdal\/avgift-pa-avfallsforbrenning-i-sverige-gir-nye-muligheter-i-more-og-romsdal\/\" \/>\n<meta property=\"og:site_name\" content=\"M\u00f8re og Romsdal\" \/>\n<meta property=\"article:published_time\" content=\"2005-09-05T08:20:26+00:00\" \/>\n<meta name=\"author\" content=\"Artikkelimport\u00f8r\" \/>\n<meta name=\"twitter:card\" content=\"summary_large_image\" \/>\n<meta name=\"twitter:label1\" content=\"Skrevet av\" \/>\n\t<meta name=\"twitter:data1\" content=\"Artikkelimport\u00f8r\" \/>\n\t<meta name=\"twitter:label2\" content=\"Ansl. lesetid\" \/>\n\t<meta name=\"twitter:data2\" content=\"1 minutt\" \/>\n<script type=\"application\/ld+json\" class=\"yoast-schema-graph\">{\"@context\":\"https:\/\/schema.org\",\"@graph\":[{\"@type\":\"WebPage\",\"@id\":\"https:\/\/naturvernforbundet.no\/moreogromsdal\/avgift-pa-avfallsforbrenning-i-sverige-gir-nye-muligheter-i-more-og-romsdal\/\",\"url\":\"https:\/\/naturvernforbundet.no\/moreogromsdal\/avgift-pa-avfallsforbrenning-i-sverige-gir-nye-muligheter-i-more-og-romsdal\/\",\"name\":\"Avgift p\u00e5 avfallsforbrenning i Sverige gir nye muligheter i M\u00f8re og Romsdal - M\u00f8re og Romsdal\",\"isPartOf\":{\"@id\":\"https:\/\/naturvernforbundet.no\/moreogromsdal\/#website\"},\"datePublished\":\"2005-09-05T08:20:26+00:00\",\"author\":{\"@id\":\"https:\/\/naturvernforbundet.no\/moreogromsdal\/#\/schema\/person\/c72f198205979084bf071deedb6205f4\"},\"breadcrumb\":{\"@id\":\"https:\/\/naturvernforbundet.no\/moreogromsdal\/avgift-pa-avfallsforbrenning-i-sverige-gir-nye-muligheter-i-more-og-romsdal\/#breadcrumb\"},\"inLanguage\":\"nb-NO\",\"potentialAction\":[{\"@type\":\"ReadAction\",\"target\":[\"https:\/\/naturvernforbundet.no\/moreogromsdal\/avgift-pa-avfallsforbrenning-i-sverige-gir-nye-muligheter-i-more-og-romsdal\/\"]}]},{\"@type\":\"BreadcrumbList\",\"@id\":\"https:\/\/naturvernforbundet.no\/moreogromsdal\/avgift-pa-avfallsforbrenning-i-sverige-gir-nye-muligheter-i-more-og-romsdal\/#breadcrumb\",\"itemListElement\":[{\"@type\":\"ListItem\",\"position\":1,\"name\":\"Till naturvernforbundet.no\",\"item\":\"https:\/\/naturvernforbundet.no\/\"},{\"@type\":\"ListItem\",\"position\":2,\"name\":\"M\u00f8re og Romsdal\",\"item\":\"https:\/\/naturvernforbundet.no\/moreogromsdal\/\"},{\"@type\":\"ListItem\",\"position\":3,\"name\":\"Avgift p\u00e5 avfallsforbrenning i Sverige gir nye muligheter i M\u00f8re og Romsdal\"}]},{\"@type\":\"WebSite\",\"@id\":\"https:\/\/naturvernforbundet.no\/moreogromsdal\/#website\",\"url\":\"https:\/\/naturvernforbundet.no\/moreogromsdal\/\",\"name\":\"M\u00f8re og Romsdal\",\"description\":\"Bare enda et Naturvernforbundet Sites-nettsted\",\"potentialAction\":[{\"@type\":\"SearchAction\",\"target\":{\"@type\":\"EntryPoint\",\"urlTemplate\":\"https:\/\/naturvernforbundet.no\/moreogromsdal\/?s={search_term_string}\"},\"query-input\":{\"@type\":\"PropertyValueSpecification\",\"valueRequired\":true,\"valueName\":\"search_term_string\"}}],\"inLanguage\":\"nb-NO\"},{\"@type\":\"Person\",\"@id\":\"https:\/\/naturvernforbundet.no\/moreogromsdal\/#\/schema\/person\/c72f198205979084bf071deedb6205f4\",\"name\":\"Artikkelimport\u00f8r\",\"image\":{\"@type\":\"ImageObject\",\"inLanguage\":\"nb-NO\",\"@id\":\"https:\/\/naturvernforbundet.no\/moreogromsdal\/#\/schema\/person\/image\/\",\"url\":\"https:\/\/secure.gravatar.com\/avatar\/015fa491b9ed1c823ef16a5c930294d1?s=96&d=mm&r=g\",\"contentUrl\":\"https:\/\/secure.gravatar.com\/avatar\/015fa491b9ed1c823ef16a5c930294d1?s=96&d=mm&r=g\",\"caption\":\"Artikkelimport\u00f8r\"},\"url\":\"https:\/\/naturvernforbundet.no\/moreogromsdal\/author\/artikkelimportor\/\"}]}<\/script>\n<!-- \/ Yoast SEO plugin. -->","yoast_head_json":{"title":"Avgift p\u00e5 avfallsforbrenning i Sverige gir nye muligheter i M\u00f8re og Romsdal - M\u00f8re og Romsdal","robots":{"index":"index","follow":"follow","max-snippet":"max-snippet:-1","max-image-preview":"max-image-preview:large","max-video-preview":"max-video-preview:-1"},"canonical":"https:\/\/naturvernforbundet.no\/moreogromsdal\/avgift-pa-avfallsforbrenning-i-sverige-gir-nye-muligheter-i-more-og-romsdal\/","og_locale":"nb_NO","og_type":"article","og_title":"Avgift p\u00e5 avfallsforbrenning i Sverige gir nye muligheter i M\u00f8re og Romsdal - M\u00f8re og Romsdal","og_description":"F\u00f8r helga meldte Sveriges Radio at det trolig blir avgifter p\u00e5 avfallsforbrenning i Sverige fra nytt\u00e5r. - Dette vil trolig redusere avfalltransporten fra Norge, og det b\u00f8r gj\u00f8re kildesortering og mer milj\u00f8vennlig avfallsh\u00e5ndtering mer aktuelt i M\u00f8re og Romsdal, sier leder i Naturvernforbundet i fylket, \u00d8ystein Folden. Han utfordrer kommunene.","og_url":"https:\/\/naturvernforbundet.no\/moreogromsdal\/avgift-pa-avfallsforbrenning-i-sverige-gir-nye-muligheter-i-more-og-romsdal\/","og_site_name":"M\u00f8re og Romsdal","article_published_time":"2005-09-05T08:20:26+00:00","author":"Artikkelimport\u00f8r","twitter_card":"summary_large_image","twitter_misc":{"Skrevet av":"Artikkelimport\u00f8r","Ansl. lesetid":"1 minutt"},"schema":{"@context":"https:\/\/schema.org","@graph":[{"@type":"WebPage","@id":"https:\/\/naturvernforbundet.no\/moreogromsdal\/avgift-pa-avfallsforbrenning-i-sverige-gir-nye-muligheter-i-more-og-romsdal\/","url":"https:\/\/naturvernforbundet.no\/moreogromsdal\/avgift-pa-avfallsforbrenning-i-sverige-gir-nye-muligheter-i-more-og-romsdal\/","name":"Avgift p\u00e5 avfallsforbrenning i Sverige gir nye muligheter i M\u00f8re og Romsdal - M\u00f8re og Romsdal","isPartOf":{"@id":"https:\/\/naturvernforbundet.no\/moreogromsdal\/#website"},"datePublished":"2005-09-05T08:20:26+00:00","author":{"@id":"https:\/\/naturvernforbundet.no\/moreogromsdal\/#\/schema\/person\/c72f198205979084bf071deedb6205f4"},"breadcrumb":{"@id":"https:\/\/naturvernforbundet.no\/moreogromsdal\/avgift-pa-avfallsforbrenning-i-sverige-gir-nye-muligheter-i-more-og-romsdal\/#breadcrumb"},"inLanguage":"nb-NO","potentialAction":[{"@type":"ReadAction","target":["https:\/\/naturvernforbundet.no\/moreogromsdal\/avgift-pa-avfallsforbrenning-i-sverige-gir-nye-muligheter-i-more-og-romsdal\/"]}]},{"@type":"BreadcrumbList","@id":"https:\/\/naturvernforbundet.no\/moreogromsdal\/avgift-pa-avfallsforbrenning-i-sverige-gir-nye-muligheter-i-more-og-romsdal\/#breadcrumb","itemListElement":[{"@type":"ListItem","position":1,"name":"Till naturvernforbundet.no","item":"https:\/\/naturvernforbundet.no\/"},{"@type":"ListItem","position":2,"name":"M\u00f8re og Romsdal","item":"https:\/\/naturvernforbundet.no\/moreogromsdal\/"},{"@type":"ListItem","position":3,"name":"Avgift p\u00e5 avfallsforbrenning i Sverige gir nye muligheter i M\u00f8re og Romsdal"}]},{"@type":"WebSite","@id":"https:\/\/naturvernforbundet.no\/moreogromsdal\/#website","url":"https:\/\/naturvernforbundet.no\/moreogromsdal\/","name":"M\u00f8re og Romsdal","description":"Bare enda et Naturvernforbundet Sites-nettsted","potentialAction":[{"@type":"SearchAction","target":{"@type":"EntryPoint","urlTemplate":"https:\/\/naturvernforbundet.no\/moreogromsdal\/?s={search_term_string}"},"query-input":{"@type":"PropertyValueSpecification","valueRequired":true,"valueName":"search_term_string"}}],"inLanguage":"nb-NO"},{"@type":"Person","@id":"https:\/\/naturvernforbundet.no\/moreogromsdal\/#\/schema\/person\/c72f198205979084bf071deedb6205f4","name":"Artikkelimport\u00f8r","image":{"@type":"ImageObject","inLanguage":"nb-NO","@id":"https:\/\/naturvernforbundet.no\/moreogromsdal\/#\/schema\/person\/image\/","url":"https:\/\/secure.gravatar.com\/avatar\/015fa491b9ed1c823ef16a5c930294d1?s=96&d=mm&r=g","contentUrl":"https:\/\/secure.gravatar.com\/avatar\/015fa491b9ed1c823ef16a5c930294d1?s=96&d=mm&r=g","caption":"Artikkelimport\u00f8r"},"url":"https:\/\/naturvernforbundet.no\/moreogromsdal\/author\/artikkelimportor\/"}]}},"_links":{"self":[{"href":"https:\/\/naturvernforbundet.no\/moreogromsdal\/wp-json\/wp\/v2\/posts\/2361","targetHints":{"allow":["GET"]}}],"collection":[{"href":"https:\/\/naturvernforbundet.no\/moreogromsdal\/wp-json\/wp\/v2\/posts"}],"about":[{"href":"https:\/\/naturvernforbundet.no\/moreogromsdal\/wp-json\/wp\/v2\/types\/post"}],"author":[{"embeddable":true,"href":"https:\/\/naturvernforbundet.no\/moreogromsdal\/wp-json\/wp\/v2\/users\/38"}],"replies":[{"embeddable":true,"href":"https:\/\/naturvernforbundet.no\/moreogromsdal\/wp-json\/wp\/v2\/comments?post=2361"}],"version-history":[{"count":0,"href":"https:\/\/naturvernforbundet.no\/moreogromsdal\/wp-json\/wp\/v2\/posts\/2361\/revisions"}],"wp:attachment":[{"href":"https:\/\/naturvernforbundet.no\/moreogromsdal\/wp-json\/wp\/v2\/media?parent=2361"}],"wp:term":[{"taxonomy":"category","embeddable":true,"href":"https:\/\/naturvernforbundet.no\/moreogromsdal\/wp-json\/wp\/v2\/categories?post=2361"},{"taxonomy":"post_tag","embeddable":true,"href":"https:\/\/naturvernforbundet.no\/moreogromsdal\/wp-json\/wp\/v2\/tags?post=2361"},{"taxonomy":"local","embeddable":true,"href":"https:\/\/naturvernforbundet.no\/moreogromsdal\/wp-json\/wp\/v2\/local?post=2361"}],"curies":[{"name":"wp","href":"https:\/\/api.w.org\/{rel}","templated":true}]}}