{"id":2364,"date":"2006-06-11T19:47:00","date_gmt":"2006-06-11T17:47:00","guid":{"rendered":"https:\/\/naturvernforbundet.no\/moreogromsdal\/naturvernforbundet-dette-er-ikkje-nok\/"},"modified":"2006-06-11T19:47:00","modified_gmt":"2006-06-11T17:47:00","slug":"naturvernforbundet-dette-er-ikkje-nok","status":"publish","type":"post","link":"https:\/\/naturvernforbundet.no\/moreogromsdal\/naturvernforbundet-dette-er-ikkje-nok\/","title":{"rendered":"Naturvernforbundet: &#8211; Dette er ikkje nok"},"content":{"rendered":"\t<div class=\"template-post alignfull wp-block-naturvern-hero\">\n\t\t<div class=\"hero__inner\">\n\t\t\t<div class=\"hero__inner_blocks\">\n\t\t\t\t\t\t\t\t\n\t\t\t\t\t<h1 class=\"wp-block-post-title\">Naturvernforbundet: &#8211; Dette er ikkje nok<\/h1>\n\n\t\t\t\t\t<div class=\"wp-block-post-excerpt\"><p class=\"wp-block-post-excerpt__excerpt\">Olje- og energiminister Odd Roger Enoksen la s\u00f8ndag fram eit forslag til auka satsing p\u00e5 energisparing og nye fornybare energikjelder. Naturvernforbundet er glade for at regjeringa endeleg har klart \u00e5 prioritere feltet, men er ikkje n\u00f8gd med amisjonsniv\u00e5et. &#8211; Regjeringa sitt forslag om \u00e5 subsidiere vasskraftutbygging vil bli m\u00f8tt med mykje motstand, lovar \u00d8ystein Folden,&hellip; <\/p><\/div>\n\n\t\t\t\t\t\n\n\t\t\t\t\t<div class=\"wp-block-naturvern-byline\">\n\t\t\t<div class=\"authors\">By <span class=\"t2-byline__author-link\">Artikkelimport\u00f8r<\/span><\/div>\n\t\t\t<small class=\"entry-date\">11.06.2006 19:47<\/small>\n\t\t<\/div>\n\t\t\t\t\t\t\t\t<\/div>\n\t\t\t\t\t<\/div>\n\t\t\t<\/div>\n\t\n<p>&#8211; Dette er ei satsing som er mykje viktigare enn svevande formuleringar om gasskraftverk, seier Folden. &#8211; Gasskraftverk er ikkje bra for milj\u00f8et, men sidan det er s\u00e5 ul\u00f8nnsomt er det til alt heller ikkje nokon som vil kaste vekk pengar etter dei. Dei pengane Enoksen lova s\u00f8ndag vil derimot f\u00f8re til at det blir frigjort meir elektrisk energi, ogs\u00e5 i Midt-Noreg. Samstundes har Enoksen gitt konsesjon til vindparken i Ytre Vikna i Nord-Tr\u00f8ndelag. Dette vil gi eit viktig bidrag til energiforsyninga i Midt-Noreg.  \n \n &#8211; Naturvernforbundet \u00f8nskjer ikkje \u00e5 vere for negative, men vi synest nemninga \u201dhistorisk l\u00f8ft\u201d er noko svulstig, meiner Folden. \u2013 Dette ser meir ut til \u00e5 vere ei vidaref\u00f8ring av den satsinga som er i gang, men for all del, berre ei vidaref\u00f8ring av gode id\u00e9ar er noko nytt i norsk energipolitikk. \n \nNaturvernforbundet er sterkt usamd i forslaget fr\u00e5 Enoksen om \u00e5 subsidiere vasskraftutbyggingar. Naturvernforbundet kan godta ei forsiktig utbygging av sm\u00e5 vasskraftverk, men utbygginga m\u00e5 skje ut fr\u00e5 regional heilskapleg planlegging for \u00e5 sikre at ikkje naturmangfald, friluftsliv eller store landskapsverdiar g\u00e5r tapt. Det er dessutan det at vi i s\u00e5 stor grad m\u00e5 nytte vasskraft som gj\u00f8r at forsyninga i Noreg kan vere s\u00e5rbar for t\u00f8rr\u00e5r. Forsyninga blir ikkje tryggare av meir vasskraftutbygging. \u2013 Satsing p\u00e5 sparing og varme ville vere mykje betre l\u00f8ysingar, meiner Folden. \n \nP\u00e5 ein pressekonferanse presenterte olje- og energiministeren planane om eit fond p\u00e5 20 milliardar kronar for \u00e5 styrke innsatsen for fornybar energi og energieffektivisering. Enova skal forvalte satsinga. Dei viktigaste grepa er ei s\u00e5kalla \u201dfeed in-ordning\u201d for ny kraftutbygging (ogs\u00e5 vasskraft), alts\u00e5 ei st\u00f8tte til kraftprodusentar. Enova f\u00e5r ogs\u00e5 nokre nye oppg\u00e5ver:\n<\/p>\n\n\n\n<blockquote dir=\"ltr\"><p>&#8211;     styrke infrastrukturen for fjernvarme\n<\/p><p>&#8211;     stimulere hushaldingar til energisparing og oppvarming basert p\u00e5 nye fornybare energikjelder\n<\/p><p>&#8211;     etablere vrakpantordning for oljekjelar.\n<\/p><p><i>\u00d8ystein Folden<\/i><i> kan treffast p\u00e5 telefon 91 81 25 42.<\/i>\n<i><a>Ja, dette er viktig. Eg vil bli medlem i Naturvernforbundet<\/a><br><\/i><\/p><table cellspacing=\"0\" cellpadding=\"0\" border=\"0\">\n\n\n\n<\/table><p><i>\n<\/i><\/p><p><i><br>\n<\/i><\/p><p><i>\n<\/i><\/p><i><a>Eg vil gjerne st\u00f8tte arbeidet Naturvernforbundets gj\u00f8r for \u00e5 redusere energibruk og klimaendringar<\/a><table cellspacing=\"0\" cellpadding=\"0\" border=\"0\">\n\n\n\n<\/table>\n<\/i><p><\/p><\/blockquote>\n\n\n\n<p><a href=\"\/imakerdata\/f\/0\/86\/08\/4_2401_0\/Ytre_Vikna.pdf\">Uttale fr\u00e5 Naturvernforbundet i Nord-Tr\u00f8ndelag til Ytre Vikna vindpark: Betinga ja<\/a><\/p>\n","protected":false},"excerpt":{"rendered":"<p>Olje- og energiminister Odd Roger Enoksen la s\u00f8ndag fram eit forslag til auka satsing p\u00e5 energisparing og nye fornybare energikjelder. Naturvernforbundet er glade for at regjeringa endeleg har klart \u00e5 prioritere feltet, men er ikkje n\u00f8gd med amisjonsniv\u00e5et. &#8211; Regjeringa sitt forslag om \u00e5 subsidiere vasskraftutbygging vil bli m\u00f8tt med mykje motstand, lovar \u00d8ystein Folden, leiar i Naturvernforbundet i M\u00f8re og Romsdal.<\/p>\n","protected":false},"author":38,"featured_media":0,"comment_status":"closed","ping_status":"closed","sticky":false,"template":"","format":"standard","meta":{"_relevanssi_hide_post":"","_relevanssi_hide_content":"","_relevanssi_pin_for_all":"","_relevanssi_pin_keywords":"","_relevanssi_unpin_keywords":"","_relevanssi_related_keywords":"","_relevanssi_related_include_ids":"","_relevanssi_related_exclude_ids":"","_relevanssi_related_no_append":"","_relevanssi_related_not_related":"","_relevanssi_related_posts":"","_relevanssi_noindex_reason":"","hide_logo":false,"footnotes":""},"categories":[19],"tags":[],"local":[],"class_list":["post-2364","post","type-post","status-publish","format-standard","hentry","category-klima"],"acf":[],"yoast_head":"<!-- This site is optimized with the Yoast SEO plugin v24.9 - https:\/\/yoast.com\/wordpress\/plugins\/seo\/ -->\n<title>Naturvernforbundet: - Dette er ikkje nok - M\u00f8re og Romsdal<\/title>\n<meta name=\"robots\" content=\"index, follow, max-snippet:-1, max-image-preview:large, max-video-preview:-1\" \/>\n<link rel=\"canonical\" href=\"https:\/\/naturvernforbundet.no\/moreogromsdal\/naturvernforbundet-dette-er-ikkje-nok\/\" \/>\n<meta property=\"og:locale\" content=\"nb_NO\" \/>\n<meta property=\"og:type\" content=\"article\" \/>\n<meta property=\"og:title\" content=\"Naturvernforbundet: - Dette er ikkje nok - M\u00f8re og Romsdal\" \/>\n<meta property=\"og:description\" content=\"Olje- og energiminister Odd Roger Enoksen la s\u00f8ndag fram eit forslag til auka satsing p\u00e5 energisparing og nye fornybare energikjelder. Naturvernforbundet er glade for at regjeringa endeleg har klart \u00e5 prioritere feltet, men er ikkje n\u00f8gd med amisjonsniv\u00e5et. - Regjeringa sitt forslag om \u00e5 subsidiere vasskraftutbygging vil bli m\u00f8tt med mykje motstand, lovar \u00d8ystein Folden, leiar i Naturvernforbundet i M\u00f8re og Romsdal.\" \/>\n<meta property=\"og:url\" content=\"https:\/\/naturvernforbundet.no\/moreogromsdal\/naturvernforbundet-dette-er-ikkje-nok\/\" \/>\n<meta property=\"og:site_name\" content=\"M\u00f8re og Romsdal\" \/>\n<meta property=\"article:published_time\" content=\"2006-06-11T17:47:00+00:00\" \/>\n<meta name=\"author\" content=\"Artikkelimport\u00f8r\" \/>\n<meta name=\"twitter:card\" content=\"summary_large_image\" \/>\n<meta name=\"twitter:label1\" content=\"Skrevet av\" \/>\n\t<meta name=\"twitter:data1\" content=\"Artikkelimport\u00f8r\" \/>\n\t<meta name=\"twitter:label2\" content=\"Ansl. lesetid\" \/>\n\t<meta name=\"twitter:data2\" content=\"2 minutter\" \/>\n<script type=\"application\/ld+json\" class=\"yoast-schema-graph\">{\"@context\":\"https:\/\/schema.org\",\"@graph\":[{\"@type\":\"WebPage\",\"@id\":\"https:\/\/naturvernforbundet.no\/moreogromsdal\/naturvernforbundet-dette-er-ikkje-nok\/\",\"url\":\"https:\/\/naturvernforbundet.no\/moreogromsdal\/naturvernforbundet-dette-er-ikkje-nok\/\",\"name\":\"Naturvernforbundet: - Dette er ikkje nok - M\u00f8re og Romsdal\",\"isPartOf\":{\"@id\":\"https:\/\/naturvernforbundet.no\/moreogromsdal\/#website\"},\"datePublished\":\"2006-06-11T17:47:00+00:00\",\"author\":{\"@id\":\"https:\/\/naturvernforbundet.no\/moreogromsdal\/#\/schema\/person\/c72f198205979084bf071deedb6205f4\"},\"breadcrumb\":{\"@id\":\"https:\/\/naturvernforbundet.no\/moreogromsdal\/naturvernforbundet-dette-er-ikkje-nok\/#breadcrumb\"},\"inLanguage\":\"nb-NO\",\"potentialAction\":[{\"@type\":\"ReadAction\",\"target\":[\"https:\/\/naturvernforbundet.no\/moreogromsdal\/naturvernforbundet-dette-er-ikkje-nok\/\"]}]},{\"@type\":\"BreadcrumbList\",\"@id\":\"https:\/\/naturvernforbundet.no\/moreogromsdal\/naturvernforbundet-dette-er-ikkje-nok\/#breadcrumb\",\"itemListElement\":[{\"@type\":\"ListItem\",\"position\":1,\"name\":\"Till naturvernforbundet.no\",\"item\":\"https:\/\/naturvernforbundet.no\/\"},{\"@type\":\"ListItem\",\"position\":2,\"name\":\"M\u00f8re og Romsdal\",\"item\":\"https:\/\/naturvernforbundet.no\/moreogromsdal\/\"},{\"@type\":\"ListItem\",\"position\":3,\"name\":\"Naturvernforbundet: &#8211; Dette er ikkje nok\"}]},{\"@type\":\"WebSite\",\"@id\":\"https:\/\/naturvernforbundet.no\/moreogromsdal\/#website\",\"url\":\"https:\/\/naturvernforbundet.no\/moreogromsdal\/\",\"name\":\"M\u00f8re og Romsdal\",\"description\":\"Bare enda et Naturvernforbundet Sites-nettsted\",\"potentialAction\":[{\"@type\":\"SearchAction\",\"target\":{\"@type\":\"EntryPoint\",\"urlTemplate\":\"https:\/\/naturvernforbundet.no\/moreogromsdal\/?s={search_term_string}\"},\"query-input\":{\"@type\":\"PropertyValueSpecification\",\"valueRequired\":true,\"valueName\":\"search_term_string\"}}],\"inLanguage\":\"nb-NO\"},{\"@type\":\"Person\",\"@id\":\"https:\/\/naturvernforbundet.no\/moreogromsdal\/#\/schema\/person\/c72f198205979084bf071deedb6205f4\",\"name\":\"Artikkelimport\u00f8r\",\"image\":{\"@type\":\"ImageObject\",\"inLanguage\":\"nb-NO\",\"@id\":\"https:\/\/naturvernforbundet.no\/moreogromsdal\/#\/schema\/person\/image\/\",\"url\":\"https:\/\/secure.gravatar.com\/avatar\/015fa491b9ed1c823ef16a5c930294d1?s=96&d=mm&r=g\",\"contentUrl\":\"https:\/\/secure.gravatar.com\/avatar\/015fa491b9ed1c823ef16a5c930294d1?s=96&d=mm&r=g\",\"caption\":\"Artikkelimport\u00f8r\"},\"url\":\"https:\/\/naturvernforbundet.no\/moreogromsdal\/author\/artikkelimportor\/\"}]}<\/script>\n<!-- \/ Yoast SEO plugin. -->","yoast_head_json":{"title":"Naturvernforbundet: - Dette er ikkje nok - M\u00f8re og Romsdal","robots":{"index":"index","follow":"follow","max-snippet":"max-snippet:-1","max-image-preview":"max-image-preview:large","max-video-preview":"max-video-preview:-1"},"canonical":"https:\/\/naturvernforbundet.no\/moreogromsdal\/naturvernforbundet-dette-er-ikkje-nok\/","og_locale":"nb_NO","og_type":"article","og_title":"Naturvernforbundet: - Dette er ikkje nok - M\u00f8re og Romsdal","og_description":"Olje- og energiminister Odd Roger Enoksen la s\u00f8ndag fram eit forslag til auka satsing p\u00e5 energisparing og nye fornybare energikjelder. Naturvernforbundet er glade for at regjeringa endeleg har klart \u00e5 prioritere feltet, men er ikkje n\u00f8gd med amisjonsniv\u00e5et. - Regjeringa sitt forslag om \u00e5 subsidiere vasskraftutbygging vil bli m\u00f8tt med mykje motstand, lovar \u00d8ystein Folden, leiar i Naturvernforbundet i M\u00f8re og Romsdal.","og_url":"https:\/\/naturvernforbundet.no\/moreogromsdal\/naturvernforbundet-dette-er-ikkje-nok\/","og_site_name":"M\u00f8re og Romsdal","article_published_time":"2006-06-11T17:47:00+00:00","author":"Artikkelimport\u00f8r","twitter_card":"summary_large_image","twitter_misc":{"Skrevet av":"Artikkelimport\u00f8r","Ansl. lesetid":"2 minutter"},"schema":{"@context":"https:\/\/schema.org","@graph":[{"@type":"WebPage","@id":"https:\/\/naturvernforbundet.no\/moreogromsdal\/naturvernforbundet-dette-er-ikkje-nok\/","url":"https:\/\/naturvernforbundet.no\/moreogromsdal\/naturvernforbundet-dette-er-ikkje-nok\/","name":"Naturvernforbundet: - Dette er ikkje nok - M\u00f8re og Romsdal","isPartOf":{"@id":"https:\/\/naturvernforbundet.no\/moreogromsdal\/#website"},"datePublished":"2006-06-11T17:47:00+00:00","author":{"@id":"https:\/\/naturvernforbundet.no\/moreogromsdal\/#\/schema\/person\/c72f198205979084bf071deedb6205f4"},"breadcrumb":{"@id":"https:\/\/naturvernforbundet.no\/moreogromsdal\/naturvernforbundet-dette-er-ikkje-nok\/#breadcrumb"},"inLanguage":"nb-NO","potentialAction":[{"@type":"ReadAction","target":["https:\/\/naturvernforbundet.no\/moreogromsdal\/naturvernforbundet-dette-er-ikkje-nok\/"]}]},{"@type":"BreadcrumbList","@id":"https:\/\/naturvernforbundet.no\/moreogromsdal\/naturvernforbundet-dette-er-ikkje-nok\/#breadcrumb","itemListElement":[{"@type":"ListItem","position":1,"name":"Till naturvernforbundet.no","item":"https:\/\/naturvernforbundet.no\/"},{"@type":"ListItem","position":2,"name":"M\u00f8re og Romsdal","item":"https:\/\/naturvernforbundet.no\/moreogromsdal\/"},{"@type":"ListItem","position":3,"name":"Naturvernforbundet: &#8211; Dette er ikkje nok"}]},{"@type":"WebSite","@id":"https:\/\/naturvernforbundet.no\/moreogromsdal\/#website","url":"https:\/\/naturvernforbundet.no\/moreogromsdal\/","name":"M\u00f8re og Romsdal","description":"Bare enda et Naturvernforbundet Sites-nettsted","potentialAction":[{"@type":"SearchAction","target":{"@type":"EntryPoint","urlTemplate":"https:\/\/naturvernforbundet.no\/moreogromsdal\/?s={search_term_string}"},"query-input":{"@type":"PropertyValueSpecification","valueRequired":true,"valueName":"search_term_string"}}],"inLanguage":"nb-NO"},{"@type":"Person","@id":"https:\/\/naturvernforbundet.no\/moreogromsdal\/#\/schema\/person\/c72f198205979084bf071deedb6205f4","name":"Artikkelimport\u00f8r","image":{"@type":"ImageObject","inLanguage":"nb-NO","@id":"https:\/\/naturvernforbundet.no\/moreogromsdal\/#\/schema\/person\/image\/","url":"https:\/\/secure.gravatar.com\/avatar\/015fa491b9ed1c823ef16a5c930294d1?s=96&d=mm&r=g","contentUrl":"https:\/\/secure.gravatar.com\/avatar\/015fa491b9ed1c823ef16a5c930294d1?s=96&d=mm&r=g","caption":"Artikkelimport\u00f8r"},"url":"https:\/\/naturvernforbundet.no\/moreogromsdal\/author\/artikkelimportor\/"}]}},"_links":{"self":[{"href":"https:\/\/naturvernforbundet.no\/moreogromsdal\/wp-json\/wp\/v2\/posts\/2364","targetHints":{"allow":["GET"]}}],"collection":[{"href":"https:\/\/naturvernforbundet.no\/moreogromsdal\/wp-json\/wp\/v2\/posts"}],"about":[{"href":"https:\/\/naturvernforbundet.no\/moreogromsdal\/wp-json\/wp\/v2\/types\/post"}],"author":[{"embeddable":true,"href":"https:\/\/naturvernforbundet.no\/moreogromsdal\/wp-json\/wp\/v2\/users\/38"}],"replies":[{"embeddable":true,"href":"https:\/\/naturvernforbundet.no\/moreogromsdal\/wp-json\/wp\/v2\/comments?post=2364"}],"version-history":[{"count":0,"href":"https:\/\/naturvernforbundet.no\/moreogromsdal\/wp-json\/wp\/v2\/posts\/2364\/revisions"}],"wp:attachment":[{"href":"https:\/\/naturvernforbundet.no\/moreogromsdal\/wp-json\/wp\/v2\/media?parent=2364"}],"wp:term":[{"taxonomy":"category","embeddable":true,"href":"https:\/\/naturvernforbundet.no\/moreogromsdal\/wp-json\/wp\/v2\/categories?post=2364"},{"taxonomy":"post_tag","embeddable":true,"href":"https:\/\/naturvernforbundet.no\/moreogromsdal\/wp-json\/wp\/v2\/tags?post=2364"},{"taxonomy":"local","embeddable":true,"href":"https:\/\/naturvernforbundet.no\/moreogromsdal\/wp-json\/wp\/v2\/local?post=2364"}],"curies":[{"name":"wp","href":"https:\/\/api.w.org\/{rel}","templated":true}]}}