{"id":2370,"date":"2005-11-07T15:06:00","date_gmt":"2005-11-07T14:06:00","guid":{"rendered":"https:\/\/naturvernforbundet.no\/moreogromsdal\/oljealderen-pa-hell-debattmote-i-hovdebygda\/"},"modified":"2005-11-07T15:06:00","modified_gmt":"2005-11-07T14:06:00","slug":"oljealderen-pa-hell-debattmote-i-hovdebygda","status":"publish","type":"post","link":"https:\/\/naturvernforbundet.no\/moreogromsdal\/oljealderen-pa-hell-debattmote-i-hovdebygda\/","title":{"rendered":"Oljealderen p\u00e5 hell &#8211; debattm\u00f8te i Hovdebygda"},"content":{"rendered":"\t<div class=\"template-post alignfull wp-block-naturvern-hero\">\n\t\t<div class=\"hero__inner\">\n\t\t\t<div class=\"hero__inner_blocks\">\n\t\t\t\t\t\t\t\t\n\t\t\t\t\t<h1 class=\"wp-block-post-title\">Oljealderen p\u00e5 hell &#8211; debattm\u00f8te i Hovdebygda<\/h1>\n\n\t\t\t\t\t<div class=\"wp-block-post-excerpt\"><p class=\"wp-block-post-excerpt__excerpt\">Toppen er n\u00e5dd &#8211; korleis skaffar vi energi i framtida? Naturvernforbundet i \u00d8rsta og Volda inviterer til debattm\u00f8te i Ivar Aasen-tunet i Hovdebygda tysdag 15. november kl. 1930. <\/p><\/div>\n\n\t\t\t\t\t\n\n\t\t\t\t\t<div class=\"wp-block-naturvern-byline\">\n\t\t\t<div class=\"authors\">By <span class=\"t2-byline__author-link\">Artikkelimport\u00f8r<\/span><\/div>\n\t\t\t<small class=\"entry-date\">07.11.2005 15:06<\/small>\n\t\t<\/div>\n\t\t\t\t\t\t\t\t<\/div>\n\t\t\t\t\t<\/div>\n\t\t\t<\/div>\n\t\n<p>Olav Hauso held innleiingsf\u00f8redrag og syner dokumentarfilmen &laquo;Peak Oil: -Imposed by nature&raquo;<br><br>Paneldebatt ved: \n<b>Elling Dybdahl<\/b> (Tussa kraft), \n<b>Kari Redse H\u00e5skjold<\/b> (Noregs bondelag), \n<b>\u00d8ystein Solev\u00e5g<\/b> (Norges Naturvernforbund)\nenno ukjend  (\u00d8rsta el. Volda kommune,  politisk el. administrativ leiing)<br><br>Smakebitar av lokal mat i pausen.<br><br>Utdeling av lokal milj\u00f8pris<br><br>\nInngangspenger: 30 kr<br><br><br><br>\nLekkjer til filmomtale:\n<a href=\"http:\/\/www.peakoil-imposedbynature.com\">http:\/\/www.peakoil-imposedbynature.com\/<\/a>\n<a href=\"http:\/\/www.postcarbon.org\/store\/imposedbynature\">http:\/\/www.postcarbon.org\/store\/imposedbynature<\/a><br><br><br><br>\n<i>Innleiar sitt samandrag<\/i><br><br>Olav Hauso<br><br>Energim\u00f8te 15.november 2005<br><br>\nDen andre halvdelen av oljealderen n\u00e6rmar seg.<br><br>Det siste \u00e5ret har det vore ein del diskusjon om bensin- og dieselprisane. Men som vanleg har denne kokt ned til krangel om avgiftsniv\u00e5et. Kva som ligg attom dei aukande prisane, har i liten grad vore framme i ordskiftet.<br><br>Tilstanden i oljemarknaden er no slik at det er akkurat nok utvinning til \u00e5 dekkje etterspurnaden. Det finst ikkje reservekapasitet nokon stad, alle pumpar for fullt.<br><br>I denne situasjonen er det to urovekkjande moment:<br><br>Verdsproduksjonen av olje n\u00e6rmar seg det punktet d\u00e5 han i staden for \u00e5 auke, vil ta til \u00e5 minke \u00e5r for \u00e5r, og vil fortsette med det for all framtid. Dette skjer n\u00e5r om lag 50 % av oljen er utvunnen, og er ein geologisk realitet som vi m\u00e5 ta innover oss. Ingen politiske middel kan endre p\u00e5 dette.<br><br>Etterspunaden held fram med \u00e5 auke, spesielt fr\u00e5 land som er inne i ein industrialiseringsprosess (Kina, India, Aust-Europa).<br><br>Desse to forholda f\u00f8rer til at det i l\u00f8pet av kort tid (&lt; 10 \u00e5r) vil bli eit dramatisk gap mellom tilbod og etterspurnad. Prisen p\u00e5 olje vil g\u00e5 opp, truleg vil vi sj\u00e5 b\u00e5de dobling og tredobling i l\u00f8pet av f\u00e5 \u00e5r. Dette vil igjen f\u00e5 dramatiske verknader p\u00e5 verds\u00f8konomien, og vi vil m\u00e5tte stille sp\u00f8rsm\u00e5l som:<br><br>&#8211; Kva energikjelder skal dekke bortfallet av olje?\n&#8211; Kan v\u00e5r noverande \u00f8konomiske modell halde fram?\n&#8211; Kva skjer med matproduksjonen i verda?\n&#8211; Kva skjer med globaliseringa?\n&#8211; Korleis kan ein planleggje lokalt for ein slik situasjon?<br><br>P\u00e5 m\u00f8tet vil kortfilmen &laquo;Peak Oil &#8211; Imposed by Nature&raquo; bli synt. Denne tek opp problema kring utt\u00f8minga av oljeressursane.<br><br>Det at vi passerer toppen av oljeutvinninga (&laquo;Peak Oil&raquo;) vil f\u00e5 konsekvensar for alle, ikkje berre bilisten ved bensinpumpa. S\u00e5leis skulle emnet famne eit breitt publikum, og det er mi von at dette m\u00f8tet kan skape auka forst\u00e5ing og starte ein naudsynt debatt om energiutfordringane i framtida.\n<\/p>\n","protected":false},"excerpt":{"rendered":"<p>Toppen er n\u00e5dd &#8211; korleis skaffar vi energi i framtida? Naturvernforbundet i \u00d8rsta og Volda inviterer til debattm\u00f8te i Ivar Aasen-tunet i Hovdebygda tysdag 15. november kl. 1930.<\/p>\n","protected":false},"author":38,"featured_media":0,"comment_status":"closed","ping_status":"closed","sticky":false,"template":"","format":"standard","meta":{"_relevanssi_hide_post":"","_relevanssi_hide_content":"","_relevanssi_pin_for_all":"","_relevanssi_pin_keywords":"","_relevanssi_unpin_keywords":"","_relevanssi_related_keywords":"","_relevanssi_related_include_ids":"","_relevanssi_related_exclude_ids":"","_relevanssi_related_no_append":"","_relevanssi_related_not_related":"","_relevanssi_related_posts":"","_relevanssi_noindex_reason":"","hide_logo":false,"footnotes":""},"categories":[19],"tags":[],"local":[],"class_list":["post-2370","post","type-post","status-publish","format-standard","hentry","category-klima"],"acf":[],"yoast_head":"<!-- This site is optimized with the Yoast SEO plugin v24.9 - https:\/\/yoast.com\/wordpress\/plugins\/seo\/ -->\n<title>Oljealderen p\u00e5 hell - debattm\u00f8te i Hovdebygda - M\u00f8re og Romsdal<\/title>\n<meta name=\"robots\" content=\"index, follow, max-snippet:-1, max-image-preview:large, max-video-preview:-1\" \/>\n<link rel=\"canonical\" href=\"https:\/\/naturvernforbundet.no\/moreogromsdal\/oljealderen-pa-hell-debattmote-i-hovdebygda\/\" \/>\n<meta property=\"og:locale\" content=\"nb_NO\" \/>\n<meta property=\"og:type\" content=\"article\" \/>\n<meta property=\"og:title\" content=\"Oljealderen p\u00e5 hell - debattm\u00f8te i Hovdebygda - M\u00f8re og Romsdal\" \/>\n<meta property=\"og:description\" content=\"Toppen er n\u00e5dd - korleis skaffar vi energi i framtida? Naturvernforbundet i \u00d8rsta og Volda inviterer til debattm\u00f8te i Ivar Aasen-tunet i Hovdebygda tysdag 15. november kl. 1930.\" \/>\n<meta property=\"og:url\" content=\"https:\/\/naturvernforbundet.no\/moreogromsdal\/oljealderen-pa-hell-debattmote-i-hovdebygda\/\" \/>\n<meta property=\"og:site_name\" content=\"M\u00f8re og Romsdal\" \/>\n<meta property=\"article:published_time\" content=\"2005-11-07T14:06:00+00:00\" \/>\n<meta name=\"author\" content=\"Artikkelimport\u00f8r\" \/>\n<meta name=\"twitter:card\" content=\"summary_large_image\" \/>\n<meta name=\"twitter:label1\" content=\"Skrevet av\" \/>\n\t<meta name=\"twitter:data1\" content=\"Artikkelimport\u00f8r\" \/>\n\t<meta name=\"twitter:label2\" content=\"Ansl. lesetid\" \/>\n\t<meta name=\"twitter:data2\" content=\"2 minutter\" \/>\n<script type=\"application\/ld+json\" class=\"yoast-schema-graph\">{\"@context\":\"https:\/\/schema.org\",\"@graph\":[{\"@type\":\"WebPage\",\"@id\":\"https:\/\/naturvernforbundet.no\/moreogromsdal\/oljealderen-pa-hell-debattmote-i-hovdebygda\/\",\"url\":\"https:\/\/naturvernforbundet.no\/moreogromsdal\/oljealderen-pa-hell-debattmote-i-hovdebygda\/\",\"name\":\"Oljealderen p\u00e5 hell - debattm\u00f8te i Hovdebygda - M\u00f8re og Romsdal\",\"isPartOf\":{\"@id\":\"https:\/\/naturvernforbundet.no\/moreogromsdal\/#website\"},\"datePublished\":\"2005-11-07T14:06:00+00:00\",\"author\":{\"@id\":\"https:\/\/naturvernforbundet.no\/moreogromsdal\/#\/schema\/person\/c72f198205979084bf071deedb6205f4\"},\"breadcrumb\":{\"@id\":\"https:\/\/naturvernforbundet.no\/moreogromsdal\/oljealderen-pa-hell-debattmote-i-hovdebygda\/#breadcrumb\"},\"inLanguage\":\"nb-NO\",\"potentialAction\":[{\"@type\":\"ReadAction\",\"target\":[\"https:\/\/naturvernforbundet.no\/moreogromsdal\/oljealderen-pa-hell-debattmote-i-hovdebygda\/\"]}]},{\"@type\":\"BreadcrumbList\",\"@id\":\"https:\/\/naturvernforbundet.no\/moreogromsdal\/oljealderen-pa-hell-debattmote-i-hovdebygda\/#breadcrumb\",\"itemListElement\":[{\"@type\":\"ListItem\",\"position\":1,\"name\":\"Till naturvernforbundet.no\",\"item\":\"https:\/\/naturvernforbundet.no\/\"},{\"@type\":\"ListItem\",\"position\":2,\"name\":\"M\u00f8re og Romsdal\",\"item\":\"https:\/\/naturvernforbundet.no\/moreogromsdal\/\"},{\"@type\":\"ListItem\",\"position\":3,\"name\":\"Oljealderen p\u00e5 hell &#8211; debattm\u00f8te i Hovdebygda\"}]},{\"@type\":\"WebSite\",\"@id\":\"https:\/\/naturvernforbundet.no\/moreogromsdal\/#website\",\"url\":\"https:\/\/naturvernforbundet.no\/moreogromsdal\/\",\"name\":\"M\u00f8re og Romsdal\",\"description\":\"Bare enda et Naturvernforbundet Sites-nettsted\",\"potentialAction\":[{\"@type\":\"SearchAction\",\"target\":{\"@type\":\"EntryPoint\",\"urlTemplate\":\"https:\/\/naturvernforbundet.no\/moreogromsdal\/?s={search_term_string}\"},\"query-input\":{\"@type\":\"PropertyValueSpecification\",\"valueRequired\":true,\"valueName\":\"search_term_string\"}}],\"inLanguage\":\"nb-NO\"},{\"@type\":\"Person\",\"@id\":\"https:\/\/naturvernforbundet.no\/moreogromsdal\/#\/schema\/person\/c72f198205979084bf071deedb6205f4\",\"name\":\"Artikkelimport\u00f8r\",\"image\":{\"@type\":\"ImageObject\",\"inLanguage\":\"nb-NO\",\"@id\":\"https:\/\/naturvernforbundet.no\/moreogromsdal\/#\/schema\/person\/image\/\",\"url\":\"https:\/\/secure.gravatar.com\/avatar\/015fa491b9ed1c823ef16a5c930294d1?s=96&d=mm&r=g\",\"contentUrl\":\"https:\/\/secure.gravatar.com\/avatar\/015fa491b9ed1c823ef16a5c930294d1?s=96&d=mm&r=g\",\"caption\":\"Artikkelimport\u00f8r\"},\"url\":\"https:\/\/naturvernforbundet.no\/moreogromsdal\/author\/artikkelimportor\/\"}]}<\/script>\n<!-- \/ Yoast SEO plugin. -->","yoast_head_json":{"title":"Oljealderen p\u00e5 hell - debattm\u00f8te i Hovdebygda - M\u00f8re og Romsdal","robots":{"index":"index","follow":"follow","max-snippet":"max-snippet:-1","max-image-preview":"max-image-preview:large","max-video-preview":"max-video-preview:-1"},"canonical":"https:\/\/naturvernforbundet.no\/moreogromsdal\/oljealderen-pa-hell-debattmote-i-hovdebygda\/","og_locale":"nb_NO","og_type":"article","og_title":"Oljealderen p\u00e5 hell - debattm\u00f8te i Hovdebygda - M\u00f8re og Romsdal","og_description":"Toppen er n\u00e5dd - korleis skaffar vi energi i framtida? Naturvernforbundet i \u00d8rsta og Volda inviterer til debattm\u00f8te i Ivar Aasen-tunet i Hovdebygda tysdag 15. november kl. 1930.","og_url":"https:\/\/naturvernforbundet.no\/moreogromsdal\/oljealderen-pa-hell-debattmote-i-hovdebygda\/","og_site_name":"M\u00f8re og Romsdal","article_published_time":"2005-11-07T14:06:00+00:00","author":"Artikkelimport\u00f8r","twitter_card":"summary_large_image","twitter_misc":{"Skrevet av":"Artikkelimport\u00f8r","Ansl. lesetid":"2 minutter"},"schema":{"@context":"https:\/\/schema.org","@graph":[{"@type":"WebPage","@id":"https:\/\/naturvernforbundet.no\/moreogromsdal\/oljealderen-pa-hell-debattmote-i-hovdebygda\/","url":"https:\/\/naturvernforbundet.no\/moreogromsdal\/oljealderen-pa-hell-debattmote-i-hovdebygda\/","name":"Oljealderen p\u00e5 hell - debattm\u00f8te i Hovdebygda - M\u00f8re og Romsdal","isPartOf":{"@id":"https:\/\/naturvernforbundet.no\/moreogromsdal\/#website"},"datePublished":"2005-11-07T14:06:00+00:00","author":{"@id":"https:\/\/naturvernforbundet.no\/moreogromsdal\/#\/schema\/person\/c72f198205979084bf071deedb6205f4"},"breadcrumb":{"@id":"https:\/\/naturvernforbundet.no\/moreogromsdal\/oljealderen-pa-hell-debattmote-i-hovdebygda\/#breadcrumb"},"inLanguage":"nb-NO","potentialAction":[{"@type":"ReadAction","target":["https:\/\/naturvernforbundet.no\/moreogromsdal\/oljealderen-pa-hell-debattmote-i-hovdebygda\/"]}]},{"@type":"BreadcrumbList","@id":"https:\/\/naturvernforbundet.no\/moreogromsdal\/oljealderen-pa-hell-debattmote-i-hovdebygda\/#breadcrumb","itemListElement":[{"@type":"ListItem","position":1,"name":"Till naturvernforbundet.no","item":"https:\/\/naturvernforbundet.no\/"},{"@type":"ListItem","position":2,"name":"M\u00f8re og Romsdal","item":"https:\/\/naturvernforbundet.no\/moreogromsdal\/"},{"@type":"ListItem","position":3,"name":"Oljealderen p\u00e5 hell &#8211; debattm\u00f8te i Hovdebygda"}]},{"@type":"WebSite","@id":"https:\/\/naturvernforbundet.no\/moreogromsdal\/#website","url":"https:\/\/naturvernforbundet.no\/moreogromsdal\/","name":"M\u00f8re og Romsdal","description":"Bare enda et Naturvernforbundet Sites-nettsted","potentialAction":[{"@type":"SearchAction","target":{"@type":"EntryPoint","urlTemplate":"https:\/\/naturvernforbundet.no\/moreogromsdal\/?s={search_term_string}"},"query-input":{"@type":"PropertyValueSpecification","valueRequired":true,"valueName":"search_term_string"}}],"inLanguage":"nb-NO"},{"@type":"Person","@id":"https:\/\/naturvernforbundet.no\/moreogromsdal\/#\/schema\/person\/c72f198205979084bf071deedb6205f4","name":"Artikkelimport\u00f8r","image":{"@type":"ImageObject","inLanguage":"nb-NO","@id":"https:\/\/naturvernforbundet.no\/moreogromsdal\/#\/schema\/person\/image\/","url":"https:\/\/secure.gravatar.com\/avatar\/015fa491b9ed1c823ef16a5c930294d1?s=96&d=mm&r=g","contentUrl":"https:\/\/secure.gravatar.com\/avatar\/015fa491b9ed1c823ef16a5c930294d1?s=96&d=mm&r=g","caption":"Artikkelimport\u00f8r"},"url":"https:\/\/naturvernforbundet.no\/moreogromsdal\/author\/artikkelimportor\/"}]}},"_links":{"self":[{"href":"https:\/\/naturvernforbundet.no\/moreogromsdal\/wp-json\/wp\/v2\/posts\/2370","targetHints":{"allow":["GET"]}}],"collection":[{"href":"https:\/\/naturvernforbundet.no\/moreogromsdal\/wp-json\/wp\/v2\/posts"}],"about":[{"href":"https:\/\/naturvernforbundet.no\/moreogromsdal\/wp-json\/wp\/v2\/types\/post"}],"author":[{"embeddable":true,"href":"https:\/\/naturvernforbundet.no\/moreogromsdal\/wp-json\/wp\/v2\/users\/38"}],"replies":[{"embeddable":true,"href":"https:\/\/naturvernforbundet.no\/moreogromsdal\/wp-json\/wp\/v2\/comments?post=2370"}],"version-history":[{"count":0,"href":"https:\/\/naturvernforbundet.no\/moreogromsdal\/wp-json\/wp\/v2\/posts\/2370\/revisions"}],"wp:attachment":[{"href":"https:\/\/naturvernforbundet.no\/moreogromsdal\/wp-json\/wp\/v2\/media?parent=2370"}],"wp:term":[{"taxonomy":"category","embeddable":true,"href":"https:\/\/naturvernforbundet.no\/moreogromsdal\/wp-json\/wp\/v2\/categories?post=2370"},{"taxonomy":"post_tag","embeddable":true,"href":"https:\/\/naturvernforbundet.no\/moreogromsdal\/wp-json\/wp\/v2\/tags?post=2370"},{"taxonomy":"local","embeddable":true,"href":"https:\/\/naturvernforbundet.no\/moreogromsdal\/wp-json\/wp\/v2\/local?post=2370"}],"curies":[{"name":"wp","href":"https:\/\/api.w.org\/{rel}","templated":true}]}}