{"id":2375,"date":"2006-10-16T09:38:00","date_gmt":"2006-10-16T07:38:00","guid":{"rendered":"https:\/\/naturvernforbundet.no\/moreogromsdal\/svar-fra-agder-energi\/"},"modified":"2006-10-16T09:38:00","modified_gmt":"2006-10-16T07:38:00","slug":"svar-fra-agder-energi","status":"publish","type":"post","link":"https:\/\/naturvernforbundet.no\/moreogromsdal\/svar-fra-agder-energi\/","title":{"rendered":"Svar fr\u00e5 Agder energi"},"content":{"rendered":"\t<div class=\"template-post alignfull wp-block-naturvern-hero\">\n\t\t<div class=\"hero__inner\">\n\t\t\t<div class=\"hero__inner_blocks\">\n\t\t\t\t\t\t\t\t\n\t\t\t\t\t<h1 class=\"wp-block-post-title\">Svar fr\u00e5 Agder energi<\/h1>\n\n\t\t\t\t\t<div class=\"wp-block-post-excerpt\"><p class=\"wp-block-post-excerpt__excerpt\">Svar p\u00e5 epost 2. oktober 2006. <\/p><\/div>\n\n\t\t\t\t\t\n\n\t\t\t\t\t<div class=\"wp-block-naturvern-byline\">\n\t\t\t<div class=\"authors\">By <span class=\"t2-byline__author-link\">Artikkelimport\u00f8r<\/span><\/div>\n\t\t\t<small class=\"entry-date\">16.10.2006 09:38<\/small>\n\t\t<\/div>\n\t\t\t\t\t\t\t\t<\/div>\n\t\t\t\t\t<\/div>\n\t\t\t<\/div>\n\t\n<p>\u00d8ystein Folden, jeg viser til telefonsamtale 28. september.\n<\/p>\n\n\n\n<p>Agder Energi er en nasjonal vindkraftakt\u00f8r, og vi utvikler pr. i dag vindkraftprosjekter langs kysten fra Agder til Nord-Tr\u00f8ndelag. De fleste av disse prosjektene er i en tidlig fase. \n<\/p>\n\n\n\n<p>Av flere \u00e5rsaker vurderer vi Midt-Norge som et interessant omr\u00e5de for vindkraft. Pr i dag har vi oversendt melding til NVE p\u00e5 vindkraftprosjekter i Snillfjord (Svarthammeren), i Aure (Ertv\u00e5g\u00f8y) og p\u00e5 Fosen (R\u00f8rvassheia). Meldingene er enn\u00e5 ikke lagt ut p\u00e5 nettet av NVE, men dersom dere \u00f8nsker det kan vi oversende dere meldingene for disse parkene. I l\u00f8pet av 2-3 uker planlegger vi \u00e5 sende melding p\u00e5 ytterligere to vindparker p\u00e5 Fosen.\n<\/p>\n\n\n\n<p>I M\u00f8re- og Romsdal har vi for tiden til vurdering andre mulige omr\u00e5der for vindkraft, i tillegg til Ertv\u00e5g\u00f8y. For et par av disse prosjektene er vi i en dialog med grunneiere om avtale for leie av grunn til vindkraftform\u00e5l.\n<\/p>\n\n\n\n<p>N\u00e5r vi utvikler vindkraftprosjekter, prioriterer vi \u00e5 ha en tett dialog med lokalmilj\u00f8et &#8211; f\u00f8rst og fremst grunneiere og kommune.\n<\/p>\n\n\n\n<p>Vi er absolutt interessert i et m\u00f8te med Naturvernforbundet der vi dr\u00f8fter problemstillinger knyttet til vindkraft. For oss vil ny kunnskap om omr\u00e5dene der vi planlegger prosjekter v\u00e6re verdifull. P\u00e5 et slikt m\u00f8te vil vil kunne dr\u00f8fte prinsippielle sider i forhold til vindkraft, og vi kan presentere prosjektene vi har sendt melding p\u00e5 til NVE. Det hadde v\u00e6re fint om dere i forkant av m\u00f8tet kunne oversende punkter dere \u00f8nsker \u00e5 dr\u00f8fte i m\u00f8tet.\n<\/p>\n\n\n\n<p>Vi planlegger flere m\u00f8ter i Midt-Norge i l\u00f8pet av oktober, men datoene er enn\u00e5 ikke fastsatt. Det vil v\u00e6re rasjonelt for oss \u00e5 legge m\u00f8tet med Naturvernforbundet i tilknytning til ett av disse m\u00f8tene, og vi kommer raskt tilbake til et forslag til m\u00f8tetidspunkt. Det vil muligens v\u00e6re rasjonelt \u00e5 legge et slikt m\u00f8te til Trondheim? \n<\/p>\n\n\n\n<p>Vi ser fram til en god dialog.\n<\/p>\n\n\n\n<p><br>Mvh<br>\u00d8yvind Stakkeland Agder Energi Produksjon Tlf +47 38608676 Mob +47 90743606<\/p>\n","protected":false},"excerpt":{"rendered":"<p>Svar p\u00e5 epost 2. oktober 2006.<\/p>\n","protected":false},"author":38,"featured_media":0,"comment_status":"closed","ping_status":"closed","sticky":false,"template":"","format":"standard","meta":{"_relevanssi_hide_post":"","_relevanssi_hide_content":"","_relevanssi_pin_for_all":"","_relevanssi_pin_keywords":"","_relevanssi_unpin_keywords":"","_relevanssi_related_keywords":"","_relevanssi_related_include_ids":"","_relevanssi_related_exclude_ids":"","_relevanssi_related_no_append":"","_relevanssi_related_not_related":"","_relevanssi_related_posts":"","_relevanssi_noindex_reason":"","hide_logo":false,"footnotes":""},"categories":[17],"tags":[],"local":[],"class_list":["post-2375","post","type-post","status-publish","format-standard","hentry","category-more-og-romsdal"],"acf":[],"yoast_head":"<!-- This site is optimized with the Yoast SEO plugin v24.9 - https:\/\/yoast.com\/wordpress\/plugins\/seo\/ -->\n<title>Svar fr\u00e5 Agder energi - M\u00f8re og Romsdal<\/title>\n<meta name=\"robots\" content=\"index, follow, max-snippet:-1, max-image-preview:large, max-video-preview:-1\" \/>\n<link rel=\"canonical\" href=\"https:\/\/naturvernforbundet.no\/moreogromsdal\/svar-fra-agder-energi\/\" \/>\n<meta property=\"og:locale\" content=\"nb_NO\" \/>\n<meta property=\"og:type\" content=\"article\" \/>\n<meta property=\"og:title\" content=\"Svar fr\u00e5 Agder energi - M\u00f8re og Romsdal\" \/>\n<meta property=\"og:description\" content=\"Svar p\u00e5 epost 2. oktober 2006.\" \/>\n<meta property=\"og:url\" content=\"https:\/\/naturvernforbundet.no\/moreogromsdal\/svar-fra-agder-energi\/\" \/>\n<meta property=\"og:site_name\" content=\"M\u00f8re og Romsdal\" \/>\n<meta property=\"article:published_time\" content=\"2006-10-16T07:38:00+00:00\" \/>\n<meta name=\"author\" content=\"Artikkelimport\u00f8r\" \/>\n<meta name=\"twitter:card\" content=\"summary_large_image\" \/>\n<meta name=\"twitter:label1\" content=\"Skrevet av\" \/>\n\t<meta name=\"twitter:data1\" content=\"Artikkelimport\u00f8r\" \/>\n\t<meta name=\"twitter:label2\" content=\"Ansl. lesetid\" \/>\n\t<meta name=\"twitter:data2\" content=\"2 minutter\" \/>\n<script type=\"application\/ld+json\" class=\"yoast-schema-graph\">{\"@context\":\"https:\/\/schema.org\",\"@graph\":[{\"@type\":\"WebPage\",\"@id\":\"https:\/\/naturvernforbundet.no\/moreogromsdal\/svar-fra-agder-energi\/\",\"url\":\"https:\/\/naturvernforbundet.no\/moreogromsdal\/svar-fra-agder-energi\/\",\"name\":\"Svar fr\u00e5 Agder energi - M\u00f8re og Romsdal\",\"isPartOf\":{\"@id\":\"https:\/\/naturvernforbundet.no\/moreogromsdal\/#website\"},\"datePublished\":\"2006-10-16T07:38:00+00:00\",\"author\":{\"@id\":\"https:\/\/naturvernforbundet.no\/moreogromsdal\/#\/schema\/person\/c72f198205979084bf071deedb6205f4\"},\"breadcrumb\":{\"@id\":\"https:\/\/naturvernforbundet.no\/moreogromsdal\/svar-fra-agder-energi\/#breadcrumb\"},\"inLanguage\":\"nb-NO\",\"potentialAction\":[{\"@type\":\"ReadAction\",\"target\":[\"https:\/\/naturvernforbundet.no\/moreogromsdal\/svar-fra-agder-energi\/\"]}]},{\"@type\":\"BreadcrumbList\",\"@id\":\"https:\/\/naturvernforbundet.no\/moreogromsdal\/svar-fra-agder-energi\/#breadcrumb\",\"itemListElement\":[{\"@type\":\"ListItem\",\"position\":1,\"name\":\"Till naturvernforbundet.no\",\"item\":\"https:\/\/naturvernforbundet.no\/\"},{\"@type\":\"ListItem\",\"position\":2,\"name\":\"M\u00f8re og Romsdal\",\"item\":\"https:\/\/naturvernforbundet.no\/moreogromsdal\/\"},{\"@type\":\"ListItem\",\"position\":3,\"name\":\"Svar fr\u00e5 Agder energi\"}]},{\"@type\":\"WebSite\",\"@id\":\"https:\/\/naturvernforbundet.no\/moreogromsdal\/#website\",\"url\":\"https:\/\/naturvernforbundet.no\/moreogromsdal\/\",\"name\":\"M\u00f8re og Romsdal\",\"description\":\"Bare enda et Naturvernforbundet Sites-nettsted\",\"potentialAction\":[{\"@type\":\"SearchAction\",\"target\":{\"@type\":\"EntryPoint\",\"urlTemplate\":\"https:\/\/naturvernforbundet.no\/moreogromsdal\/?s={search_term_string}\"},\"query-input\":{\"@type\":\"PropertyValueSpecification\",\"valueRequired\":true,\"valueName\":\"search_term_string\"}}],\"inLanguage\":\"nb-NO\"},{\"@type\":\"Person\",\"@id\":\"https:\/\/naturvernforbundet.no\/moreogromsdal\/#\/schema\/person\/c72f198205979084bf071deedb6205f4\",\"name\":\"Artikkelimport\u00f8r\",\"image\":{\"@type\":\"ImageObject\",\"inLanguage\":\"nb-NO\",\"@id\":\"https:\/\/naturvernforbundet.no\/moreogromsdal\/#\/schema\/person\/image\/\",\"url\":\"https:\/\/secure.gravatar.com\/avatar\/015fa491b9ed1c823ef16a5c930294d1?s=96&d=mm&r=g\",\"contentUrl\":\"https:\/\/secure.gravatar.com\/avatar\/015fa491b9ed1c823ef16a5c930294d1?s=96&d=mm&r=g\",\"caption\":\"Artikkelimport\u00f8r\"},\"url\":\"https:\/\/naturvernforbundet.no\/moreogromsdal\/author\/artikkelimportor\/\"}]}<\/script>\n<!-- \/ Yoast SEO plugin. -->","yoast_head_json":{"title":"Svar fr\u00e5 Agder energi - M\u00f8re og Romsdal","robots":{"index":"index","follow":"follow","max-snippet":"max-snippet:-1","max-image-preview":"max-image-preview:large","max-video-preview":"max-video-preview:-1"},"canonical":"https:\/\/naturvernforbundet.no\/moreogromsdal\/svar-fra-agder-energi\/","og_locale":"nb_NO","og_type":"article","og_title":"Svar fr\u00e5 Agder energi - M\u00f8re og Romsdal","og_description":"Svar p\u00e5 epost 2. oktober 2006.","og_url":"https:\/\/naturvernforbundet.no\/moreogromsdal\/svar-fra-agder-energi\/","og_site_name":"M\u00f8re og Romsdal","article_published_time":"2006-10-16T07:38:00+00:00","author":"Artikkelimport\u00f8r","twitter_card":"summary_large_image","twitter_misc":{"Skrevet av":"Artikkelimport\u00f8r","Ansl. lesetid":"2 minutter"},"schema":{"@context":"https:\/\/schema.org","@graph":[{"@type":"WebPage","@id":"https:\/\/naturvernforbundet.no\/moreogromsdal\/svar-fra-agder-energi\/","url":"https:\/\/naturvernforbundet.no\/moreogromsdal\/svar-fra-agder-energi\/","name":"Svar fr\u00e5 Agder energi - M\u00f8re og Romsdal","isPartOf":{"@id":"https:\/\/naturvernforbundet.no\/moreogromsdal\/#website"},"datePublished":"2006-10-16T07:38:00+00:00","author":{"@id":"https:\/\/naturvernforbundet.no\/moreogromsdal\/#\/schema\/person\/c72f198205979084bf071deedb6205f4"},"breadcrumb":{"@id":"https:\/\/naturvernforbundet.no\/moreogromsdal\/svar-fra-agder-energi\/#breadcrumb"},"inLanguage":"nb-NO","potentialAction":[{"@type":"ReadAction","target":["https:\/\/naturvernforbundet.no\/moreogromsdal\/svar-fra-agder-energi\/"]}]},{"@type":"BreadcrumbList","@id":"https:\/\/naturvernforbundet.no\/moreogromsdal\/svar-fra-agder-energi\/#breadcrumb","itemListElement":[{"@type":"ListItem","position":1,"name":"Till naturvernforbundet.no","item":"https:\/\/naturvernforbundet.no\/"},{"@type":"ListItem","position":2,"name":"M\u00f8re og Romsdal","item":"https:\/\/naturvernforbundet.no\/moreogromsdal\/"},{"@type":"ListItem","position":3,"name":"Svar fr\u00e5 Agder energi"}]},{"@type":"WebSite","@id":"https:\/\/naturvernforbundet.no\/moreogromsdal\/#website","url":"https:\/\/naturvernforbundet.no\/moreogromsdal\/","name":"M\u00f8re og Romsdal","description":"Bare enda et Naturvernforbundet Sites-nettsted","potentialAction":[{"@type":"SearchAction","target":{"@type":"EntryPoint","urlTemplate":"https:\/\/naturvernforbundet.no\/moreogromsdal\/?s={search_term_string}"},"query-input":{"@type":"PropertyValueSpecification","valueRequired":true,"valueName":"search_term_string"}}],"inLanguage":"nb-NO"},{"@type":"Person","@id":"https:\/\/naturvernforbundet.no\/moreogromsdal\/#\/schema\/person\/c72f198205979084bf071deedb6205f4","name":"Artikkelimport\u00f8r","image":{"@type":"ImageObject","inLanguage":"nb-NO","@id":"https:\/\/naturvernforbundet.no\/moreogromsdal\/#\/schema\/person\/image\/","url":"https:\/\/secure.gravatar.com\/avatar\/015fa491b9ed1c823ef16a5c930294d1?s=96&d=mm&r=g","contentUrl":"https:\/\/secure.gravatar.com\/avatar\/015fa491b9ed1c823ef16a5c930294d1?s=96&d=mm&r=g","caption":"Artikkelimport\u00f8r"},"url":"https:\/\/naturvernforbundet.no\/moreogromsdal\/author\/artikkelimportor\/"}]}},"_links":{"self":[{"href":"https:\/\/naturvernforbundet.no\/moreogromsdal\/wp-json\/wp\/v2\/posts\/2375","targetHints":{"allow":["GET"]}}],"collection":[{"href":"https:\/\/naturvernforbundet.no\/moreogromsdal\/wp-json\/wp\/v2\/posts"}],"about":[{"href":"https:\/\/naturvernforbundet.no\/moreogromsdal\/wp-json\/wp\/v2\/types\/post"}],"author":[{"embeddable":true,"href":"https:\/\/naturvernforbundet.no\/moreogromsdal\/wp-json\/wp\/v2\/users\/38"}],"replies":[{"embeddable":true,"href":"https:\/\/naturvernforbundet.no\/moreogromsdal\/wp-json\/wp\/v2\/comments?post=2375"}],"version-history":[{"count":0,"href":"https:\/\/naturvernforbundet.no\/moreogromsdal\/wp-json\/wp\/v2\/posts\/2375\/revisions"}],"wp:attachment":[{"href":"https:\/\/naturvernforbundet.no\/moreogromsdal\/wp-json\/wp\/v2\/media?parent=2375"}],"wp:term":[{"taxonomy":"category","embeddable":true,"href":"https:\/\/naturvernforbundet.no\/moreogromsdal\/wp-json\/wp\/v2\/categories?post=2375"},{"taxonomy":"post_tag","embeddable":true,"href":"https:\/\/naturvernforbundet.no\/moreogromsdal\/wp-json\/wp\/v2\/tags?post=2375"},{"taxonomy":"local","embeddable":true,"href":"https:\/\/naturvernforbundet.no\/moreogromsdal\/wp-json\/wp\/v2\/local?post=2375"}],"curies":[{"name":"wp","href":"https:\/\/api.w.org\/{rel}","templated":true}]}}