{"id":2388,"date":"2005-03-16T19:32:00","date_gmt":"2005-03-16T18:32:00","guid":{"rendered":"https:\/\/naturvernforbundet.no\/moreogromsdal\/naturvernforbundet-i-sunndal-er-i-gang-igjen\/"},"modified":"2005-03-16T19:32:00","modified_gmt":"2005-03-16T18:32:00","slug":"naturvernforbundet-i-sunndal-er-i-gang-igjen","status":"publish","type":"post","link":"https:\/\/naturvernforbundet.no\/moreogromsdal\/naturvernforbundet-i-sunndal-er-i-gang-igjen\/","title":{"rendered":"Naturvernforbundet i Sunndal er i gang igjen!"},"content":{"rendered":"\t<div class=\"template-post alignfull wp-block-naturvern-hero\">\n\t\t<div class=\"hero__inner\">\n\t\t\t<div class=\"hero__inner_blocks\">\n\t\t\t\t\t\t\t\t\n\t\t\t\t\t<h1 class=\"wp-block-post-title\">Naturvernforbundet i Sunndal er i gang igjen!<\/h1>\n\n\t\t\t\t\t<div class=\"wp-block-post-excerpt\"><p class=\"wp-block-post-excerpt__excerpt\">S\u00f8nadag 6. mars ble lokallaget i Sunndal startet opp igjen. Styret best\u00e5r forel\u00f8pig av Jan-Fredrik Laskerud og Tor \u00c5lbu. <\/p><\/div>\n\n\t\t\t\t\t\n\n\t\t\t\t\t<div class=\"wp-block-naturvern-byline\">\n\t\t\t<div class=\"authors\">By <span class=\"t2-byline__author-link\">Artikkelimport\u00f8r<\/span><\/div>\n\t\t\t<small class=\"entry-date\">16.03.2005 19:32<\/small>\n\t\t<\/div>\n\t\t\t\t\t\t\t\t<\/div>\n\t\t\t\t\t<\/div>\n\t\t\t<\/div>\n\t\n<p>Referat fra \u00e5rsm\u00f8te for Naturvernforbundet i Sunndal:<br><br>M\u00f8tet ble avholdt p\u00e5 Norlandia Hotell Sunndals\u00f8ra. S\u00f8ndag 6\/3 2005<br><br>Til stede; Ola Smiseth, Leif Str\u00f8msv\u00e5g, Ernst Lubbe, Tor Helge Gravem, Jan-Fredrik Laskerud og \u00d8ystein Folden(fra fylkesstyret).<br><br>Godkjenning av innkalling\nInnkallingen ble godkjent.<br><br>Valg av ordstyrer (og referent)\nFolden ble valgt som ordstyrer og Laskerud ble valgt som referent.<br><br>Styret sin \u00e5rsmelding.\nLokallaget har ligget nede i lang tid s\u00e5 det forel\u00e5 ingen \u00e5rsmelding, men Folden redegjorde for noen av de aktuelle sakene som hadde v\u00e6rt i omr\u00e5det og det arbeidet som lokale enkeltmedlemmer hadde v\u00e6rt noe involvert i.<br><br>Orienteringen ble tatt til etterretning.<br><br>Regnskap.\nSiden laget har ligget nede forel\u00e5 det intet revidert regnskap. Siste reviderte regnskap er fra 2001, noe er f\u00f8rt fra 2002, \u00e5rene 2003 og 2004 har intet regnskap. Siste kontoutskrift viser saldo p\u00e5 8915.<br><br>Vedtak. Smiseth f\u00f8rer ferdig et regnskapet for de siste \u00e5rene, med de bevegelser som eventuelt m\u00e5tte v\u00e6re og neste medlemsm\u00f8te f\u00e5r fullmakt til \u00e5 godkjenne dette.<br><br>Saker som ble lagt frem.\nFolden la frem tre saker som ble diskutert. <br><br>Uttalelsene ; ?Lykke til!?, ?Naturbasert n\u00e6ring? og ?Erga m\u00e5 ikkje leggast i r\u00f8yr!?<br><br>Vedtak. ?Naturbasert n\u00e6ring? ble vedtatt omarbeidet. De to andre ble vedtatt slik de sto og Folden fikk i oppdrag \u00e5 sende dem ut.<br><br>Budsjett og arbeidsprogram.\nDet ble ikke fremlagt noe budsjett, men om lag 8000 er disponible for \u00e5 lage liv og r\u00f8re.<br><br>Valg.\n?\tStyre.\nEttersom laget har ligget nede og ikke ville brekke sin nye spede hals p\u00e5 verv, ble det bestemt at en ledertroika skulle ta seg av ledelsen inntil videre.<br><br>Vedtak. Jan-Fredrik Laskerud og Tor \u00c5lbu ble valgt, med fullmakt til \u00e5 finne en tredje person.<br><br>Tor Helge Gravem sa seg villig til \u00e5 f\u00f8re regnskapet det kommende \u00e5ret, men ville ikke sitte i styret. Vi aksepterte dette som l\u00f8sning.<br><br>?\tUtsending til fylkes\u00e5rsm\u00f8te.\nVedtak. Ingen ville, ingen ble tvunget, ingen ble valgt.<br><br>?\tLokallagets medlem i fylkesstyret (Nominasjon).\nVedtak. Styret fikk fullmakt til \u00e5 finne person eventuelt personer som kunne fylle representasjonen.\n \n?\tUtsending til landsm\u00f8te.\nVedtak. Styret fikk fullmakt til \u00e5 finne en person, eventuelt ?gi plassen videre?<br><br>?\tValgkomit\u00e9 &amp; revisor.\nVedtak. Astrid S\u00e6ter og Tor Helge Gravem ble valgkomit\u00e9 og Leif Str\u00f8msv\u00e5g ble revisor.<br><br><br><br>\n15\/3 2005<br><br>Referent Jan-Fredik Laskerud<br><br><br><br>Ps: Alle var enige om at det hadde v\u00e6rt en fin kveld.<\/p>\n","protected":false},"excerpt":{"rendered":"<p>S\u00f8nadag 6. mars ble lokallaget i Sunndal startet opp igjen. Styret best\u00e5r forel\u00f8pig av Jan-Fredrik Laskerud og Tor \u00c5lbu.<\/p>\n","protected":false},"author":38,"featured_media":0,"comment_status":"closed","ping_status":"closed","sticky":false,"template":"","format":"standard","meta":{"_relevanssi_hide_post":"","_relevanssi_hide_content":"","_relevanssi_pin_for_all":"","_relevanssi_pin_keywords":"","_relevanssi_unpin_keywords":"","_relevanssi_related_keywords":"","_relevanssi_related_include_ids":"","_relevanssi_related_exclude_ids":"","_relevanssi_related_no_append":"","_relevanssi_related_not_related":"","_relevanssi_related_posts":"","_relevanssi_noindex_reason":"","hide_logo":false,"footnotes":""},"categories":[45],"tags":[],"local":[],"class_list":["post-2388","post","type-post","status-publish","format-standard","hentry","category-naturvernforbundet"],"acf":[],"yoast_head":"<!-- This site is optimized with the Yoast SEO plugin v24.9 - https:\/\/yoast.com\/wordpress\/plugins\/seo\/ -->\n<title>Naturvernforbundet i Sunndal er i gang igjen! - M\u00f8re og Romsdal<\/title>\n<meta name=\"robots\" content=\"index, follow, max-snippet:-1, max-image-preview:large, max-video-preview:-1\" \/>\n<link rel=\"canonical\" href=\"https:\/\/naturvernforbundet.no\/moreogromsdal\/naturvernforbundet-i-sunndal-er-i-gang-igjen\/\" \/>\n<meta property=\"og:locale\" content=\"nb_NO\" \/>\n<meta property=\"og:type\" content=\"article\" \/>\n<meta property=\"og:title\" content=\"Naturvernforbundet i Sunndal er i gang igjen! - M\u00f8re og Romsdal\" \/>\n<meta property=\"og:description\" content=\"S\u00f8nadag 6. mars ble lokallaget i Sunndal startet opp igjen. Styret best\u00e5r forel\u00f8pig av Jan-Fredrik Laskerud og Tor \u00c5lbu.\" \/>\n<meta property=\"og:url\" content=\"https:\/\/naturvernforbundet.no\/moreogromsdal\/naturvernforbundet-i-sunndal-er-i-gang-igjen\/\" \/>\n<meta property=\"og:site_name\" content=\"M\u00f8re og Romsdal\" \/>\n<meta property=\"article:published_time\" content=\"2005-03-16T18:32:00+00:00\" \/>\n<meta name=\"author\" content=\"Artikkelimport\u00f8r\" \/>\n<meta name=\"twitter:card\" content=\"summary_large_image\" \/>\n<meta name=\"twitter:label1\" content=\"Skrevet av\" \/>\n\t<meta name=\"twitter:data1\" content=\"Artikkelimport\u00f8r\" \/>\n\t<meta name=\"twitter:label2\" content=\"Ansl. lesetid\" \/>\n\t<meta name=\"twitter:data2\" content=\"2 minutter\" \/>\n<script type=\"application\/ld+json\" class=\"yoast-schema-graph\">{\"@context\":\"https:\/\/schema.org\",\"@graph\":[{\"@type\":\"WebPage\",\"@id\":\"https:\/\/naturvernforbundet.no\/moreogromsdal\/naturvernforbundet-i-sunndal-er-i-gang-igjen\/\",\"url\":\"https:\/\/naturvernforbundet.no\/moreogromsdal\/naturvernforbundet-i-sunndal-er-i-gang-igjen\/\",\"name\":\"Naturvernforbundet i Sunndal er i gang igjen! - M\u00f8re og Romsdal\",\"isPartOf\":{\"@id\":\"https:\/\/naturvernforbundet.no\/moreogromsdal\/#website\"},\"datePublished\":\"2005-03-16T18:32:00+00:00\",\"author\":{\"@id\":\"https:\/\/naturvernforbundet.no\/moreogromsdal\/#\/schema\/person\/c72f198205979084bf071deedb6205f4\"},\"breadcrumb\":{\"@id\":\"https:\/\/naturvernforbundet.no\/moreogromsdal\/naturvernforbundet-i-sunndal-er-i-gang-igjen\/#breadcrumb\"},\"inLanguage\":\"nb-NO\",\"potentialAction\":[{\"@type\":\"ReadAction\",\"target\":[\"https:\/\/naturvernforbundet.no\/moreogromsdal\/naturvernforbundet-i-sunndal-er-i-gang-igjen\/\"]}]},{\"@type\":\"BreadcrumbList\",\"@id\":\"https:\/\/naturvernforbundet.no\/moreogromsdal\/naturvernforbundet-i-sunndal-er-i-gang-igjen\/#breadcrumb\",\"itemListElement\":[{\"@type\":\"ListItem\",\"position\":1,\"name\":\"Till naturvernforbundet.no\",\"item\":\"https:\/\/naturvernforbundet.no\/\"},{\"@type\":\"ListItem\",\"position\":2,\"name\":\"M\u00f8re og Romsdal\",\"item\":\"https:\/\/naturvernforbundet.no\/moreogromsdal\/\"},{\"@type\":\"ListItem\",\"position\":3,\"name\":\"Naturvernforbundet i Sunndal er i gang igjen!\"}]},{\"@type\":\"WebSite\",\"@id\":\"https:\/\/naturvernforbundet.no\/moreogromsdal\/#website\",\"url\":\"https:\/\/naturvernforbundet.no\/moreogromsdal\/\",\"name\":\"M\u00f8re og Romsdal\",\"description\":\"Bare enda et Naturvernforbundet Sites-nettsted\",\"potentialAction\":[{\"@type\":\"SearchAction\",\"target\":{\"@type\":\"EntryPoint\",\"urlTemplate\":\"https:\/\/naturvernforbundet.no\/moreogromsdal\/?s={search_term_string}\"},\"query-input\":{\"@type\":\"PropertyValueSpecification\",\"valueRequired\":true,\"valueName\":\"search_term_string\"}}],\"inLanguage\":\"nb-NO\"},{\"@type\":\"Person\",\"@id\":\"https:\/\/naturvernforbundet.no\/moreogromsdal\/#\/schema\/person\/c72f198205979084bf071deedb6205f4\",\"name\":\"Artikkelimport\u00f8r\",\"image\":{\"@type\":\"ImageObject\",\"inLanguage\":\"nb-NO\",\"@id\":\"https:\/\/naturvernforbundet.no\/moreogromsdal\/#\/schema\/person\/image\/\",\"url\":\"https:\/\/secure.gravatar.com\/avatar\/015fa491b9ed1c823ef16a5c930294d1?s=96&d=mm&r=g\",\"contentUrl\":\"https:\/\/secure.gravatar.com\/avatar\/015fa491b9ed1c823ef16a5c930294d1?s=96&d=mm&r=g\",\"caption\":\"Artikkelimport\u00f8r\"},\"url\":\"https:\/\/naturvernforbundet.no\/moreogromsdal\/author\/artikkelimportor\/\"}]}<\/script>\n<!-- \/ Yoast SEO plugin. -->","yoast_head_json":{"title":"Naturvernforbundet i Sunndal er i gang igjen! - M\u00f8re og Romsdal","robots":{"index":"index","follow":"follow","max-snippet":"max-snippet:-1","max-image-preview":"max-image-preview:large","max-video-preview":"max-video-preview:-1"},"canonical":"https:\/\/naturvernforbundet.no\/moreogromsdal\/naturvernforbundet-i-sunndal-er-i-gang-igjen\/","og_locale":"nb_NO","og_type":"article","og_title":"Naturvernforbundet i Sunndal er i gang igjen! - M\u00f8re og Romsdal","og_description":"S\u00f8nadag 6. mars ble lokallaget i Sunndal startet opp igjen. Styret best\u00e5r forel\u00f8pig av Jan-Fredrik Laskerud og Tor \u00c5lbu.","og_url":"https:\/\/naturvernforbundet.no\/moreogromsdal\/naturvernforbundet-i-sunndal-er-i-gang-igjen\/","og_site_name":"M\u00f8re og Romsdal","article_published_time":"2005-03-16T18:32:00+00:00","author":"Artikkelimport\u00f8r","twitter_card":"summary_large_image","twitter_misc":{"Skrevet av":"Artikkelimport\u00f8r","Ansl. lesetid":"2 minutter"},"schema":{"@context":"https:\/\/schema.org","@graph":[{"@type":"WebPage","@id":"https:\/\/naturvernforbundet.no\/moreogromsdal\/naturvernforbundet-i-sunndal-er-i-gang-igjen\/","url":"https:\/\/naturvernforbundet.no\/moreogromsdal\/naturvernforbundet-i-sunndal-er-i-gang-igjen\/","name":"Naturvernforbundet i Sunndal er i gang igjen! - M\u00f8re og Romsdal","isPartOf":{"@id":"https:\/\/naturvernforbundet.no\/moreogromsdal\/#website"},"datePublished":"2005-03-16T18:32:00+00:00","author":{"@id":"https:\/\/naturvernforbundet.no\/moreogromsdal\/#\/schema\/person\/c72f198205979084bf071deedb6205f4"},"breadcrumb":{"@id":"https:\/\/naturvernforbundet.no\/moreogromsdal\/naturvernforbundet-i-sunndal-er-i-gang-igjen\/#breadcrumb"},"inLanguage":"nb-NO","potentialAction":[{"@type":"ReadAction","target":["https:\/\/naturvernforbundet.no\/moreogromsdal\/naturvernforbundet-i-sunndal-er-i-gang-igjen\/"]}]},{"@type":"BreadcrumbList","@id":"https:\/\/naturvernforbundet.no\/moreogromsdal\/naturvernforbundet-i-sunndal-er-i-gang-igjen\/#breadcrumb","itemListElement":[{"@type":"ListItem","position":1,"name":"Till naturvernforbundet.no","item":"https:\/\/naturvernforbundet.no\/"},{"@type":"ListItem","position":2,"name":"M\u00f8re og Romsdal","item":"https:\/\/naturvernforbundet.no\/moreogromsdal\/"},{"@type":"ListItem","position":3,"name":"Naturvernforbundet i Sunndal er i gang igjen!"}]},{"@type":"WebSite","@id":"https:\/\/naturvernforbundet.no\/moreogromsdal\/#website","url":"https:\/\/naturvernforbundet.no\/moreogromsdal\/","name":"M\u00f8re og Romsdal","description":"Bare enda et Naturvernforbundet Sites-nettsted","potentialAction":[{"@type":"SearchAction","target":{"@type":"EntryPoint","urlTemplate":"https:\/\/naturvernforbundet.no\/moreogromsdal\/?s={search_term_string}"},"query-input":{"@type":"PropertyValueSpecification","valueRequired":true,"valueName":"search_term_string"}}],"inLanguage":"nb-NO"},{"@type":"Person","@id":"https:\/\/naturvernforbundet.no\/moreogromsdal\/#\/schema\/person\/c72f198205979084bf071deedb6205f4","name":"Artikkelimport\u00f8r","image":{"@type":"ImageObject","inLanguage":"nb-NO","@id":"https:\/\/naturvernforbundet.no\/moreogromsdal\/#\/schema\/person\/image\/","url":"https:\/\/secure.gravatar.com\/avatar\/015fa491b9ed1c823ef16a5c930294d1?s=96&d=mm&r=g","contentUrl":"https:\/\/secure.gravatar.com\/avatar\/015fa491b9ed1c823ef16a5c930294d1?s=96&d=mm&r=g","caption":"Artikkelimport\u00f8r"},"url":"https:\/\/naturvernforbundet.no\/moreogromsdal\/author\/artikkelimportor\/"}]}},"_links":{"self":[{"href":"https:\/\/naturvernforbundet.no\/moreogromsdal\/wp-json\/wp\/v2\/posts\/2388","targetHints":{"allow":["GET"]}}],"collection":[{"href":"https:\/\/naturvernforbundet.no\/moreogromsdal\/wp-json\/wp\/v2\/posts"}],"about":[{"href":"https:\/\/naturvernforbundet.no\/moreogromsdal\/wp-json\/wp\/v2\/types\/post"}],"author":[{"embeddable":true,"href":"https:\/\/naturvernforbundet.no\/moreogromsdal\/wp-json\/wp\/v2\/users\/38"}],"replies":[{"embeddable":true,"href":"https:\/\/naturvernforbundet.no\/moreogromsdal\/wp-json\/wp\/v2\/comments?post=2388"}],"version-history":[{"count":0,"href":"https:\/\/naturvernforbundet.no\/moreogromsdal\/wp-json\/wp\/v2\/posts\/2388\/revisions"}],"wp:attachment":[{"href":"https:\/\/naturvernforbundet.no\/moreogromsdal\/wp-json\/wp\/v2\/media?parent=2388"}],"wp:term":[{"taxonomy":"category","embeddable":true,"href":"https:\/\/naturvernforbundet.no\/moreogromsdal\/wp-json\/wp\/v2\/categories?post=2388"},{"taxonomy":"post_tag","embeddable":true,"href":"https:\/\/naturvernforbundet.no\/moreogromsdal\/wp-json\/wp\/v2\/tags?post=2388"},{"taxonomy":"local","embeddable":true,"href":"https:\/\/naturvernforbundet.no\/moreogromsdal\/wp-json\/wp\/v2\/local?post=2388"}],"curies":[{"name":"wp","href":"https:\/\/api.w.org\/{rel}","templated":true}]}}