{"id":2389,"date":"2006-01-29T20:52:00","date_gmt":"2006-01-29T19:52:00","guid":{"rendered":"https:\/\/naturvernforbundet.no\/moreogromsdal\/felles-krav-fra-bondelaget-og-naturvernforbundet-stott-varme\/"},"modified":"2006-01-29T20:52:00","modified_gmt":"2006-01-29T19:52:00","slug":"felles-krav-fra-bondelaget-og-naturvernforbundet-stott-varme","status":"publish","type":"post","link":"https:\/\/naturvernforbundet.no\/moreogromsdal\/felles-krav-fra-bondelaget-og-naturvernforbundet-stott-varme\/","title":{"rendered":"Felles krav fr\u00e5 Bondelaget og Naturvernforbundet: St\u00f8tt varme!"},"content":{"rendered":"\t<div class=\"template-post alignfull wp-block-naturvern-hero\">\n\t\t<div class=\"hero__inner\">\n\t\t\t<div class=\"hero__inner_blocks\">\n\t\t\t\t\t\t\t\t\n\t\t\t\t\t<h1 class=\"wp-block-post-title\">Felles krav fr\u00e5 Bondelaget og Naturvernforbundet: St\u00f8tt varme!<\/h1>\n\n\t\t\t\t\t<div class=\"wp-block-post-excerpt\"><p class=\"wp-block-post-excerpt__excerpt\">Som ein reaksjon p\u00e5 at M\u00f8re og Romsdal fylke vurderer \u00e5 etablere ei tilskotsordning for \u00e5 f\u00e5 auka bruk av gass, ber Naturvernforbundet og Bondelaget i fylket i eit samla brev til fylket om at ei slik tilskotsordning i staden fremjar varme. Dette vil gi betre konkurranseforhold for meir milj\u00f8vennleg bioenergi. <\/p><\/div>\n\n\t\t\t\t\t\n\n\t\t\t\t\t<div class=\"wp-block-naturvern-byline\">\n\t\t\t<div class=\"authors\">By <span class=\"t2-byline__author-link\">Artikkelimport\u00f8r<\/span><\/div>\n\t\t\t<small class=\"entry-date\">29.01.2006 20:52<\/small>\n\t\t<\/div>\n\t\t\t\t\t\t\t\t<\/div>\n\t\t\t\t\t<\/div>\n\t\t\t<\/div>\n\t\n<p>I samband med behandlinga av budsjettet for 2006 vedtok fylkestinget eit oversendingsforslag (dette ligg ved). Her heiter det m.a.: &laquo;For \u00e5 f\u00e5 til ei \u00f8nska utvikling med omsyn til utbygging av infrastruktur for bruk av gass i fylket, ber fylkestinget om at det i \u00f8konomiplanperioden blir stilt til disposisjon minimum 5 mill kroner pr \u00e5r i rentefrie l\u00e5n&raquo;. \n<\/p>\n\n\n\n<p>Bondelaget og Naturvernforbundet er uroa for om ei slik tilskotsordning til utbygging av infrastruktur for fossil energi kan virke konkurransevridande i forhold til utbygging av infrastruktur for bioenergi i M\u00f8re og Romsdal. Naturvernforbundet og Bondelaget viser til at bioenergi er bra for milj\u00f8et, bra for landskapet og at det gir fleire arbeidsplassar enn fossil energi. \n<\/p>\n\n\n\n<p>Bondelaget og Naturvernforbundet meiner ei tilskotsordning berre for gass kan ha som konsekvens at M\u00f8re og Romsdal fylke subsidierer forureinande verksemd p\u00e5 bekostning av b\u00e6rekraftig verksemd. Organisasjonane ber difor fylkestinget om \u00e5 utforme ei eventuell tilskotsordning slik at ho f\u00f8rst og fremst fremjar varme, og dermed ogs\u00e5 bioenergi. \n<\/p>\n\n\n\n<p>Brevet er underteikna av Arne Magnus Aasen, leiar i Bondelaget i fylket, og \u00d8ystein Folden, leiar av Naturvernforbundet. \n<\/p>\n\n\n\n<p>Arne Magnus Aasen har telefon 48 04 35 84. M\u00f8re og Romsdal bondelag har telefon 71 20 28 90. \n<\/p>\n\n\n\n<p>\n<\/p>\n\n\n\n<p>\n<\/p>\n\n\n\n<p>\n<\/p>\n\n\n\n<p>\u00d8ystein Folden har telefon 91 81 25 42. \n<\/p>\n\n\n\n<p>Bondelaget i fylket har heimesider p\u00e5 <a href=\"http:\/\/www.bondelaget.no\/moreogromsdal\">www.bondelaget.no\/moreogromsdal<\/a>.<\/p>\n\n\n\n<p><a href=\"\/imakerdata\/f\/0\/76\/19\/1_2401_0\/krav_infrastruktur_for_VARME_-_fylket.pdf\">Les brevet til M\u00f8re og Romsdal fylke<\/a><\/p>\n","protected":false},"excerpt":{"rendered":"<p>Som ein reaksjon p\u00e5 at M\u00f8re og Romsdal fylke vurderer \u00e5 etablere ei tilskotsordning for \u00e5 f\u00e5 auka bruk av gass, ber Naturvernforbundet og Bondelaget i fylket i eit samla brev til fylket om at ei slik tilskotsordning i staden fremjar varme. Dette vil gi betre konkurranseforhold for meir milj\u00f8vennleg bioenergi.<\/p>\n","protected":false},"author":38,"featured_media":0,"comment_status":"closed","ping_status":"closed","sticky":false,"template":"","format":"standard","meta":{"_relevanssi_hide_post":"","_relevanssi_hide_content":"","_relevanssi_pin_for_all":"","_relevanssi_pin_keywords":"","_relevanssi_unpin_keywords":"","_relevanssi_related_keywords":"","_relevanssi_related_include_ids":"","_relevanssi_related_exclude_ids":"","_relevanssi_related_no_append":"","_relevanssi_related_not_related":"","_relevanssi_related_posts":"","_relevanssi_noindex_reason":"","hide_logo":false,"footnotes":""},"categories":[19],"tags":[],"local":[],"class_list":["post-2389","post","type-post","status-publish","format-standard","hentry","category-klima"],"acf":[],"yoast_head":"<!-- This site is optimized with the Yoast SEO plugin v24.9 - https:\/\/yoast.com\/wordpress\/plugins\/seo\/ -->\n<title>Felles krav fr\u00e5 Bondelaget og Naturvernforbundet: St\u00f8tt varme! - M\u00f8re og Romsdal<\/title>\n<meta name=\"robots\" content=\"index, follow, max-snippet:-1, max-image-preview:large, max-video-preview:-1\" \/>\n<link rel=\"canonical\" href=\"https:\/\/naturvernforbundet.no\/moreogromsdal\/felles-krav-fra-bondelaget-og-naturvernforbundet-stott-varme\/\" \/>\n<meta property=\"og:locale\" content=\"nb_NO\" \/>\n<meta property=\"og:type\" content=\"article\" \/>\n<meta property=\"og:title\" content=\"Felles krav fr\u00e5 Bondelaget og Naturvernforbundet: St\u00f8tt varme! - M\u00f8re og Romsdal\" \/>\n<meta property=\"og:description\" content=\"Som ein reaksjon p\u00e5 at M\u00f8re og Romsdal fylke vurderer \u00e5 etablere ei tilskotsordning for \u00e5 f\u00e5 auka bruk av gass, ber Naturvernforbundet og Bondelaget i fylket i eit samla brev til fylket om at ei slik tilskotsordning i staden fremjar varme. Dette vil gi betre konkurranseforhold for meir milj\u00f8vennleg bioenergi.\" \/>\n<meta property=\"og:url\" content=\"https:\/\/naturvernforbundet.no\/moreogromsdal\/felles-krav-fra-bondelaget-og-naturvernforbundet-stott-varme\/\" \/>\n<meta property=\"og:site_name\" content=\"M\u00f8re og Romsdal\" \/>\n<meta property=\"article:published_time\" content=\"2006-01-29T19:52:00+00:00\" \/>\n<meta name=\"author\" content=\"Artikkelimport\u00f8r\" \/>\n<meta name=\"twitter:card\" content=\"summary_large_image\" \/>\n<meta name=\"twitter:label1\" content=\"Skrevet av\" \/>\n\t<meta name=\"twitter:data1\" content=\"Artikkelimport\u00f8r\" \/>\n\t<meta name=\"twitter:label2\" content=\"Ansl. lesetid\" \/>\n\t<meta name=\"twitter:data2\" content=\"1 minutt\" \/>\n<script type=\"application\/ld+json\" class=\"yoast-schema-graph\">{\"@context\":\"https:\/\/schema.org\",\"@graph\":[{\"@type\":\"WebPage\",\"@id\":\"https:\/\/naturvernforbundet.no\/moreogromsdal\/felles-krav-fra-bondelaget-og-naturvernforbundet-stott-varme\/\",\"url\":\"https:\/\/naturvernforbundet.no\/moreogromsdal\/felles-krav-fra-bondelaget-og-naturvernforbundet-stott-varme\/\",\"name\":\"Felles krav fr\u00e5 Bondelaget og Naturvernforbundet: St\u00f8tt varme! - M\u00f8re og Romsdal\",\"isPartOf\":{\"@id\":\"https:\/\/naturvernforbundet.no\/moreogromsdal\/#website\"},\"datePublished\":\"2006-01-29T19:52:00+00:00\",\"author\":{\"@id\":\"https:\/\/naturvernforbundet.no\/moreogromsdal\/#\/schema\/person\/c72f198205979084bf071deedb6205f4\"},\"breadcrumb\":{\"@id\":\"https:\/\/naturvernforbundet.no\/moreogromsdal\/felles-krav-fra-bondelaget-og-naturvernforbundet-stott-varme\/#breadcrumb\"},\"inLanguage\":\"nb-NO\",\"potentialAction\":[{\"@type\":\"ReadAction\",\"target\":[\"https:\/\/naturvernforbundet.no\/moreogromsdal\/felles-krav-fra-bondelaget-og-naturvernforbundet-stott-varme\/\"]}]},{\"@type\":\"BreadcrumbList\",\"@id\":\"https:\/\/naturvernforbundet.no\/moreogromsdal\/felles-krav-fra-bondelaget-og-naturvernforbundet-stott-varme\/#breadcrumb\",\"itemListElement\":[{\"@type\":\"ListItem\",\"position\":1,\"name\":\"Till naturvernforbundet.no\",\"item\":\"https:\/\/naturvernforbundet.no\/\"},{\"@type\":\"ListItem\",\"position\":2,\"name\":\"M\u00f8re og Romsdal\",\"item\":\"https:\/\/naturvernforbundet.no\/moreogromsdal\/\"},{\"@type\":\"ListItem\",\"position\":3,\"name\":\"Felles krav fr\u00e5 Bondelaget og Naturvernforbundet: St\u00f8tt varme!\"}]},{\"@type\":\"WebSite\",\"@id\":\"https:\/\/naturvernforbundet.no\/moreogromsdal\/#website\",\"url\":\"https:\/\/naturvernforbundet.no\/moreogromsdal\/\",\"name\":\"M\u00f8re og Romsdal\",\"description\":\"Bare enda et Naturvernforbundet Sites-nettsted\",\"potentialAction\":[{\"@type\":\"SearchAction\",\"target\":{\"@type\":\"EntryPoint\",\"urlTemplate\":\"https:\/\/naturvernforbundet.no\/moreogromsdal\/?s={search_term_string}\"},\"query-input\":{\"@type\":\"PropertyValueSpecification\",\"valueRequired\":true,\"valueName\":\"search_term_string\"}}],\"inLanguage\":\"nb-NO\"},{\"@type\":\"Person\",\"@id\":\"https:\/\/naturvernforbundet.no\/moreogromsdal\/#\/schema\/person\/c72f198205979084bf071deedb6205f4\",\"name\":\"Artikkelimport\u00f8r\",\"image\":{\"@type\":\"ImageObject\",\"inLanguage\":\"nb-NO\",\"@id\":\"https:\/\/naturvernforbundet.no\/moreogromsdal\/#\/schema\/person\/image\/\",\"url\":\"https:\/\/secure.gravatar.com\/avatar\/015fa491b9ed1c823ef16a5c930294d1?s=96&d=mm&r=g\",\"contentUrl\":\"https:\/\/secure.gravatar.com\/avatar\/015fa491b9ed1c823ef16a5c930294d1?s=96&d=mm&r=g\",\"caption\":\"Artikkelimport\u00f8r\"},\"url\":\"https:\/\/naturvernforbundet.no\/moreogromsdal\/author\/artikkelimportor\/\"}]}<\/script>\n<!-- \/ Yoast SEO plugin. -->","yoast_head_json":{"title":"Felles krav fr\u00e5 Bondelaget og Naturvernforbundet: St\u00f8tt varme! - M\u00f8re og Romsdal","robots":{"index":"index","follow":"follow","max-snippet":"max-snippet:-1","max-image-preview":"max-image-preview:large","max-video-preview":"max-video-preview:-1"},"canonical":"https:\/\/naturvernforbundet.no\/moreogromsdal\/felles-krav-fra-bondelaget-og-naturvernforbundet-stott-varme\/","og_locale":"nb_NO","og_type":"article","og_title":"Felles krav fr\u00e5 Bondelaget og Naturvernforbundet: St\u00f8tt varme! - M\u00f8re og Romsdal","og_description":"Som ein reaksjon p\u00e5 at M\u00f8re og Romsdal fylke vurderer \u00e5 etablere ei tilskotsordning for \u00e5 f\u00e5 auka bruk av gass, ber Naturvernforbundet og Bondelaget i fylket i eit samla brev til fylket om at ei slik tilskotsordning i staden fremjar varme. Dette vil gi betre konkurranseforhold for meir milj\u00f8vennleg bioenergi.","og_url":"https:\/\/naturvernforbundet.no\/moreogromsdal\/felles-krav-fra-bondelaget-og-naturvernforbundet-stott-varme\/","og_site_name":"M\u00f8re og Romsdal","article_published_time":"2006-01-29T19:52:00+00:00","author":"Artikkelimport\u00f8r","twitter_card":"summary_large_image","twitter_misc":{"Skrevet av":"Artikkelimport\u00f8r","Ansl. lesetid":"1 minutt"},"schema":{"@context":"https:\/\/schema.org","@graph":[{"@type":"WebPage","@id":"https:\/\/naturvernforbundet.no\/moreogromsdal\/felles-krav-fra-bondelaget-og-naturvernforbundet-stott-varme\/","url":"https:\/\/naturvernforbundet.no\/moreogromsdal\/felles-krav-fra-bondelaget-og-naturvernforbundet-stott-varme\/","name":"Felles krav fr\u00e5 Bondelaget og Naturvernforbundet: St\u00f8tt varme! - M\u00f8re og Romsdal","isPartOf":{"@id":"https:\/\/naturvernforbundet.no\/moreogromsdal\/#website"},"datePublished":"2006-01-29T19:52:00+00:00","author":{"@id":"https:\/\/naturvernforbundet.no\/moreogromsdal\/#\/schema\/person\/c72f198205979084bf071deedb6205f4"},"breadcrumb":{"@id":"https:\/\/naturvernforbundet.no\/moreogromsdal\/felles-krav-fra-bondelaget-og-naturvernforbundet-stott-varme\/#breadcrumb"},"inLanguage":"nb-NO","potentialAction":[{"@type":"ReadAction","target":["https:\/\/naturvernforbundet.no\/moreogromsdal\/felles-krav-fra-bondelaget-og-naturvernforbundet-stott-varme\/"]}]},{"@type":"BreadcrumbList","@id":"https:\/\/naturvernforbundet.no\/moreogromsdal\/felles-krav-fra-bondelaget-og-naturvernforbundet-stott-varme\/#breadcrumb","itemListElement":[{"@type":"ListItem","position":1,"name":"Till naturvernforbundet.no","item":"https:\/\/naturvernforbundet.no\/"},{"@type":"ListItem","position":2,"name":"M\u00f8re og Romsdal","item":"https:\/\/naturvernforbundet.no\/moreogromsdal\/"},{"@type":"ListItem","position":3,"name":"Felles krav fr\u00e5 Bondelaget og Naturvernforbundet: St\u00f8tt varme!"}]},{"@type":"WebSite","@id":"https:\/\/naturvernforbundet.no\/moreogromsdal\/#website","url":"https:\/\/naturvernforbundet.no\/moreogromsdal\/","name":"M\u00f8re og Romsdal","description":"Bare enda et Naturvernforbundet Sites-nettsted","potentialAction":[{"@type":"SearchAction","target":{"@type":"EntryPoint","urlTemplate":"https:\/\/naturvernforbundet.no\/moreogromsdal\/?s={search_term_string}"},"query-input":{"@type":"PropertyValueSpecification","valueRequired":true,"valueName":"search_term_string"}}],"inLanguage":"nb-NO"},{"@type":"Person","@id":"https:\/\/naturvernforbundet.no\/moreogromsdal\/#\/schema\/person\/c72f198205979084bf071deedb6205f4","name":"Artikkelimport\u00f8r","image":{"@type":"ImageObject","inLanguage":"nb-NO","@id":"https:\/\/naturvernforbundet.no\/moreogromsdal\/#\/schema\/person\/image\/","url":"https:\/\/secure.gravatar.com\/avatar\/015fa491b9ed1c823ef16a5c930294d1?s=96&d=mm&r=g","contentUrl":"https:\/\/secure.gravatar.com\/avatar\/015fa491b9ed1c823ef16a5c930294d1?s=96&d=mm&r=g","caption":"Artikkelimport\u00f8r"},"url":"https:\/\/naturvernforbundet.no\/moreogromsdal\/author\/artikkelimportor\/"}]}},"_links":{"self":[{"href":"https:\/\/naturvernforbundet.no\/moreogromsdal\/wp-json\/wp\/v2\/posts\/2389","targetHints":{"allow":["GET"]}}],"collection":[{"href":"https:\/\/naturvernforbundet.no\/moreogromsdal\/wp-json\/wp\/v2\/posts"}],"about":[{"href":"https:\/\/naturvernforbundet.no\/moreogromsdal\/wp-json\/wp\/v2\/types\/post"}],"author":[{"embeddable":true,"href":"https:\/\/naturvernforbundet.no\/moreogromsdal\/wp-json\/wp\/v2\/users\/38"}],"replies":[{"embeddable":true,"href":"https:\/\/naturvernforbundet.no\/moreogromsdal\/wp-json\/wp\/v2\/comments?post=2389"}],"version-history":[{"count":0,"href":"https:\/\/naturvernforbundet.no\/moreogromsdal\/wp-json\/wp\/v2\/posts\/2389\/revisions"}],"wp:attachment":[{"href":"https:\/\/naturvernforbundet.no\/moreogromsdal\/wp-json\/wp\/v2\/media?parent=2389"}],"wp:term":[{"taxonomy":"category","embeddable":true,"href":"https:\/\/naturvernforbundet.no\/moreogromsdal\/wp-json\/wp\/v2\/categories?post=2389"},{"taxonomy":"post_tag","embeddable":true,"href":"https:\/\/naturvernforbundet.no\/moreogromsdal\/wp-json\/wp\/v2\/tags?post=2389"},{"taxonomy":"local","embeddable":true,"href":"https:\/\/naturvernforbundet.no\/moreogromsdal\/wp-json\/wp\/v2\/local?post=2389"}],"curies":[{"name":"wp","href":"https:\/\/api.w.org\/{rel}","templated":true}]}}