{"id":2394,"date":"2005-04-15T09:16:00","date_gmt":"2005-04-15T07:16:00","guid":{"rendered":"https:\/\/naturvernforbundet.no\/moreogromsdal\/tidens-krav-med-mange-feil-om-gass\/"},"modified":"2005-04-15T09:16:00","modified_gmt":"2005-04-15T07:16:00","slug":"tidens-krav-med-mange-feil-om-gass","status":"publish","type":"post","link":"https:\/\/naturvernforbundet.no\/moreogromsdal\/tidens-krav-med-mange-feil-om-gass\/","title":{"rendered":"Tidens Krav med mange feil om gass"},"content":{"rendered":"\t<div class=\"template-post alignfull wp-block-naturvern-hero\">\n\t\t<div class=\"hero__inner\">\n\t\t\t<div class=\"hero__inner_blocks\">\n\t\t\t\t\t\t\t\t\n\t\t\t\t\t<h1 class=\"wp-block-post-title\">Tidens Krav med mange feil om gass<\/h1>\n\n\t\t\t\t\t<div class=\"wp-block-post-excerpt\"><p class=\"wp-block-post-excerpt__excerpt\">Tidens Krav harselerer p\u00e5 lederplass 15 april over de som er motstandere av forurensende gasskraftverk i Norge. Dessverre inneholder lederen flere faktafeil som m\u00e5 rettes opp. Kanskje konklusjonen ogs\u00e5 blir en annen n\u00e5r man tar utgangspunkt i hva som er fakta? Lars Haltbrekken, nestleder i Naturvernforbundet, fors\u00f8ker \u00e5 korrigere. <\/p><\/div>\n\n\t\t\t\t\t\n\n\t\t\t\t\t<div class=\"wp-block-naturvern-byline\">\n\t\t\t<div class=\"authors\">By <span class=\"t2-byline__author-link\">Artikkelimport\u00f8r<\/span><\/div>\n\t\t\t<small class=\"entry-date\">15.04.2005 09:16<\/small>\n\t\t<\/div>\n\t\t\t\t\t\t\t\t<\/div>\n\t\t\t\t\t<\/div>\n\t\t\t<\/div>\n\t\n<p>Feil p\u00e5 feil om gass fra Tidens Krav<br><br>Av Lars Haltbrekken, nestleder i Norges Naturvernforbund<br><br>Tidens Krav harselerer p\u00e5 lederplass 15 april over de som er motstandere av forurensende gasskraftverk i Norge. Dessverre inneholder lederen flere faktafeil som m\u00e5 rettes opp. Kanskje konklusjonen ogs\u00e5 blir en annen n\u00e5r man tar utgangspunkt i hva som er fakta? <br><br>For det f\u00f8ste hevder lederen at vi sender 99% av den gassen vi tar opp ut av landet. Dette er feil. I f\u00f8lge Gassteknologiutvalgets innstilling som burde v\u00e6re kjent litteratur for en gassivrig avis som Tidens Krav, bruker vi rundt 45% av den gassen vi tar opp selv innenfor rikets grenser. Det er bare litt over havparten som sendes ut av landet. <br><br>Norge er ogs\u00e5 et av de landene i Europa som bruker mest gass per innbygger til verdiskapning i industrien. Disse to enkle fakta ser det ikke ut til at Tidens Krav har f\u00e5tt med seg. <br><br>For det andre hevder lederen i avisa at det ikke lar seg gj\u00f8re \u00e5 bygge CO2 frie gasskraftverk i dag. Dette er det mostatte av hva direkt\u00f8ren i Naturkraft, et av selskapene som planlegger bygging av gasskraftverk sier. Han sier at teknologien finnes, men de er avhengige av statlig st\u00f8tte for \u00e5 f\u00e5 det til. <br><br>For det tredje viser lederen til underbalansen i den norske kraftforsyningen vinteren 2003. Men lederen unnlater \u00e5 nenvne at denne underbalansen skyldtes at kraftselskapene hadde eksportert store mengder kraft h\u00f8sten 2002. Hvis vi ser h\u00f8sten 2002 og vinteren 2003 under ett var det balanse i det norske kraftmarkedet. H\u00f8sten 2002 eksporterte vi like mye kraft som vi m\u00e5tte importere vinteren 2003. <br><br>Helt tilslutt unnlater avisa \u00e5 nevne at Statoil i sin egen konsekvensutredning for gasskraftverket p\u00e5 Tjeldbergodden bruker bakgrunnsmateriale som viser at et gasskraftverk vil f\u00f8re til mer forurensning enn om vi importerte tilsvarende mengde kraft i den perioden et gasskraftverk skal drives. <br><br>Tilslutt en kommentar om at politkerne lar seg styre av naturvernorganisasjonene: Ja hadde det enn\u00e5 v\u00e6rt s\u00e5 vel. <\/p>\n","protected":false},"excerpt":{"rendered":"<p>Tidens Krav harselerer p\u00e5 lederplass 15 april over de som er motstandere av forurensende gasskraftverk i Norge. Dessverre inneholder lederen flere faktafeil som m\u00e5 rettes opp. Kanskje konklusjonen ogs\u00e5 blir en annen n\u00e5r man tar utgangspunkt i hva som er fakta? Lars Haltbrekken, nestleder i Naturvernforbundet, fors\u00f8ker \u00e5 korrigere.<\/p>\n","protected":false},"author":38,"featured_media":0,"comment_status":"closed","ping_status":"closed","sticky":false,"template":"","format":"standard","meta":{"_relevanssi_hide_post":"","_relevanssi_hide_content":"","_relevanssi_pin_for_all":"","_relevanssi_pin_keywords":"","_relevanssi_unpin_keywords":"","_relevanssi_related_keywords":"","_relevanssi_related_include_ids":"","_relevanssi_related_exclude_ids":"","_relevanssi_related_no_append":"","_relevanssi_related_not_related":"","_relevanssi_related_posts":"","_relevanssi_noindex_reason":"","hide_logo":false,"footnotes":""},"categories":[19],"tags":[],"local":[],"class_list":["post-2394","post","type-post","status-publish","format-standard","hentry","category-klima"],"acf":[],"yoast_head":"<!-- This site is optimized with the Yoast SEO plugin v24.9 - https:\/\/yoast.com\/wordpress\/plugins\/seo\/ -->\n<title>Tidens Krav med mange feil om gass - M\u00f8re og Romsdal<\/title>\n<meta name=\"robots\" content=\"index, follow, max-snippet:-1, max-image-preview:large, max-video-preview:-1\" \/>\n<link rel=\"canonical\" href=\"https:\/\/naturvernforbundet.no\/moreogromsdal\/tidens-krav-med-mange-feil-om-gass\/\" \/>\n<meta property=\"og:locale\" content=\"nb_NO\" \/>\n<meta property=\"og:type\" content=\"article\" \/>\n<meta property=\"og:title\" content=\"Tidens Krav med mange feil om gass - M\u00f8re og Romsdal\" \/>\n<meta property=\"og:description\" content=\"Tidens Krav harselerer p\u00e5 lederplass 15 april over de som er motstandere av forurensende gasskraftverk i Norge. Dessverre inneholder lederen flere faktafeil som m\u00e5 rettes opp. Kanskje konklusjonen ogs\u00e5 blir en annen n\u00e5r man tar utgangspunkt i hva som er fakta? Lars Haltbrekken, nestleder i Naturvernforbundet, fors\u00f8ker \u00e5 korrigere.\" \/>\n<meta property=\"og:url\" content=\"https:\/\/naturvernforbundet.no\/moreogromsdal\/tidens-krav-med-mange-feil-om-gass\/\" \/>\n<meta property=\"og:site_name\" content=\"M\u00f8re og Romsdal\" \/>\n<meta property=\"article:published_time\" content=\"2005-04-15T07:16:00+00:00\" \/>\n<meta name=\"author\" content=\"Artikkelimport\u00f8r\" \/>\n<meta name=\"twitter:card\" content=\"summary_large_image\" \/>\n<meta name=\"twitter:label1\" content=\"Skrevet av\" \/>\n\t<meta name=\"twitter:data1\" content=\"Artikkelimport\u00f8r\" \/>\n\t<meta name=\"twitter:label2\" content=\"Ansl. lesetid\" \/>\n\t<meta name=\"twitter:data2\" content=\"2 minutter\" \/>\n<script type=\"application\/ld+json\" class=\"yoast-schema-graph\">{\"@context\":\"https:\/\/schema.org\",\"@graph\":[{\"@type\":\"WebPage\",\"@id\":\"https:\/\/naturvernforbundet.no\/moreogromsdal\/tidens-krav-med-mange-feil-om-gass\/\",\"url\":\"https:\/\/naturvernforbundet.no\/moreogromsdal\/tidens-krav-med-mange-feil-om-gass\/\",\"name\":\"Tidens Krav med mange feil om gass - M\u00f8re og Romsdal\",\"isPartOf\":{\"@id\":\"https:\/\/naturvernforbundet.no\/moreogromsdal\/#website\"},\"datePublished\":\"2005-04-15T07:16:00+00:00\",\"author\":{\"@id\":\"https:\/\/naturvernforbundet.no\/moreogromsdal\/#\/schema\/person\/c72f198205979084bf071deedb6205f4\"},\"breadcrumb\":{\"@id\":\"https:\/\/naturvernforbundet.no\/moreogromsdal\/tidens-krav-med-mange-feil-om-gass\/#breadcrumb\"},\"inLanguage\":\"nb-NO\",\"potentialAction\":[{\"@type\":\"ReadAction\",\"target\":[\"https:\/\/naturvernforbundet.no\/moreogromsdal\/tidens-krav-med-mange-feil-om-gass\/\"]}]},{\"@type\":\"BreadcrumbList\",\"@id\":\"https:\/\/naturvernforbundet.no\/moreogromsdal\/tidens-krav-med-mange-feil-om-gass\/#breadcrumb\",\"itemListElement\":[{\"@type\":\"ListItem\",\"position\":1,\"name\":\"Till naturvernforbundet.no\",\"item\":\"https:\/\/naturvernforbundet.no\/\"},{\"@type\":\"ListItem\",\"position\":2,\"name\":\"M\u00f8re og Romsdal\",\"item\":\"https:\/\/naturvernforbundet.no\/moreogromsdal\/\"},{\"@type\":\"ListItem\",\"position\":3,\"name\":\"Tidens Krav med mange feil om gass\"}]},{\"@type\":\"WebSite\",\"@id\":\"https:\/\/naturvernforbundet.no\/moreogromsdal\/#website\",\"url\":\"https:\/\/naturvernforbundet.no\/moreogromsdal\/\",\"name\":\"M\u00f8re og Romsdal\",\"description\":\"Bare enda et Naturvernforbundet Sites-nettsted\",\"potentialAction\":[{\"@type\":\"SearchAction\",\"target\":{\"@type\":\"EntryPoint\",\"urlTemplate\":\"https:\/\/naturvernforbundet.no\/moreogromsdal\/?s={search_term_string}\"},\"query-input\":{\"@type\":\"PropertyValueSpecification\",\"valueRequired\":true,\"valueName\":\"search_term_string\"}}],\"inLanguage\":\"nb-NO\"},{\"@type\":\"Person\",\"@id\":\"https:\/\/naturvernforbundet.no\/moreogromsdal\/#\/schema\/person\/c72f198205979084bf071deedb6205f4\",\"name\":\"Artikkelimport\u00f8r\",\"image\":{\"@type\":\"ImageObject\",\"inLanguage\":\"nb-NO\",\"@id\":\"https:\/\/naturvernforbundet.no\/moreogromsdal\/#\/schema\/person\/image\/\",\"url\":\"https:\/\/secure.gravatar.com\/avatar\/015fa491b9ed1c823ef16a5c930294d1?s=96&d=mm&r=g\",\"contentUrl\":\"https:\/\/secure.gravatar.com\/avatar\/015fa491b9ed1c823ef16a5c930294d1?s=96&d=mm&r=g\",\"caption\":\"Artikkelimport\u00f8r\"},\"url\":\"https:\/\/naturvernforbundet.no\/moreogromsdal\/author\/artikkelimportor\/\"}]}<\/script>\n<!-- \/ Yoast SEO plugin. -->","yoast_head_json":{"title":"Tidens Krav med mange feil om gass - M\u00f8re og Romsdal","robots":{"index":"index","follow":"follow","max-snippet":"max-snippet:-1","max-image-preview":"max-image-preview:large","max-video-preview":"max-video-preview:-1"},"canonical":"https:\/\/naturvernforbundet.no\/moreogromsdal\/tidens-krav-med-mange-feil-om-gass\/","og_locale":"nb_NO","og_type":"article","og_title":"Tidens Krav med mange feil om gass - M\u00f8re og Romsdal","og_description":"Tidens Krav harselerer p\u00e5 lederplass 15 april over de som er motstandere av forurensende gasskraftverk i Norge. Dessverre inneholder lederen flere faktafeil som m\u00e5 rettes opp. Kanskje konklusjonen ogs\u00e5 blir en annen n\u00e5r man tar utgangspunkt i hva som er fakta? Lars Haltbrekken, nestleder i Naturvernforbundet, fors\u00f8ker \u00e5 korrigere.","og_url":"https:\/\/naturvernforbundet.no\/moreogromsdal\/tidens-krav-med-mange-feil-om-gass\/","og_site_name":"M\u00f8re og Romsdal","article_published_time":"2005-04-15T07:16:00+00:00","author":"Artikkelimport\u00f8r","twitter_card":"summary_large_image","twitter_misc":{"Skrevet av":"Artikkelimport\u00f8r","Ansl. lesetid":"2 minutter"},"schema":{"@context":"https:\/\/schema.org","@graph":[{"@type":"WebPage","@id":"https:\/\/naturvernforbundet.no\/moreogromsdal\/tidens-krav-med-mange-feil-om-gass\/","url":"https:\/\/naturvernforbundet.no\/moreogromsdal\/tidens-krav-med-mange-feil-om-gass\/","name":"Tidens Krav med mange feil om gass - M\u00f8re og Romsdal","isPartOf":{"@id":"https:\/\/naturvernforbundet.no\/moreogromsdal\/#website"},"datePublished":"2005-04-15T07:16:00+00:00","author":{"@id":"https:\/\/naturvernforbundet.no\/moreogromsdal\/#\/schema\/person\/c72f198205979084bf071deedb6205f4"},"breadcrumb":{"@id":"https:\/\/naturvernforbundet.no\/moreogromsdal\/tidens-krav-med-mange-feil-om-gass\/#breadcrumb"},"inLanguage":"nb-NO","potentialAction":[{"@type":"ReadAction","target":["https:\/\/naturvernforbundet.no\/moreogromsdal\/tidens-krav-med-mange-feil-om-gass\/"]}]},{"@type":"BreadcrumbList","@id":"https:\/\/naturvernforbundet.no\/moreogromsdal\/tidens-krav-med-mange-feil-om-gass\/#breadcrumb","itemListElement":[{"@type":"ListItem","position":1,"name":"Till naturvernforbundet.no","item":"https:\/\/naturvernforbundet.no\/"},{"@type":"ListItem","position":2,"name":"M\u00f8re og Romsdal","item":"https:\/\/naturvernforbundet.no\/moreogromsdal\/"},{"@type":"ListItem","position":3,"name":"Tidens Krav med mange feil om gass"}]},{"@type":"WebSite","@id":"https:\/\/naturvernforbundet.no\/moreogromsdal\/#website","url":"https:\/\/naturvernforbundet.no\/moreogromsdal\/","name":"M\u00f8re og Romsdal","description":"Bare enda et Naturvernforbundet Sites-nettsted","potentialAction":[{"@type":"SearchAction","target":{"@type":"EntryPoint","urlTemplate":"https:\/\/naturvernforbundet.no\/moreogromsdal\/?s={search_term_string}"},"query-input":{"@type":"PropertyValueSpecification","valueRequired":true,"valueName":"search_term_string"}}],"inLanguage":"nb-NO"},{"@type":"Person","@id":"https:\/\/naturvernforbundet.no\/moreogromsdal\/#\/schema\/person\/c72f198205979084bf071deedb6205f4","name":"Artikkelimport\u00f8r","image":{"@type":"ImageObject","inLanguage":"nb-NO","@id":"https:\/\/naturvernforbundet.no\/moreogromsdal\/#\/schema\/person\/image\/","url":"https:\/\/secure.gravatar.com\/avatar\/015fa491b9ed1c823ef16a5c930294d1?s=96&d=mm&r=g","contentUrl":"https:\/\/secure.gravatar.com\/avatar\/015fa491b9ed1c823ef16a5c930294d1?s=96&d=mm&r=g","caption":"Artikkelimport\u00f8r"},"url":"https:\/\/naturvernforbundet.no\/moreogromsdal\/author\/artikkelimportor\/"}]}},"_links":{"self":[{"href":"https:\/\/naturvernforbundet.no\/moreogromsdal\/wp-json\/wp\/v2\/posts\/2394","targetHints":{"allow":["GET"]}}],"collection":[{"href":"https:\/\/naturvernforbundet.no\/moreogromsdal\/wp-json\/wp\/v2\/posts"}],"about":[{"href":"https:\/\/naturvernforbundet.no\/moreogromsdal\/wp-json\/wp\/v2\/types\/post"}],"author":[{"embeddable":true,"href":"https:\/\/naturvernforbundet.no\/moreogromsdal\/wp-json\/wp\/v2\/users\/38"}],"replies":[{"embeddable":true,"href":"https:\/\/naturvernforbundet.no\/moreogromsdal\/wp-json\/wp\/v2\/comments?post=2394"}],"version-history":[{"count":0,"href":"https:\/\/naturvernforbundet.no\/moreogromsdal\/wp-json\/wp\/v2\/posts\/2394\/revisions"}],"wp:attachment":[{"href":"https:\/\/naturvernforbundet.no\/moreogromsdal\/wp-json\/wp\/v2\/media?parent=2394"}],"wp:term":[{"taxonomy":"category","embeddable":true,"href":"https:\/\/naturvernforbundet.no\/moreogromsdal\/wp-json\/wp\/v2\/categories?post=2394"},{"taxonomy":"post_tag","embeddable":true,"href":"https:\/\/naturvernforbundet.no\/moreogromsdal\/wp-json\/wp\/v2\/tags?post=2394"},{"taxonomy":"local","embeddable":true,"href":"https:\/\/naturvernforbundet.no\/moreogromsdal\/wp-json\/wp\/v2\/local?post=2394"}],"curies":[{"name":"wp","href":"https:\/\/api.w.org\/{rel}","templated":true}]}}