{"id":2430,"date":"2005-10-04T09:46:00","date_gmt":"2005-10-04T07:46:00","guid":{"rendered":"https:\/\/naturvernforbundet.no\/moreogromsdal\/mini-og-mikrokraftverk-no-har-ikkje-naturvernforbundet-kapasitet-til-meir\/"},"modified":"2005-10-04T09:46:00","modified_gmt":"2005-10-04T07:46:00","slug":"mini-og-mikrokraftverk-no-har-ikkje-naturvernforbundet-kapasitet-til-meir","status":"publish","type":"post","link":"https:\/\/naturvernforbundet.no\/moreogromsdal\/mini-og-mikrokraftverk-no-har-ikkje-naturvernforbundet-kapasitet-til-meir\/","title":{"rendered":"Mini- og mikrokraftverk: No har ikkje Naturvernforbundet kapasitet til meir!"},"content":{"rendered":"\t<div class=\"template-post alignfull wp-block-naturvern-hero\">\n\t\t<div class=\"hero__inner\">\n\t\t\t<div class=\"hero__inner_blocks\">\n\t\t\t\t\t\t\t\t\n\t\t\t\t\t<h1 class=\"wp-block-post-title\">Mini- og mikrokraftverk: No har ikkje Naturvernforbundet kapasitet til meir!<\/h1>\n\n\t\t\t\t\t<div class=\"wp-block-post-excerpt\"><p class=\"wp-block-post-excerpt__excerpt\">Naturvernforbundet har gitt uttale til to kraftverksaker i september, og det ligg 3 nye saker med frist innan 1. november 2005, i tillegg til at klagen v\u00e5r for ein kraftverkskonsesjon i Rauma ogs\u00e5 er under handsaming. &#8211; Vi rekk rett og slett ikkje over alt, seier leiar \u00d8ystein Folden i Naturvernforbundet i M\u00f8re og Romsdal. <\/p><\/div>\n\n\t\t\t\t\t\n\n\t\t\t\t\t<div class=\"wp-block-naturvern-byline\">\n\t\t\t<div class=\"authors\">By <span class=\"t2-byline__author-link\">Artikkelimport\u00f8r<\/span><\/div>\n\t\t\t<small class=\"entry-date\">04.10.2005 09:46<\/small>\n\t\t<\/div>\n\t\t\t\t\t\t\t\t<\/div>\n\t\t\t\t\t<\/div>\n\t\t\t<\/div>\n\t\n<p>Dette er bakgrunnen for at Naturvernforbundet i ein uttale til \u00d8rsta kommune som gjeld Dalegjerdet og Standal kraftverk sl\u00e5r fast at &laquo;Manglande uttale fr\u00e5 oss er ikkje det same som at vi ikkje har innvendingar til s\u00f8knaden.&raquo;<br><br>&#8211; Naturverninteressene blir heilt marginaliserte i desse sakene, seier Folden. Samstundes ser vi at NVE, som skulle vore eit forvaltningsorgan, fungerer som eit propagandaapparat for fleire vasskraftutbyggingar. &#8211; I ein dugnadsorganisasjon som Naturvernforbundet har vi begrensa med tid. Vi gir oss ikkje, men no m\u00e5 vi rope eit varsku!<br><br>Naturvernforbundet har tidlegare fors\u00f8kt \u00e5 s\u00f8ke \u00f8konomisk st\u00f8tte til \u00e5 finansiere noko grunnlagsarbeid p\u00e5 energifeltet. &#8211; S\u00f8knaden til M\u00f8re og Romsdal fylke fr\u00e5 august 2004 har det framleis ikkje kome noko svar p\u00e5, men vi merker oss at politikarane i N\u00e6rings- og milj\u00f8utvalet var raske med \u00e5 l\u00f8yve penger til ei gruppe som ville drive p\u00e5virkingsarbeid for \u00e5 f\u00e5 gasskraftverk p\u00e5 Tjeldbergodden. \u00c5 ta vare p\u00e5 milj\u00f8et er nok ikkje s\u00e5 viktig for fylket, meiner Folden.<br><br><i>\u00d8ystein Folden er leiar i Naturvernforbundet i M\u00f8re og Romsdal. Han kan kontaktast p\u00e5 telefon 91 81 25 42.<\/i><\/p>\n\n\n\n<p><a href=\"\/imakerdata\/f\/0\/70\/94\/9_2401_0\/uttale_-_Dalegjerdet_og_Standal_kraftverk.pdf\">Les uttalen til \u00d8rsta kommune<\/a><\/p>\n\n\n\n<p><a href=\"\/imakerdata\/f\/0\/71\/24\/1_2401_0\/DSC02291.JPG\">N\u00e6ravisa med oppslag om stoda i \u00d8rsta og Volda<\/a><\/p>\n\n\n\n<p><a href=\"\/imakerdata\/f\/0\/71\/24\/2_2401_0\/DSC02297.JPG\">Hovudoppslaget i N\u00e6ravisa<\/a><\/p>\n\n\n\n<p><a href=\"\/imakerdata\/f\/1\/02\/63\/5_2401_0\/Konsesjon_Myklebust.pdf\">NVE med konsesjon til Myklebust kraftverk i \u00d8rsta<\/a><\/p>\n\n\n\n<p><a href=\"\/imakerdata\/f\/1\/02\/63\/6_2401_0\/KTI-notat_28-2007.pdf\">Begrunnelse for NVEs vedtak om Myklebust kraftverk<\/a><\/p>\n","protected":false},"excerpt":{"rendered":"<p>Naturvernforbundet har gitt uttale til to kraftverksaker i september, og det ligg 3 nye saker med frist innan 1. november 2005, i tillegg til at klagen v\u00e5r for ein kraftverkskonsesjon i Rauma ogs\u00e5 er under handsaming. &#8211; Vi rekk rett og slett ikkje over alt, seier leiar \u00d8ystein Folden i Naturvernforbundet i M\u00f8re og Romsdal.<\/p>\n","protected":false},"author":38,"featured_media":0,"comment_status":"closed","ping_status":"closed","sticky":false,"template":"","format":"standard","meta":{"_relevanssi_hide_post":"","_relevanssi_hide_content":"","_relevanssi_pin_for_all":"","_relevanssi_pin_keywords":"","_relevanssi_unpin_keywords":"","_relevanssi_related_keywords":"","_relevanssi_related_include_ids":"","_relevanssi_related_exclude_ids":"","_relevanssi_related_no_append":"","_relevanssi_related_not_related":"","_relevanssi_related_posts":"","_relevanssi_noindex_reason":"","hide_logo":false,"footnotes":""},"categories":[13],"tags":[],"local":[],"class_list":["post-2430","post","type-post","status-publish","format-standard","hentry","category-vasskraft"],"acf":[],"yoast_head":"<!-- This site is optimized with the Yoast SEO plugin v24.9 - https:\/\/yoast.com\/wordpress\/plugins\/seo\/ -->\n<title>Mini- og mikrokraftverk: No har ikkje Naturvernforbundet kapasitet til meir! - M\u00f8re og Romsdal<\/title>\n<meta name=\"robots\" content=\"index, follow, max-snippet:-1, max-image-preview:large, max-video-preview:-1\" \/>\n<link rel=\"canonical\" href=\"https:\/\/naturvernforbundet.no\/moreogromsdal\/mini-og-mikrokraftverk-no-har-ikkje-naturvernforbundet-kapasitet-til-meir\/\" \/>\n<meta property=\"og:locale\" content=\"nb_NO\" \/>\n<meta property=\"og:type\" content=\"article\" \/>\n<meta property=\"og:title\" content=\"Mini- og mikrokraftverk: No har ikkje Naturvernforbundet kapasitet til meir! - M\u00f8re og Romsdal\" \/>\n<meta property=\"og:description\" content=\"Naturvernforbundet har gitt uttale til to kraftverksaker i september, og det ligg 3 nye saker med frist innan 1. november 2005, i tillegg til at klagen v\u00e5r for ein kraftverkskonsesjon i Rauma ogs\u00e5 er under handsaming. - Vi rekk rett og slett ikkje over alt, seier leiar \u00d8ystein Folden i Naturvernforbundet i M\u00f8re og Romsdal.\" \/>\n<meta property=\"og:url\" content=\"https:\/\/naturvernforbundet.no\/moreogromsdal\/mini-og-mikrokraftverk-no-har-ikkje-naturvernforbundet-kapasitet-til-meir\/\" \/>\n<meta property=\"og:site_name\" content=\"M\u00f8re og Romsdal\" \/>\n<meta property=\"article:published_time\" content=\"2005-10-04T07:46:00+00:00\" \/>\n<meta name=\"author\" content=\"Artikkelimport\u00f8r\" \/>\n<meta name=\"twitter:card\" content=\"summary_large_image\" \/>\n<meta name=\"twitter:label1\" content=\"Skrevet av\" \/>\n\t<meta name=\"twitter:data1\" content=\"Artikkelimport\u00f8r\" \/>\n\t<meta name=\"twitter:label2\" content=\"Ansl. lesetid\" \/>\n\t<meta name=\"twitter:data2\" content=\"1 minutt\" \/>\n<script type=\"application\/ld+json\" class=\"yoast-schema-graph\">{\"@context\":\"https:\/\/schema.org\",\"@graph\":[{\"@type\":\"WebPage\",\"@id\":\"https:\/\/naturvernforbundet.no\/moreogromsdal\/mini-og-mikrokraftverk-no-har-ikkje-naturvernforbundet-kapasitet-til-meir\/\",\"url\":\"https:\/\/naturvernforbundet.no\/moreogromsdal\/mini-og-mikrokraftverk-no-har-ikkje-naturvernforbundet-kapasitet-til-meir\/\",\"name\":\"Mini- og mikrokraftverk: No har ikkje Naturvernforbundet kapasitet til meir! - M\u00f8re og Romsdal\",\"isPartOf\":{\"@id\":\"https:\/\/naturvernforbundet.no\/moreogromsdal\/#website\"},\"datePublished\":\"2005-10-04T07:46:00+00:00\",\"author\":{\"@id\":\"https:\/\/naturvernforbundet.no\/moreogromsdal\/#\/schema\/person\/c72f198205979084bf071deedb6205f4\"},\"breadcrumb\":{\"@id\":\"https:\/\/naturvernforbundet.no\/moreogromsdal\/mini-og-mikrokraftverk-no-har-ikkje-naturvernforbundet-kapasitet-til-meir\/#breadcrumb\"},\"inLanguage\":\"nb-NO\",\"potentialAction\":[{\"@type\":\"ReadAction\",\"target\":[\"https:\/\/naturvernforbundet.no\/moreogromsdal\/mini-og-mikrokraftverk-no-har-ikkje-naturvernforbundet-kapasitet-til-meir\/\"]}]},{\"@type\":\"BreadcrumbList\",\"@id\":\"https:\/\/naturvernforbundet.no\/moreogromsdal\/mini-og-mikrokraftverk-no-har-ikkje-naturvernforbundet-kapasitet-til-meir\/#breadcrumb\",\"itemListElement\":[{\"@type\":\"ListItem\",\"position\":1,\"name\":\"Till naturvernforbundet.no\",\"item\":\"https:\/\/naturvernforbundet.no\/\"},{\"@type\":\"ListItem\",\"position\":2,\"name\":\"M\u00f8re og Romsdal\",\"item\":\"https:\/\/naturvernforbundet.no\/moreogromsdal\/\"},{\"@type\":\"ListItem\",\"position\":3,\"name\":\"Mini- og mikrokraftverk: No har ikkje Naturvernforbundet kapasitet til meir!\"}]},{\"@type\":\"WebSite\",\"@id\":\"https:\/\/naturvernforbundet.no\/moreogromsdal\/#website\",\"url\":\"https:\/\/naturvernforbundet.no\/moreogromsdal\/\",\"name\":\"M\u00f8re og Romsdal\",\"description\":\"Bare enda et Naturvernforbundet Sites-nettsted\",\"potentialAction\":[{\"@type\":\"SearchAction\",\"target\":{\"@type\":\"EntryPoint\",\"urlTemplate\":\"https:\/\/naturvernforbundet.no\/moreogromsdal\/?s={search_term_string}\"},\"query-input\":{\"@type\":\"PropertyValueSpecification\",\"valueRequired\":true,\"valueName\":\"search_term_string\"}}],\"inLanguage\":\"nb-NO\"},{\"@type\":\"Person\",\"@id\":\"https:\/\/naturvernforbundet.no\/moreogromsdal\/#\/schema\/person\/c72f198205979084bf071deedb6205f4\",\"name\":\"Artikkelimport\u00f8r\",\"image\":{\"@type\":\"ImageObject\",\"inLanguage\":\"nb-NO\",\"@id\":\"https:\/\/naturvernforbundet.no\/moreogromsdal\/#\/schema\/person\/image\/\",\"url\":\"https:\/\/secure.gravatar.com\/avatar\/015fa491b9ed1c823ef16a5c930294d1?s=96&d=mm&r=g\",\"contentUrl\":\"https:\/\/secure.gravatar.com\/avatar\/015fa491b9ed1c823ef16a5c930294d1?s=96&d=mm&r=g\",\"caption\":\"Artikkelimport\u00f8r\"},\"url\":\"https:\/\/naturvernforbundet.no\/moreogromsdal\/author\/artikkelimportor\/\"}]}<\/script>\n<!-- \/ Yoast SEO plugin. -->","yoast_head_json":{"title":"Mini- og mikrokraftverk: No har ikkje Naturvernforbundet kapasitet til meir! - M\u00f8re og Romsdal","robots":{"index":"index","follow":"follow","max-snippet":"max-snippet:-1","max-image-preview":"max-image-preview:large","max-video-preview":"max-video-preview:-1"},"canonical":"https:\/\/naturvernforbundet.no\/moreogromsdal\/mini-og-mikrokraftverk-no-har-ikkje-naturvernforbundet-kapasitet-til-meir\/","og_locale":"nb_NO","og_type":"article","og_title":"Mini- og mikrokraftverk: No har ikkje Naturvernforbundet kapasitet til meir! - M\u00f8re og Romsdal","og_description":"Naturvernforbundet har gitt uttale til to kraftverksaker i september, og det ligg 3 nye saker med frist innan 1. november 2005, i tillegg til at klagen v\u00e5r for ein kraftverkskonsesjon i Rauma ogs\u00e5 er under handsaming. - Vi rekk rett og slett ikkje over alt, seier leiar \u00d8ystein Folden i Naturvernforbundet i M\u00f8re og Romsdal.","og_url":"https:\/\/naturvernforbundet.no\/moreogromsdal\/mini-og-mikrokraftverk-no-har-ikkje-naturvernforbundet-kapasitet-til-meir\/","og_site_name":"M\u00f8re og Romsdal","article_published_time":"2005-10-04T07:46:00+00:00","author":"Artikkelimport\u00f8r","twitter_card":"summary_large_image","twitter_misc":{"Skrevet av":"Artikkelimport\u00f8r","Ansl. lesetid":"1 minutt"},"schema":{"@context":"https:\/\/schema.org","@graph":[{"@type":"WebPage","@id":"https:\/\/naturvernforbundet.no\/moreogromsdal\/mini-og-mikrokraftverk-no-har-ikkje-naturvernforbundet-kapasitet-til-meir\/","url":"https:\/\/naturvernforbundet.no\/moreogromsdal\/mini-og-mikrokraftverk-no-har-ikkje-naturvernforbundet-kapasitet-til-meir\/","name":"Mini- og mikrokraftverk: No har ikkje Naturvernforbundet kapasitet til meir! - M\u00f8re og Romsdal","isPartOf":{"@id":"https:\/\/naturvernforbundet.no\/moreogromsdal\/#website"},"datePublished":"2005-10-04T07:46:00+00:00","author":{"@id":"https:\/\/naturvernforbundet.no\/moreogromsdal\/#\/schema\/person\/c72f198205979084bf071deedb6205f4"},"breadcrumb":{"@id":"https:\/\/naturvernforbundet.no\/moreogromsdal\/mini-og-mikrokraftverk-no-har-ikkje-naturvernforbundet-kapasitet-til-meir\/#breadcrumb"},"inLanguage":"nb-NO","potentialAction":[{"@type":"ReadAction","target":["https:\/\/naturvernforbundet.no\/moreogromsdal\/mini-og-mikrokraftverk-no-har-ikkje-naturvernforbundet-kapasitet-til-meir\/"]}]},{"@type":"BreadcrumbList","@id":"https:\/\/naturvernforbundet.no\/moreogromsdal\/mini-og-mikrokraftverk-no-har-ikkje-naturvernforbundet-kapasitet-til-meir\/#breadcrumb","itemListElement":[{"@type":"ListItem","position":1,"name":"Till naturvernforbundet.no","item":"https:\/\/naturvernforbundet.no\/"},{"@type":"ListItem","position":2,"name":"M\u00f8re og Romsdal","item":"https:\/\/naturvernforbundet.no\/moreogromsdal\/"},{"@type":"ListItem","position":3,"name":"Mini- og mikrokraftverk: No har ikkje Naturvernforbundet kapasitet til meir!"}]},{"@type":"WebSite","@id":"https:\/\/naturvernforbundet.no\/moreogromsdal\/#website","url":"https:\/\/naturvernforbundet.no\/moreogromsdal\/","name":"M\u00f8re og Romsdal","description":"Bare enda et Naturvernforbundet Sites-nettsted","potentialAction":[{"@type":"SearchAction","target":{"@type":"EntryPoint","urlTemplate":"https:\/\/naturvernforbundet.no\/moreogromsdal\/?s={search_term_string}"},"query-input":{"@type":"PropertyValueSpecification","valueRequired":true,"valueName":"search_term_string"}}],"inLanguage":"nb-NO"},{"@type":"Person","@id":"https:\/\/naturvernforbundet.no\/moreogromsdal\/#\/schema\/person\/c72f198205979084bf071deedb6205f4","name":"Artikkelimport\u00f8r","image":{"@type":"ImageObject","inLanguage":"nb-NO","@id":"https:\/\/naturvernforbundet.no\/moreogromsdal\/#\/schema\/person\/image\/","url":"https:\/\/secure.gravatar.com\/avatar\/015fa491b9ed1c823ef16a5c930294d1?s=96&d=mm&r=g","contentUrl":"https:\/\/secure.gravatar.com\/avatar\/015fa491b9ed1c823ef16a5c930294d1?s=96&d=mm&r=g","caption":"Artikkelimport\u00f8r"},"url":"https:\/\/naturvernforbundet.no\/moreogromsdal\/author\/artikkelimportor\/"}]}},"_links":{"self":[{"href":"https:\/\/naturvernforbundet.no\/moreogromsdal\/wp-json\/wp\/v2\/posts\/2430","targetHints":{"allow":["GET"]}}],"collection":[{"href":"https:\/\/naturvernforbundet.no\/moreogromsdal\/wp-json\/wp\/v2\/posts"}],"about":[{"href":"https:\/\/naturvernforbundet.no\/moreogromsdal\/wp-json\/wp\/v2\/types\/post"}],"author":[{"embeddable":true,"href":"https:\/\/naturvernforbundet.no\/moreogromsdal\/wp-json\/wp\/v2\/users\/38"}],"replies":[{"embeddable":true,"href":"https:\/\/naturvernforbundet.no\/moreogromsdal\/wp-json\/wp\/v2\/comments?post=2430"}],"version-history":[{"count":0,"href":"https:\/\/naturvernforbundet.no\/moreogromsdal\/wp-json\/wp\/v2\/posts\/2430\/revisions"}],"wp:attachment":[{"href":"https:\/\/naturvernforbundet.no\/moreogromsdal\/wp-json\/wp\/v2\/media?parent=2430"}],"wp:term":[{"taxonomy":"category","embeddable":true,"href":"https:\/\/naturvernforbundet.no\/moreogromsdal\/wp-json\/wp\/v2\/categories?post=2430"},{"taxonomy":"post_tag","embeddable":true,"href":"https:\/\/naturvernforbundet.no\/moreogromsdal\/wp-json\/wp\/v2\/tags?post=2430"},{"taxonomy":"local","embeddable":true,"href":"https:\/\/naturvernforbundet.no\/moreogromsdal\/wp-json\/wp\/v2\/local?post=2430"}],"curies":[{"name":"wp","href":"https:\/\/api.w.org\/{rel}","templated":true}]}}